{"id":24024,"date":"2012-03-05T19:17:08","date_gmt":"2012-03-05T19:17:08","guid":{"rendered":"http:\/\/desarrollo.mcvicious.com\/aero2020\/2012\/03\/05\/general-ingles-argentina-podria-recuperar-las-malvinas-si-destruye-la-base-aerea-de-la-raf-ahi\/"},"modified":"2012-03-05T19:17:08","modified_gmt":"2012-03-05T19:17:08","slug":"general-ingles-argentina-podria-recuperar-las-malvinas-si-destruye-la-base-aerea-de-la-raf-ahi","status":"publish","type":"post","link":"https:\/\/aeronoticias.com.pe\/noticiero\/internacionales\/general-ingles-argentina-podria-recuperar-las-malvinas-si-destruye-la-base-aerea-de-la-raf-ahi\/","title":{"rendered":"General ingl\u00e9s: &#8216;Argentina podr\u00eda recuperar las Malvinas si destruye la base a\u00e9rea de la RAF ah\u00ed&#8217;"},"content":{"rendered":"<p style=\"text-align: justify;\"><strong>(Aeronoticias).-<\/strong> El general ingl\u00e9s Julian Thompsom declar\u00f3 hoy que Argentina podr\u00eda recuperar las islas Malvinas si se apodera de la base a\u00e9rea que la RAF mantiene en ese lugar con solo 4 aviones de combate los \u00a0que solo contar\u00edan con refuerzos mediante un portaviones que actualmente no dispone Inglaterra que est\u00e1 a miles de millas de distancia.<\/p>\n<p style=\"text-align: justify;\">\u201cTodo lo que tiene que hacer Argentina es destruir los 4 Typhoon con que Inglaterra patrulla las islas\u201d, opin\u00f3 el veterano jefe militar brit\u00e1nico que tuvo destacado desempe\u00f1o durante la guerra que sostuvieron ambos pa\u00edses en 1982 cuando era Primer Ministro del Reino Unido la recordada \u201cCanciller de Hierro\u201d, Margareth Thatcher.<\/p>\n<p style=\"text-align: justify;\">Como se sabe, la Rep\u00fablica Argentina viene reclamando la posesi\u00f3n de estas islas desde hace 129 a\u00f1os (1883) y durante el enfrentamiento de 1982 ,que produjo la muerte de cerca de un millar de combatientes ingleses y argentinos ,s\u00f3lo tuvo la ayuda del Per\u00fa durante el gobierno del presidente Fernando Bela\u00fande Terry que envi\u00f3 una escuadrilla de 10 aviones Mirage para apoyarla.<\/p>\n<p>  <!--more-->  <\/p>\n<p style=\"text-align: justify;\"><img decoding=\"async\" src=\"images\/stories\/12\/03\/050312\/julian_dgac.jpg\" border=\"0\" alt=\"General ingl\u00e9s: 'Argentina podr\u00eda recuperar las Malvinas si destruye la base a\u00e9rea de la RAF ah\u00ed'\" title=\"General ingl\u00e9s: 'Argentina podr\u00eda recuperar las Malvinas si destruye la base a\u00e9rea de la RAF ah\u00ed'\" \/><\/p>\n","protected":false},"excerpt":{"rendered":"<p>(Aeronoticias).- El general ingl\u00e9s Julian Thompsom declar\u00f3 hoy que Argentina podr\u00eda recuperar las islas Malvinas si se apodera de la base a\u00e9rea que la RAF mantiene en ese lugar con solo 4 aviones de combate los \u00a0que solo contar\u00edan con refuerzos mediante un portaviones que actualmente no dispone Inglaterra que est\u00e1 a miles de millas [&hellip;]<\/p>\n","protected":false},"author":1,"featured_media":0,"comment_status":"open","ping_status":"open","sticky":false,"template":"","format":"standard","meta":{"tdm_status":"","tdm_grid_status":"","footnotes":""},"categories":[34],"tags":[],"class_list":{"0":"post-24024","1":"post","2":"type-post","3":"status-publish","4":"format-standard","6":"category-internacionales"},"yoast_head":"<!-- This site is optimized with the Yoast SEO plugin v25.1 - https:\/\/yoast.com\/wordpress\/plugins\/seo\/ -->\n<title>General ingl\u00e9s: &#039;Argentina podr\u00eda recuperar las Malvinas si destruye la base a\u00e9rea de la RAF ah\u00ed&#039;<\/title>\n<meta name=\"description\" content=\"Portal de noticias del Per\u00fa sobre el transporte a\u00e9reo, aviaci\u00f3n, turismo, hoteleria, actualidad.\" \/>\n<meta name=\"robots\" content=\"index, follow, max-snippet:-1, max-image-preview:large, max-video-preview:-1\" \/>\n<link rel=\"canonical\" href=\"https:\/\/aeronoticias.com.pe\/noticiero\/internacionales\/general-ingles-argentina-podria-recuperar-las-malvinas-si-destruye-la-base-aerea-de-la-raf-ahi\/\" \/>\n<meta property=\"og:locale\" content=\"es_ES\" \/>\n<meta property=\"og:type\" content=\"article\" \/>\n<meta property=\"og:title\" content=\"General ingl\u00e9s: &#039;Argentina podr\u00eda recuperar las Malvinas si destruye la base a\u00e9rea de la RAF ah\u00ed&#039;\" \/>\n<meta property=\"og:description\" content=\"Portal de noticias del Per\u00fa sobre el transporte a\u00e9reo, aviaci\u00f3n, turismo, hoteleria, actualidad.\" \/>\n<meta property=\"og:url\" content=\"https:\/\/aeronoticias.com.pe\/noticiero\/internacionales\/general-ingles-argentina-podria-recuperar-las-malvinas-si-destruye-la-base-aerea-de-la-raf-ahi\/\" \/>\n<meta property=\"og:site_name\" content=\"Aeronoticias.com.pe\" \/>\n<meta property=\"article:publisher\" content=\"https:\/\/www.facebook.com\/Aeronoticias.com.pe\/\" \/>\n<meta property=\"article:published_time\" content=\"2012-03-05T19:17:08+00:00\" \/>\n<meta name=\"author\" content=\"Redacci\u00f3n Aeronoticias\" \/>\n<meta name=\"twitter:card\" content=\"summary_large_image\" \/>\n<meta name=\"twitter:creator\" content=\"@aeronoticias\" \/>\n<meta name=\"twitter:site\" content=\"@aeronoticias\" \/>\n<meta name=\"twitter:label1\" content=\"Escrito por\" \/>\n\t<meta name=\"twitter:data1\" content=\"Redacci\u00f3n Aeronoticias\" \/>\n\t<meta name=\"twitter:label2\" content=\"Tiempo de lectura\" \/>\n\t<meta name=\"twitter:data2\" content=\"1 minuto\" \/>\n<script type=\"application\/ld+json\" class=\"yoast-schema-graph\">{\"@context\":\"https:\/\/schema.org\",\"@graph\":[{\"@type\":\"WebPage\",\"@id\":\"https:\/\/aeronoticias.com.pe\/noticiero\/internacionales\/general-ingles-argentina-podria-recuperar-las-malvinas-si-destruye-la-base-aerea-de-la-raf-ahi\/\",\"url\":\"https:\/\/aeronoticias.com.pe\/noticiero\/internacionales\/general-ingles-argentina-podria-recuperar-las-malvinas-si-destruye-la-base-aerea-de-la-raf-ahi\/\",\"name\":\"General ingl\u00e9s: 'Argentina podr\u00eda recuperar las Malvinas si destruye la base a\u00e9rea de la RAF ah\u00ed'\",\"isPartOf\":{\"@id\":\"https:\/\/aeronoticias.com.pe\/noticiero\/#website\"},\"datePublished\":\"2012-03-05T19:17:08+00:00\",\"author\":{\"@id\":\"https:\/\/aeronoticias.com.pe\/noticiero\/#\/schema\/person\/fc1e5d578f4b62ba1cf7ac2bba1170a0\"},\"description\":\"Portal de noticias del Per\u00fa sobre el transporte a\u00e9reo, aviaci\u00f3n, turismo, hoteleria, actualidad.\",\"breadcrumb\":{\"@id\":\"https:\/\/aeronoticias.com.pe\/noticiero\/internacionales\/general-ingles-argentina-podria-recuperar-las-malvinas-si-destruye-la-base-aerea-de-la-raf-ahi\/#breadcrumb\"},\"inLanguage\":\"es\",\"potentialAction\":[{\"@type\":\"ReadAction\",\"target\":[\"https:\/\/aeronoticias.com.pe\/noticiero\/internacionales\/general-ingles-argentina-podria-recuperar-las-malvinas-si-destruye-la-base-aerea-de-la-raf-ahi\/\"]}]},{\"@type\":\"BreadcrumbList\",\"@id\":\"https:\/\/aeronoticias.com.pe\/noticiero\/internacionales\/general-ingles-argentina-podria-recuperar-las-malvinas-si-destruye-la-base-aerea-de-la-raf-ahi\/#breadcrumb\",\"itemListElement\":[{\"@type\":\"ListItem\",\"position\":1,\"name\":\"Portada\",\"item\":\"https:\/\/aeronoticias.com.pe\/noticiero\/\"},{\"@type\":\"ListItem\",\"position\":2,\"name\":\"General ingl\u00e9s: &#8216;Argentina podr\u00eda recuperar las Malvinas si destruye la base a\u00e9rea de la RAF ah\u00ed&#8217;\"}]},{\"@type\":\"WebSite\",\"@id\":\"https:\/\/aeronoticias.com.pe\/noticiero\/#website\",\"url\":\"https:\/\/aeronoticias.com.pe\/noticiero\/\",\"name\":\"Aeronoticias.com.pe\",\"description\":\"Noticias de tranporte aereo, turismo, hoteles, gastronomia, actualidad, internacional\",\"potentialAction\":[{\"@type\":\"SearchAction\",\"target\":{\"@type\":\"EntryPoint\",\"urlTemplate\":\"https:\/\/aeronoticias.com.pe\/noticiero\/?s={search_term_string}\"},\"query-input\":{\"@type\":\"PropertyValueSpecification\",\"valueRequired\":true,\"valueName\":\"search_term_string\"}}],\"inLanguage\":\"es\"},{\"@type\":\"Person\",\"@id\":\"https:\/\/aeronoticias.com.pe\/noticiero\/#\/schema\/person\/fc1e5d578f4b62ba1cf7ac2bba1170a0\",\"name\":\"Redacci\u00f3n Aeronoticias\",\"url\":\"https:\/\/aeronoticias.com.pe\/noticiero\/author\/piloto\/\"}]}<\/script>\n<!-- \/ Yoast SEO plugin. -->","yoast_head_json":{"title":"General ingl\u00e9s: 'Argentina podr\u00eda recuperar las Malvinas si destruye la base a\u00e9rea de la RAF ah\u00ed'","description":"Portal de noticias del Per\u00fa sobre el transporte a\u00e9reo, aviaci\u00f3n, turismo, hoteleria, actualidad.","robots":{"index":"index","follow":"follow","max-snippet":"max-snippet:-1","max-image-preview":"max-image-preview:large","max-video-preview":"max-video-preview:-1"},"canonical":"https:\/\/aeronoticias.com.pe\/noticiero\/internacionales\/general-ingles-argentina-podria-recuperar-las-malvinas-si-destruye-la-base-aerea-de-la-raf-ahi\/","og_locale":"es_ES","og_type":"article","og_title":"General ingl\u00e9s: 'Argentina podr\u00eda recuperar las Malvinas si destruye la base a\u00e9rea de la RAF ah\u00ed'","og_description":"Portal de noticias del Per\u00fa sobre el transporte a\u00e9reo, aviaci\u00f3n, turismo, hoteleria, actualidad.","og_url":"https:\/\/aeronoticias.com.pe\/noticiero\/internacionales\/general-ingles-argentina-podria-recuperar-las-malvinas-si-destruye-la-base-aerea-de-la-raf-ahi\/","og_site_name":"Aeronoticias.com.pe","article_publisher":"https:\/\/www.facebook.com\/Aeronoticias.com.pe\/","article_published_time":"2012-03-05T19:17:08+00:00","author":"Redacci\u00f3n Aeronoticias","twitter_card":"summary_large_image","twitter_creator":"@aeronoticias","twitter_site":"@aeronoticias","twitter_misc":{"Escrito por":"Redacci\u00f3n Aeronoticias","Tiempo de lectura":"1 minuto"},"schema":{"@context":"https:\/\/schema.org","@graph":[{"@type":"WebPage","@id":"https:\/\/aeronoticias.com.pe\/noticiero\/internacionales\/general-ingles-argentina-podria-recuperar-las-malvinas-si-destruye-la-base-aerea-de-la-raf-ahi\/","url":"https:\/\/aeronoticias.com.pe\/noticiero\/internacionales\/general-ingles-argentina-podria-recuperar-las-malvinas-si-destruye-la-base-aerea-de-la-raf-ahi\/","name":"General ingl\u00e9s: 'Argentina podr\u00eda recuperar las Malvinas si destruye la base a\u00e9rea de la RAF ah\u00ed'","isPartOf":{"@id":"https:\/\/aeronoticias.com.pe\/noticiero\/#website"},"datePublished":"2012-03-05T19:17:08+00:00","author":{"@id":"https:\/\/aeronoticias.com.pe\/noticiero\/#\/schema\/person\/fc1e5d578f4b62ba1cf7ac2bba1170a0"},"description":"Portal de noticias del Per\u00fa sobre el transporte a\u00e9reo, aviaci\u00f3n, turismo, hoteleria, actualidad.","breadcrumb":{"@id":"https:\/\/aeronoticias.com.pe\/noticiero\/internacionales\/general-ingles-argentina-podria-recuperar-las-malvinas-si-destruye-la-base-aerea-de-la-raf-ahi\/#breadcrumb"},"inLanguage":"es","potentialAction":[{"@type":"ReadAction","target":["https:\/\/aeronoticias.com.pe\/noticiero\/internacionales\/general-ingles-argentina-podria-recuperar-las-malvinas-si-destruye-la-base-aerea-de-la-raf-ahi\/"]}]},{"@type":"BreadcrumbList","@id":"https:\/\/aeronoticias.com.pe\/noticiero\/internacionales\/general-ingles-argentina-podria-recuperar-las-malvinas-si-destruye-la-base-aerea-de-la-raf-ahi\/#breadcrumb","itemListElement":[{"@type":"ListItem","position":1,"name":"Portada","item":"https:\/\/aeronoticias.com.pe\/noticiero\/"},{"@type":"ListItem","position":2,"name":"General ingl\u00e9s: &#8216;Argentina podr\u00eda recuperar las Malvinas si destruye la base a\u00e9rea de la RAF ah\u00ed&#8217;"}]},{"@type":"WebSite","@id":"https:\/\/aeronoticias.com.pe\/noticiero\/#website","url":"https:\/\/aeronoticias.com.pe\/noticiero\/","name":"Aeronoticias.com.pe","description":"Noticias de tranporte aereo, turismo, hoteles, gastronomia, actualidad, internacional","potentialAction":[{"@type":"SearchAction","target":{"@type":"EntryPoint","urlTemplate":"https:\/\/aeronoticias.com.pe\/noticiero\/?s={search_term_string}"},"query-input":{"@type":"PropertyValueSpecification","valueRequired":true,"valueName":"search_term_string"}}],"inLanguage":"es"},{"@type":"Person","@id":"https:\/\/aeronoticias.com.pe\/noticiero\/#\/schema\/person\/fc1e5d578f4b62ba1cf7ac2bba1170a0","name":"Redacci\u00f3n Aeronoticias","url":"https:\/\/aeronoticias.com.pe\/noticiero\/author\/piloto\/"}]}},"_links":{"self":[{"href":"https:\/\/aeronoticias.com.pe\/noticiero\/wp-json\/wp\/v2\/posts\/24024","targetHints":{"allow":["GET"]}}],"collection":[{"href":"https:\/\/aeronoticias.com.pe\/noticiero\/wp-json\/wp\/v2\/posts"}],"about":[{"href":"https:\/\/aeronoticias.com.pe\/noticiero\/wp-json\/wp\/v2\/types\/post"}],"author":[{"embeddable":true,"href":"https:\/\/aeronoticias.com.pe\/noticiero\/wp-json\/wp\/v2\/users\/1"}],"replies":[{"embeddable":true,"href":"https:\/\/aeronoticias.com.pe\/noticiero\/wp-json\/wp\/v2\/comments?post=24024"}],"version-history":[{"count":0,"href":"https:\/\/aeronoticias.com.pe\/noticiero\/wp-json\/wp\/v2\/posts\/24024\/revisions"}],"wp:attachment":[{"href":"https:\/\/aeronoticias.com.pe\/noticiero\/wp-json\/wp\/v2\/media?parent=24024"}],"wp:term":[{"taxonomy":"category","embeddable":true,"href":"https:\/\/aeronoticias.com.pe\/noticiero\/wp-json\/wp\/v2\/categories?post=24024"},{"taxonomy":"post_tag","embeddable":true,"href":"https:\/\/aeronoticias.com.pe\/noticiero\/wp-json\/wp\/v2\/tags?post=24024"}],"curies":[{"name":"wp","href":"https:\/\/api.w.org\/{rel}","templated":true}]}}