{"id":24030,"date":"2012-03-05T20:26:48","date_gmt":"2012-03-05T20:26:48","guid":{"rendered":"http:\/\/desarrollo.mcvicious.com\/aero2020\/2012\/03\/05\/easysky-seria-nueva-linea-aerea-de-bandera-de-honduras\/"},"modified":"2012-03-05T20:26:48","modified_gmt":"2012-03-05T20:26:48","slug":"easysky-seria-nueva-linea-aerea-de-bandera-de-honduras","status":"publish","type":"post","link":"https:\/\/aeronoticias.com.pe\/noticiero\/internacionales\/easysky-seria-nueva-linea-aerea-de-bandera-de-honduras\/","title":{"rendered":"EasySky ser\u00eda nueva l\u00ednea a\u00e9rea de bandera de bajo costo de Honduras"},"content":{"rendered":"<p style=\"text-align: justify;\"><strong>(Aeronoticias).-<\/strong> La paradisiaca isla de Roat\u00e1n en Honduras, tiene  consenso en aspirar a que se cree un mercado low cost en Honduras, a fin  de que aumente el n\u00famero de pasajeros nacionales y el turismo  receptivo.<\/p>\n<p> Dentro de este contexto la l\u00ednea a\u00e9rea EasySky convoc\u00f3 como consultor  internacional al Dr. Julian Palacin Fern\u00e1ndez, quien es el actual  presidente de la Comisi\u00f3n Interamericana de Juristas Expertos en Derecho  A\u00e9reo y Espacial (CIJEDAE), presidente de la Comisi\u00f3n de Derecho  Aeron\u00e1utico del Espacio y de la Aviaci\u00f3n Comercial del Colegio de  Abogados de Lima y socio del Estudio Jur\u00eddico Palacin  <a href=\"http:\/\/www.estudiojuridicopalacin.com\" target=\"_blank\" rel=\"noopener noreferrer\">www.estudiojuridicopalacin.com<\/a> especializado en asuntos de aviaci\u00f3n,  quien fue entrevistado por diversos medios de comunicaci\u00f3n de este pa\u00eds,  luego que diera la conferencia magistral sobre l\u00ednea a\u00e9rea de bajo  costo en las instalaciones de la Direcci\u00f3n General de Aeron\u00e1utica Civil  de Honduras.<\/p>\n<p>  <!--more-->  <\/p>\n<p style=\"text-align: justify;\">Hacer clic para ver la publicaci\u00f3n oficial de la DGAC de Honduras sobre la conferencia del Dr. Palacin en ese pa\u00eds: <a href=\"http:\/\/dgachn.org\/?p=577\" target=\"_blank\" rel=\"noopener noreferrer\">http:\/\/dgachn.org\/?p=577<\/a><\/p>\n<p> Asimismo, el jurista disert\u00f3 en ilustre Colegio de Abogados de Honduras,  en donde expuso sobre la doctrina latinoamericana low cost que cre\u00f3 en  su \u00faltimo libro y que recomienda a las DGAC de los pa\u00edses crear las  reglamentaciones que permitan que el bajo costo llegue a Am\u00e9rica Latina  citando ejemplos como la aerol\u00ednea Azul en Brasil.<\/p>\n<p> Se propuso que el gobierno de Honduras a trav\u00e9s de su excelent\u00edsimo  presidente de la Rep\u00fablica, Porfirio Lobo, designe a EasySky como l\u00ednea  a\u00e9rea de bandera de bajo costo de Honduras y le otorgue la preferencia  en el otorgamiento de los derechos aerocomerciales de este pa\u00eds, lo que  permitir\u00e1 lograr una alianza estrat\u00e9gica con una megatransportadora  internacional que permita que Honduras recupere la soberan\u00eda perdida en  el espacio a\u00e9reo.<\/p>\n<p> En las pr\u00f3ximas semanas se estar\u00edan recolectando las firmas y adhesiones  de ciudadanos e instituciones de Honduras para que el gobierno estudie  la posibilidad de tener a EasySky como l\u00ednea a\u00e9rea de bandera de bajo  costo de Honduras.<\/p>\n<p> En la actualidad este pa\u00eds no tiene l\u00ednea a\u00e9rea de bandera y es una  aspiraci\u00f3n del pueblo y existe consenso en un sentimiento nacional  compartido de que la hoja de ruta que trazara en el libro \u201cL\u00ednea a\u00e9rea  de bandera de bajo costo\u201d, el Dr. Julian Palacin Fern\u00e1ndez pueda tener a  Honduras como el primer pa\u00eds en Am\u00e9rica en enrolarse en esta doctrina  que busca que bajen los pasajes a\u00e9reos, que terminen los monopolios y  las posiciones de dominio y que haya millones de consumidores del pueblo  que puedan acceder a una aeronave.<\/p>\n<p style=\"text-align: justify;\"><img loading=\"lazy\" decoding=\"async\" src=\"images\/stories\/12\/03\/050312\/palacin-lobo.jpg\" border=\"0\" alt=\"EasySky ser\u00eda nueva l\u00ednea a\u00e9rea de bandera de Honduras\" width=\"389\" height=\"280\" \/><\/p>\n","protected":false},"excerpt":{"rendered":"<p>(Aeronoticias).- La paradisiaca isla de Roat\u00e1n en Honduras, tiene consenso en aspirar a que se cree un mercado low cost en Honduras, a fin de que aumente el n\u00famero de pasajeros nacionales y el turismo receptivo. Dentro de este contexto la l\u00ednea a\u00e9rea EasySky convoc\u00f3 como consultor internacional al Dr. Julian Palacin Fern\u00e1ndez, quien es [&hellip;]<\/p>\n","protected":false},"author":1,"featured_media":0,"comment_status":"open","ping_status":"open","sticky":false,"template":"","format":"standard","meta":{"tdm_status":"","tdm_grid_status":"","footnotes":""},"categories":[34],"tags":[],"class_list":{"0":"post-24030","1":"post","2":"type-post","3":"status-publish","4":"format-standard","6":"category-internacionales"},"yoast_head":"<!-- This site is optimized with the Yoast SEO plugin v25.1 - https:\/\/yoast.com\/wordpress\/plugins\/seo\/ -->\n<title>EasySky ser\u00eda nueva l\u00ednea a\u00e9rea de bandera de bajo costo de Honduras<\/title>\n<meta name=\"description\" content=\"Portal de noticias del Per\u00fa sobre el transporte a\u00e9reo, aviaci\u00f3n, turismo, hoteleria, actualidad.\" \/>\n<meta name=\"robots\" content=\"index, follow, max-snippet:-1, max-image-preview:large, max-video-preview:-1\" \/>\n<link rel=\"canonical\" href=\"https:\/\/aeronoticias.com.pe\/noticiero\/internacionales\/easysky-seria-nueva-linea-aerea-de-bandera-de-honduras\/\" \/>\n<meta property=\"og:locale\" content=\"es_ES\" \/>\n<meta property=\"og:type\" content=\"article\" \/>\n<meta property=\"og:title\" content=\"EasySky ser\u00eda nueva l\u00ednea a\u00e9rea de bandera de bajo costo de Honduras\" \/>\n<meta property=\"og:description\" content=\"Portal de noticias del Per\u00fa sobre el transporte a\u00e9reo, aviaci\u00f3n, turismo, hoteleria, actualidad.\" \/>\n<meta property=\"og:url\" content=\"https:\/\/aeronoticias.com.pe\/noticiero\/internacionales\/easysky-seria-nueva-linea-aerea-de-bandera-de-honduras\/\" \/>\n<meta property=\"og:site_name\" content=\"Aeronoticias.com.pe\" \/>\n<meta property=\"article:publisher\" content=\"https:\/\/www.facebook.com\/Aeronoticias.com.pe\/\" \/>\n<meta property=\"article:published_time\" content=\"2012-03-05T20:26:48+00:00\" \/>\n<meta name=\"author\" content=\"Redacci\u00f3n Aeronoticias\" \/>\n<meta name=\"twitter:card\" content=\"summary_large_image\" \/>\n<meta name=\"twitter:creator\" content=\"@aeronoticias\" \/>\n<meta name=\"twitter:site\" content=\"@aeronoticias\" \/>\n<meta name=\"twitter:label1\" content=\"Escrito por\" \/>\n\t<meta name=\"twitter:data1\" content=\"Redacci\u00f3n Aeronoticias\" \/>\n\t<meta name=\"twitter:label2\" content=\"Tiempo de lectura\" \/>\n\t<meta name=\"twitter:data2\" content=\"2 minutos\" \/>\n<script type=\"application\/ld+json\" class=\"yoast-schema-graph\">{\"@context\":\"https:\/\/schema.org\",\"@graph\":[{\"@type\":\"WebPage\",\"@id\":\"https:\/\/aeronoticias.com.pe\/noticiero\/internacionales\/easysky-seria-nueva-linea-aerea-de-bandera-de-honduras\/\",\"url\":\"https:\/\/aeronoticias.com.pe\/noticiero\/internacionales\/easysky-seria-nueva-linea-aerea-de-bandera-de-honduras\/\",\"name\":\"EasySky ser\u00eda nueva l\u00ednea a\u00e9rea de bandera de bajo costo de Honduras\",\"isPartOf\":{\"@id\":\"https:\/\/aeronoticias.com.pe\/noticiero\/#website\"},\"datePublished\":\"2012-03-05T20:26:48+00:00\",\"author\":{\"@id\":\"https:\/\/aeronoticias.com.pe\/noticiero\/#\/schema\/person\/fc1e5d578f4b62ba1cf7ac2bba1170a0\"},\"description\":\"Portal de noticias del Per\u00fa sobre el transporte a\u00e9reo, aviaci\u00f3n, turismo, hoteleria, actualidad.\",\"breadcrumb\":{\"@id\":\"https:\/\/aeronoticias.com.pe\/noticiero\/internacionales\/easysky-seria-nueva-linea-aerea-de-bandera-de-honduras\/#breadcrumb\"},\"inLanguage\":\"es\",\"potentialAction\":[{\"@type\":\"ReadAction\",\"target\":[\"https:\/\/aeronoticias.com.pe\/noticiero\/internacionales\/easysky-seria-nueva-linea-aerea-de-bandera-de-honduras\/\"]}]},{\"@type\":\"BreadcrumbList\",\"@id\":\"https:\/\/aeronoticias.com.pe\/noticiero\/internacionales\/easysky-seria-nueva-linea-aerea-de-bandera-de-honduras\/#breadcrumb\",\"itemListElement\":[{\"@type\":\"ListItem\",\"position\":1,\"name\":\"Portada\",\"item\":\"https:\/\/aeronoticias.com.pe\/noticiero\/\"},{\"@type\":\"ListItem\",\"position\":2,\"name\":\"EasySky ser\u00eda nueva l\u00ednea a\u00e9rea de bandera de bajo costo de Honduras\"}]},{\"@type\":\"WebSite\",\"@id\":\"https:\/\/aeronoticias.com.pe\/noticiero\/#website\",\"url\":\"https:\/\/aeronoticias.com.pe\/noticiero\/\",\"name\":\"Aeronoticias.com.pe\",\"description\":\"Noticias de tranporte aereo, turismo, hoteles, gastronomia, actualidad, internacional\",\"potentialAction\":[{\"@type\":\"SearchAction\",\"target\":{\"@type\":\"EntryPoint\",\"urlTemplate\":\"https:\/\/aeronoticias.com.pe\/noticiero\/?s={search_term_string}\"},\"query-input\":{\"@type\":\"PropertyValueSpecification\",\"valueRequired\":true,\"valueName\":\"search_term_string\"}}],\"inLanguage\":\"es\"},{\"@type\":\"Person\",\"@id\":\"https:\/\/aeronoticias.com.pe\/noticiero\/#\/schema\/person\/fc1e5d578f4b62ba1cf7ac2bba1170a0\",\"name\":\"Redacci\u00f3n Aeronoticias\",\"url\":\"https:\/\/aeronoticias.com.pe\/noticiero\/author\/piloto\/\"}]}<\/script>\n<!-- \/ Yoast SEO plugin. -->","yoast_head_json":{"title":"EasySky ser\u00eda nueva l\u00ednea a\u00e9rea de bandera de bajo costo de Honduras","description":"Portal de noticias del Per\u00fa sobre el transporte a\u00e9reo, aviaci\u00f3n, turismo, hoteleria, actualidad.","robots":{"index":"index","follow":"follow","max-snippet":"max-snippet:-1","max-image-preview":"max-image-preview:large","max-video-preview":"max-video-preview:-1"},"canonical":"https:\/\/aeronoticias.com.pe\/noticiero\/internacionales\/easysky-seria-nueva-linea-aerea-de-bandera-de-honduras\/","og_locale":"es_ES","og_type":"article","og_title":"EasySky ser\u00eda nueva l\u00ednea a\u00e9rea de bandera de bajo costo de Honduras","og_description":"Portal de noticias del Per\u00fa sobre el transporte a\u00e9reo, aviaci\u00f3n, turismo, hoteleria, actualidad.","og_url":"https:\/\/aeronoticias.com.pe\/noticiero\/internacionales\/easysky-seria-nueva-linea-aerea-de-bandera-de-honduras\/","og_site_name":"Aeronoticias.com.pe","article_publisher":"https:\/\/www.facebook.com\/Aeronoticias.com.pe\/","article_published_time":"2012-03-05T20:26:48+00:00","author":"Redacci\u00f3n Aeronoticias","twitter_card":"summary_large_image","twitter_creator":"@aeronoticias","twitter_site":"@aeronoticias","twitter_misc":{"Escrito por":"Redacci\u00f3n Aeronoticias","Tiempo de lectura":"2 minutos"},"schema":{"@context":"https:\/\/schema.org","@graph":[{"@type":"WebPage","@id":"https:\/\/aeronoticias.com.pe\/noticiero\/internacionales\/easysky-seria-nueva-linea-aerea-de-bandera-de-honduras\/","url":"https:\/\/aeronoticias.com.pe\/noticiero\/internacionales\/easysky-seria-nueva-linea-aerea-de-bandera-de-honduras\/","name":"EasySky ser\u00eda nueva l\u00ednea a\u00e9rea de bandera de bajo costo de Honduras","isPartOf":{"@id":"https:\/\/aeronoticias.com.pe\/noticiero\/#website"},"datePublished":"2012-03-05T20:26:48+00:00","author":{"@id":"https:\/\/aeronoticias.com.pe\/noticiero\/#\/schema\/person\/fc1e5d578f4b62ba1cf7ac2bba1170a0"},"description":"Portal de noticias del Per\u00fa sobre el transporte a\u00e9reo, aviaci\u00f3n, turismo, hoteleria, actualidad.","breadcrumb":{"@id":"https:\/\/aeronoticias.com.pe\/noticiero\/internacionales\/easysky-seria-nueva-linea-aerea-de-bandera-de-honduras\/#breadcrumb"},"inLanguage":"es","potentialAction":[{"@type":"ReadAction","target":["https:\/\/aeronoticias.com.pe\/noticiero\/internacionales\/easysky-seria-nueva-linea-aerea-de-bandera-de-honduras\/"]}]},{"@type":"BreadcrumbList","@id":"https:\/\/aeronoticias.com.pe\/noticiero\/internacionales\/easysky-seria-nueva-linea-aerea-de-bandera-de-honduras\/#breadcrumb","itemListElement":[{"@type":"ListItem","position":1,"name":"Portada","item":"https:\/\/aeronoticias.com.pe\/noticiero\/"},{"@type":"ListItem","position":2,"name":"EasySky ser\u00eda nueva l\u00ednea a\u00e9rea de bandera de bajo costo de Honduras"}]},{"@type":"WebSite","@id":"https:\/\/aeronoticias.com.pe\/noticiero\/#website","url":"https:\/\/aeronoticias.com.pe\/noticiero\/","name":"Aeronoticias.com.pe","description":"Noticias de tranporte aereo, turismo, hoteles, gastronomia, actualidad, internacional","potentialAction":[{"@type":"SearchAction","target":{"@type":"EntryPoint","urlTemplate":"https:\/\/aeronoticias.com.pe\/noticiero\/?s={search_term_string}"},"query-input":{"@type":"PropertyValueSpecification","valueRequired":true,"valueName":"search_term_string"}}],"inLanguage":"es"},{"@type":"Person","@id":"https:\/\/aeronoticias.com.pe\/noticiero\/#\/schema\/person\/fc1e5d578f4b62ba1cf7ac2bba1170a0","name":"Redacci\u00f3n Aeronoticias","url":"https:\/\/aeronoticias.com.pe\/noticiero\/author\/piloto\/"}]}},"_links":{"self":[{"href":"https:\/\/aeronoticias.com.pe\/noticiero\/wp-json\/wp\/v2\/posts\/24030","targetHints":{"allow":["GET"]}}],"collection":[{"href":"https:\/\/aeronoticias.com.pe\/noticiero\/wp-json\/wp\/v2\/posts"}],"about":[{"href":"https:\/\/aeronoticias.com.pe\/noticiero\/wp-json\/wp\/v2\/types\/post"}],"author":[{"embeddable":true,"href":"https:\/\/aeronoticias.com.pe\/noticiero\/wp-json\/wp\/v2\/users\/1"}],"replies":[{"embeddable":true,"href":"https:\/\/aeronoticias.com.pe\/noticiero\/wp-json\/wp\/v2\/comments?post=24030"}],"version-history":[{"count":0,"href":"https:\/\/aeronoticias.com.pe\/noticiero\/wp-json\/wp\/v2\/posts\/24030\/revisions"}],"wp:attachment":[{"href":"https:\/\/aeronoticias.com.pe\/noticiero\/wp-json\/wp\/v2\/media?parent=24030"}],"wp:term":[{"taxonomy":"category","embeddable":true,"href":"https:\/\/aeronoticias.com.pe\/noticiero\/wp-json\/wp\/v2\/categories?post=24030"},{"taxonomy":"post_tag","embeddable":true,"href":"https:\/\/aeronoticias.com.pe\/noticiero\/wp-json\/wp\/v2\/tags?post=24030"}],"curies":[{"name":"wp","href":"https:\/\/api.w.org\/{rel}","templated":true}]}}