{"id":24031,"date":"2012-03-05T20:25:08","date_gmt":"2012-03-05T20:25:08","guid":{"rendered":"http:\/\/desarrollo.mcvicious.com\/aero2020\/2012\/03\/05\/avion-de-avianca-realiza-aterrizaje-de-emergencia-en-bogota\/"},"modified":"2012-03-05T20:25:08","modified_gmt":"2012-03-05T20:25:08","slug":"avion-de-avianca-realiza-aterrizaje-de-emergencia-en-bogota","status":"publish","type":"post","link":"https:\/\/aeronoticias.com.pe\/noticiero\/transporte-aereo\/internacional\/avion-de-avianca-realiza-aterrizaje-de-emergencia-en-bogota\/","title":{"rendered":"Avi\u00f3n de Avianca realiza aterrizaje de emergencia en Bogot\u00e1"},"content":{"rendered":"<p style=\"text-align: justify;\"><strong>(Aeronoticias).-<\/strong> Un avi\u00f3n de la compa\u00f1\u00eda Avianca realiz\u00f3 un aterrizaje de emergencia luego que se presentara una falla de presurizaci\u00f3n minutos despu\u00e9s del despegue del aeropuerto internacional Eldorado de la ciudad de Bogot\u00e1.<\/p>\n<p style=\"text-align: justify;\">Tan pronto la tripulaci\u00f3n\u00a0notifico la falla se aplicaron los protocolos de seguridad establecidos, contando con la participaci\u00f3n de las autoridades aeroportuarias.<\/p>\n<p style=\"text-align: justify;\">El Airbus A319 que cubr\u00eda la ruta Bogot\u00e1-Barranquilla contaba con 110 pasajeros a bordo.<\/p>\n<p>  <!--more-->  <\/p>\n<p style=\"text-align: justify;\">El incidente retras\u00f3 los vuelos de la terminal a\u00e9rea de Bogot\u00e1, sin embargo minutos despu\u00e9s las operaciones se restablecieron y el aeropuerto est\u00e1 funcionando con normalidad.<\/p>\n<p style=\"text-align: justify;\">\u00a0<\/p>\n<p style=\"text-align: justify;\">Por su parte, la Aeron\u00e1utica Civil inici\u00f3 la investigaci\u00f3n pertinente a fin de establecer las causas del incidente.<\/p>\n<p><img decoding=\"async\" src=\"images\/stories\/12\/03\/050312\/avianca.jpg\" border=\"0\" alt=\"Avi\u00f3n de Avianca realiza aterrizaje de emergencia en Bogot\u00e1\" title=\"Avi\u00f3n de Avianca realiza aterrizaje de emergencia en Bogot\u00e1\" \/><\/p>\n","protected":false},"excerpt":{"rendered":"<p>(Aeronoticias).- Un avi\u00f3n de la compa\u00f1\u00eda Avianca realiz\u00f3 un aterrizaje de emergencia luego que se presentara una falla de presurizaci\u00f3n minutos despu\u00e9s del despegue del aeropuerto internacional Eldorado de la ciudad de Bogot\u00e1. Tan pronto la tripulaci\u00f3n\u00a0notifico la falla se aplicaron los protocolos de seguridad establecidos, contando con la participaci\u00f3n de las autoridades aeroportuarias. El [&hellip;]<\/p>\n","protected":false},"author":1,"featured_media":0,"comment_status":"open","ping_status":"open","sticky":false,"template":"","format":"standard","meta":{"tdm_status":"","tdm_grid_status":"","footnotes":""},"categories":[32],"tags":[],"class_list":{"0":"post-24031","1":"post","2":"type-post","3":"status-publish","4":"format-standard","6":"category-internacional"},"yoast_head":"<!-- This site is optimized with the Yoast SEO plugin v25.1 - https:\/\/yoast.com\/wordpress\/plugins\/seo\/ -->\n<title>Avi\u00f3n de Avianca realiza aterrizaje de emergencia en Bogot\u00e1<\/title>\n<meta name=\"description\" content=\"Portal de noticias del Per\u00fa sobre el transporte a\u00e9reo, aviaci\u00f3n, turismo, hoteleria, actualidad.\" \/>\n<meta name=\"robots\" content=\"index, follow, max-snippet:-1, max-image-preview:large, max-video-preview:-1\" \/>\n<link rel=\"canonical\" href=\"https:\/\/aeronoticias.com.pe\/noticiero\/transporte-aereo\/internacional\/avion-de-avianca-realiza-aterrizaje-de-emergencia-en-bogota\/\" \/>\n<meta property=\"og:locale\" content=\"es_ES\" \/>\n<meta property=\"og:type\" content=\"article\" \/>\n<meta property=\"og:title\" content=\"Avi\u00f3n de Avianca realiza aterrizaje de emergencia en Bogot\u00e1\" \/>\n<meta property=\"og:description\" content=\"Portal de noticias del Per\u00fa sobre el transporte a\u00e9reo, aviaci\u00f3n, turismo, hoteleria, actualidad.\" \/>\n<meta property=\"og:url\" content=\"https:\/\/aeronoticias.com.pe\/noticiero\/transporte-aereo\/internacional\/avion-de-avianca-realiza-aterrizaje-de-emergencia-en-bogota\/\" \/>\n<meta property=\"og:site_name\" content=\"Aeronoticias.com.pe\" \/>\n<meta property=\"article:publisher\" content=\"https:\/\/www.facebook.com\/Aeronoticias.com.pe\/\" \/>\n<meta property=\"article:published_time\" content=\"2012-03-05T20:25:08+00:00\" \/>\n<meta name=\"author\" content=\"Redacci\u00f3n Aeronoticias\" \/>\n<meta name=\"twitter:card\" content=\"summary_large_image\" \/>\n<meta name=\"twitter:creator\" content=\"@aeronoticias\" \/>\n<meta name=\"twitter:site\" content=\"@aeronoticias\" \/>\n<meta name=\"twitter:label1\" content=\"Escrito por\" \/>\n\t<meta name=\"twitter:data1\" content=\"Redacci\u00f3n Aeronoticias\" \/>\n\t<meta name=\"twitter:label2\" content=\"Tiempo de lectura\" \/>\n\t<meta name=\"twitter:data2\" content=\"1 minuto\" \/>\n<script type=\"application\/ld+json\" class=\"yoast-schema-graph\">{\"@context\":\"https:\/\/schema.org\",\"@graph\":[{\"@type\":\"WebPage\",\"@id\":\"https:\/\/aeronoticias.com.pe\/noticiero\/transporte-aereo\/internacional\/avion-de-avianca-realiza-aterrizaje-de-emergencia-en-bogota\/\",\"url\":\"https:\/\/aeronoticias.com.pe\/noticiero\/transporte-aereo\/internacional\/avion-de-avianca-realiza-aterrizaje-de-emergencia-en-bogota\/\",\"name\":\"Avi\u00f3n de Avianca realiza aterrizaje de emergencia en Bogot\u00e1\",\"isPartOf\":{\"@id\":\"https:\/\/aeronoticias.com.pe\/noticiero\/#website\"},\"datePublished\":\"2012-03-05T20:25:08+00:00\",\"author\":{\"@id\":\"https:\/\/aeronoticias.com.pe\/noticiero\/#\/schema\/person\/fc1e5d578f4b62ba1cf7ac2bba1170a0\"},\"description\":\"Portal de noticias del Per\u00fa sobre el transporte a\u00e9reo, aviaci\u00f3n, turismo, hoteleria, actualidad.\",\"breadcrumb\":{\"@id\":\"https:\/\/aeronoticias.com.pe\/noticiero\/transporte-aereo\/internacional\/avion-de-avianca-realiza-aterrizaje-de-emergencia-en-bogota\/#breadcrumb\"},\"inLanguage\":\"es\",\"potentialAction\":[{\"@type\":\"ReadAction\",\"target\":[\"https:\/\/aeronoticias.com.pe\/noticiero\/transporte-aereo\/internacional\/avion-de-avianca-realiza-aterrizaje-de-emergencia-en-bogota\/\"]}]},{\"@type\":\"BreadcrumbList\",\"@id\":\"https:\/\/aeronoticias.com.pe\/noticiero\/transporte-aereo\/internacional\/avion-de-avianca-realiza-aterrizaje-de-emergencia-en-bogota\/#breadcrumb\",\"itemListElement\":[{\"@type\":\"ListItem\",\"position\":1,\"name\":\"Portada\",\"item\":\"https:\/\/aeronoticias.com.pe\/noticiero\/\"},{\"@type\":\"ListItem\",\"position\":2,\"name\":\"Avi\u00f3n de Avianca realiza aterrizaje de emergencia en Bogot\u00e1\"}]},{\"@type\":\"WebSite\",\"@id\":\"https:\/\/aeronoticias.com.pe\/noticiero\/#website\",\"url\":\"https:\/\/aeronoticias.com.pe\/noticiero\/\",\"name\":\"Aeronoticias.com.pe\",\"description\":\"Noticias de tranporte aereo, turismo, hoteles, gastronomia, actualidad, internacional\",\"potentialAction\":[{\"@type\":\"SearchAction\",\"target\":{\"@type\":\"EntryPoint\",\"urlTemplate\":\"https:\/\/aeronoticias.com.pe\/noticiero\/?s={search_term_string}\"},\"query-input\":{\"@type\":\"PropertyValueSpecification\",\"valueRequired\":true,\"valueName\":\"search_term_string\"}}],\"inLanguage\":\"es\"},{\"@type\":\"Person\",\"@id\":\"https:\/\/aeronoticias.com.pe\/noticiero\/#\/schema\/person\/fc1e5d578f4b62ba1cf7ac2bba1170a0\",\"name\":\"Redacci\u00f3n Aeronoticias\",\"url\":\"https:\/\/aeronoticias.com.pe\/noticiero\/author\/piloto\/\"}]}<\/script>\n<!-- \/ Yoast SEO plugin. -->","yoast_head_json":{"title":"Avi\u00f3n de Avianca realiza aterrizaje de emergencia en Bogot\u00e1","description":"Portal de noticias del Per\u00fa sobre el transporte a\u00e9reo, aviaci\u00f3n, turismo, hoteleria, actualidad.","robots":{"index":"index","follow":"follow","max-snippet":"max-snippet:-1","max-image-preview":"max-image-preview:large","max-video-preview":"max-video-preview:-1"},"canonical":"https:\/\/aeronoticias.com.pe\/noticiero\/transporte-aereo\/internacional\/avion-de-avianca-realiza-aterrizaje-de-emergencia-en-bogota\/","og_locale":"es_ES","og_type":"article","og_title":"Avi\u00f3n de Avianca realiza aterrizaje de emergencia en Bogot\u00e1","og_description":"Portal de noticias del Per\u00fa sobre el transporte a\u00e9reo, aviaci\u00f3n, turismo, hoteleria, actualidad.","og_url":"https:\/\/aeronoticias.com.pe\/noticiero\/transporte-aereo\/internacional\/avion-de-avianca-realiza-aterrizaje-de-emergencia-en-bogota\/","og_site_name":"Aeronoticias.com.pe","article_publisher":"https:\/\/www.facebook.com\/Aeronoticias.com.pe\/","article_published_time":"2012-03-05T20:25:08+00:00","author":"Redacci\u00f3n Aeronoticias","twitter_card":"summary_large_image","twitter_creator":"@aeronoticias","twitter_site":"@aeronoticias","twitter_misc":{"Escrito por":"Redacci\u00f3n Aeronoticias","Tiempo de lectura":"1 minuto"},"schema":{"@context":"https:\/\/schema.org","@graph":[{"@type":"WebPage","@id":"https:\/\/aeronoticias.com.pe\/noticiero\/transporte-aereo\/internacional\/avion-de-avianca-realiza-aterrizaje-de-emergencia-en-bogota\/","url":"https:\/\/aeronoticias.com.pe\/noticiero\/transporte-aereo\/internacional\/avion-de-avianca-realiza-aterrizaje-de-emergencia-en-bogota\/","name":"Avi\u00f3n de Avianca realiza aterrizaje de emergencia en Bogot\u00e1","isPartOf":{"@id":"https:\/\/aeronoticias.com.pe\/noticiero\/#website"},"datePublished":"2012-03-05T20:25:08+00:00","author":{"@id":"https:\/\/aeronoticias.com.pe\/noticiero\/#\/schema\/person\/fc1e5d578f4b62ba1cf7ac2bba1170a0"},"description":"Portal de noticias del Per\u00fa sobre el transporte a\u00e9reo, aviaci\u00f3n, turismo, hoteleria, actualidad.","breadcrumb":{"@id":"https:\/\/aeronoticias.com.pe\/noticiero\/transporte-aereo\/internacional\/avion-de-avianca-realiza-aterrizaje-de-emergencia-en-bogota\/#breadcrumb"},"inLanguage":"es","potentialAction":[{"@type":"ReadAction","target":["https:\/\/aeronoticias.com.pe\/noticiero\/transporte-aereo\/internacional\/avion-de-avianca-realiza-aterrizaje-de-emergencia-en-bogota\/"]}]},{"@type":"BreadcrumbList","@id":"https:\/\/aeronoticias.com.pe\/noticiero\/transporte-aereo\/internacional\/avion-de-avianca-realiza-aterrizaje-de-emergencia-en-bogota\/#breadcrumb","itemListElement":[{"@type":"ListItem","position":1,"name":"Portada","item":"https:\/\/aeronoticias.com.pe\/noticiero\/"},{"@type":"ListItem","position":2,"name":"Avi\u00f3n de Avianca realiza aterrizaje de emergencia en Bogot\u00e1"}]},{"@type":"WebSite","@id":"https:\/\/aeronoticias.com.pe\/noticiero\/#website","url":"https:\/\/aeronoticias.com.pe\/noticiero\/","name":"Aeronoticias.com.pe","description":"Noticias de tranporte aereo, turismo, hoteles, gastronomia, actualidad, internacional","potentialAction":[{"@type":"SearchAction","target":{"@type":"EntryPoint","urlTemplate":"https:\/\/aeronoticias.com.pe\/noticiero\/?s={search_term_string}"},"query-input":{"@type":"PropertyValueSpecification","valueRequired":true,"valueName":"search_term_string"}}],"inLanguage":"es"},{"@type":"Person","@id":"https:\/\/aeronoticias.com.pe\/noticiero\/#\/schema\/person\/fc1e5d578f4b62ba1cf7ac2bba1170a0","name":"Redacci\u00f3n Aeronoticias","url":"https:\/\/aeronoticias.com.pe\/noticiero\/author\/piloto\/"}]}},"_links":{"self":[{"href":"https:\/\/aeronoticias.com.pe\/noticiero\/wp-json\/wp\/v2\/posts\/24031","targetHints":{"allow":["GET"]}}],"collection":[{"href":"https:\/\/aeronoticias.com.pe\/noticiero\/wp-json\/wp\/v2\/posts"}],"about":[{"href":"https:\/\/aeronoticias.com.pe\/noticiero\/wp-json\/wp\/v2\/types\/post"}],"author":[{"embeddable":true,"href":"https:\/\/aeronoticias.com.pe\/noticiero\/wp-json\/wp\/v2\/users\/1"}],"replies":[{"embeddable":true,"href":"https:\/\/aeronoticias.com.pe\/noticiero\/wp-json\/wp\/v2\/comments?post=24031"}],"version-history":[{"count":0,"href":"https:\/\/aeronoticias.com.pe\/noticiero\/wp-json\/wp\/v2\/posts\/24031\/revisions"}],"wp:attachment":[{"href":"https:\/\/aeronoticias.com.pe\/noticiero\/wp-json\/wp\/v2\/media?parent=24031"}],"wp:term":[{"taxonomy":"category","embeddable":true,"href":"https:\/\/aeronoticias.com.pe\/noticiero\/wp-json\/wp\/v2\/categories?post=24031"},{"taxonomy":"post_tag","embeddable":true,"href":"https:\/\/aeronoticias.com.pe\/noticiero\/wp-json\/wp\/v2\/tags?post=24031"}],"curies":[{"name":"wp","href":"https:\/\/api.w.org\/{rel}","templated":true}]}}