{"id":24033,"date":"2012-03-05T21:01:21","date_gmt":"2012-03-05T21:01:21","guid":{"rendered":"http:\/\/desarrollo.mcvicious.com\/aero2020\/2012\/03\/05\/iberia-y-british-airways-transportaron-un-27-menos-de-pasajeros-por-huelga-de-pilotos\/"},"modified":"2012-03-05T21:01:21","modified_gmt":"2012-03-05T21:01:21","slug":"iberia-y-british-airways-transportaron-un-27-menos-de-pasajeros-por-huelga-de-pilotos","status":"publish","type":"post","link":"https:\/\/aeronoticias.com.pe\/noticiero\/transporte-aereo\/internacional\/iberia-y-british-airways-transportaron-un-27-menos-de-pasajeros-por-huelga-de-pilotos\/","title":{"rendered":"Iberia y British Airways transportaron un 2,7% menos de pasajeros por huelga de pilotos"},"content":{"rendered":"<p style=\"text-align: justify;\"><strong>(Aeronoticias).-<\/strong> El grupo IAG, surgido tras la fusi\u00f3n de British Airways e Iberia, transport\u00f3 entre enero y febrero un\u00a02,7% menos de pasajeros que en ese periodo del a\u00f1o anterior, debido en parte a las huelgas de pilotos en Espa\u00f1a.<\/p>\n<p style=\"text-align: justify;\">La firma inform\u00f3 este lunes\u00a0que llev\u00f3 en sus aviones a 3,56 millones de personas frente a 3,61 millones en 2011, es decir un descenso del 1,4% en un mes en el que Iberia vivi\u00f3 cinco jornadas de paro en las que oper\u00f3 el 64% de los vuelos.<\/p>\n<p style=\"text-align: justify;\">En el conjunto del mes, esos paros supusieron una reducci\u00f3n de un 2,5% de su capacidad; lo que concuerda m\u00e1s o menos con la ca\u00edda de pasajeros de febrero, teniendo en cuenta que la ocupaci\u00f3n de media de los aviones no llega al 75%.<\/p>\n<hr id=\"system-readmore\" style=\"text-align: justify;\" \/>\n<p style=\"text-align: justify;\">Con ese panorama, el negocio que m\u00e1s sufri\u00f3 el descenso fue el llamado dom\u00e9stico, mientras que en la mayor\u00eda de rutas intercontinentales subi\u00f3.<\/p>\n<p style=\"text-align: justify;\">IAG ofrece los datos del tr\u00e1fico nacional en Espa\u00f1a y Reino Unido de forma conjunta, sin separar los dos pa\u00edses en los que tiene su centro de operaciones, y en los que se ha mermado en febrero un 13,3%. Un mes en el que adem\u00e1s ha dejado de operar una aerol\u00ednea espa\u00f1ola, Spanair.<\/p>\n<p><img decoding=\"async\" src=\"images\/stories\/12\/03\/050312\/iberia-british-airways.jpg\" border=\"0\" alt=\"Iberia y British Airways transportaron un 2,7% menos de pasajeros por huelga de pilotos\" title=\"Iberia y British Airways transportaron un 2,7% menos de pasajeros por huelga de pilotos\" \/><\/p>\n<p><\/p>\n","protected":false},"excerpt":{"rendered":"<p>(Aeronoticias).- El grupo IAG, surgido tras la fusi\u00f3n de British Airways e Iberia, transport\u00f3 entre enero y febrero un\u00a02,7% menos de pasajeros que en ese periodo del a\u00f1o anterior, debido en parte a las huelgas de pilotos en Espa\u00f1a. La firma inform\u00f3 este lunes\u00a0que llev\u00f3 en sus aviones a 3,56 millones de personas frente a [&hellip;]<\/p>\n","protected":false},"author":1,"featured_media":0,"comment_status":"open","ping_status":"open","sticky":false,"template":"","format":"standard","meta":{"tdm_status":"","tdm_grid_status":"","footnotes":""},"categories":[32],"tags":[],"class_list":{"0":"post-24033","1":"post","2":"type-post","3":"status-publish","4":"format-standard","6":"category-internacional"},"yoast_head":"<!-- This site is optimized with the Yoast SEO plugin v25.1 - https:\/\/yoast.com\/wordpress\/plugins\/seo\/ -->\n<title>Iberia y British Airways transportaron un 2,7% menos de pasajeros por huelga de pilotos<\/title>\n<meta name=\"description\" content=\"Portal de noticias del Per\u00fa sobre el transporte a\u00e9reo, aviaci\u00f3n, turismo, hoteleria, actualidad.\" \/>\n<meta name=\"robots\" content=\"index, follow, max-snippet:-1, max-image-preview:large, max-video-preview:-1\" \/>\n<link rel=\"canonical\" href=\"https:\/\/aeronoticias.com.pe\/noticiero\/transporte-aereo\/internacional\/iberia-y-british-airways-transportaron-un-27-menos-de-pasajeros-por-huelga-de-pilotos\/\" \/>\n<meta property=\"og:locale\" content=\"es_ES\" \/>\n<meta property=\"og:type\" content=\"article\" \/>\n<meta property=\"og:title\" content=\"Iberia y British Airways transportaron un 2,7% menos de pasajeros por huelga de pilotos\" \/>\n<meta property=\"og:description\" content=\"Portal de noticias del Per\u00fa sobre el transporte a\u00e9reo, aviaci\u00f3n, turismo, hoteleria, actualidad.\" \/>\n<meta property=\"og:url\" content=\"https:\/\/aeronoticias.com.pe\/noticiero\/transporte-aereo\/internacional\/iberia-y-british-airways-transportaron-un-27-menos-de-pasajeros-por-huelga-de-pilotos\/\" \/>\n<meta property=\"og:site_name\" content=\"Aeronoticias.com.pe\" \/>\n<meta property=\"article:publisher\" content=\"https:\/\/www.facebook.com\/Aeronoticias.com.pe\/\" \/>\n<meta property=\"article:published_time\" content=\"2012-03-05T21:01:21+00:00\" \/>\n<meta name=\"author\" content=\"Redacci\u00f3n Aeronoticias\" \/>\n<meta name=\"twitter:card\" content=\"summary_large_image\" \/>\n<meta name=\"twitter:creator\" content=\"@aeronoticias\" \/>\n<meta name=\"twitter:site\" content=\"@aeronoticias\" \/>\n<meta name=\"twitter:label1\" content=\"Escrito por\" \/>\n\t<meta name=\"twitter:data1\" content=\"Redacci\u00f3n Aeronoticias\" \/>\n\t<meta name=\"twitter:label2\" content=\"Tiempo de lectura\" \/>\n\t<meta name=\"twitter:data2\" content=\"1 minuto\" \/>\n<script type=\"application\/ld+json\" class=\"yoast-schema-graph\">{\"@context\":\"https:\/\/schema.org\",\"@graph\":[{\"@type\":\"WebPage\",\"@id\":\"https:\/\/aeronoticias.com.pe\/noticiero\/transporte-aereo\/internacional\/iberia-y-british-airways-transportaron-un-27-menos-de-pasajeros-por-huelga-de-pilotos\/\",\"url\":\"https:\/\/aeronoticias.com.pe\/noticiero\/transporte-aereo\/internacional\/iberia-y-british-airways-transportaron-un-27-menos-de-pasajeros-por-huelga-de-pilotos\/\",\"name\":\"Iberia y British Airways transportaron un 2,7% menos de pasajeros por huelga de pilotos\",\"isPartOf\":{\"@id\":\"https:\/\/aeronoticias.com.pe\/noticiero\/#website\"},\"datePublished\":\"2012-03-05T21:01:21+00:00\",\"author\":{\"@id\":\"https:\/\/aeronoticias.com.pe\/noticiero\/#\/schema\/person\/fc1e5d578f4b62ba1cf7ac2bba1170a0\"},\"description\":\"Portal de noticias del Per\u00fa sobre el transporte a\u00e9reo, aviaci\u00f3n, turismo, hoteleria, actualidad.\",\"breadcrumb\":{\"@id\":\"https:\/\/aeronoticias.com.pe\/noticiero\/transporte-aereo\/internacional\/iberia-y-british-airways-transportaron-un-27-menos-de-pasajeros-por-huelga-de-pilotos\/#breadcrumb\"},\"inLanguage\":\"es\",\"potentialAction\":[{\"@type\":\"ReadAction\",\"target\":[\"https:\/\/aeronoticias.com.pe\/noticiero\/transporte-aereo\/internacional\/iberia-y-british-airways-transportaron-un-27-menos-de-pasajeros-por-huelga-de-pilotos\/\"]}]},{\"@type\":\"BreadcrumbList\",\"@id\":\"https:\/\/aeronoticias.com.pe\/noticiero\/transporte-aereo\/internacional\/iberia-y-british-airways-transportaron-un-27-menos-de-pasajeros-por-huelga-de-pilotos\/#breadcrumb\",\"itemListElement\":[{\"@type\":\"ListItem\",\"position\":1,\"name\":\"Portada\",\"item\":\"https:\/\/aeronoticias.com.pe\/noticiero\/\"},{\"@type\":\"ListItem\",\"position\":2,\"name\":\"Iberia y British Airways transportaron un 2,7% menos de pasajeros por huelga de pilotos\"}]},{\"@type\":\"WebSite\",\"@id\":\"https:\/\/aeronoticias.com.pe\/noticiero\/#website\",\"url\":\"https:\/\/aeronoticias.com.pe\/noticiero\/\",\"name\":\"Aeronoticias.com.pe\",\"description\":\"Noticias de tranporte aereo, turismo, hoteles, gastronomia, actualidad, internacional\",\"potentialAction\":[{\"@type\":\"SearchAction\",\"target\":{\"@type\":\"EntryPoint\",\"urlTemplate\":\"https:\/\/aeronoticias.com.pe\/noticiero\/?s={search_term_string}\"},\"query-input\":{\"@type\":\"PropertyValueSpecification\",\"valueRequired\":true,\"valueName\":\"search_term_string\"}}],\"inLanguage\":\"es\"},{\"@type\":\"Person\",\"@id\":\"https:\/\/aeronoticias.com.pe\/noticiero\/#\/schema\/person\/fc1e5d578f4b62ba1cf7ac2bba1170a0\",\"name\":\"Redacci\u00f3n Aeronoticias\",\"url\":\"https:\/\/aeronoticias.com.pe\/noticiero\/author\/piloto\/\"}]}<\/script>\n<!-- \/ Yoast SEO plugin. -->","yoast_head_json":{"title":"Iberia y British Airways transportaron un 2,7% menos de pasajeros por huelga de pilotos","description":"Portal de noticias del Per\u00fa sobre el transporte a\u00e9reo, aviaci\u00f3n, turismo, hoteleria, actualidad.","robots":{"index":"index","follow":"follow","max-snippet":"max-snippet:-1","max-image-preview":"max-image-preview:large","max-video-preview":"max-video-preview:-1"},"canonical":"https:\/\/aeronoticias.com.pe\/noticiero\/transporte-aereo\/internacional\/iberia-y-british-airways-transportaron-un-27-menos-de-pasajeros-por-huelga-de-pilotos\/","og_locale":"es_ES","og_type":"article","og_title":"Iberia y British Airways transportaron un 2,7% menos de pasajeros por huelga de pilotos","og_description":"Portal de noticias del Per\u00fa sobre el transporte a\u00e9reo, aviaci\u00f3n, turismo, hoteleria, actualidad.","og_url":"https:\/\/aeronoticias.com.pe\/noticiero\/transporte-aereo\/internacional\/iberia-y-british-airways-transportaron-un-27-menos-de-pasajeros-por-huelga-de-pilotos\/","og_site_name":"Aeronoticias.com.pe","article_publisher":"https:\/\/www.facebook.com\/Aeronoticias.com.pe\/","article_published_time":"2012-03-05T21:01:21+00:00","author":"Redacci\u00f3n Aeronoticias","twitter_card":"summary_large_image","twitter_creator":"@aeronoticias","twitter_site":"@aeronoticias","twitter_misc":{"Escrito por":"Redacci\u00f3n Aeronoticias","Tiempo de lectura":"1 minuto"},"schema":{"@context":"https:\/\/schema.org","@graph":[{"@type":"WebPage","@id":"https:\/\/aeronoticias.com.pe\/noticiero\/transporte-aereo\/internacional\/iberia-y-british-airways-transportaron-un-27-menos-de-pasajeros-por-huelga-de-pilotos\/","url":"https:\/\/aeronoticias.com.pe\/noticiero\/transporte-aereo\/internacional\/iberia-y-british-airways-transportaron-un-27-menos-de-pasajeros-por-huelga-de-pilotos\/","name":"Iberia y British Airways transportaron un 2,7% menos de pasajeros por huelga de pilotos","isPartOf":{"@id":"https:\/\/aeronoticias.com.pe\/noticiero\/#website"},"datePublished":"2012-03-05T21:01:21+00:00","author":{"@id":"https:\/\/aeronoticias.com.pe\/noticiero\/#\/schema\/person\/fc1e5d578f4b62ba1cf7ac2bba1170a0"},"description":"Portal de noticias del Per\u00fa sobre el transporte a\u00e9reo, aviaci\u00f3n, turismo, hoteleria, actualidad.","breadcrumb":{"@id":"https:\/\/aeronoticias.com.pe\/noticiero\/transporte-aereo\/internacional\/iberia-y-british-airways-transportaron-un-27-menos-de-pasajeros-por-huelga-de-pilotos\/#breadcrumb"},"inLanguage":"es","potentialAction":[{"@type":"ReadAction","target":["https:\/\/aeronoticias.com.pe\/noticiero\/transporte-aereo\/internacional\/iberia-y-british-airways-transportaron-un-27-menos-de-pasajeros-por-huelga-de-pilotos\/"]}]},{"@type":"BreadcrumbList","@id":"https:\/\/aeronoticias.com.pe\/noticiero\/transporte-aereo\/internacional\/iberia-y-british-airways-transportaron-un-27-menos-de-pasajeros-por-huelga-de-pilotos\/#breadcrumb","itemListElement":[{"@type":"ListItem","position":1,"name":"Portada","item":"https:\/\/aeronoticias.com.pe\/noticiero\/"},{"@type":"ListItem","position":2,"name":"Iberia y British Airways transportaron un 2,7% menos de pasajeros por huelga de pilotos"}]},{"@type":"WebSite","@id":"https:\/\/aeronoticias.com.pe\/noticiero\/#website","url":"https:\/\/aeronoticias.com.pe\/noticiero\/","name":"Aeronoticias.com.pe","description":"Noticias de tranporte aereo, turismo, hoteles, gastronomia, actualidad, internacional","potentialAction":[{"@type":"SearchAction","target":{"@type":"EntryPoint","urlTemplate":"https:\/\/aeronoticias.com.pe\/noticiero\/?s={search_term_string}"},"query-input":{"@type":"PropertyValueSpecification","valueRequired":true,"valueName":"search_term_string"}}],"inLanguage":"es"},{"@type":"Person","@id":"https:\/\/aeronoticias.com.pe\/noticiero\/#\/schema\/person\/fc1e5d578f4b62ba1cf7ac2bba1170a0","name":"Redacci\u00f3n Aeronoticias","url":"https:\/\/aeronoticias.com.pe\/noticiero\/author\/piloto\/"}]}},"_links":{"self":[{"href":"https:\/\/aeronoticias.com.pe\/noticiero\/wp-json\/wp\/v2\/posts\/24033","targetHints":{"allow":["GET"]}}],"collection":[{"href":"https:\/\/aeronoticias.com.pe\/noticiero\/wp-json\/wp\/v2\/posts"}],"about":[{"href":"https:\/\/aeronoticias.com.pe\/noticiero\/wp-json\/wp\/v2\/types\/post"}],"author":[{"embeddable":true,"href":"https:\/\/aeronoticias.com.pe\/noticiero\/wp-json\/wp\/v2\/users\/1"}],"replies":[{"embeddable":true,"href":"https:\/\/aeronoticias.com.pe\/noticiero\/wp-json\/wp\/v2\/comments?post=24033"}],"version-history":[{"count":0,"href":"https:\/\/aeronoticias.com.pe\/noticiero\/wp-json\/wp\/v2\/posts\/24033\/revisions"}],"wp:attachment":[{"href":"https:\/\/aeronoticias.com.pe\/noticiero\/wp-json\/wp\/v2\/media?parent=24033"}],"wp:term":[{"taxonomy":"category","embeddable":true,"href":"https:\/\/aeronoticias.com.pe\/noticiero\/wp-json\/wp\/v2\/categories?post=24033"},{"taxonomy":"post_tag","embeddable":true,"href":"https:\/\/aeronoticias.com.pe\/noticiero\/wp-json\/wp\/v2\/tags?post=24033"}],"curies":[{"name":"wp","href":"https:\/\/api.w.org\/{rel}","templated":true}]}}