{"id":24034,"date":"2012-03-05T21:56:13","date_gmt":"2012-03-05T21:56:13","guid":{"rendered":"http:\/\/desarrollo.mcvicious.com\/aero2020\/2012\/03\/05\/estado-firmaria-acuerdo-de-estabilidad-con-proyectada-linea-de-bandera\/"},"modified":"2012-03-05T21:56:13","modified_gmt":"2012-03-05T21:56:13","slug":"estado-firmaria-acuerdo-de-estabilidad-con-proyectada-linea-de-bandera","status":"publish","type":"post","link":"https:\/\/aeronoticias.com.pe\/noticiero\/transporte-aereo\/nacional\/estado-firmaria-acuerdo-de-estabilidad-con-proyectada-linea-de-bandera\/","title":{"rendered":"Estado firmar\u00eda acuerdo de estabilidad con proyectada l\u00ednea de bandera"},"content":{"rendered":"<p style=\"text-align: justify;\"><strong>(Aeronoticias).-<\/strong> El doctor Juli\u00e1n Palac\u00edn Fern\u00e1ndez, autor del proyecto para que el Per\u00fa cuente con una aerol\u00ednea de bandera de bajo costo (low cost) , dijo esta ma\u00f1ana que para que se haga realidad esta aspiraci\u00f3n el Estado tendr\u00eda que firmar un acuerdo de estabilidad para otorgar a este tipo de empresa la preferencia en los derechos de tr\u00e1fico a\u00e9reo.<\/p>\n<p style=\"text-align: justify;\">\u201cEsto permitir\u00eda la credibilidad de los sectores econ\u00f3micos financieros \u00a0y de las mega empresas internacionales para asociarse con la l\u00ednea a\u00e9rea de bandera del Per\u00fa\u201d, acot\u00f3.<\/p>\n<p style=\"text-align: justify;\">Dijo tambi\u00e9n que es necesario que el Per\u00fa recupere la soberan\u00eda sobre su espacio a\u00e9reo que actualmente viene siendo ocupada por dos conocidas aerol\u00edneas extranjeras sin que ninguna de ellas exhiba un solo avi\u00f3n con matr\u00edcula peruana.<\/p>\n<p>  <!--more-->  <\/p>\n<p style=\"text-align: justify;\">\u201cEs decir \u2013 remarc\u00f3 \u2013 se trata de un mercado a\u00e9reo cuasi monopolizado que es preciso romper para dar paso a la libre competencia que finalmente favorecer\u00e1 al usuario, sobre todo al de menores niveles econ\u00f3micos que es el objetivo de una l\u00ednea a\u00e9rea de bandera de bajo costo\u201d.<\/p>\n<p style=\"text-align: justify;\">En otro momento de sus declaraciones Palac\u00edn manifest\u00f3 que el Presidente Ollanta Humala Tasso se hab\u00eda comprometido a hacer realidad este proyecto al asumir el mando del gobierno peruano el 28 de Julio del a\u00f1o pasado, tras haberlo incluido en la hoja de ruta de su campa\u00f1a.<\/p>\n<p style=\"text-align: justify;\">\u201cDesde entonces se sigue avanzando en esto que por ahora es un sue\u00f1o compartido por millones de peruanos y que ya cuenta con el inter\u00e9s de dos mega transportadoras a\u00e9reas y de importantes grupos econ\u00f3micos nacionales e internacionales\u201d, acot\u00f3.<\/p>\n<p style=\"text-align: justify;\">Palac\u00edn prest\u00f3 esta y otras declaraciones en el Canal 8 de la televisi\u00f3n lime\u00f1a para su espacio \u201cPortal Financiero\u201d a cargo del periodista Fernando Chevarria, pocas horas despu\u00e9s de su retorno procedente de Honduras donde dict\u00f3 varias conferencias sobre la conveniencia de que los pa\u00edses cuenten con una l\u00ednea de bandera de bajo costo.<\/p>\n<p style=\"text-align: justify;\"><img decoding=\"async\" src=\"images\/stories\/12\/03\/050312\/avion.jpg\" border=\"0\" alt=\"Estado firmar\u00eda acuerdo de estabilidad con proyectada l\u00ednea de bandera\" title=\"Estado firmar\u00eda acuerdo de estabilidad con proyectada l\u00ednea de bandera\" \/><\/p>\n","protected":false},"excerpt":{"rendered":"<p>(Aeronoticias).- El doctor Juli\u00e1n Palac\u00edn Fern\u00e1ndez, autor del proyecto para que el Per\u00fa cuente con una aerol\u00ednea de bandera de bajo costo (low cost) , dijo esta ma\u00f1ana que para que se haga realidad esta aspiraci\u00f3n el Estado tendr\u00eda que firmar un acuerdo de estabilidad para otorgar a este tipo de empresa la preferencia en [&hellip;]<\/p>\n","protected":false},"author":1,"featured_media":0,"comment_status":"open","ping_status":"open","sticky":false,"template":"","format":"standard","meta":{"tdm_status":"","tdm_grid_status":"","footnotes":""},"categories":[51],"tags":[],"class_list":{"0":"post-24034","1":"post","2":"type-post","3":"status-publish","4":"format-standard","6":"category-nacional"},"yoast_head":"<!-- This site is optimized with the Yoast SEO plugin v25.1 - https:\/\/yoast.com\/wordpress\/plugins\/seo\/ -->\n<title>Estado firmar\u00eda acuerdo de estabilidad con proyectada l\u00ednea de bandera<\/title>\n<meta name=\"description\" content=\"Portal de noticias del Per\u00fa sobre el transporte a\u00e9reo, aviaci\u00f3n, turismo, hoteleria, actualidad.\" \/>\n<meta name=\"robots\" content=\"index, follow, max-snippet:-1, max-image-preview:large, max-video-preview:-1\" \/>\n<link rel=\"canonical\" href=\"https:\/\/aeronoticias.com.pe\/noticiero\/transporte-aereo\/nacional\/estado-firmaria-acuerdo-de-estabilidad-con-proyectada-linea-de-bandera\/\" \/>\n<meta property=\"og:locale\" content=\"es_ES\" \/>\n<meta property=\"og:type\" content=\"article\" \/>\n<meta property=\"og:title\" content=\"Estado firmar\u00eda acuerdo de estabilidad con proyectada l\u00ednea de bandera\" \/>\n<meta property=\"og:description\" content=\"Portal de noticias del Per\u00fa sobre el transporte a\u00e9reo, aviaci\u00f3n, turismo, hoteleria, actualidad.\" \/>\n<meta property=\"og:url\" content=\"https:\/\/aeronoticias.com.pe\/noticiero\/transporte-aereo\/nacional\/estado-firmaria-acuerdo-de-estabilidad-con-proyectada-linea-de-bandera\/\" \/>\n<meta property=\"og:site_name\" content=\"Aeronoticias.com.pe\" \/>\n<meta property=\"article:publisher\" content=\"https:\/\/www.facebook.com\/Aeronoticias.com.pe\/\" \/>\n<meta property=\"article:published_time\" content=\"2012-03-05T21:56:13+00:00\" \/>\n<meta name=\"author\" content=\"Redacci\u00f3n Aeronoticias\" \/>\n<meta name=\"twitter:card\" content=\"summary_large_image\" \/>\n<meta name=\"twitter:creator\" content=\"@aeronoticias\" \/>\n<meta name=\"twitter:site\" content=\"@aeronoticias\" \/>\n<meta name=\"twitter:label1\" content=\"Escrito por\" \/>\n\t<meta name=\"twitter:data1\" content=\"Redacci\u00f3n Aeronoticias\" \/>\n\t<meta name=\"twitter:label2\" content=\"Tiempo de lectura\" \/>\n\t<meta name=\"twitter:data2\" content=\"2 minutos\" \/>\n<script type=\"application\/ld+json\" class=\"yoast-schema-graph\">{\"@context\":\"https:\/\/schema.org\",\"@graph\":[{\"@type\":\"WebPage\",\"@id\":\"https:\/\/aeronoticias.com.pe\/noticiero\/transporte-aereo\/nacional\/estado-firmaria-acuerdo-de-estabilidad-con-proyectada-linea-de-bandera\/\",\"url\":\"https:\/\/aeronoticias.com.pe\/noticiero\/transporte-aereo\/nacional\/estado-firmaria-acuerdo-de-estabilidad-con-proyectada-linea-de-bandera\/\",\"name\":\"Estado firmar\u00eda acuerdo de estabilidad con proyectada l\u00ednea de bandera\",\"isPartOf\":{\"@id\":\"https:\/\/aeronoticias.com.pe\/noticiero\/#website\"},\"datePublished\":\"2012-03-05T21:56:13+00:00\",\"author\":{\"@id\":\"https:\/\/aeronoticias.com.pe\/noticiero\/#\/schema\/person\/fc1e5d578f4b62ba1cf7ac2bba1170a0\"},\"description\":\"Portal de noticias del Per\u00fa sobre el transporte a\u00e9reo, aviaci\u00f3n, turismo, hoteleria, actualidad.\",\"breadcrumb\":{\"@id\":\"https:\/\/aeronoticias.com.pe\/noticiero\/transporte-aereo\/nacional\/estado-firmaria-acuerdo-de-estabilidad-con-proyectada-linea-de-bandera\/#breadcrumb\"},\"inLanguage\":\"es\",\"potentialAction\":[{\"@type\":\"ReadAction\",\"target\":[\"https:\/\/aeronoticias.com.pe\/noticiero\/transporte-aereo\/nacional\/estado-firmaria-acuerdo-de-estabilidad-con-proyectada-linea-de-bandera\/\"]}]},{\"@type\":\"BreadcrumbList\",\"@id\":\"https:\/\/aeronoticias.com.pe\/noticiero\/transporte-aereo\/nacional\/estado-firmaria-acuerdo-de-estabilidad-con-proyectada-linea-de-bandera\/#breadcrumb\",\"itemListElement\":[{\"@type\":\"ListItem\",\"position\":1,\"name\":\"Portada\",\"item\":\"https:\/\/aeronoticias.com.pe\/noticiero\/\"},{\"@type\":\"ListItem\",\"position\":2,\"name\":\"Estado firmar\u00eda acuerdo de estabilidad con proyectada l\u00ednea de bandera\"}]},{\"@type\":\"WebSite\",\"@id\":\"https:\/\/aeronoticias.com.pe\/noticiero\/#website\",\"url\":\"https:\/\/aeronoticias.com.pe\/noticiero\/\",\"name\":\"Aeronoticias.com.pe\",\"description\":\"Noticias de tranporte aereo, turismo, hoteles, gastronomia, actualidad, internacional\",\"potentialAction\":[{\"@type\":\"SearchAction\",\"target\":{\"@type\":\"EntryPoint\",\"urlTemplate\":\"https:\/\/aeronoticias.com.pe\/noticiero\/?s={search_term_string}\"},\"query-input\":{\"@type\":\"PropertyValueSpecification\",\"valueRequired\":true,\"valueName\":\"search_term_string\"}}],\"inLanguage\":\"es\"},{\"@type\":\"Person\",\"@id\":\"https:\/\/aeronoticias.com.pe\/noticiero\/#\/schema\/person\/fc1e5d578f4b62ba1cf7ac2bba1170a0\",\"name\":\"Redacci\u00f3n Aeronoticias\",\"url\":\"https:\/\/aeronoticias.com.pe\/noticiero\/author\/piloto\/\"}]}<\/script>\n<!-- \/ Yoast SEO plugin. -->","yoast_head_json":{"title":"Estado firmar\u00eda acuerdo de estabilidad con proyectada l\u00ednea de bandera","description":"Portal de noticias del Per\u00fa sobre el transporte a\u00e9reo, aviaci\u00f3n, turismo, hoteleria, actualidad.","robots":{"index":"index","follow":"follow","max-snippet":"max-snippet:-1","max-image-preview":"max-image-preview:large","max-video-preview":"max-video-preview:-1"},"canonical":"https:\/\/aeronoticias.com.pe\/noticiero\/transporte-aereo\/nacional\/estado-firmaria-acuerdo-de-estabilidad-con-proyectada-linea-de-bandera\/","og_locale":"es_ES","og_type":"article","og_title":"Estado firmar\u00eda acuerdo de estabilidad con proyectada l\u00ednea de bandera","og_description":"Portal de noticias del Per\u00fa sobre el transporte a\u00e9reo, aviaci\u00f3n, turismo, hoteleria, actualidad.","og_url":"https:\/\/aeronoticias.com.pe\/noticiero\/transporte-aereo\/nacional\/estado-firmaria-acuerdo-de-estabilidad-con-proyectada-linea-de-bandera\/","og_site_name":"Aeronoticias.com.pe","article_publisher":"https:\/\/www.facebook.com\/Aeronoticias.com.pe\/","article_published_time":"2012-03-05T21:56:13+00:00","author":"Redacci\u00f3n Aeronoticias","twitter_card":"summary_large_image","twitter_creator":"@aeronoticias","twitter_site":"@aeronoticias","twitter_misc":{"Escrito por":"Redacci\u00f3n Aeronoticias","Tiempo de lectura":"2 minutos"},"schema":{"@context":"https:\/\/schema.org","@graph":[{"@type":"WebPage","@id":"https:\/\/aeronoticias.com.pe\/noticiero\/transporte-aereo\/nacional\/estado-firmaria-acuerdo-de-estabilidad-con-proyectada-linea-de-bandera\/","url":"https:\/\/aeronoticias.com.pe\/noticiero\/transporte-aereo\/nacional\/estado-firmaria-acuerdo-de-estabilidad-con-proyectada-linea-de-bandera\/","name":"Estado firmar\u00eda acuerdo de estabilidad con proyectada l\u00ednea de bandera","isPartOf":{"@id":"https:\/\/aeronoticias.com.pe\/noticiero\/#website"},"datePublished":"2012-03-05T21:56:13+00:00","author":{"@id":"https:\/\/aeronoticias.com.pe\/noticiero\/#\/schema\/person\/fc1e5d578f4b62ba1cf7ac2bba1170a0"},"description":"Portal de noticias del Per\u00fa sobre el transporte a\u00e9reo, aviaci\u00f3n, turismo, hoteleria, actualidad.","breadcrumb":{"@id":"https:\/\/aeronoticias.com.pe\/noticiero\/transporte-aereo\/nacional\/estado-firmaria-acuerdo-de-estabilidad-con-proyectada-linea-de-bandera\/#breadcrumb"},"inLanguage":"es","potentialAction":[{"@type":"ReadAction","target":["https:\/\/aeronoticias.com.pe\/noticiero\/transporte-aereo\/nacional\/estado-firmaria-acuerdo-de-estabilidad-con-proyectada-linea-de-bandera\/"]}]},{"@type":"BreadcrumbList","@id":"https:\/\/aeronoticias.com.pe\/noticiero\/transporte-aereo\/nacional\/estado-firmaria-acuerdo-de-estabilidad-con-proyectada-linea-de-bandera\/#breadcrumb","itemListElement":[{"@type":"ListItem","position":1,"name":"Portada","item":"https:\/\/aeronoticias.com.pe\/noticiero\/"},{"@type":"ListItem","position":2,"name":"Estado firmar\u00eda acuerdo de estabilidad con proyectada l\u00ednea de bandera"}]},{"@type":"WebSite","@id":"https:\/\/aeronoticias.com.pe\/noticiero\/#website","url":"https:\/\/aeronoticias.com.pe\/noticiero\/","name":"Aeronoticias.com.pe","description":"Noticias de tranporte aereo, turismo, hoteles, gastronomia, actualidad, internacional","potentialAction":[{"@type":"SearchAction","target":{"@type":"EntryPoint","urlTemplate":"https:\/\/aeronoticias.com.pe\/noticiero\/?s={search_term_string}"},"query-input":{"@type":"PropertyValueSpecification","valueRequired":true,"valueName":"search_term_string"}}],"inLanguage":"es"},{"@type":"Person","@id":"https:\/\/aeronoticias.com.pe\/noticiero\/#\/schema\/person\/fc1e5d578f4b62ba1cf7ac2bba1170a0","name":"Redacci\u00f3n Aeronoticias","url":"https:\/\/aeronoticias.com.pe\/noticiero\/author\/piloto\/"}]}},"_links":{"self":[{"href":"https:\/\/aeronoticias.com.pe\/noticiero\/wp-json\/wp\/v2\/posts\/24034","targetHints":{"allow":["GET"]}}],"collection":[{"href":"https:\/\/aeronoticias.com.pe\/noticiero\/wp-json\/wp\/v2\/posts"}],"about":[{"href":"https:\/\/aeronoticias.com.pe\/noticiero\/wp-json\/wp\/v2\/types\/post"}],"author":[{"embeddable":true,"href":"https:\/\/aeronoticias.com.pe\/noticiero\/wp-json\/wp\/v2\/users\/1"}],"replies":[{"embeddable":true,"href":"https:\/\/aeronoticias.com.pe\/noticiero\/wp-json\/wp\/v2\/comments?post=24034"}],"version-history":[{"count":0,"href":"https:\/\/aeronoticias.com.pe\/noticiero\/wp-json\/wp\/v2\/posts\/24034\/revisions"}],"wp:attachment":[{"href":"https:\/\/aeronoticias.com.pe\/noticiero\/wp-json\/wp\/v2\/media?parent=24034"}],"wp:term":[{"taxonomy":"category","embeddable":true,"href":"https:\/\/aeronoticias.com.pe\/noticiero\/wp-json\/wp\/v2\/categories?post=24034"},{"taxonomy":"post_tag","embeddable":true,"href":"https:\/\/aeronoticias.com.pe\/noticiero\/wp-json\/wp\/v2\/tags?post=24034"}],"curies":[{"name":"wp","href":"https:\/\/api.w.org\/{rel}","templated":true}]}}