{"id":24036,"date":"2012-03-05T22:05:51","date_gmt":"2012-03-05T22:05:51","guid":{"rendered":"http:\/\/desarrollo.mcvicious.com\/aero2020\/2012\/03\/05\/rousseff-condena-tsunami-monetario\/"},"modified":"2020-09-11T15:40:23","modified_gmt":"2020-09-11T15:40:23","slug":"rousseff-condena-tsunami-monetario","status":"publish","type":"post","link":"https:\/\/aeronoticias.com.pe\/noticiero\/politica\/rousseff-condena-tsunami-monetario\/","title":{"rendered":"Rousseff condena &#8216;tsunami monetario&#8217;"},"content":{"rendered":"<p style=\"text-align: justify;\"><strong>(Aeronoticias).-<\/strong> Brasil, invitado de honor en la CeBIT 2012, que se desarrolla desde este 6 al 10 de marzo, ha enviado a Alemania a sus emisarios m\u00e1s elocuentes: en la feria tecnol\u00f3gica m\u00e1s importante del mundo, los representantes de las empresas brasile\u00f1as del sector IT demostrar\u00e1n todo lo que pueden ofrecer y la presidenta del \u201cgigante suramericano\u201d, Dilma Rousseff, aprovechar\u00e1 la atenci\u00f3n internacional para enfatizar la cr\u00edtica que hizo a los pa\u00edses industrializados antes de cruzar el Atl\u00e1ntico: este lunes (5.3.2012), la mujer fuerte de Brasilia les reproch\u00f3 el gesto de inundar el sistema financiero global con dinero barato para estimular sus respectivas econom\u00edas.<\/p>\n<p style=\"text-align: justify;\">Rousseff: \u201ctsunami monetario\u201d<\/p>\n<p style=\"text-align: justify;\">Rousseff lleg\u00f3 a Alemania acompa\u00f1ada por una comitiva que incluye a varios gobernadores y a sus ministros de Relaciones Exteriores, Ciencia y Tecnolog\u00eda, Comunicaciones y Desarrollo. Al reunirse con la canciller alemana, Angela Merkel, para inaugurar la feria, Rousseff agradeci\u00f3 la elecci\u00f3n de su pa\u00eds como invitado especial. \u201cHace d\u00e9cadas que Brasil y Alemania establecieron una alianza y CeBIT simboliza una nueva etapa de la misma\u201d, dijo la jefa del Gobierno brasile\u00f1o ante unas 2.500 personas. No obstante, el verdadero di\u00e1logo entre las mandatarias comenz\u00f3 horas m\u00e1s tarde. El t\u00f3pico central: las estrategias para combatir la crisis financiera global.<\/p>\n<p>  <!--more-->  <\/p>\n<p style=\"text-align: justify;\">Es muy probable que Merkel haya escuchado de nuevo la expresi\u00f3n \u201ctsunami monetario\u201d; esa es la met\u00e1fora que Rousseff ha usado en m\u00e1s de una ocasi\u00f3n para describir la t\u00e1ctica mediante la cual los pa\u00edses m\u00e1s ricos buscan resolver sus aprietos econ\u00f3micos actualmente. \u201cLa pol\u00edtica monetaria expansionista de estos pa\u00edses genera un efecto extremadamente nocivo, porque deval\u00faa artificialmente sus monedas\u201d, se\u00f1al\u00f3 recientemente la presidenta brasile\u00f1a, advirtiendo que su pa\u00eds estaba dispuesto a tomar medidas para evitar la sobrevaluaci\u00f3n de su moneda, el real. Rousseff no especific\u00f3 qu\u00e9 medidas estaba sopesando ni cu\u00e1ndo pueden entrar en vigor.<\/p>\n<p style=\"text-align: justify;\">El BCE avala argumentos de Rousseff<\/p>\n<p style=\"text-align: justify;\">Seg\u00fan Rousseff, desde el inicio de la crisis, los pa\u00edses con mayores grados de industrializaci\u00f3n inyectaron 8,8 billones de d\u00f3lares a la econom\u00eda. A su juicio, esa es una medida proteccionista que propicia los movimientos especulativos y no la recuperaci\u00f3n econ\u00f3mica. \u201cAl expandirse en esta proporci\u00f3n, la masa monetaria produce dos efectos: uno de ellos es la devaluaci\u00f3n artificial de la moneda, lo cual equivale a una traba arancelaria y constituye una forma artificial de protecci\u00f3n del mercado; el otro es la creaci\u00f3n de una masa monetaria que no se dirige a la econom\u00eda real, sino que genera burbujas, especulaci\u00f3n\u201d, explic\u00f3 este 5 de marzo.<\/p>\n<p style=\"text-align: justify;\">La presidenta brasile\u00f1a reforz\u00f3 su argumento sosteniendo que varios organismos internacionales, entre ellos el Banco Central Europeo (BCE), avalaban su punto de vista. A sus ojos, en lugar de emitir moneda, los pa\u00edses en crisis deber\u00edan adoptar medidas para estimular las inversiones. \u201cEs importante que, aparte de aplicar pol\u00edticas monetarias expansionistas, los pa\u00edses desarrollados apliquen tambi\u00e9n pol\u00edticas de expansi\u00f3n de las inversiones. La inversi\u00f3n no s\u00f3lo impulsa la demanda interna, sino que estimula la demanda externa de nuestros productos\u201d, dijo Rousseff.<\/p>\n<p style=\"text-align: justify;\">Autor: Evan Romero-Castillo<\/p>\n<p style=\"text-align: justify;\">Editor: Jos\u00e9 Ospina-Valencia<\/p>\n<p style=\"text-align: justify;\">Deutsche Welle<\/p>\n<p style=\"text-align: justify;\"><img decoding=\"async\" src=\"images\/stories\/12\/03\/050312\/dilma.jpg\" border=\"0\" alt=\"Rousseff condena 'tsunami monetario'\" title=\"Rousseff condena 'tsunami monetario'\" \/><\/p>\n","protected":false},"excerpt":{"rendered":"<p>(Aeronoticias).- Brasil, invitado de honor en la CeBIT 2012, que se desarrolla desde este 6 al 10 de marzo, ha enviado a Alemania a sus emisarios m\u00e1s elocuentes: en la feria tecnol\u00f3gica m\u00e1s importante del mundo, los representantes de las empresas brasile\u00f1as del sector IT demostrar\u00e1n todo lo que pueden ofrecer y la presidenta del [&hellip;]<\/p>\n","protected":false},"author":1,"featured_media":0,"comment_status":"open","ping_status":"open","sticky":false,"template":"","format":"standard","meta":{"tdm_status":"","tdm_grid_status":"","footnotes":""},"categories":[36],"tags":[],"class_list":{"0":"post-24036","1":"post","2":"type-post","3":"status-publish","4":"format-standard","6":"category-politica"},"yoast_head":"<!-- This site is optimized with the Yoast SEO plugin v25.1 - https:\/\/yoast.com\/wordpress\/plugins\/seo\/ -->\n<title>Rousseff condena &#039;tsunami monetario&#039;<\/title>\n<meta name=\"description\" content=\"Portal de noticias del Per\u00fa sobre el transporte a\u00e9reo, aviaci\u00f3n, turismo, hoteleria, actualidad.\" \/>\n<meta name=\"robots\" content=\"index, follow, max-snippet:-1, max-image-preview:large, max-video-preview:-1\" \/>\n<link rel=\"canonical\" href=\"https:\/\/aeronoticias.com.pe\/noticiero\/politica\/rousseff-condena-tsunami-monetario\/\" \/>\n<meta property=\"og:locale\" content=\"es_ES\" \/>\n<meta property=\"og:type\" content=\"article\" \/>\n<meta property=\"og:title\" content=\"Rousseff condena &#039;tsunami monetario&#039;\" \/>\n<meta property=\"og:description\" content=\"Portal de noticias del Per\u00fa sobre el transporte a\u00e9reo, aviaci\u00f3n, turismo, hoteleria, actualidad.\" \/>\n<meta property=\"og:url\" content=\"https:\/\/aeronoticias.com.pe\/noticiero\/politica\/rousseff-condena-tsunami-monetario\/\" \/>\n<meta property=\"og:site_name\" content=\"Aeronoticias.com.pe\" \/>\n<meta property=\"article:publisher\" content=\"https:\/\/www.facebook.com\/Aeronoticias.com.pe\/\" \/>\n<meta property=\"article:published_time\" content=\"2012-03-05T22:05:51+00:00\" \/>\n<meta property=\"article:modified_time\" content=\"2020-09-11T15:40:23+00:00\" \/>\n<meta name=\"author\" content=\"Redacci\u00f3n Aeronoticias\" \/>\n<meta name=\"twitter:card\" content=\"summary_large_image\" \/>\n<meta name=\"twitter:creator\" content=\"@aeronoticias\" \/>\n<meta name=\"twitter:site\" content=\"@aeronoticias\" \/>\n<meta name=\"twitter:label1\" content=\"Escrito por\" \/>\n\t<meta name=\"twitter:data1\" content=\"Redacci\u00f3n Aeronoticias\" \/>\n\t<meta name=\"twitter:label2\" content=\"Tiempo de lectura\" \/>\n\t<meta name=\"twitter:data2\" content=\"3 minutos\" \/>\n<script type=\"application\/ld+json\" class=\"yoast-schema-graph\">{\"@context\":\"https:\/\/schema.org\",\"@graph\":[{\"@type\":\"WebPage\",\"@id\":\"https:\/\/aeronoticias.com.pe\/noticiero\/politica\/rousseff-condena-tsunami-monetario\/\",\"url\":\"https:\/\/aeronoticias.com.pe\/noticiero\/politica\/rousseff-condena-tsunami-monetario\/\",\"name\":\"Rousseff condena 'tsunami monetario'\",\"isPartOf\":{\"@id\":\"https:\/\/aeronoticias.com.pe\/noticiero\/#website\"},\"datePublished\":\"2012-03-05T22:05:51+00:00\",\"dateModified\":\"2020-09-11T15:40:23+00:00\",\"author\":{\"@id\":\"https:\/\/aeronoticias.com.pe\/noticiero\/#\/schema\/person\/fc1e5d578f4b62ba1cf7ac2bba1170a0\"},\"description\":\"Portal de noticias del Per\u00fa sobre el transporte a\u00e9reo, aviaci\u00f3n, turismo, hoteleria, actualidad.\",\"breadcrumb\":{\"@id\":\"https:\/\/aeronoticias.com.pe\/noticiero\/politica\/rousseff-condena-tsunami-monetario\/#breadcrumb\"},\"inLanguage\":\"es\",\"potentialAction\":[{\"@type\":\"ReadAction\",\"target\":[\"https:\/\/aeronoticias.com.pe\/noticiero\/politica\/rousseff-condena-tsunami-monetario\/\"]}]},{\"@type\":\"BreadcrumbList\",\"@id\":\"https:\/\/aeronoticias.com.pe\/noticiero\/politica\/rousseff-condena-tsunami-monetario\/#breadcrumb\",\"itemListElement\":[{\"@type\":\"ListItem\",\"position\":1,\"name\":\"Portada\",\"item\":\"https:\/\/aeronoticias.com.pe\/noticiero\/\"},{\"@type\":\"ListItem\",\"position\":2,\"name\":\"Rousseff condena &#8216;tsunami monetario&#8217;\"}]},{\"@type\":\"WebSite\",\"@id\":\"https:\/\/aeronoticias.com.pe\/noticiero\/#website\",\"url\":\"https:\/\/aeronoticias.com.pe\/noticiero\/\",\"name\":\"Aeronoticias.com.pe\",\"description\":\"Noticias de tranporte aereo, turismo, hoteles, gastronomia, actualidad, internacional\",\"potentialAction\":[{\"@type\":\"SearchAction\",\"target\":{\"@type\":\"EntryPoint\",\"urlTemplate\":\"https:\/\/aeronoticias.com.pe\/noticiero\/?s={search_term_string}\"},\"query-input\":{\"@type\":\"PropertyValueSpecification\",\"valueRequired\":true,\"valueName\":\"search_term_string\"}}],\"inLanguage\":\"es\"},{\"@type\":\"Person\",\"@id\":\"https:\/\/aeronoticias.com.pe\/noticiero\/#\/schema\/person\/fc1e5d578f4b62ba1cf7ac2bba1170a0\",\"name\":\"Redacci\u00f3n Aeronoticias\",\"url\":\"https:\/\/aeronoticias.com.pe\/noticiero\/author\/piloto\/\"}]}<\/script>\n<!-- \/ Yoast SEO plugin. -->","yoast_head_json":{"title":"Rousseff condena 'tsunami monetario'","description":"Portal de noticias del Per\u00fa sobre el transporte a\u00e9reo, aviaci\u00f3n, turismo, hoteleria, actualidad.","robots":{"index":"index","follow":"follow","max-snippet":"max-snippet:-1","max-image-preview":"max-image-preview:large","max-video-preview":"max-video-preview:-1"},"canonical":"https:\/\/aeronoticias.com.pe\/noticiero\/politica\/rousseff-condena-tsunami-monetario\/","og_locale":"es_ES","og_type":"article","og_title":"Rousseff condena 'tsunami monetario'","og_description":"Portal de noticias del Per\u00fa sobre el transporte a\u00e9reo, aviaci\u00f3n, turismo, hoteleria, actualidad.","og_url":"https:\/\/aeronoticias.com.pe\/noticiero\/politica\/rousseff-condena-tsunami-monetario\/","og_site_name":"Aeronoticias.com.pe","article_publisher":"https:\/\/www.facebook.com\/Aeronoticias.com.pe\/","article_published_time":"2012-03-05T22:05:51+00:00","article_modified_time":"2020-09-11T15:40:23+00:00","author":"Redacci\u00f3n Aeronoticias","twitter_card":"summary_large_image","twitter_creator":"@aeronoticias","twitter_site":"@aeronoticias","twitter_misc":{"Escrito por":"Redacci\u00f3n Aeronoticias","Tiempo de lectura":"3 minutos"},"schema":{"@context":"https:\/\/schema.org","@graph":[{"@type":"WebPage","@id":"https:\/\/aeronoticias.com.pe\/noticiero\/politica\/rousseff-condena-tsunami-monetario\/","url":"https:\/\/aeronoticias.com.pe\/noticiero\/politica\/rousseff-condena-tsunami-monetario\/","name":"Rousseff condena 'tsunami monetario'","isPartOf":{"@id":"https:\/\/aeronoticias.com.pe\/noticiero\/#website"},"datePublished":"2012-03-05T22:05:51+00:00","dateModified":"2020-09-11T15:40:23+00:00","author":{"@id":"https:\/\/aeronoticias.com.pe\/noticiero\/#\/schema\/person\/fc1e5d578f4b62ba1cf7ac2bba1170a0"},"description":"Portal de noticias del Per\u00fa sobre el transporte a\u00e9reo, aviaci\u00f3n, turismo, hoteleria, actualidad.","breadcrumb":{"@id":"https:\/\/aeronoticias.com.pe\/noticiero\/politica\/rousseff-condena-tsunami-monetario\/#breadcrumb"},"inLanguage":"es","potentialAction":[{"@type":"ReadAction","target":["https:\/\/aeronoticias.com.pe\/noticiero\/politica\/rousseff-condena-tsunami-monetario\/"]}]},{"@type":"BreadcrumbList","@id":"https:\/\/aeronoticias.com.pe\/noticiero\/politica\/rousseff-condena-tsunami-monetario\/#breadcrumb","itemListElement":[{"@type":"ListItem","position":1,"name":"Portada","item":"https:\/\/aeronoticias.com.pe\/noticiero\/"},{"@type":"ListItem","position":2,"name":"Rousseff condena &#8216;tsunami monetario&#8217;"}]},{"@type":"WebSite","@id":"https:\/\/aeronoticias.com.pe\/noticiero\/#website","url":"https:\/\/aeronoticias.com.pe\/noticiero\/","name":"Aeronoticias.com.pe","description":"Noticias de tranporte aereo, turismo, hoteles, gastronomia, actualidad, internacional","potentialAction":[{"@type":"SearchAction","target":{"@type":"EntryPoint","urlTemplate":"https:\/\/aeronoticias.com.pe\/noticiero\/?s={search_term_string}"},"query-input":{"@type":"PropertyValueSpecification","valueRequired":true,"valueName":"search_term_string"}}],"inLanguage":"es"},{"@type":"Person","@id":"https:\/\/aeronoticias.com.pe\/noticiero\/#\/schema\/person\/fc1e5d578f4b62ba1cf7ac2bba1170a0","name":"Redacci\u00f3n Aeronoticias","url":"https:\/\/aeronoticias.com.pe\/noticiero\/author\/piloto\/"}]}},"_links":{"self":[{"href":"https:\/\/aeronoticias.com.pe\/noticiero\/wp-json\/wp\/v2\/posts\/24036","targetHints":{"allow":["GET"]}}],"collection":[{"href":"https:\/\/aeronoticias.com.pe\/noticiero\/wp-json\/wp\/v2\/posts"}],"about":[{"href":"https:\/\/aeronoticias.com.pe\/noticiero\/wp-json\/wp\/v2\/types\/post"}],"author":[{"embeddable":true,"href":"https:\/\/aeronoticias.com.pe\/noticiero\/wp-json\/wp\/v2\/users\/1"}],"replies":[{"embeddable":true,"href":"https:\/\/aeronoticias.com.pe\/noticiero\/wp-json\/wp\/v2\/comments?post=24036"}],"version-history":[{"count":0,"href":"https:\/\/aeronoticias.com.pe\/noticiero\/wp-json\/wp\/v2\/posts\/24036\/revisions"}],"wp:attachment":[{"href":"https:\/\/aeronoticias.com.pe\/noticiero\/wp-json\/wp\/v2\/media?parent=24036"}],"wp:term":[{"taxonomy":"category","embeddable":true,"href":"https:\/\/aeronoticias.com.pe\/noticiero\/wp-json\/wp\/v2\/categories?post=24036"},{"taxonomy":"post_tag","embeddable":true,"href":"https:\/\/aeronoticias.com.pe\/noticiero\/wp-json\/wp\/v2\/tags?post=24036"}],"curies":[{"name":"wp","href":"https:\/\/api.w.org\/{rel}","templated":true}]}}