{"id":24122,"date":"2012-03-07T20:57:42","date_gmt":"2012-03-07T20:57:42","guid":{"rendered":"http:\/\/desarrollo.mcvicious.com\/aero2020\/2012\/03\/07\/informe-tecnico-del-mtc-respalda-al-aeropuerto-de-jauja\/"},"modified":"2012-03-07T20:57:42","modified_gmt":"2012-03-07T20:57:42","slug":"informe-tecnico-del-mtc-respalda-al-aeropuerto-de-jauja","status":"publish","type":"post","link":"https:\/\/aeronoticias.com.pe\/noticiero\/transporte-aereo\/nacional\/informe-tecnico-del-mtc-respalda-al-aeropuerto-de-jauja\/","title":{"rendered":"Informe t\u00e9cnico del MTC respalda al aeropuerto de Jauja"},"content":{"rendered":"<p style=\"text-align: justify;\"><strong>(Aeronoticias).-<\/strong> En un contundente informe t\u00e9cnico, el director general de la Direcci\u00f3n General de Pol\u00edtica de Inversiones (DGPI) del Ministerio de Econom\u00eda, Carlos Giesecke Sara-Lafosse, comunic\u00f3 al Gobierno Regional Jun\u00edn (GRJ) que el Ministerio de Transportes (MTC), impulsar\u00e1 el mejoramiento y modernizaci\u00f3n del aeropuerto de Jauja y que los c\u00f3digos SNIP de los dos proyectos impulsados por la gesti\u00f3n del presidente regional, Vladimir Cerr\u00f3n, Rojas, para crear \u00abaeropuertos internacionales\u00bb, continuar\u00e1n desactivados, porque no cumplen los requisitos exigidos por las normas.<\/p>\n<p style=\"text-align: justify;\">Mediante oficio N\u00b0 663-2012 enviado al GRJ, la DGPI se\u00f1ala que un informe t\u00e9cnico de la Direcci\u00f3n General de Aeron\u00e1utica Civil del MTC (DGAC), establece que el aeropuerto de Jauja posee ventajas muy importantes, \u00abya que los costos de su modernizaci\u00f3n son muy peque\u00f1os en relaci\u00f3n a la construcci\u00f3n de un nuevo aeropuerto cercano\u00bb.<\/p>\n<p style=\"text-align: justify;\">La DGAC, tambi\u00e9n precisa que contraviniendo la normatividad sectorial y los argumentos t\u00e9cnicos, el GRJ registr\u00f3 dos proyectos de inversi\u00f3n que han sido desactivados por la DGPI. Se trata de los proyectos de \u00abCreaci\u00f3n del Aeropuerto Internacional de la Regi\u00f3n Jun\u00edn\u00bb (c\u00f3digo SNIP N\u00b0 190150) y \u00abCreaci\u00f3n del aeropuerto regional de Jun\u00edn, Orcotuna, Concepci\u00f3n\u00bb (c\u00f3digo SNIP N\u00b0 201427), ambos de alcance internacional, cuando la DGAC, constituye la m\u00e1xima autoridad en aeron\u00e1utica civil en el pa\u00eds para la formulaci\u00f3n de este tipo de proyectos (Decreto Supremo N\u00b0 019-2007).<\/p>\n<p>  <!--more-->  <\/p>\n<p style=\"text-align: justify;\">El informe se\u00f1ala que \u00abla desactivaci\u00f3n de los referidos proyectos ha sido efectuada de manera t\u00e9cnica, objetiva y en estricta observancia del pronunciamiento expreso de la DGAC, m\u00e1xima autoridad en dicha materia\u00bb<\/p>\n<p style=\"text-align: justify;\">Edvan R\u00edos.<\/p>\n<p style=\"text-align: justify;\">Diario Correo.<\/p>\n<p style=\"text-align: justify;\"><img decoding=\"async\" src=\"images\/stories\/12\/03\/070\/aeropuerto_jauja.jpg\" border=\"0\" alt=\"Informe t\u00e9cnico del MTC respalda al aeropuerto de Jauja\" title=\"Informe t\u00e9cnico del MTC respalda al aeropuerto de Jauja\" \/><\/p>\n","protected":false},"excerpt":{"rendered":"<p>(Aeronoticias).- En un contundente informe t\u00e9cnico, el director general de la Direcci\u00f3n General de Pol\u00edtica de Inversiones (DGPI) del Ministerio de Econom\u00eda, Carlos Giesecke Sara-Lafosse, comunic\u00f3 al Gobierno Regional Jun\u00edn (GRJ) que el Ministerio de Transportes (MTC), impulsar\u00e1 el mejoramiento y modernizaci\u00f3n del aeropuerto de Jauja y que los c\u00f3digos SNIP de los dos proyectos [&hellip;]<\/p>\n","protected":false},"author":1,"featured_media":0,"comment_status":"open","ping_status":"open","sticky":false,"template":"","format":"standard","meta":{"tdm_status":"","tdm_grid_status":"","footnotes":""},"categories":[51],"tags":[],"class_list":{"0":"post-24122","1":"post","2":"type-post","3":"status-publish","4":"format-standard","6":"category-nacional"},"yoast_head":"<!-- This site is optimized with the Yoast SEO plugin v25.1 - https:\/\/yoast.com\/wordpress\/plugins\/seo\/ -->\n<title>Informe t\u00e9cnico del MTC respalda al aeropuerto de Jauja<\/title>\n<meta name=\"description\" content=\"Portal de noticias del Per\u00fa sobre el transporte a\u00e9reo, aviaci\u00f3n, turismo, hoteleria, actualidad.\" \/>\n<meta name=\"robots\" content=\"index, follow, max-snippet:-1, max-image-preview:large, max-video-preview:-1\" \/>\n<link rel=\"canonical\" href=\"https:\/\/aeronoticias.com.pe\/noticiero\/transporte-aereo\/nacional\/informe-tecnico-del-mtc-respalda-al-aeropuerto-de-jauja\/\" \/>\n<meta property=\"og:locale\" content=\"es_ES\" \/>\n<meta property=\"og:type\" content=\"article\" \/>\n<meta property=\"og:title\" content=\"Informe t\u00e9cnico del MTC respalda al aeropuerto de Jauja\" \/>\n<meta property=\"og:description\" content=\"Portal de noticias del Per\u00fa sobre el transporte a\u00e9reo, aviaci\u00f3n, turismo, hoteleria, actualidad.\" \/>\n<meta property=\"og:url\" content=\"https:\/\/aeronoticias.com.pe\/noticiero\/transporte-aereo\/nacional\/informe-tecnico-del-mtc-respalda-al-aeropuerto-de-jauja\/\" \/>\n<meta property=\"og:site_name\" content=\"Aeronoticias.com.pe\" \/>\n<meta property=\"article:publisher\" content=\"https:\/\/www.facebook.com\/Aeronoticias.com.pe\/\" \/>\n<meta property=\"article:published_time\" content=\"2012-03-07T20:57:42+00:00\" \/>\n<meta name=\"author\" content=\"Redacci\u00f3n Aeronoticias\" \/>\n<meta name=\"twitter:card\" content=\"summary_large_image\" \/>\n<meta name=\"twitter:creator\" content=\"@aeronoticias\" \/>\n<meta name=\"twitter:site\" content=\"@aeronoticias\" \/>\n<meta name=\"twitter:label1\" content=\"Escrito por\" \/>\n\t<meta name=\"twitter:data1\" content=\"Redacci\u00f3n Aeronoticias\" \/>\n\t<meta name=\"twitter:label2\" content=\"Tiempo de lectura\" \/>\n\t<meta name=\"twitter:data2\" content=\"1 minuto\" \/>\n<script type=\"application\/ld+json\" class=\"yoast-schema-graph\">{\"@context\":\"https:\/\/schema.org\",\"@graph\":[{\"@type\":\"WebPage\",\"@id\":\"https:\/\/aeronoticias.com.pe\/noticiero\/transporte-aereo\/nacional\/informe-tecnico-del-mtc-respalda-al-aeropuerto-de-jauja\/\",\"url\":\"https:\/\/aeronoticias.com.pe\/noticiero\/transporte-aereo\/nacional\/informe-tecnico-del-mtc-respalda-al-aeropuerto-de-jauja\/\",\"name\":\"Informe t\u00e9cnico del MTC respalda al aeropuerto de Jauja\",\"isPartOf\":{\"@id\":\"https:\/\/aeronoticias.com.pe\/noticiero\/#website\"},\"datePublished\":\"2012-03-07T20:57:42+00:00\",\"author\":{\"@id\":\"https:\/\/aeronoticias.com.pe\/noticiero\/#\/schema\/person\/fc1e5d578f4b62ba1cf7ac2bba1170a0\"},\"description\":\"Portal de noticias del Per\u00fa sobre el transporte a\u00e9reo, aviaci\u00f3n, turismo, hoteleria, actualidad.\",\"breadcrumb\":{\"@id\":\"https:\/\/aeronoticias.com.pe\/noticiero\/transporte-aereo\/nacional\/informe-tecnico-del-mtc-respalda-al-aeropuerto-de-jauja\/#breadcrumb\"},\"inLanguage\":\"es\",\"potentialAction\":[{\"@type\":\"ReadAction\",\"target\":[\"https:\/\/aeronoticias.com.pe\/noticiero\/transporte-aereo\/nacional\/informe-tecnico-del-mtc-respalda-al-aeropuerto-de-jauja\/\"]}]},{\"@type\":\"BreadcrumbList\",\"@id\":\"https:\/\/aeronoticias.com.pe\/noticiero\/transporte-aereo\/nacional\/informe-tecnico-del-mtc-respalda-al-aeropuerto-de-jauja\/#breadcrumb\",\"itemListElement\":[{\"@type\":\"ListItem\",\"position\":1,\"name\":\"Portada\",\"item\":\"https:\/\/aeronoticias.com.pe\/noticiero\/\"},{\"@type\":\"ListItem\",\"position\":2,\"name\":\"Informe t\u00e9cnico del MTC respalda al aeropuerto de Jauja\"}]},{\"@type\":\"WebSite\",\"@id\":\"https:\/\/aeronoticias.com.pe\/noticiero\/#website\",\"url\":\"https:\/\/aeronoticias.com.pe\/noticiero\/\",\"name\":\"Aeronoticias.com.pe\",\"description\":\"Noticias de tranporte aereo, turismo, hoteles, gastronomia, actualidad, internacional\",\"potentialAction\":[{\"@type\":\"SearchAction\",\"target\":{\"@type\":\"EntryPoint\",\"urlTemplate\":\"https:\/\/aeronoticias.com.pe\/noticiero\/?s={search_term_string}\"},\"query-input\":{\"@type\":\"PropertyValueSpecification\",\"valueRequired\":true,\"valueName\":\"search_term_string\"}}],\"inLanguage\":\"es\"},{\"@type\":\"Person\",\"@id\":\"https:\/\/aeronoticias.com.pe\/noticiero\/#\/schema\/person\/fc1e5d578f4b62ba1cf7ac2bba1170a0\",\"name\":\"Redacci\u00f3n Aeronoticias\",\"url\":\"https:\/\/aeronoticias.com.pe\/noticiero\/author\/piloto\/\"}]}<\/script>\n<!-- \/ Yoast SEO plugin. -->","yoast_head_json":{"title":"Informe t\u00e9cnico del MTC respalda al aeropuerto de Jauja","description":"Portal de noticias del Per\u00fa sobre el transporte a\u00e9reo, aviaci\u00f3n, turismo, hoteleria, actualidad.","robots":{"index":"index","follow":"follow","max-snippet":"max-snippet:-1","max-image-preview":"max-image-preview:large","max-video-preview":"max-video-preview:-1"},"canonical":"https:\/\/aeronoticias.com.pe\/noticiero\/transporte-aereo\/nacional\/informe-tecnico-del-mtc-respalda-al-aeropuerto-de-jauja\/","og_locale":"es_ES","og_type":"article","og_title":"Informe t\u00e9cnico del MTC respalda al aeropuerto de Jauja","og_description":"Portal de noticias del Per\u00fa sobre el transporte a\u00e9reo, aviaci\u00f3n, turismo, hoteleria, actualidad.","og_url":"https:\/\/aeronoticias.com.pe\/noticiero\/transporte-aereo\/nacional\/informe-tecnico-del-mtc-respalda-al-aeropuerto-de-jauja\/","og_site_name":"Aeronoticias.com.pe","article_publisher":"https:\/\/www.facebook.com\/Aeronoticias.com.pe\/","article_published_time":"2012-03-07T20:57:42+00:00","author":"Redacci\u00f3n Aeronoticias","twitter_card":"summary_large_image","twitter_creator":"@aeronoticias","twitter_site":"@aeronoticias","twitter_misc":{"Escrito por":"Redacci\u00f3n Aeronoticias","Tiempo de lectura":"1 minuto"},"schema":{"@context":"https:\/\/schema.org","@graph":[{"@type":"WebPage","@id":"https:\/\/aeronoticias.com.pe\/noticiero\/transporte-aereo\/nacional\/informe-tecnico-del-mtc-respalda-al-aeropuerto-de-jauja\/","url":"https:\/\/aeronoticias.com.pe\/noticiero\/transporte-aereo\/nacional\/informe-tecnico-del-mtc-respalda-al-aeropuerto-de-jauja\/","name":"Informe t\u00e9cnico del MTC respalda al aeropuerto de Jauja","isPartOf":{"@id":"https:\/\/aeronoticias.com.pe\/noticiero\/#website"},"datePublished":"2012-03-07T20:57:42+00:00","author":{"@id":"https:\/\/aeronoticias.com.pe\/noticiero\/#\/schema\/person\/fc1e5d578f4b62ba1cf7ac2bba1170a0"},"description":"Portal de noticias del Per\u00fa sobre el transporte a\u00e9reo, aviaci\u00f3n, turismo, hoteleria, actualidad.","breadcrumb":{"@id":"https:\/\/aeronoticias.com.pe\/noticiero\/transporte-aereo\/nacional\/informe-tecnico-del-mtc-respalda-al-aeropuerto-de-jauja\/#breadcrumb"},"inLanguage":"es","potentialAction":[{"@type":"ReadAction","target":["https:\/\/aeronoticias.com.pe\/noticiero\/transporte-aereo\/nacional\/informe-tecnico-del-mtc-respalda-al-aeropuerto-de-jauja\/"]}]},{"@type":"BreadcrumbList","@id":"https:\/\/aeronoticias.com.pe\/noticiero\/transporte-aereo\/nacional\/informe-tecnico-del-mtc-respalda-al-aeropuerto-de-jauja\/#breadcrumb","itemListElement":[{"@type":"ListItem","position":1,"name":"Portada","item":"https:\/\/aeronoticias.com.pe\/noticiero\/"},{"@type":"ListItem","position":2,"name":"Informe t\u00e9cnico del MTC respalda al aeropuerto de Jauja"}]},{"@type":"WebSite","@id":"https:\/\/aeronoticias.com.pe\/noticiero\/#website","url":"https:\/\/aeronoticias.com.pe\/noticiero\/","name":"Aeronoticias.com.pe","description":"Noticias de tranporte aereo, turismo, hoteles, gastronomia, actualidad, internacional","potentialAction":[{"@type":"SearchAction","target":{"@type":"EntryPoint","urlTemplate":"https:\/\/aeronoticias.com.pe\/noticiero\/?s={search_term_string}"},"query-input":{"@type":"PropertyValueSpecification","valueRequired":true,"valueName":"search_term_string"}}],"inLanguage":"es"},{"@type":"Person","@id":"https:\/\/aeronoticias.com.pe\/noticiero\/#\/schema\/person\/fc1e5d578f4b62ba1cf7ac2bba1170a0","name":"Redacci\u00f3n Aeronoticias","url":"https:\/\/aeronoticias.com.pe\/noticiero\/author\/piloto\/"}]}},"_links":{"self":[{"href":"https:\/\/aeronoticias.com.pe\/noticiero\/wp-json\/wp\/v2\/posts\/24122","targetHints":{"allow":["GET"]}}],"collection":[{"href":"https:\/\/aeronoticias.com.pe\/noticiero\/wp-json\/wp\/v2\/posts"}],"about":[{"href":"https:\/\/aeronoticias.com.pe\/noticiero\/wp-json\/wp\/v2\/types\/post"}],"author":[{"embeddable":true,"href":"https:\/\/aeronoticias.com.pe\/noticiero\/wp-json\/wp\/v2\/users\/1"}],"replies":[{"embeddable":true,"href":"https:\/\/aeronoticias.com.pe\/noticiero\/wp-json\/wp\/v2\/comments?post=24122"}],"version-history":[{"count":0,"href":"https:\/\/aeronoticias.com.pe\/noticiero\/wp-json\/wp\/v2\/posts\/24122\/revisions"}],"wp:attachment":[{"href":"https:\/\/aeronoticias.com.pe\/noticiero\/wp-json\/wp\/v2\/media?parent=24122"}],"wp:term":[{"taxonomy":"category","embeddable":true,"href":"https:\/\/aeronoticias.com.pe\/noticiero\/wp-json\/wp\/v2\/categories?post=24122"},{"taxonomy":"post_tag","embeddable":true,"href":"https:\/\/aeronoticias.com.pe\/noticiero\/wp-json\/wp\/v2\/tags?post=24122"}],"curies":[{"name":"wp","href":"https:\/\/api.w.org\/{rel}","templated":true}]}}