{"id":24126,"date":"2012-03-08T14:05:47","date_gmt":"2012-03-08T14:05:47","guid":{"rendered":"http:\/\/desarrollo.mcvicious.com\/aero2020\/2012\/03\/08\/empresas-top-de-la-libertad-presentes-en-feria-expoalimentaria-2012\/"},"modified":"2012-03-08T14:05:47","modified_gmt":"2012-03-08T14:05:47","slug":"empresas-top-de-la-libertad-presentes-en-feria-expoalimentaria-2012","status":"publish","type":"post","link":"https:\/\/aeronoticias.com.pe\/noticiero\/economia\/empresas-top-de-la-libertad-presentes-en-feria-expoalimentaria-2012\/","title":{"rendered":"Empresas Top de la Libertad presentes en feria expoalimentaria 2012"},"content":{"rendered":"<p>(Aeronoticias).- A siete meses de la realizaci\u00f3n de la IV Feria Expoalimentaria, un grupo de empresas liberte\u00f1as ya confirmaron su participaci\u00f3n\u00a0 en ese certamen considerado como el m\u00e1s importante encuentro Latinoamericano del rubro alimenticio, a fin\u00a0 de contactarse con\u00a0 compradores internacionales,\u00a0 inform\u00f3 la Asociaci\u00f3n de Exportadores (ADEX).\u00a0 <\/p>\n<p>En una charla ofrecida por la gerente de Marketing del gremio exportador, Zaid Arauco, en la sede de la Universidad Privada del Norte, detall\u00f3 los beneficios de ser expositor en este importante evento a desarrollarse en la ciudad de Lima en el setiembre pr\u00f3ximo, y en donde toda la vasta oferta comercial de esta zona del pa\u00eds sobre todo del sector Agro y Pesca ser\u00e1n exhibidos al mundo.<\/p>\n<p>Seg\u00fan cifras del Sistema de Inteligencia Comercial ADEX DATA TRADE, las exportaciones de La Libertad en el 2011 sumaron US$ 2,568.7 millones, 13% m\u00e1s que lo registrado en el 2010 cuando factur\u00f3n US$ 2,268.9 millones, siendo el sector primario el de mayor representaci\u00f3n gracias al agro y pesca tradicional.<\/p>\n<p>Sin embargo, los productos con valor agregado fueron los de mayor dinamismo (33% de crecimiento) debido a una mayor venta del subsector Agropecuario y Agroindustria (US$ 495.6 millones), seguido del qu\u00edmico (US$ 30.9 millones), Miner\u00eda no met\u00e1lica (US$ 18.4 millones) y\u00a0 maderas (US$ 2.8 millones).<\/p>\n<p>Entre los productos No Tradicionales con mayor participaci\u00f3n estuvieron \u201cEsp\u00e1rragos preparados o conservados, sin congelar\u201d (US$ 118.3 millones), \u201cDem\u00e1s preparaciones utilizadas para la alimentaci\u00f3n de los animales\u201d (US$ 83.2 millones), \u201cAlcachofas preparadas o conservadas sin congelar\u201d (US$ 67.9 millones), \u201cEsp\u00e1rragos, frescos o refrigerados\u201d (US$ 63.9 millones), \u201cAguacates (paltas), frescas o secas\u201d (US$ 47.5 millones), entre otros.<\/p>\n<p>Precisamente para reforzar este sector, ADEX prev\u00e9 la participaci\u00f3n de diversas empresas en la pr\u00f3xima feria Expoalimentaria, cuyo 40% de los stands ya fueron vendidos, registr\u00e1ndose una mayor incidencia en el sector agro, pesca, maquinaria y equipos. Adem\u00e1s, este a\u00f1o se espera la presencia de diversas delegaciones de pa\u00edses como Ecuador, Brasil, Colombia y Canad\u00e1. <\/p>\n<p>Entre las firmas liberte\u00f1as que asistieron a la charla y que ya confirmaron su presencia en la feria, figuran\u00a0 Danper Trujillo S.A.C., que exporta alimentos como alcachofas, pimientos y esp\u00e1rragos; Camposol S.A., que tambi\u00e9n comercializa esp\u00e1rragos y paltas. Asimismo, estar\u00e1n Sociedad Agr\u00edcola Vir\u00fa S.A., Requinor E.I.R.L., Reopa S.A.C, Importadora y exportadora ELYC S.A.C., Molinera Inca S.A., Agropecuaria San Salvador S.R.L., entre muchas otras.\u00a0 <\/p>\n<p>En la Expoalimentaria 2012 se realizar\u00e1n cuatro seminarios y conferencias especializadas como\u00a0 la \u201cVII Convenci\u00f3n Internacional Acu\u00edcola y Pesquera\u201d, la \u201cV Convenci\u00f3n Internacional de Productos Org\u00e1nicos\u201d, el \u201cII Seminario Emprende Per\u00fa\u201d y la \u201cI Convenci\u00f3n de empaques\u201d, adem\u00e1s, del \u201cFestival gastron\u00f3mico\u201d, el \u201cSal\u00f3n de la Innovaci\u00f3n\u201d, as\u00ed como nuevos espacios entre los que destacan el \u201cRinc\u00f3n del Caf\u00e9 y Cacao\u201d, y el \u201cRinc\u00f3n de Granos Andinos\u201d. <\/p>\n<p>Este importante certamen es realizado por ADEX, en el estrat\u00e9gico apoyo del Ministerio de Relaciones Exteriores (RR.EE), Ministerio de Agricultura (MINAG) y PromPer\u00fa.<\/p>\n<p>El dato<br \/>Los principales destinos de los env\u00edos liberte\u00f1os fueron Suiza con compras por US$ 1,496 millones, seguido de Italia (US$ 288.9 millones), Estados Unidos (US$ 213.5 millones) y Espa\u00f1a (US$ 105.5 millones).\u00a0 <\/p>\n<p><img decoding=\"async\" src=\"images\/stories\/12\/03\/080312\/ccafe.jpg\" border=\"0\" \/><\/p>\n","protected":false},"excerpt":{"rendered":"<p>(Aeronoticias).- A siete meses de la realizaci\u00f3n de la IV Feria Expoalimentaria, un grupo de empresas liberte\u00f1as ya confirmaron su participaci\u00f3n\u00a0 en ese certamen considerado como el m\u00e1s importante encuentro Latinoamericano del rubro alimenticio, a fin\u00a0 de contactarse con\u00a0 compradores internacionales,\u00a0 inform\u00f3 la Asociaci\u00f3n de Exportadores (ADEX).\u00a0 En una charla ofrecida por la gerente de [&hellip;]<\/p>\n","protected":false},"author":1,"featured_media":0,"comment_status":"open","ping_status":"open","sticky":false,"template":"","format":"standard","meta":{"tdm_status":"","tdm_grid_status":"","footnotes":""},"categories":[33],"tags":[],"class_list":{"0":"post-24126","1":"post","2":"type-post","3":"status-publish","4":"format-standard","6":"category-economia"},"yoast_head":"<!-- This site is optimized with the Yoast SEO plugin v25.1 - https:\/\/yoast.com\/wordpress\/plugins\/seo\/ -->\n<title>Empresas Top de la Libertad presentes en feria expoalimentaria 2012<\/title>\n<meta name=\"description\" content=\"Portal de noticias del Per\u00fa sobre el transporte a\u00e9reo, aviaci\u00f3n, turismo, hoteleria, actualidad.\" \/>\n<meta name=\"robots\" content=\"index, follow, max-snippet:-1, max-image-preview:large, max-video-preview:-1\" \/>\n<link rel=\"canonical\" href=\"https:\/\/aeronoticias.com.pe\/noticiero\/economia\/empresas-top-de-la-libertad-presentes-en-feria-expoalimentaria-2012\/\" \/>\n<meta property=\"og:locale\" content=\"es_ES\" \/>\n<meta property=\"og:type\" content=\"article\" \/>\n<meta property=\"og:title\" content=\"Empresas Top de la Libertad presentes en feria expoalimentaria 2012\" \/>\n<meta property=\"og:description\" content=\"Portal de noticias del Per\u00fa sobre el transporte a\u00e9reo, aviaci\u00f3n, turismo, hoteleria, actualidad.\" \/>\n<meta property=\"og:url\" content=\"https:\/\/aeronoticias.com.pe\/noticiero\/economia\/empresas-top-de-la-libertad-presentes-en-feria-expoalimentaria-2012\/\" \/>\n<meta property=\"og:site_name\" content=\"Aeronoticias.com.pe\" \/>\n<meta property=\"article:publisher\" content=\"https:\/\/www.facebook.com\/Aeronoticias.com.pe\/\" \/>\n<meta property=\"article:published_time\" content=\"2012-03-08T14:05:47+00:00\" \/>\n<meta name=\"author\" content=\"Redacci\u00f3n Aeronoticias\" \/>\n<meta name=\"twitter:card\" content=\"summary_large_image\" \/>\n<meta name=\"twitter:creator\" content=\"@aeronoticias\" \/>\n<meta name=\"twitter:site\" content=\"@aeronoticias\" \/>\n<meta name=\"twitter:label1\" content=\"Escrito por\" \/>\n\t<meta name=\"twitter:data1\" content=\"Redacci\u00f3n Aeronoticias\" \/>\n\t<meta name=\"twitter:label2\" content=\"Tiempo de lectura\" \/>\n\t<meta name=\"twitter:data2\" content=\"3 minutos\" \/>\n<script type=\"application\/ld+json\" class=\"yoast-schema-graph\">{\"@context\":\"https:\/\/schema.org\",\"@graph\":[{\"@type\":\"WebPage\",\"@id\":\"https:\/\/aeronoticias.com.pe\/noticiero\/economia\/empresas-top-de-la-libertad-presentes-en-feria-expoalimentaria-2012\/\",\"url\":\"https:\/\/aeronoticias.com.pe\/noticiero\/economia\/empresas-top-de-la-libertad-presentes-en-feria-expoalimentaria-2012\/\",\"name\":\"Empresas Top de la Libertad presentes en feria expoalimentaria 2012\",\"isPartOf\":{\"@id\":\"https:\/\/aeronoticias.com.pe\/noticiero\/#website\"},\"datePublished\":\"2012-03-08T14:05:47+00:00\",\"author\":{\"@id\":\"https:\/\/aeronoticias.com.pe\/noticiero\/#\/schema\/person\/fc1e5d578f4b62ba1cf7ac2bba1170a0\"},\"description\":\"Portal de noticias del Per\u00fa sobre el transporte a\u00e9reo, aviaci\u00f3n, turismo, hoteleria, actualidad.\",\"breadcrumb\":{\"@id\":\"https:\/\/aeronoticias.com.pe\/noticiero\/economia\/empresas-top-de-la-libertad-presentes-en-feria-expoalimentaria-2012\/#breadcrumb\"},\"inLanguage\":\"es\",\"potentialAction\":[{\"@type\":\"ReadAction\",\"target\":[\"https:\/\/aeronoticias.com.pe\/noticiero\/economia\/empresas-top-de-la-libertad-presentes-en-feria-expoalimentaria-2012\/\"]}]},{\"@type\":\"BreadcrumbList\",\"@id\":\"https:\/\/aeronoticias.com.pe\/noticiero\/economia\/empresas-top-de-la-libertad-presentes-en-feria-expoalimentaria-2012\/#breadcrumb\",\"itemListElement\":[{\"@type\":\"ListItem\",\"position\":1,\"name\":\"Portada\",\"item\":\"https:\/\/aeronoticias.com.pe\/noticiero\/\"},{\"@type\":\"ListItem\",\"position\":2,\"name\":\"Empresas Top de la Libertad presentes en feria expoalimentaria 2012\"}]},{\"@type\":\"WebSite\",\"@id\":\"https:\/\/aeronoticias.com.pe\/noticiero\/#website\",\"url\":\"https:\/\/aeronoticias.com.pe\/noticiero\/\",\"name\":\"Aeronoticias.com.pe\",\"description\":\"Noticias de tranporte aereo, turismo, hoteles, gastronomia, actualidad, internacional\",\"potentialAction\":[{\"@type\":\"SearchAction\",\"target\":{\"@type\":\"EntryPoint\",\"urlTemplate\":\"https:\/\/aeronoticias.com.pe\/noticiero\/?s={search_term_string}\"},\"query-input\":{\"@type\":\"PropertyValueSpecification\",\"valueRequired\":true,\"valueName\":\"search_term_string\"}}],\"inLanguage\":\"es\"},{\"@type\":\"Person\",\"@id\":\"https:\/\/aeronoticias.com.pe\/noticiero\/#\/schema\/person\/fc1e5d578f4b62ba1cf7ac2bba1170a0\",\"name\":\"Redacci\u00f3n Aeronoticias\",\"url\":\"https:\/\/aeronoticias.com.pe\/noticiero\/author\/piloto\/\"}]}<\/script>\n<!-- \/ Yoast SEO plugin. -->","yoast_head_json":{"title":"Empresas Top de la Libertad presentes en feria expoalimentaria 2012","description":"Portal de noticias del Per\u00fa sobre el transporte a\u00e9reo, aviaci\u00f3n, turismo, hoteleria, actualidad.","robots":{"index":"index","follow":"follow","max-snippet":"max-snippet:-1","max-image-preview":"max-image-preview:large","max-video-preview":"max-video-preview:-1"},"canonical":"https:\/\/aeronoticias.com.pe\/noticiero\/economia\/empresas-top-de-la-libertad-presentes-en-feria-expoalimentaria-2012\/","og_locale":"es_ES","og_type":"article","og_title":"Empresas Top de la Libertad presentes en feria expoalimentaria 2012","og_description":"Portal de noticias del Per\u00fa sobre el transporte a\u00e9reo, aviaci\u00f3n, turismo, hoteleria, actualidad.","og_url":"https:\/\/aeronoticias.com.pe\/noticiero\/economia\/empresas-top-de-la-libertad-presentes-en-feria-expoalimentaria-2012\/","og_site_name":"Aeronoticias.com.pe","article_publisher":"https:\/\/www.facebook.com\/Aeronoticias.com.pe\/","article_published_time":"2012-03-08T14:05:47+00:00","author":"Redacci\u00f3n Aeronoticias","twitter_card":"summary_large_image","twitter_creator":"@aeronoticias","twitter_site":"@aeronoticias","twitter_misc":{"Escrito por":"Redacci\u00f3n Aeronoticias","Tiempo de lectura":"3 minutos"},"schema":{"@context":"https:\/\/schema.org","@graph":[{"@type":"WebPage","@id":"https:\/\/aeronoticias.com.pe\/noticiero\/economia\/empresas-top-de-la-libertad-presentes-en-feria-expoalimentaria-2012\/","url":"https:\/\/aeronoticias.com.pe\/noticiero\/economia\/empresas-top-de-la-libertad-presentes-en-feria-expoalimentaria-2012\/","name":"Empresas Top de la Libertad presentes en feria expoalimentaria 2012","isPartOf":{"@id":"https:\/\/aeronoticias.com.pe\/noticiero\/#website"},"datePublished":"2012-03-08T14:05:47+00:00","author":{"@id":"https:\/\/aeronoticias.com.pe\/noticiero\/#\/schema\/person\/fc1e5d578f4b62ba1cf7ac2bba1170a0"},"description":"Portal de noticias del Per\u00fa sobre el transporte a\u00e9reo, aviaci\u00f3n, turismo, hoteleria, actualidad.","breadcrumb":{"@id":"https:\/\/aeronoticias.com.pe\/noticiero\/economia\/empresas-top-de-la-libertad-presentes-en-feria-expoalimentaria-2012\/#breadcrumb"},"inLanguage":"es","potentialAction":[{"@type":"ReadAction","target":["https:\/\/aeronoticias.com.pe\/noticiero\/economia\/empresas-top-de-la-libertad-presentes-en-feria-expoalimentaria-2012\/"]}]},{"@type":"BreadcrumbList","@id":"https:\/\/aeronoticias.com.pe\/noticiero\/economia\/empresas-top-de-la-libertad-presentes-en-feria-expoalimentaria-2012\/#breadcrumb","itemListElement":[{"@type":"ListItem","position":1,"name":"Portada","item":"https:\/\/aeronoticias.com.pe\/noticiero\/"},{"@type":"ListItem","position":2,"name":"Empresas Top de la Libertad presentes en feria expoalimentaria 2012"}]},{"@type":"WebSite","@id":"https:\/\/aeronoticias.com.pe\/noticiero\/#website","url":"https:\/\/aeronoticias.com.pe\/noticiero\/","name":"Aeronoticias.com.pe","description":"Noticias de tranporte aereo, turismo, hoteles, gastronomia, actualidad, internacional","potentialAction":[{"@type":"SearchAction","target":{"@type":"EntryPoint","urlTemplate":"https:\/\/aeronoticias.com.pe\/noticiero\/?s={search_term_string}"},"query-input":{"@type":"PropertyValueSpecification","valueRequired":true,"valueName":"search_term_string"}}],"inLanguage":"es"},{"@type":"Person","@id":"https:\/\/aeronoticias.com.pe\/noticiero\/#\/schema\/person\/fc1e5d578f4b62ba1cf7ac2bba1170a0","name":"Redacci\u00f3n Aeronoticias","url":"https:\/\/aeronoticias.com.pe\/noticiero\/author\/piloto\/"}]}},"_links":{"self":[{"href":"https:\/\/aeronoticias.com.pe\/noticiero\/wp-json\/wp\/v2\/posts\/24126","targetHints":{"allow":["GET"]}}],"collection":[{"href":"https:\/\/aeronoticias.com.pe\/noticiero\/wp-json\/wp\/v2\/posts"}],"about":[{"href":"https:\/\/aeronoticias.com.pe\/noticiero\/wp-json\/wp\/v2\/types\/post"}],"author":[{"embeddable":true,"href":"https:\/\/aeronoticias.com.pe\/noticiero\/wp-json\/wp\/v2\/users\/1"}],"replies":[{"embeddable":true,"href":"https:\/\/aeronoticias.com.pe\/noticiero\/wp-json\/wp\/v2\/comments?post=24126"}],"version-history":[{"count":0,"href":"https:\/\/aeronoticias.com.pe\/noticiero\/wp-json\/wp\/v2\/posts\/24126\/revisions"}],"wp:attachment":[{"href":"https:\/\/aeronoticias.com.pe\/noticiero\/wp-json\/wp\/v2\/media?parent=24126"}],"wp:term":[{"taxonomy":"category","embeddable":true,"href":"https:\/\/aeronoticias.com.pe\/noticiero\/wp-json\/wp\/v2\/categories?post=24126"},{"taxonomy":"post_tag","embeddable":true,"href":"https:\/\/aeronoticias.com.pe\/noticiero\/wp-json\/wp\/v2\/tags?post=24126"}],"curies":[{"name":"wp","href":"https:\/\/api.w.org\/{rel}","templated":true}]}}