{"id":24136,"date":"2012-03-08T13:05:10","date_gmt":"2012-03-08T13:05:10","guid":{"rendered":"http:\/\/desarrollo.mcvicious.com\/aero2020\/2012\/03\/08\/doctrina-latinoamericana-low-cost-seria-expuesta-a-las-dgac-de-los-paises-de-la-region-que-se-interesen\/"},"modified":"2012-03-08T13:05:10","modified_gmt":"2012-03-08T13:05:10","slug":"doctrina-latinoamericana-low-cost-seria-expuesta-a-las-dgac-de-los-paises-de-la-region-que-se-interesen","status":"publish","type":"post","link":"https:\/\/aeronoticias.com.pe\/noticiero\/transporte-aereo\/internacional\/doctrina-latinoamericana-low-cost-seria-expuesta-a-las-dgac-de-los-paises-de-la-region-que-se-interesen\/","title":{"rendered":"Doctrina latinoamericana low cost ser\u00eda expuesta a las DGAC de los pa\u00edses de la regi\u00f3n que se interesen"},"content":{"rendered":"<p style=\"text-align: justify;\"><strong>(Aeronoticias)<\/strong> La Comisi\u00f3n Interamericana de Juristas Expertos en Derecho A\u00e9reo y Espacial CIJEDAE inform\u00f3 a trav\u00e9s de su secretaria general, Dra. Marilyn Fl\u00f3rez Villaverde que la doctrina latinoamericana low cost sobre transporte a\u00e9reo desarrollada en el libro escrito por el presidente de la CIJEDAE, Juli\u00e1n Palacin Fern\u00e1ndez, hab\u00eda tenido un \u00e9xito sin precedentes, en los pa\u00edses de la regi\u00f3n, quienes est\u00e1n estudiando su aplicaci\u00f3n.<\/p>\n<p>Al respecto, el martes 28 de febrero en la Direcci\u00f3n General de Aeron\u00e1utica Civil de Honduras, se realiz\u00f3 una conferencia magistral sobre esta doctrina, que mereci\u00f3 que el director de la DGAC de Honduras, Gral. Manuel Enrique C\u00e1ceres le otorgue un reconocimiento al Dr. Juli\u00e1n Palacin Fern\u00e1ndez por su excepcional creaci\u00f3n, y difusi\u00f3n a este planteamiento acad\u00e9mico, similar distinci\u00f3n le otorg\u00f3 el Colegio de Abogados de Honduras.<\/p>\n<p>La secretar\u00eda de la CIJEDAE desde Lima, Per\u00fa est\u00e1 comunicando a las Direcciones de Aeron\u00e1utica Civil de los pa\u00edses de la regi\u00f3n que se interesen por el estudio de esta naciente doctrina latinoamericana low cost que coordinen con 3 meses de anticipaci\u00f3n las conferencias que se programar\u00edan para que las autoridades de aeron\u00e1utica civil y los sectores interesados de los pa\u00edses de la regi\u00f3n puedan conocer los principios jur\u00eddicos y aeropol\u00edticas que dieron nacimiento a esta doctrina y que est\u00e1n en el libro \u201cL\u00ednea a\u00e9rea de bajo costo\u201d de Juli\u00e1n Palacin Fern\u00e1ndez.<\/p>\n<p style=\"text-align: justify;\"><img loading=\"lazy\" decoding=\"async\" src=\"images\/stories\/12\/03\/080312\/palacin1.jpg.jpg\" border=\"0\" alt=\"Doctrina latinoamericana low cost ser\u00eda expuesta a las DGAC de los pa\u00edses de la regi\u00f3n que se interesen\" width=\"400\" height=\"282\" \/><\/p>\n","protected":false},"excerpt":{"rendered":"<p>(Aeronoticias) La Comisi\u00f3n Interamericana de Juristas Expertos en Derecho A\u00e9reo y Espacial CIJEDAE inform\u00f3 a trav\u00e9s de su secretaria general, Dra. Marilyn Fl\u00f3rez Villaverde que la doctrina latinoamericana low cost sobre transporte a\u00e9reo desarrollada en el libro escrito por el presidente de la CIJEDAE, Juli\u00e1n Palacin Fern\u00e1ndez, hab\u00eda tenido un \u00e9xito sin precedentes, en los [&hellip;]<\/p>\n","protected":false},"author":1,"featured_media":0,"comment_status":"open","ping_status":"open","sticky":false,"template":"","format":"standard","meta":{"tdm_status":"","tdm_grid_status":"","footnotes":""},"categories":[32],"tags":[],"class_list":{"0":"post-24136","1":"post","2":"type-post","3":"status-publish","4":"format-standard","6":"category-internacional"},"yoast_head":"<!-- This site is optimized with the Yoast SEO plugin v25.1 - https:\/\/yoast.com\/wordpress\/plugins\/seo\/ -->\n<title>Doctrina latinoamericana low cost ser\u00eda expuesta a las DGAC de los pa\u00edses de la regi\u00f3n que se interesen<\/title>\n<meta name=\"description\" content=\"Portal de noticias del Per\u00fa sobre el transporte a\u00e9reo, aviaci\u00f3n, turismo, hoteleria, actualidad.\" \/>\n<meta name=\"robots\" content=\"index, follow, max-snippet:-1, max-image-preview:large, max-video-preview:-1\" \/>\n<link rel=\"canonical\" href=\"https:\/\/aeronoticias.com.pe\/noticiero\/transporte-aereo\/internacional\/doctrina-latinoamericana-low-cost-seria-expuesta-a-las-dgac-de-los-paises-de-la-region-que-se-interesen\/\" \/>\n<meta property=\"og:locale\" content=\"es_ES\" \/>\n<meta property=\"og:type\" content=\"article\" \/>\n<meta property=\"og:title\" content=\"Doctrina latinoamericana low cost ser\u00eda expuesta a las DGAC de los pa\u00edses de la regi\u00f3n que se interesen\" \/>\n<meta property=\"og:description\" content=\"Portal de noticias del Per\u00fa sobre el transporte a\u00e9reo, aviaci\u00f3n, turismo, hoteleria, actualidad.\" \/>\n<meta property=\"og:url\" content=\"https:\/\/aeronoticias.com.pe\/noticiero\/transporte-aereo\/internacional\/doctrina-latinoamericana-low-cost-seria-expuesta-a-las-dgac-de-los-paises-de-la-region-que-se-interesen\/\" \/>\n<meta property=\"og:site_name\" content=\"Aeronoticias.com.pe\" \/>\n<meta property=\"article:publisher\" content=\"https:\/\/www.facebook.com\/Aeronoticias.com.pe\/\" \/>\n<meta property=\"article:published_time\" content=\"2012-03-08T13:05:10+00:00\" \/>\n<meta name=\"author\" content=\"Redacci\u00f3n Aeronoticias\" \/>\n<meta name=\"twitter:card\" content=\"summary_large_image\" \/>\n<meta name=\"twitter:creator\" content=\"@aeronoticias\" \/>\n<meta name=\"twitter:site\" content=\"@aeronoticias\" \/>\n<meta name=\"twitter:label1\" content=\"Escrito por\" \/>\n\t<meta name=\"twitter:data1\" content=\"Redacci\u00f3n Aeronoticias\" \/>\n\t<meta name=\"twitter:label2\" content=\"Tiempo de lectura\" \/>\n\t<meta name=\"twitter:data2\" content=\"1 minuto\" \/>\n<script type=\"application\/ld+json\" class=\"yoast-schema-graph\">{\"@context\":\"https:\/\/schema.org\",\"@graph\":[{\"@type\":\"WebPage\",\"@id\":\"https:\/\/aeronoticias.com.pe\/noticiero\/transporte-aereo\/internacional\/doctrina-latinoamericana-low-cost-seria-expuesta-a-las-dgac-de-los-paises-de-la-region-que-se-interesen\/\",\"url\":\"https:\/\/aeronoticias.com.pe\/noticiero\/transporte-aereo\/internacional\/doctrina-latinoamericana-low-cost-seria-expuesta-a-las-dgac-de-los-paises-de-la-region-que-se-interesen\/\",\"name\":\"Doctrina latinoamericana low cost ser\u00eda expuesta a las DGAC de los pa\u00edses de la regi\u00f3n que se interesen\",\"isPartOf\":{\"@id\":\"https:\/\/aeronoticias.com.pe\/noticiero\/#website\"},\"datePublished\":\"2012-03-08T13:05:10+00:00\",\"author\":{\"@id\":\"https:\/\/aeronoticias.com.pe\/noticiero\/#\/schema\/person\/fc1e5d578f4b62ba1cf7ac2bba1170a0\"},\"description\":\"Portal de noticias del Per\u00fa sobre el transporte a\u00e9reo, aviaci\u00f3n, turismo, hoteleria, actualidad.\",\"breadcrumb\":{\"@id\":\"https:\/\/aeronoticias.com.pe\/noticiero\/transporte-aereo\/internacional\/doctrina-latinoamericana-low-cost-seria-expuesta-a-las-dgac-de-los-paises-de-la-region-que-se-interesen\/#breadcrumb\"},\"inLanguage\":\"es\",\"potentialAction\":[{\"@type\":\"ReadAction\",\"target\":[\"https:\/\/aeronoticias.com.pe\/noticiero\/transporte-aereo\/internacional\/doctrina-latinoamericana-low-cost-seria-expuesta-a-las-dgac-de-los-paises-de-la-region-que-se-interesen\/\"]}]},{\"@type\":\"BreadcrumbList\",\"@id\":\"https:\/\/aeronoticias.com.pe\/noticiero\/transporte-aereo\/internacional\/doctrina-latinoamericana-low-cost-seria-expuesta-a-las-dgac-de-los-paises-de-la-region-que-se-interesen\/#breadcrumb\",\"itemListElement\":[{\"@type\":\"ListItem\",\"position\":1,\"name\":\"Portada\",\"item\":\"https:\/\/aeronoticias.com.pe\/noticiero\/\"},{\"@type\":\"ListItem\",\"position\":2,\"name\":\"Doctrina latinoamericana low cost ser\u00eda expuesta a las DGAC de los pa\u00edses de la regi\u00f3n que se interesen\"}]},{\"@type\":\"WebSite\",\"@id\":\"https:\/\/aeronoticias.com.pe\/noticiero\/#website\",\"url\":\"https:\/\/aeronoticias.com.pe\/noticiero\/\",\"name\":\"Aeronoticias.com.pe\",\"description\":\"Noticias de tranporte aereo, turismo, hoteles, gastronomia, actualidad, internacional\",\"potentialAction\":[{\"@type\":\"SearchAction\",\"target\":{\"@type\":\"EntryPoint\",\"urlTemplate\":\"https:\/\/aeronoticias.com.pe\/noticiero\/?s={search_term_string}\"},\"query-input\":{\"@type\":\"PropertyValueSpecification\",\"valueRequired\":true,\"valueName\":\"search_term_string\"}}],\"inLanguage\":\"es\"},{\"@type\":\"Person\",\"@id\":\"https:\/\/aeronoticias.com.pe\/noticiero\/#\/schema\/person\/fc1e5d578f4b62ba1cf7ac2bba1170a0\",\"name\":\"Redacci\u00f3n Aeronoticias\",\"url\":\"https:\/\/aeronoticias.com.pe\/noticiero\/author\/piloto\/\"}]}<\/script>\n<!-- \/ Yoast SEO plugin. -->","yoast_head_json":{"title":"Doctrina latinoamericana low cost ser\u00eda expuesta a las DGAC de los pa\u00edses de la regi\u00f3n que se interesen","description":"Portal de noticias del Per\u00fa sobre el transporte a\u00e9reo, aviaci\u00f3n, turismo, hoteleria, actualidad.","robots":{"index":"index","follow":"follow","max-snippet":"max-snippet:-1","max-image-preview":"max-image-preview:large","max-video-preview":"max-video-preview:-1"},"canonical":"https:\/\/aeronoticias.com.pe\/noticiero\/transporte-aereo\/internacional\/doctrina-latinoamericana-low-cost-seria-expuesta-a-las-dgac-de-los-paises-de-la-region-que-se-interesen\/","og_locale":"es_ES","og_type":"article","og_title":"Doctrina latinoamericana low cost ser\u00eda expuesta a las DGAC de los pa\u00edses de la regi\u00f3n que se interesen","og_description":"Portal de noticias del Per\u00fa sobre el transporte a\u00e9reo, aviaci\u00f3n, turismo, hoteleria, actualidad.","og_url":"https:\/\/aeronoticias.com.pe\/noticiero\/transporte-aereo\/internacional\/doctrina-latinoamericana-low-cost-seria-expuesta-a-las-dgac-de-los-paises-de-la-region-que-se-interesen\/","og_site_name":"Aeronoticias.com.pe","article_publisher":"https:\/\/www.facebook.com\/Aeronoticias.com.pe\/","article_published_time":"2012-03-08T13:05:10+00:00","author":"Redacci\u00f3n Aeronoticias","twitter_card":"summary_large_image","twitter_creator":"@aeronoticias","twitter_site":"@aeronoticias","twitter_misc":{"Escrito por":"Redacci\u00f3n Aeronoticias","Tiempo de lectura":"1 minuto"},"schema":{"@context":"https:\/\/schema.org","@graph":[{"@type":"WebPage","@id":"https:\/\/aeronoticias.com.pe\/noticiero\/transporte-aereo\/internacional\/doctrina-latinoamericana-low-cost-seria-expuesta-a-las-dgac-de-los-paises-de-la-region-que-se-interesen\/","url":"https:\/\/aeronoticias.com.pe\/noticiero\/transporte-aereo\/internacional\/doctrina-latinoamericana-low-cost-seria-expuesta-a-las-dgac-de-los-paises-de-la-region-que-se-interesen\/","name":"Doctrina latinoamericana low cost ser\u00eda expuesta a las DGAC de los pa\u00edses de la regi\u00f3n que se interesen","isPartOf":{"@id":"https:\/\/aeronoticias.com.pe\/noticiero\/#website"},"datePublished":"2012-03-08T13:05:10+00:00","author":{"@id":"https:\/\/aeronoticias.com.pe\/noticiero\/#\/schema\/person\/fc1e5d578f4b62ba1cf7ac2bba1170a0"},"description":"Portal de noticias del Per\u00fa sobre el transporte a\u00e9reo, aviaci\u00f3n, turismo, hoteleria, actualidad.","breadcrumb":{"@id":"https:\/\/aeronoticias.com.pe\/noticiero\/transporte-aereo\/internacional\/doctrina-latinoamericana-low-cost-seria-expuesta-a-las-dgac-de-los-paises-de-la-region-que-se-interesen\/#breadcrumb"},"inLanguage":"es","potentialAction":[{"@type":"ReadAction","target":["https:\/\/aeronoticias.com.pe\/noticiero\/transporte-aereo\/internacional\/doctrina-latinoamericana-low-cost-seria-expuesta-a-las-dgac-de-los-paises-de-la-region-que-se-interesen\/"]}]},{"@type":"BreadcrumbList","@id":"https:\/\/aeronoticias.com.pe\/noticiero\/transporte-aereo\/internacional\/doctrina-latinoamericana-low-cost-seria-expuesta-a-las-dgac-de-los-paises-de-la-region-que-se-interesen\/#breadcrumb","itemListElement":[{"@type":"ListItem","position":1,"name":"Portada","item":"https:\/\/aeronoticias.com.pe\/noticiero\/"},{"@type":"ListItem","position":2,"name":"Doctrina latinoamericana low cost ser\u00eda expuesta a las DGAC de los pa\u00edses de la regi\u00f3n que se interesen"}]},{"@type":"WebSite","@id":"https:\/\/aeronoticias.com.pe\/noticiero\/#website","url":"https:\/\/aeronoticias.com.pe\/noticiero\/","name":"Aeronoticias.com.pe","description":"Noticias de tranporte aereo, turismo, hoteles, gastronomia, actualidad, internacional","potentialAction":[{"@type":"SearchAction","target":{"@type":"EntryPoint","urlTemplate":"https:\/\/aeronoticias.com.pe\/noticiero\/?s={search_term_string}"},"query-input":{"@type":"PropertyValueSpecification","valueRequired":true,"valueName":"search_term_string"}}],"inLanguage":"es"},{"@type":"Person","@id":"https:\/\/aeronoticias.com.pe\/noticiero\/#\/schema\/person\/fc1e5d578f4b62ba1cf7ac2bba1170a0","name":"Redacci\u00f3n Aeronoticias","url":"https:\/\/aeronoticias.com.pe\/noticiero\/author\/piloto\/"}]}},"_links":{"self":[{"href":"https:\/\/aeronoticias.com.pe\/noticiero\/wp-json\/wp\/v2\/posts\/24136","targetHints":{"allow":["GET"]}}],"collection":[{"href":"https:\/\/aeronoticias.com.pe\/noticiero\/wp-json\/wp\/v2\/posts"}],"about":[{"href":"https:\/\/aeronoticias.com.pe\/noticiero\/wp-json\/wp\/v2\/types\/post"}],"author":[{"embeddable":true,"href":"https:\/\/aeronoticias.com.pe\/noticiero\/wp-json\/wp\/v2\/users\/1"}],"replies":[{"embeddable":true,"href":"https:\/\/aeronoticias.com.pe\/noticiero\/wp-json\/wp\/v2\/comments?post=24136"}],"version-history":[{"count":0,"href":"https:\/\/aeronoticias.com.pe\/noticiero\/wp-json\/wp\/v2\/posts\/24136\/revisions"}],"wp:attachment":[{"href":"https:\/\/aeronoticias.com.pe\/noticiero\/wp-json\/wp\/v2\/media?parent=24136"}],"wp:term":[{"taxonomy":"category","embeddable":true,"href":"https:\/\/aeronoticias.com.pe\/noticiero\/wp-json\/wp\/v2\/categories?post=24136"},{"taxonomy":"post_tag","embeddable":true,"href":"https:\/\/aeronoticias.com.pe\/noticiero\/wp-json\/wp\/v2\/tags?post=24136"}],"curies":[{"name":"wp","href":"https:\/\/api.w.org\/{rel}","templated":true}]}}