{"id":24139,"date":"2012-03-08T13:32:51","date_gmt":"2012-03-08T13:32:51","guid":{"rendered":"http:\/\/desarrollo.mcvicious.com\/aero2020\/2012\/03\/08\/tormenta-solar-cerca-de-la-tierra\/"},"modified":"2012-03-08T13:32:51","modified_gmt":"2012-03-08T13:32:51","slug":"tormenta-solar-cerca-de-la-tierra","status":"publish","type":"post","link":"https:\/\/aeronoticias.com.pe\/noticiero\/27\/tormenta-solar-cerca-de-la-tierra\/","title":{"rendered":"Tormenta solar cerca de la tierra"},"content":{"rendered":"<p style=\"text-align: justify;\"><strong>(Aeronoticias).- <\/strong>Hoy nuestro planeta viene siendo alcanzado por una de las m\u00e1s fuertes tormentas solares de los \u00faltimos tiempos, que podr\u00eda afectar el tr\u00e1fico<strong> <\/strong>a\u00e9reo y el funcionamiento de los sat\u00e9lites orbitales, seg\u00fan advertencias de astr\u00f3nomos alemanes del Instituto Max Planck de Investigaciones Solares (MPS).<br \/> Cabe precisar que la tormenta solar que durar\u00e1 toda la jornada, es <strong>m\u00e1s fuerte que la que alcanz\u00f3 la Tierra a finales de enero<\/strong> y puede originar luces polares en el norte de Europa, se\u00f1al\u00f3 Werner  Curdt, vocero del MPS desde su sede en Katlenburg-Lindau, en el\u00a0 estado alem\u00e1n de la Baja Sajonia, norte de Alemania.<\/p>\n<p>Los astr\u00f3nomos germanos explicaron que los primeros efectos de la tormenta solar, cuya erupci\u00f3n  se produjo en la mitad izquierda del sol, <strong>pudieron apreciarse en las \u00faltimas horas de ayer, y para esta noche se estima su m\u00e1xima potencia. <\/strong><\/p>\n<p style=\"text-align: justify;\">Curdt se\u00f1al\u00f3 que la mencionada tormenta solar rozar\u00e1 la Tierra por la izquierda, sin embargo advirti\u00f3 que se prev\u00e9 para el fin de semana erpciones muy fuertes que podr\u00edan alcanzar a nuestro planeta. \u00abNo nos dar\u00e1 de lleno\u00bb.<\/p>\n<p>  <!--more-->  <\/p>\n<p style=\"text-align: justify;\">En  ese sentido resalt\u00f3 que la mayor intensidad de las erupciones solares  podr\u00edan conducir a la suspensi\u00f3n de vuelos, cortes el\u00e9ctricos y fallos  en el control de los sat\u00e9lites que <strong>orbitan en torno a la Tierra.<\/strong><\/p>\n<p>Sobre  este \u00faltimo problema detall\u00f3 que muchos sat\u00e9lites se orientan y dirigen  por el posicionamiento de las estrellas y que se quedan \u00abciegos\u00bb cuando  se producen tormentas solares con emisiones fuertes de part\u00edculas.<\/p>\n<p>Los astr\u00f3nomos alemanes estiman que las tormentas solares <strong>se intensifiquen mas a\u00fan a mediados de 2013<\/strong> debido a una fuerte actividad c\u00edclica del astro rey, que oscila en un  ritmo de unos 11 a\u00f1os y que se encuentra en aumento desde el a\u00f1o 2010.<\/p>\n<p style=\"text-align: justify;\"><img decoding=\"async\" src=\"images\/stories\/12\/03\/080312\/tormenta_solar.jpg\" border=\"0\" alt=\"Tormenta solar cerca de la tierra\" title=\"Tormenta solar cerca de la tierra\" \/><\/p>\n","protected":false},"excerpt":{"rendered":"<p>(Aeronoticias).- Hoy nuestro planeta viene siendo alcanzado por una de las m\u00e1s fuertes tormentas solares de los \u00faltimos tiempos, que podr\u00eda afectar el tr\u00e1fico a\u00e9reo y el funcionamiento de los sat\u00e9lites orbitales, seg\u00fan advertencias de astr\u00f3nomos alemanes del Instituto Max Planck de Investigaciones Solares (MPS). Cabe precisar que la tormenta solar que durar\u00e1 toda la [&hellip;]<\/p>\n","protected":false},"author":1,"featured_media":0,"comment_status":"open","ping_status":"open","sticky":false,"template":"","format":"standard","meta":{"tdm_status":"","tdm_grid_status":"","footnotes":""},"categories":[35],"tags":[],"class_list":{"0":"post-24139","1":"post","2":"type-post","3":"status-publish","4":"format-standard","6":"category-35"},"yoast_head":"<!-- This site is optimized with the Yoast SEO plugin v25.1 - https:\/\/yoast.com\/wordpress\/plugins\/seo\/ -->\n<title>Tormenta solar cerca de la tierra<\/title>\n<meta name=\"description\" content=\"Portal de noticias del Per\u00fa sobre el transporte a\u00e9reo, aviaci\u00f3n, turismo, hoteleria, actualidad.\" \/>\n<meta name=\"robots\" content=\"index, follow, max-snippet:-1, max-image-preview:large, max-video-preview:-1\" \/>\n<link rel=\"canonical\" href=\"https:\/\/aeronoticias.com.pe\/noticiero\/27\/tormenta-solar-cerca-de-la-tierra\/\" \/>\n<meta property=\"og:locale\" content=\"es_ES\" \/>\n<meta property=\"og:type\" content=\"article\" \/>\n<meta property=\"og:title\" content=\"Tormenta solar cerca de la tierra\" \/>\n<meta property=\"og:description\" content=\"Portal de noticias del Per\u00fa sobre el transporte a\u00e9reo, aviaci\u00f3n, turismo, hoteleria, actualidad.\" \/>\n<meta property=\"og:url\" content=\"https:\/\/aeronoticias.com.pe\/noticiero\/27\/tormenta-solar-cerca-de-la-tierra\/\" \/>\n<meta property=\"og:site_name\" content=\"Aeronoticias.com.pe\" \/>\n<meta property=\"article:publisher\" content=\"https:\/\/www.facebook.com\/Aeronoticias.com.pe\/\" \/>\n<meta property=\"article:published_time\" content=\"2012-03-08T13:32:51+00:00\" \/>\n<meta name=\"author\" content=\"Redacci\u00f3n Aeronoticias\" \/>\n<meta name=\"twitter:card\" content=\"summary_large_image\" \/>\n<meta name=\"twitter:creator\" content=\"@aeronoticias\" \/>\n<meta name=\"twitter:site\" content=\"@aeronoticias\" \/>\n<meta name=\"twitter:label1\" content=\"Escrito por\" \/>\n\t<meta name=\"twitter:data1\" content=\"Redacci\u00f3n Aeronoticias\" \/>\n\t<meta name=\"twitter:label2\" content=\"Tiempo de lectura\" \/>\n\t<meta name=\"twitter:data2\" content=\"2 minutos\" \/>\n<script type=\"application\/ld+json\" class=\"yoast-schema-graph\">{\"@context\":\"https:\/\/schema.org\",\"@graph\":[{\"@type\":\"WebPage\",\"@id\":\"https:\/\/aeronoticias.com.pe\/noticiero\/27\/tormenta-solar-cerca-de-la-tierra\/\",\"url\":\"https:\/\/aeronoticias.com.pe\/noticiero\/27\/tormenta-solar-cerca-de-la-tierra\/\",\"name\":\"Tormenta solar cerca de la tierra\",\"isPartOf\":{\"@id\":\"https:\/\/aeronoticias.com.pe\/noticiero\/#website\"},\"datePublished\":\"2012-03-08T13:32:51+00:00\",\"author\":{\"@id\":\"https:\/\/aeronoticias.com.pe\/noticiero\/#\/schema\/person\/fc1e5d578f4b62ba1cf7ac2bba1170a0\"},\"description\":\"Portal de noticias del Per\u00fa sobre el transporte a\u00e9reo, aviaci\u00f3n, turismo, hoteleria, actualidad.\",\"breadcrumb\":{\"@id\":\"https:\/\/aeronoticias.com.pe\/noticiero\/27\/tormenta-solar-cerca-de-la-tierra\/#breadcrumb\"},\"inLanguage\":\"es\",\"potentialAction\":[{\"@type\":\"ReadAction\",\"target\":[\"https:\/\/aeronoticias.com.pe\/noticiero\/27\/tormenta-solar-cerca-de-la-tierra\/\"]}]},{\"@type\":\"BreadcrumbList\",\"@id\":\"https:\/\/aeronoticias.com.pe\/noticiero\/27\/tormenta-solar-cerca-de-la-tierra\/#breadcrumb\",\"itemListElement\":[{\"@type\":\"ListItem\",\"position\":1,\"name\":\"Portada\",\"item\":\"https:\/\/aeronoticias.com.pe\/noticiero\/\"},{\"@type\":\"ListItem\",\"position\":2,\"name\":\"Tormenta solar cerca de la tierra\"}]},{\"@type\":\"WebSite\",\"@id\":\"https:\/\/aeronoticias.com.pe\/noticiero\/#website\",\"url\":\"https:\/\/aeronoticias.com.pe\/noticiero\/\",\"name\":\"Aeronoticias.com.pe\",\"description\":\"Noticias de tranporte aereo, turismo, hoteles, gastronomia, actualidad, internacional\",\"potentialAction\":[{\"@type\":\"SearchAction\",\"target\":{\"@type\":\"EntryPoint\",\"urlTemplate\":\"https:\/\/aeronoticias.com.pe\/noticiero\/?s={search_term_string}\"},\"query-input\":{\"@type\":\"PropertyValueSpecification\",\"valueRequired\":true,\"valueName\":\"search_term_string\"}}],\"inLanguage\":\"es\"},{\"@type\":\"Person\",\"@id\":\"https:\/\/aeronoticias.com.pe\/noticiero\/#\/schema\/person\/fc1e5d578f4b62ba1cf7ac2bba1170a0\",\"name\":\"Redacci\u00f3n Aeronoticias\",\"url\":\"https:\/\/aeronoticias.com.pe\/noticiero\/author\/piloto\/\"}]}<\/script>\n<!-- \/ Yoast SEO plugin. -->","yoast_head_json":{"title":"Tormenta solar cerca de la tierra","description":"Portal de noticias del Per\u00fa sobre el transporte a\u00e9reo, aviaci\u00f3n, turismo, hoteleria, actualidad.","robots":{"index":"index","follow":"follow","max-snippet":"max-snippet:-1","max-image-preview":"max-image-preview:large","max-video-preview":"max-video-preview:-1"},"canonical":"https:\/\/aeronoticias.com.pe\/noticiero\/27\/tormenta-solar-cerca-de-la-tierra\/","og_locale":"es_ES","og_type":"article","og_title":"Tormenta solar cerca de la tierra","og_description":"Portal de noticias del Per\u00fa sobre el transporte a\u00e9reo, aviaci\u00f3n, turismo, hoteleria, actualidad.","og_url":"https:\/\/aeronoticias.com.pe\/noticiero\/27\/tormenta-solar-cerca-de-la-tierra\/","og_site_name":"Aeronoticias.com.pe","article_publisher":"https:\/\/www.facebook.com\/Aeronoticias.com.pe\/","article_published_time":"2012-03-08T13:32:51+00:00","author":"Redacci\u00f3n Aeronoticias","twitter_card":"summary_large_image","twitter_creator":"@aeronoticias","twitter_site":"@aeronoticias","twitter_misc":{"Escrito por":"Redacci\u00f3n Aeronoticias","Tiempo de lectura":"2 minutos"},"schema":{"@context":"https:\/\/schema.org","@graph":[{"@type":"WebPage","@id":"https:\/\/aeronoticias.com.pe\/noticiero\/27\/tormenta-solar-cerca-de-la-tierra\/","url":"https:\/\/aeronoticias.com.pe\/noticiero\/27\/tormenta-solar-cerca-de-la-tierra\/","name":"Tormenta solar cerca de la tierra","isPartOf":{"@id":"https:\/\/aeronoticias.com.pe\/noticiero\/#website"},"datePublished":"2012-03-08T13:32:51+00:00","author":{"@id":"https:\/\/aeronoticias.com.pe\/noticiero\/#\/schema\/person\/fc1e5d578f4b62ba1cf7ac2bba1170a0"},"description":"Portal de noticias del Per\u00fa sobre el transporte a\u00e9reo, aviaci\u00f3n, turismo, hoteleria, actualidad.","breadcrumb":{"@id":"https:\/\/aeronoticias.com.pe\/noticiero\/27\/tormenta-solar-cerca-de-la-tierra\/#breadcrumb"},"inLanguage":"es","potentialAction":[{"@type":"ReadAction","target":["https:\/\/aeronoticias.com.pe\/noticiero\/27\/tormenta-solar-cerca-de-la-tierra\/"]}]},{"@type":"BreadcrumbList","@id":"https:\/\/aeronoticias.com.pe\/noticiero\/27\/tormenta-solar-cerca-de-la-tierra\/#breadcrumb","itemListElement":[{"@type":"ListItem","position":1,"name":"Portada","item":"https:\/\/aeronoticias.com.pe\/noticiero\/"},{"@type":"ListItem","position":2,"name":"Tormenta solar cerca de la tierra"}]},{"@type":"WebSite","@id":"https:\/\/aeronoticias.com.pe\/noticiero\/#website","url":"https:\/\/aeronoticias.com.pe\/noticiero\/","name":"Aeronoticias.com.pe","description":"Noticias de tranporte aereo, turismo, hoteles, gastronomia, actualidad, internacional","potentialAction":[{"@type":"SearchAction","target":{"@type":"EntryPoint","urlTemplate":"https:\/\/aeronoticias.com.pe\/noticiero\/?s={search_term_string}"},"query-input":{"@type":"PropertyValueSpecification","valueRequired":true,"valueName":"search_term_string"}}],"inLanguage":"es"},{"@type":"Person","@id":"https:\/\/aeronoticias.com.pe\/noticiero\/#\/schema\/person\/fc1e5d578f4b62ba1cf7ac2bba1170a0","name":"Redacci\u00f3n Aeronoticias","url":"https:\/\/aeronoticias.com.pe\/noticiero\/author\/piloto\/"}]}},"_links":{"self":[{"href":"https:\/\/aeronoticias.com.pe\/noticiero\/wp-json\/wp\/v2\/posts\/24139","targetHints":{"allow":["GET"]}}],"collection":[{"href":"https:\/\/aeronoticias.com.pe\/noticiero\/wp-json\/wp\/v2\/posts"}],"about":[{"href":"https:\/\/aeronoticias.com.pe\/noticiero\/wp-json\/wp\/v2\/types\/post"}],"author":[{"embeddable":true,"href":"https:\/\/aeronoticias.com.pe\/noticiero\/wp-json\/wp\/v2\/users\/1"}],"replies":[{"embeddable":true,"href":"https:\/\/aeronoticias.com.pe\/noticiero\/wp-json\/wp\/v2\/comments?post=24139"}],"version-history":[{"count":0,"href":"https:\/\/aeronoticias.com.pe\/noticiero\/wp-json\/wp\/v2\/posts\/24139\/revisions"}],"wp:attachment":[{"href":"https:\/\/aeronoticias.com.pe\/noticiero\/wp-json\/wp\/v2\/media?parent=24139"}],"wp:term":[{"taxonomy":"category","embeddable":true,"href":"https:\/\/aeronoticias.com.pe\/noticiero\/wp-json\/wp\/v2\/categories?post=24139"},{"taxonomy":"post_tag","embeddable":true,"href":"https:\/\/aeronoticias.com.pe\/noticiero\/wp-json\/wp\/v2\/tags?post=24139"}],"curies":[{"name":"wp","href":"https:\/\/api.w.org\/{rel}","templated":true}]}}