{"id":24283,"date":"2012-03-12T20:24:17","date_gmt":"2012-03-12T20:24:17","guid":{"rendered":"http:\/\/desarrollo.mcvicious.com\/aero2020\/2012\/03\/12\/osiptel-multo-a-la-empresa-de-carlos-slim-claro-en-un-caso-similar-al-de-rosendo-arias\/"},"modified":"2012-03-12T20:24:17","modified_gmt":"2012-03-12T20:24:17","slug":"osiptel-multo-a-la-empresa-de-carlos-slim-claro-en-un-caso-similar-al-de-rosendo-arias","status":"publish","type":"post","link":"https:\/\/aeronoticias.com.pe\/noticiero\/ultimas\/1\/osiptel-multo-a-la-empresa-de-carlos-slim-claro-en-un-caso-similar-al-de-rosendo-arias\/","title":{"rendered":"OSIPTEL mult\u00f3 con US$ 225 mil a la empresa de Carlos Slim, CLARO en un caso similar al de Rosendo Arias"},"content":{"rendered":"<p style=\"text-align: justify;\"><strong>(Aeronoticias).-<\/strong> La gerencia general de OSIPTEL mult\u00f3 a CLARO con 225 mil d\u00f3lares americanos en el Expediente 00018-2011-GG-GFS\/PAS en 10 de octubre de 2011, luego de un debido proceso en el que se determin\u00f3 las infracciones de AMERICA MOVIL PER\u00da S.A.C. (AMERICA MOVIL) por la Comisi\u00f3n de infracciones tipificadas en el Art\u00edculo 3\u00ba del anexo 5 de las condiciones de usos de los Servicios P\u00fablicos de Telecomunicaciones aprobados por Resoluci\u00f3n N\u00ba 116-2003-CD\/OSIPTEL y sus modificatorios.<\/p>\n<p style=\"text-align: justify;\">En esta Resoluci\u00f3n OSIPTEL dijo, que si bien se puede tener la seguridad de que un registro defectuoso que no permita la correcta identidad de los abonados pueda generar un perjuicio econ\u00f3mico a las personas que, de darse el caso fuesen involucrados en actos delictivos y en el caso de Rosendo Arias est\u00e1 probado que CLARO revendi\u00f3 la l\u00ednea y dio una informaci\u00f3n falsa al Ministerio P\u00fablico peruano originando que el consumidor peruano vaya a la c\u00e1rcel en un caso de narcotr\u00e1fico, asesinato agravado y asociaci\u00f3n il\u00edcita para delinquir.<\/p>\n<p>  <!--more-->  <\/p>\n<p style=\"text-align: justify;\">A la fecha, Rosendo Arias espera que la empresa multinacional del hombre m\u00e1s rico del mundo, Carlos Slim, AMERICA MOVIL PER\u00da S.A.C. CLARO reaccione y lo indemnice el pr\u00f3ximo jueves 15 de marzo, fecha en que se ha programado la segunda audiencia de conciliaci\u00f3n, de lo contrario pedir\u00e1 a OSIPTEL que multe a CLARO con un mill\u00f3n de d\u00f3lares, a INDECOPI con 450 mil d\u00f3lares y denunciar\u00e1 al Ministerio P\u00fablico a Carlos Slim, Luis Ricardo Odr\u00eda Ferrari, Luis Velarde Rodolfo Velarde L\u00f3pez, Rosa Mar\u00eda G\u00e1lvez Lozano, Juan Jos\u00e9 Rivadeneyra S\u00e1nchez, Rodrigo Arosemena Ruiz Huidobro, Carlos Alejandro Solano Morales, Samuel Ra\u00fal Cruz Rodr\u00edguez, Juan Jos\u00e9 Trigo Mart\u00ednez, Manuel Navarrete Zavala y \u00d3scar Humberto Ch\u00e1vez L\u00f3pez, adem\u00e1s de la demanda que por responsabilidad civil la interpondr\u00e1 ante el juez en lo civil de Lima.<\/p>\n<p style=\"text-align: justify;\">\u00bfHabr\u00e1 justicia y Carlos Slim, el due\u00f1o de AMERICA MOVIL PER\u00da S.A.C. CLARO cumplir\u00e1 con la obligaci\u00f3n que le corresponde de indemnizar a su v\u00edctima peruana? Lo sabremos en los pr\u00f3ximos d\u00edas, de lo contrario el Ministerio P\u00fablico, el juez en lo penal, OSIPTEL, INDECOPI y el juez en lo civil tendr\u00e1n la \u00faltima palabra luego de un debido proceso en donde esperamos se siente un precedente hist\u00f3rico en defensa de los derechos humanos de millones de consumidores de CLARO que ma\u00f1ana por otro error de esta empresa pueden pasar decenas de a\u00f1os en una c\u00e1rcel.<\/p>\n<p style=\"text-align: justify;\"><a href=\"images\/stories\/12\/03\/120312\/res-461-2011-gg-res-020-2012-cd1.pdf\" target=\"_blank\" rel=\"noopener noreferrer\"><span style=\"text-decoration: underline;\">Hacer click para ver la Resoluci\u00f3n GG de OSIPTEL que le impuso a CLARO 200 mil d\u00f3lares de multa<\/span>.<\/a><\/p>\n<p style=\"text-align: justify;\"><img decoding=\"async\" src=\"images\/stories\/12\/03\/120312\/slim-carcel.jpg\" border=\"0\" alt=\"OSIPTEL mult\u00f3 con US$ 225 mil a la empresa de Carlos Slim, CLARO en un caso similar al de Rosendo Arias\" \/><\/p>\n","protected":false},"excerpt":{"rendered":"<p>(Aeronoticias).- La gerencia general de OSIPTEL mult\u00f3 a CLARO con 225 mil d\u00f3lares americanos en el Expediente 00018-2011-GG-GFS\/PAS en 10 de octubre de 2011, luego de un debido proceso en el que se determin\u00f3 las infracciones de AMERICA MOVIL PER\u00da S.A.C. (AMERICA MOVIL) por la Comisi\u00f3n de infracciones tipificadas en el Art\u00edculo 3\u00ba del anexo [&hellip;]<\/p>\n","protected":false},"author":1,"featured_media":0,"comment_status":"open","ping_status":"open","sticky":false,"template":"","format":"standard","meta":{"tdm_status":"","tdm_grid_status":"","footnotes":""},"categories":[30],"tags":[],"class_list":{"0":"post-24283","1":"post","2":"type-post","3":"status-publish","4":"format-standard","6":"category-30"},"yoast_head":"<!-- This site is optimized with the Yoast SEO plugin v25.1 - https:\/\/yoast.com\/wordpress\/plugins\/seo\/ -->\n<title>OSIPTEL mult\u00f3 con US$ 225 mil a la empresa de Carlos Slim, CLARO en un caso similar al de Rosendo Arias<\/title>\n<meta name=\"description\" content=\"Portal de noticias del Per\u00fa sobre el transporte a\u00e9reo, aviaci\u00f3n, turismo, hoteleria, actualidad.\" \/>\n<meta name=\"robots\" content=\"index, follow, max-snippet:-1, max-image-preview:large, max-video-preview:-1\" \/>\n<link rel=\"canonical\" href=\"https:\/\/aeronoticias.com.pe\/noticiero\/ultimas\/1\/osiptel-multo-a-la-empresa-de-carlos-slim-claro-en-un-caso-similar-al-de-rosendo-arias\/\" \/>\n<meta property=\"og:locale\" content=\"es_ES\" \/>\n<meta property=\"og:type\" content=\"article\" \/>\n<meta property=\"og:title\" content=\"OSIPTEL mult\u00f3 con US$ 225 mil a la empresa de Carlos Slim, CLARO en un caso similar al de Rosendo Arias\" \/>\n<meta property=\"og:description\" content=\"Portal de noticias del Per\u00fa sobre el transporte a\u00e9reo, aviaci\u00f3n, turismo, hoteleria, actualidad.\" \/>\n<meta property=\"og:url\" content=\"https:\/\/aeronoticias.com.pe\/noticiero\/ultimas\/1\/osiptel-multo-a-la-empresa-de-carlos-slim-claro-en-un-caso-similar-al-de-rosendo-arias\/\" \/>\n<meta property=\"og:site_name\" content=\"Aeronoticias.com.pe\" \/>\n<meta property=\"article:publisher\" content=\"https:\/\/www.facebook.com\/Aeronoticias.com.pe\/\" \/>\n<meta property=\"article:published_time\" content=\"2012-03-12T20:24:17+00:00\" \/>\n<meta name=\"author\" content=\"Redacci\u00f3n Aeronoticias\" \/>\n<meta name=\"twitter:card\" content=\"summary_large_image\" \/>\n<meta name=\"twitter:creator\" content=\"@aeronoticias\" \/>\n<meta name=\"twitter:site\" content=\"@aeronoticias\" \/>\n<meta name=\"twitter:label1\" content=\"Escrito por\" \/>\n\t<meta name=\"twitter:data1\" content=\"Redacci\u00f3n Aeronoticias\" \/>\n\t<meta name=\"twitter:label2\" content=\"Tiempo de lectura\" \/>\n\t<meta name=\"twitter:data2\" content=\"2 minutos\" \/>\n<script type=\"application\/ld+json\" class=\"yoast-schema-graph\">{\"@context\":\"https:\/\/schema.org\",\"@graph\":[{\"@type\":\"WebPage\",\"@id\":\"https:\/\/aeronoticias.com.pe\/noticiero\/ultimas\/1\/osiptel-multo-a-la-empresa-de-carlos-slim-claro-en-un-caso-similar-al-de-rosendo-arias\/\",\"url\":\"https:\/\/aeronoticias.com.pe\/noticiero\/ultimas\/1\/osiptel-multo-a-la-empresa-de-carlos-slim-claro-en-un-caso-similar-al-de-rosendo-arias\/\",\"name\":\"OSIPTEL mult\u00f3 con US$ 225 mil a la empresa de Carlos Slim, CLARO en un caso similar al de Rosendo Arias\",\"isPartOf\":{\"@id\":\"https:\/\/aeronoticias.com.pe\/noticiero\/#website\"},\"datePublished\":\"2012-03-12T20:24:17+00:00\",\"author\":{\"@id\":\"https:\/\/aeronoticias.com.pe\/noticiero\/#\/schema\/person\/fc1e5d578f4b62ba1cf7ac2bba1170a0\"},\"description\":\"Portal de noticias del Per\u00fa sobre el transporte a\u00e9reo, aviaci\u00f3n, turismo, hoteleria, actualidad.\",\"breadcrumb\":{\"@id\":\"https:\/\/aeronoticias.com.pe\/noticiero\/ultimas\/1\/osiptel-multo-a-la-empresa-de-carlos-slim-claro-en-un-caso-similar-al-de-rosendo-arias\/#breadcrumb\"},\"inLanguage\":\"es\",\"potentialAction\":[{\"@type\":\"ReadAction\",\"target\":[\"https:\/\/aeronoticias.com.pe\/noticiero\/ultimas\/1\/osiptel-multo-a-la-empresa-de-carlos-slim-claro-en-un-caso-similar-al-de-rosendo-arias\/\"]}]},{\"@type\":\"BreadcrumbList\",\"@id\":\"https:\/\/aeronoticias.com.pe\/noticiero\/ultimas\/1\/osiptel-multo-a-la-empresa-de-carlos-slim-claro-en-un-caso-similar-al-de-rosendo-arias\/#breadcrumb\",\"itemListElement\":[{\"@type\":\"ListItem\",\"position\":1,\"name\":\"Portada\",\"item\":\"https:\/\/aeronoticias.com.pe\/noticiero\/\"},{\"@type\":\"ListItem\",\"position\":2,\"name\":\"OSIPTEL mult\u00f3 con US$ 225 mil a la empresa de Carlos Slim, CLARO en un caso similar al de Rosendo Arias\"}]},{\"@type\":\"WebSite\",\"@id\":\"https:\/\/aeronoticias.com.pe\/noticiero\/#website\",\"url\":\"https:\/\/aeronoticias.com.pe\/noticiero\/\",\"name\":\"Aeronoticias.com.pe\",\"description\":\"Noticias de tranporte aereo, turismo, hoteles, gastronomia, actualidad, internacional\",\"potentialAction\":[{\"@type\":\"SearchAction\",\"target\":{\"@type\":\"EntryPoint\",\"urlTemplate\":\"https:\/\/aeronoticias.com.pe\/noticiero\/?s={search_term_string}\"},\"query-input\":{\"@type\":\"PropertyValueSpecification\",\"valueRequired\":true,\"valueName\":\"search_term_string\"}}],\"inLanguage\":\"es\"},{\"@type\":\"Person\",\"@id\":\"https:\/\/aeronoticias.com.pe\/noticiero\/#\/schema\/person\/fc1e5d578f4b62ba1cf7ac2bba1170a0\",\"name\":\"Redacci\u00f3n Aeronoticias\",\"url\":\"https:\/\/aeronoticias.com.pe\/noticiero\/author\/piloto\/\"}]}<\/script>\n<!-- \/ Yoast SEO plugin. -->","yoast_head_json":{"title":"OSIPTEL mult\u00f3 con US$ 225 mil a la empresa de Carlos Slim, CLARO en un caso similar al de Rosendo Arias","description":"Portal de noticias del Per\u00fa sobre el transporte a\u00e9reo, aviaci\u00f3n, turismo, hoteleria, actualidad.","robots":{"index":"index","follow":"follow","max-snippet":"max-snippet:-1","max-image-preview":"max-image-preview:large","max-video-preview":"max-video-preview:-1"},"canonical":"https:\/\/aeronoticias.com.pe\/noticiero\/ultimas\/1\/osiptel-multo-a-la-empresa-de-carlos-slim-claro-en-un-caso-similar-al-de-rosendo-arias\/","og_locale":"es_ES","og_type":"article","og_title":"OSIPTEL mult\u00f3 con US$ 225 mil a la empresa de Carlos Slim, CLARO en un caso similar al de Rosendo Arias","og_description":"Portal de noticias del Per\u00fa sobre el transporte a\u00e9reo, aviaci\u00f3n, turismo, hoteleria, actualidad.","og_url":"https:\/\/aeronoticias.com.pe\/noticiero\/ultimas\/1\/osiptel-multo-a-la-empresa-de-carlos-slim-claro-en-un-caso-similar-al-de-rosendo-arias\/","og_site_name":"Aeronoticias.com.pe","article_publisher":"https:\/\/www.facebook.com\/Aeronoticias.com.pe\/","article_published_time":"2012-03-12T20:24:17+00:00","author":"Redacci\u00f3n Aeronoticias","twitter_card":"summary_large_image","twitter_creator":"@aeronoticias","twitter_site":"@aeronoticias","twitter_misc":{"Escrito por":"Redacci\u00f3n Aeronoticias","Tiempo de lectura":"2 minutos"},"schema":{"@context":"https:\/\/schema.org","@graph":[{"@type":"WebPage","@id":"https:\/\/aeronoticias.com.pe\/noticiero\/ultimas\/1\/osiptel-multo-a-la-empresa-de-carlos-slim-claro-en-un-caso-similar-al-de-rosendo-arias\/","url":"https:\/\/aeronoticias.com.pe\/noticiero\/ultimas\/1\/osiptel-multo-a-la-empresa-de-carlos-slim-claro-en-un-caso-similar-al-de-rosendo-arias\/","name":"OSIPTEL mult\u00f3 con US$ 225 mil a la empresa de Carlos Slim, CLARO en un caso similar al de Rosendo Arias","isPartOf":{"@id":"https:\/\/aeronoticias.com.pe\/noticiero\/#website"},"datePublished":"2012-03-12T20:24:17+00:00","author":{"@id":"https:\/\/aeronoticias.com.pe\/noticiero\/#\/schema\/person\/fc1e5d578f4b62ba1cf7ac2bba1170a0"},"description":"Portal de noticias del Per\u00fa sobre el transporte a\u00e9reo, aviaci\u00f3n, turismo, hoteleria, actualidad.","breadcrumb":{"@id":"https:\/\/aeronoticias.com.pe\/noticiero\/ultimas\/1\/osiptel-multo-a-la-empresa-de-carlos-slim-claro-en-un-caso-similar-al-de-rosendo-arias\/#breadcrumb"},"inLanguage":"es","potentialAction":[{"@type":"ReadAction","target":["https:\/\/aeronoticias.com.pe\/noticiero\/ultimas\/1\/osiptel-multo-a-la-empresa-de-carlos-slim-claro-en-un-caso-similar-al-de-rosendo-arias\/"]}]},{"@type":"BreadcrumbList","@id":"https:\/\/aeronoticias.com.pe\/noticiero\/ultimas\/1\/osiptel-multo-a-la-empresa-de-carlos-slim-claro-en-un-caso-similar-al-de-rosendo-arias\/#breadcrumb","itemListElement":[{"@type":"ListItem","position":1,"name":"Portada","item":"https:\/\/aeronoticias.com.pe\/noticiero\/"},{"@type":"ListItem","position":2,"name":"OSIPTEL mult\u00f3 con US$ 225 mil a la empresa de Carlos Slim, CLARO en un caso similar al de Rosendo Arias"}]},{"@type":"WebSite","@id":"https:\/\/aeronoticias.com.pe\/noticiero\/#website","url":"https:\/\/aeronoticias.com.pe\/noticiero\/","name":"Aeronoticias.com.pe","description":"Noticias de tranporte aereo, turismo, hoteles, gastronomia, actualidad, internacional","potentialAction":[{"@type":"SearchAction","target":{"@type":"EntryPoint","urlTemplate":"https:\/\/aeronoticias.com.pe\/noticiero\/?s={search_term_string}"},"query-input":{"@type":"PropertyValueSpecification","valueRequired":true,"valueName":"search_term_string"}}],"inLanguage":"es"},{"@type":"Person","@id":"https:\/\/aeronoticias.com.pe\/noticiero\/#\/schema\/person\/fc1e5d578f4b62ba1cf7ac2bba1170a0","name":"Redacci\u00f3n Aeronoticias","url":"https:\/\/aeronoticias.com.pe\/noticiero\/author\/piloto\/"}]}},"_links":{"self":[{"href":"https:\/\/aeronoticias.com.pe\/noticiero\/wp-json\/wp\/v2\/posts\/24283","targetHints":{"allow":["GET"]}}],"collection":[{"href":"https:\/\/aeronoticias.com.pe\/noticiero\/wp-json\/wp\/v2\/posts"}],"about":[{"href":"https:\/\/aeronoticias.com.pe\/noticiero\/wp-json\/wp\/v2\/types\/post"}],"author":[{"embeddable":true,"href":"https:\/\/aeronoticias.com.pe\/noticiero\/wp-json\/wp\/v2\/users\/1"}],"replies":[{"embeddable":true,"href":"https:\/\/aeronoticias.com.pe\/noticiero\/wp-json\/wp\/v2\/comments?post=24283"}],"version-history":[{"count":0,"href":"https:\/\/aeronoticias.com.pe\/noticiero\/wp-json\/wp\/v2\/posts\/24283\/revisions"}],"wp:attachment":[{"href":"https:\/\/aeronoticias.com.pe\/noticiero\/wp-json\/wp\/v2\/media?parent=24283"}],"wp:term":[{"taxonomy":"category","embeddable":true,"href":"https:\/\/aeronoticias.com.pe\/noticiero\/wp-json\/wp\/v2\/categories?post=24283"},{"taxonomy":"post_tag","embeddable":true,"href":"https:\/\/aeronoticias.com.pe\/noticiero\/wp-json\/wp\/v2\/tags?post=24283"}],"curies":[{"name":"wp","href":"https:\/\/api.w.org\/{rel}","templated":true}]}}