{"id":24286,"date":"2012-03-12T21:11:52","date_gmt":"2012-03-12T21:11:52","guid":{"rendered":"http:\/\/desarrollo.mcvicious.com\/aero2020\/2012\/03\/12\/ricardo-teixeira-renuncio-a-la-federacion-de-futbol-de-brasil-y-a-la-organizacion-de-brasil-2014\/"},"modified":"2012-03-12T21:11:52","modified_gmt":"2012-03-12T21:11:52","slug":"ricardo-teixeira-renuncio-a-la-federacion-de-futbol-de-brasil-y-a-la-organizacion-de-brasil-2014","status":"publish","type":"post","link":"https:\/\/aeronoticias.com.pe\/noticiero\/deportes\/ricardo-teixeira-renuncio-a-la-federacion-de-futbol-de-brasil-y-a-la-organizacion-de-brasil-2014\/","title":{"rendered":"Ricardo Teixeira renunci\u00f3 a la federaci\u00f3n de f\u00fatbol de Brasil y a la organizaci\u00f3n de Brasil 2014"},"content":{"rendered":"<p style=\"text-align: justify;\"><strong>(Aeronoticias).-<\/strong> El presidente de la Confederaci\u00f3n Brasile\u00f1a de F\u00fatbol (CBF), Ricardo Teixeira, renunci\u00f3 hoy a su cargo y a la jefatura del Comit\u00e9 Organizador Local (COL) del Mundial de 2014, anunci\u00f3 el vicepresidente del organismo, Jos\u00e9 Mar\u00eda Mar\u00edn.<\/p>\n<p style=\"text-align: justify;\">En una rueda de prensa en la sede de la CBF, Mar\u00edn, quien ser\u00e1 su sucesor, ley\u00f3 una carta de Teixeira en la que el dirigente informa de que se aparta \u00abdefinitivamente\u00bb de la presidencia del organismo, cargo que desempe\u00f1aba desde hac\u00eda 23 a\u00f1os.<\/p>\n<p>  <!--more-->  <\/p>\n<p style=\"text-align: justify;\">\u00abPresidir pasiones no es una tarea f\u00e1cil. F\u00fatbol en nuestro pa\u00eds est\u00e1 asociado a dos im\u00e1genes: talento y desorganizaci\u00f3n. Cuando ganamos, exaltan el talento. Cuando perdemos, la desorganizaci\u00f3n. Hice lo que estaba a mi alcance. Renunci\u00e9 a la salud. Fui criticado en las derrotas y subvalorizado en las victorias\u00bb, se\u00f1al\u00f3 en la misiva.<\/p>\n<p style=\"text-align: justify;\">Teixeira, de 64 a\u00f1os, ser\u00e1 reemplazado por Jos\u00e9 Mar\u00eda Mar\u00edn, fundador del club Sao Paulo.\u00a0<\/p>\n<p><img decoding=\"async\" src=\"images\/stories\/12\/03\/120312\/ricardo teixeira.jpg\" border=\"0\" alt=\"Ricardo Teixeira renunci\u00f3 a la federaci\u00f3n de f\u00fatbol de Brasil y a la organizaci\u00f3n de Brasil 2014\" title=\"Ricardo Teixeira renunci\u00f3 a la federaci\u00f3n de f\u00fatbol de Brasil y a la organizaci\u00f3n de Brasil 2014\" \/><\/p>\n<p><\/p>\n","protected":false},"excerpt":{"rendered":"<p>(Aeronoticias).- El presidente de la Confederaci\u00f3n Brasile\u00f1a de F\u00fatbol (CBF), Ricardo Teixeira, renunci\u00f3 hoy a su cargo y a la jefatura del Comit\u00e9 Organizador Local (COL) del Mundial de 2014, anunci\u00f3 el vicepresidente del organismo, Jos\u00e9 Mar\u00eda Mar\u00edn. En una rueda de prensa en la sede de la CBF, Mar\u00edn, quien ser\u00e1 su sucesor, ley\u00f3 [&hellip;]<\/p>\n","protected":false},"author":1,"featured_media":0,"comment_status":"open","ping_status":"open","sticky":false,"template":"","format":"standard","meta":{"tdm_status":"","tdm_grid_status":"","footnotes":""},"categories":[40],"tags":[],"class_list":{"0":"post-24286","1":"post","2":"type-post","3":"status-publish","4":"format-standard","6":"category-deportes"},"yoast_head":"<!-- This site is optimized with the Yoast SEO plugin v25.1 - https:\/\/yoast.com\/wordpress\/plugins\/seo\/ -->\n<title>Ricardo Teixeira renunci\u00f3 a la federaci\u00f3n de f\u00fatbol de Brasil y a la organizaci\u00f3n de Brasil 2014<\/title>\n<meta name=\"description\" content=\"Portal de noticias del Per\u00fa sobre el transporte a\u00e9reo, aviaci\u00f3n, turismo, hoteleria, actualidad.\" \/>\n<meta name=\"robots\" content=\"index, follow, max-snippet:-1, max-image-preview:large, max-video-preview:-1\" \/>\n<link rel=\"canonical\" href=\"https:\/\/aeronoticias.com.pe\/noticiero\/deportes\/ricardo-teixeira-renuncio-a-la-federacion-de-futbol-de-brasil-y-a-la-organizacion-de-brasil-2014\/\" \/>\n<meta property=\"og:locale\" content=\"es_ES\" \/>\n<meta property=\"og:type\" content=\"article\" \/>\n<meta property=\"og:title\" content=\"Ricardo Teixeira renunci\u00f3 a la federaci\u00f3n de f\u00fatbol de Brasil y a la organizaci\u00f3n de Brasil 2014\" \/>\n<meta property=\"og:description\" content=\"Portal de noticias del Per\u00fa sobre el transporte a\u00e9reo, aviaci\u00f3n, turismo, hoteleria, actualidad.\" \/>\n<meta property=\"og:url\" content=\"https:\/\/aeronoticias.com.pe\/noticiero\/deportes\/ricardo-teixeira-renuncio-a-la-federacion-de-futbol-de-brasil-y-a-la-organizacion-de-brasil-2014\/\" \/>\n<meta property=\"og:site_name\" content=\"Aeronoticias.com.pe\" \/>\n<meta property=\"article:publisher\" content=\"https:\/\/www.facebook.com\/Aeronoticias.com.pe\/\" \/>\n<meta property=\"article:published_time\" content=\"2012-03-12T21:11:52+00:00\" \/>\n<meta name=\"author\" content=\"Redacci\u00f3n Aeronoticias\" \/>\n<meta name=\"twitter:card\" content=\"summary_large_image\" \/>\n<meta name=\"twitter:creator\" content=\"@aeronoticias\" \/>\n<meta name=\"twitter:site\" content=\"@aeronoticias\" \/>\n<meta name=\"twitter:label1\" content=\"Escrito por\" \/>\n\t<meta name=\"twitter:data1\" content=\"Redacci\u00f3n Aeronoticias\" \/>\n\t<meta name=\"twitter:label2\" content=\"Tiempo de lectura\" \/>\n\t<meta name=\"twitter:data2\" content=\"1 minuto\" \/>\n<script type=\"application\/ld+json\" class=\"yoast-schema-graph\">{\"@context\":\"https:\/\/schema.org\",\"@graph\":[{\"@type\":\"WebPage\",\"@id\":\"https:\/\/aeronoticias.com.pe\/noticiero\/deportes\/ricardo-teixeira-renuncio-a-la-federacion-de-futbol-de-brasil-y-a-la-organizacion-de-brasil-2014\/\",\"url\":\"https:\/\/aeronoticias.com.pe\/noticiero\/deportes\/ricardo-teixeira-renuncio-a-la-federacion-de-futbol-de-brasil-y-a-la-organizacion-de-brasil-2014\/\",\"name\":\"Ricardo Teixeira renunci\u00f3 a la federaci\u00f3n de f\u00fatbol de Brasil y a la organizaci\u00f3n de Brasil 2014\",\"isPartOf\":{\"@id\":\"https:\/\/aeronoticias.com.pe\/noticiero\/#website\"},\"datePublished\":\"2012-03-12T21:11:52+00:00\",\"author\":{\"@id\":\"https:\/\/aeronoticias.com.pe\/noticiero\/#\/schema\/person\/fc1e5d578f4b62ba1cf7ac2bba1170a0\"},\"description\":\"Portal de noticias del Per\u00fa sobre el transporte a\u00e9reo, aviaci\u00f3n, turismo, hoteleria, actualidad.\",\"breadcrumb\":{\"@id\":\"https:\/\/aeronoticias.com.pe\/noticiero\/deportes\/ricardo-teixeira-renuncio-a-la-federacion-de-futbol-de-brasil-y-a-la-organizacion-de-brasil-2014\/#breadcrumb\"},\"inLanguage\":\"es\",\"potentialAction\":[{\"@type\":\"ReadAction\",\"target\":[\"https:\/\/aeronoticias.com.pe\/noticiero\/deportes\/ricardo-teixeira-renuncio-a-la-federacion-de-futbol-de-brasil-y-a-la-organizacion-de-brasil-2014\/\"]}]},{\"@type\":\"BreadcrumbList\",\"@id\":\"https:\/\/aeronoticias.com.pe\/noticiero\/deportes\/ricardo-teixeira-renuncio-a-la-federacion-de-futbol-de-brasil-y-a-la-organizacion-de-brasil-2014\/#breadcrumb\",\"itemListElement\":[{\"@type\":\"ListItem\",\"position\":1,\"name\":\"Portada\",\"item\":\"https:\/\/aeronoticias.com.pe\/noticiero\/\"},{\"@type\":\"ListItem\",\"position\":2,\"name\":\"Ricardo Teixeira renunci\u00f3 a la federaci\u00f3n de f\u00fatbol de Brasil y a la organizaci\u00f3n de Brasil 2014\"}]},{\"@type\":\"WebSite\",\"@id\":\"https:\/\/aeronoticias.com.pe\/noticiero\/#website\",\"url\":\"https:\/\/aeronoticias.com.pe\/noticiero\/\",\"name\":\"Aeronoticias.com.pe\",\"description\":\"Noticias de tranporte aereo, turismo, hoteles, gastronomia, actualidad, internacional\",\"potentialAction\":[{\"@type\":\"SearchAction\",\"target\":{\"@type\":\"EntryPoint\",\"urlTemplate\":\"https:\/\/aeronoticias.com.pe\/noticiero\/?s={search_term_string}\"},\"query-input\":{\"@type\":\"PropertyValueSpecification\",\"valueRequired\":true,\"valueName\":\"search_term_string\"}}],\"inLanguage\":\"es\"},{\"@type\":\"Person\",\"@id\":\"https:\/\/aeronoticias.com.pe\/noticiero\/#\/schema\/person\/fc1e5d578f4b62ba1cf7ac2bba1170a0\",\"name\":\"Redacci\u00f3n Aeronoticias\",\"url\":\"https:\/\/aeronoticias.com.pe\/noticiero\/author\/piloto\/\"}]}<\/script>\n<!-- \/ Yoast SEO plugin. -->","yoast_head_json":{"title":"Ricardo Teixeira renunci\u00f3 a la federaci\u00f3n de f\u00fatbol de Brasil y a la organizaci\u00f3n de Brasil 2014","description":"Portal de noticias del Per\u00fa sobre el transporte a\u00e9reo, aviaci\u00f3n, turismo, hoteleria, actualidad.","robots":{"index":"index","follow":"follow","max-snippet":"max-snippet:-1","max-image-preview":"max-image-preview:large","max-video-preview":"max-video-preview:-1"},"canonical":"https:\/\/aeronoticias.com.pe\/noticiero\/deportes\/ricardo-teixeira-renuncio-a-la-federacion-de-futbol-de-brasil-y-a-la-organizacion-de-brasil-2014\/","og_locale":"es_ES","og_type":"article","og_title":"Ricardo Teixeira renunci\u00f3 a la federaci\u00f3n de f\u00fatbol de Brasil y a la organizaci\u00f3n de Brasil 2014","og_description":"Portal de noticias del Per\u00fa sobre el transporte a\u00e9reo, aviaci\u00f3n, turismo, hoteleria, actualidad.","og_url":"https:\/\/aeronoticias.com.pe\/noticiero\/deportes\/ricardo-teixeira-renuncio-a-la-federacion-de-futbol-de-brasil-y-a-la-organizacion-de-brasil-2014\/","og_site_name":"Aeronoticias.com.pe","article_publisher":"https:\/\/www.facebook.com\/Aeronoticias.com.pe\/","article_published_time":"2012-03-12T21:11:52+00:00","author":"Redacci\u00f3n Aeronoticias","twitter_card":"summary_large_image","twitter_creator":"@aeronoticias","twitter_site":"@aeronoticias","twitter_misc":{"Escrito por":"Redacci\u00f3n Aeronoticias","Tiempo de lectura":"1 minuto"},"schema":{"@context":"https:\/\/schema.org","@graph":[{"@type":"WebPage","@id":"https:\/\/aeronoticias.com.pe\/noticiero\/deportes\/ricardo-teixeira-renuncio-a-la-federacion-de-futbol-de-brasil-y-a-la-organizacion-de-brasil-2014\/","url":"https:\/\/aeronoticias.com.pe\/noticiero\/deportes\/ricardo-teixeira-renuncio-a-la-federacion-de-futbol-de-brasil-y-a-la-organizacion-de-brasil-2014\/","name":"Ricardo Teixeira renunci\u00f3 a la federaci\u00f3n de f\u00fatbol de Brasil y a la organizaci\u00f3n de Brasil 2014","isPartOf":{"@id":"https:\/\/aeronoticias.com.pe\/noticiero\/#website"},"datePublished":"2012-03-12T21:11:52+00:00","author":{"@id":"https:\/\/aeronoticias.com.pe\/noticiero\/#\/schema\/person\/fc1e5d578f4b62ba1cf7ac2bba1170a0"},"description":"Portal de noticias del Per\u00fa sobre el transporte a\u00e9reo, aviaci\u00f3n, turismo, hoteleria, actualidad.","breadcrumb":{"@id":"https:\/\/aeronoticias.com.pe\/noticiero\/deportes\/ricardo-teixeira-renuncio-a-la-federacion-de-futbol-de-brasil-y-a-la-organizacion-de-brasil-2014\/#breadcrumb"},"inLanguage":"es","potentialAction":[{"@type":"ReadAction","target":["https:\/\/aeronoticias.com.pe\/noticiero\/deportes\/ricardo-teixeira-renuncio-a-la-federacion-de-futbol-de-brasil-y-a-la-organizacion-de-brasil-2014\/"]}]},{"@type":"BreadcrumbList","@id":"https:\/\/aeronoticias.com.pe\/noticiero\/deportes\/ricardo-teixeira-renuncio-a-la-federacion-de-futbol-de-brasil-y-a-la-organizacion-de-brasil-2014\/#breadcrumb","itemListElement":[{"@type":"ListItem","position":1,"name":"Portada","item":"https:\/\/aeronoticias.com.pe\/noticiero\/"},{"@type":"ListItem","position":2,"name":"Ricardo Teixeira renunci\u00f3 a la federaci\u00f3n de f\u00fatbol de Brasil y a la organizaci\u00f3n de Brasil 2014"}]},{"@type":"WebSite","@id":"https:\/\/aeronoticias.com.pe\/noticiero\/#website","url":"https:\/\/aeronoticias.com.pe\/noticiero\/","name":"Aeronoticias.com.pe","description":"Noticias de tranporte aereo, turismo, hoteles, gastronomia, actualidad, internacional","potentialAction":[{"@type":"SearchAction","target":{"@type":"EntryPoint","urlTemplate":"https:\/\/aeronoticias.com.pe\/noticiero\/?s={search_term_string}"},"query-input":{"@type":"PropertyValueSpecification","valueRequired":true,"valueName":"search_term_string"}}],"inLanguage":"es"},{"@type":"Person","@id":"https:\/\/aeronoticias.com.pe\/noticiero\/#\/schema\/person\/fc1e5d578f4b62ba1cf7ac2bba1170a0","name":"Redacci\u00f3n Aeronoticias","url":"https:\/\/aeronoticias.com.pe\/noticiero\/author\/piloto\/"}]}},"_links":{"self":[{"href":"https:\/\/aeronoticias.com.pe\/noticiero\/wp-json\/wp\/v2\/posts\/24286","targetHints":{"allow":["GET"]}}],"collection":[{"href":"https:\/\/aeronoticias.com.pe\/noticiero\/wp-json\/wp\/v2\/posts"}],"about":[{"href":"https:\/\/aeronoticias.com.pe\/noticiero\/wp-json\/wp\/v2\/types\/post"}],"author":[{"embeddable":true,"href":"https:\/\/aeronoticias.com.pe\/noticiero\/wp-json\/wp\/v2\/users\/1"}],"replies":[{"embeddable":true,"href":"https:\/\/aeronoticias.com.pe\/noticiero\/wp-json\/wp\/v2\/comments?post=24286"}],"version-history":[{"count":0,"href":"https:\/\/aeronoticias.com.pe\/noticiero\/wp-json\/wp\/v2\/posts\/24286\/revisions"}],"wp:attachment":[{"href":"https:\/\/aeronoticias.com.pe\/noticiero\/wp-json\/wp\/v2\/media?parent=24286"}],"wp:term":[{"taxonomy":"category","embeddable":true,"href":"https:\/\/aeronoticias.com.pe\/noticiero\/wp-json\/wp\/v2\/categories?post=24286"},{"taxonomy":"post_tag","embeddable":true,"href":"https:\/\/aeronoticias.com.pe\/noticiero\/wp-json\/wp\/v2\/tags?post=24286"}],"curies":[{"name":"wp","href":"https:\/\/api.w.org\/{rel}","templated":true}]}}