{"id":24291,"date":"2012-03-13T13:23:03","date_gmt":"2012-03-13T13:23:03","guid":{"rendered":"http:\/\/desarrollo.mcvicious.com\/aero2020\/2012\/03\/13\/constituyen-parte-civil-en-caso-del-asesinato-de-elizabeth-vasquez\/"},"modified":"2012-03-13T13:23:03","modified_gmt":"2012-03-13T13:23:03","slug":"constituyen-parte-civil-en-caso-del-asesinato-de-elizabeth-vasquez","status":"publish","type":"post","link":"https:\/\/aeronoticias.com.pe\/noticiero\/49\/constituyen-parte-civil-en-caso-del-asesinato-de-elizabeth-vasquez\/","title":{"rendered":"Constituyen parte civil en caso del asesinato de Elizabeth V\u00e1squez"},"content":{"rendered":"<p style=\"text-align: justify;\"><strong>(Aeronoticias).-<\/strong> La Tercera Sala Penal con Reos en C\u00e1rcel de Lima, declar\u00f3 procedente el pedido de do\u00f1a Mar\u00eda Mar\u00edn de V\u00e1squez, de constituirse como parte civil en el proceso que se sigue por el asesinato de su hija Elizabeth Esperanza V\u00e1squez Mar\u00edn. <\/p>\n<p>Este pedido fue aceptado por el Tribunal debido a que la solicitante es madre de la victima y viuda de quien era parte civil en el proceso, Don Ernesto V\u00e1squez Zelada.\u00a0 <\/p>\n<p>Del mismo modo, decidieron declarar improcedente el pedido de constituci\u00f3n como parte civil solicitado por Alejandro Espino M\u00e9ndez, padre de la supuesta autora intelectual de la muerte de Elizabeth V\u00e1squez Mar\u00edn.<br \/>  <!--more-->  <br \/>En este contexto, la resoluci\u00f3n dicta que en su condici\u00f3n de padre de la procesada su constituci\u00f3n como parte civil implicar\u00eda cierta parcialidad en la referida encausada, y consecuentemente, no contribuir\u00eda con el esclarecimiento de los hechos.<\/p>\n<p>Asimismo, los magistrados tuvieron en cuenta el Acta de Audiencia \u00danica (15-01-2009), celebrado en un despacho notarial, en donde se declar\u00f3 la separaci\u00f3n convencional del Alejandro Espino M\u00e9ndez y la victima Elizabeth V\u00e1squez Mar\u00edn. <\/p>\n<p>El Colegiado tambi\u00e9n tuvo en cuenta que el solicitante, Alejandro Espino M\u00e9ndez, consigan en su ficha de datos Reniec (16-06-2009) como estado civil el ser soltero, datos por los cuales se decidi\u00f3 no amparar su pedido.\u00a0\u00a0\u00a0\u00a0 <\/p>\n<p><img decoding=\"async\" src=\"images\/stories\/12\/03\/130312\/eliza-v.jpg\" border=\"0\" \/><\/p>\n","protected":false},"excerpt":{"rendered":"<p>(Aeronoticias).- La Tercera Sala Penal con Reos en C\u00e1rcel de Lima, declar\u00f3 procedente el pedido de do\u00f1a Mar\u00eda Mar\u00edn de V\u00e1squez, de constituirse como parte civil en el proceso que se sigue por el asesinato de su hija Elizabeth Esperanza V\u00e1squez Mar\u00edn. Este pedido fue aceptado por el Tribunal debido a que la solicitante es [&hellip;]<\/p>\n","protected":false},"author":1,"featured_media":0,"comment_status":"open","ping_status":"open","sticky":false,"template":"","format":"standard","meta":{"tdm_status":"","tdm_grid_status":"","footnotes":""},"categories":[39],"tags":[],"class_list":{"0":"post-24291","1":"post","2":"type-post","3":"status-publish","4":"format-standard","6":"category-39"},"yoast_head":"<!-- This site is optimized with the Yoast SEO plugin v25.1 - https:\/\/yoast.com\/wordpress\/plugins\/seo\/ -->\n<title>Constituyen parte civil en caso del asesinato de Elizabeth V\u00e1squez<\/title>\n<meta name=\"description\" content=\"Portal de noticias del Per\u00fa sobre el transporte a\u00e9reo, aviaci\u00f3n, turismo, hoteleria, actualidad.\" \/>\n<meta name=\"robots\" content=\"index, follow, max-snippet:-1, max-image-preview:large, max-video-preview:-1\" \/>\n<link rel=\"canonical\" href=\"https:\/\/aeronoticias.com.pe\/noticiero\/49\/constituyen-parte-civil-en-caso-del-asesinato-de-elizabeth-vasquez\/\" \/>\n<meta property=\"og:locale\" content=\"es_ES\" \/>\n<meta property=\"og:type\" content=\"article\" \/>\n<meta property=\"og:title\" content=\"Constituyen parte civil en caso del asesinato de Elizabeth V\u00e1squez\" \/>\n<meta property=\"og:description\" content=\"Portal de noticias del Per\u00fa sobre el transporte a\u00e9reo, aviaci\u00f3n, turismo, hoteleria, actualidad.\" \/>\n<meta property=\"og:url\" content=\"https:\/\/aeronoticias.com.pe\/noticiero\/49\/constituyen-parte-civil-en-caso-del-asesinato-de-elizabeth-vasquez\/\" \/>\n<meta property=\"og:site_name\" content=\"Aeronoticias.com.pe\" \/>\n<meta property=\"article:publisher\" content=\"https:\/\/www.facebook.com\/Aeronoticias.com.pe\/\" \/>\n<meta property=\"article:published_time\" content=\"2012-03-13T13:23:03+00:00\" \/>\n<meta name=\"author\" content=\"Redacci\u00f3n Aeronoticias\" \/>\n<meta name=\"twitter:card\" content=\"summary_large_image\" \/>\n<meta name=\"twitter:creator\" content=\"@aeronoticias\" \/>\n<meta name=\"twitter:site\" content=\"@aeronoticias\" \/>\n<meta name=\"twitter:label1\" content=\"Escrito por\" \/>\n\t<meta name=\"twitter:data1\" content=\"Redacci\u00f3n Aeronoticias\" \/>\n\t<meta name=\"twitter:label2\" content=\"Tiempo de lectura\" \/>\n\t<meta name=\"twitter:data2\" content=\"1 minuto\" \/>\n<script type=\"application\/ld+json\" class=\"yoast-schema-graph\">{\"@context\":\"https:\/\/schema.org\",\"@graph\":[{\"@type\":\"WebPage\",\"@id\":\"https:\/\/aeronoticias.com.pe\/noticiero\/49\/constituyen-parte-civil-en-caso-del-asesinato-de-elizabeth-vasquez\/\",\"url\":\"https:\/\/aeronoticias.com.pe\/noticiero\/49\/constituyen-parte-civil-en-caso-del-asesinato-de-elizabeth-vasquez\/\",\"name\":\"Constituyen parte civil en caso del asesinato de Elizabeth V\u00e1squez\",\"isPartOf\":{\"@id\":\"https:\/\/aeronoticias.com.pe\/noticiero\/#website\"},\"datePublished\":\"2012-03-13T13:23:03+00:00\",\"author\":{\"@id\":\"https:\/\/aeronoticias.com.pe\/noticiero\/#\/schema\/person\/fc1e5d578f4b62ba1cf7ac2bba1170a0\"},\"description\":\"Portal de noticias del Per\u00fa sobre el transporte a\u00e9reo, aviaci\u00f3n, turismo, hoteleria, actualidad.\",\"breadcrumb\":{\"@id\":\"https:\/\/aeronoticias.com.pe\/noticiero\/49\/constituyen-parte-civil-en-caso-del-asesinato-de-elizabeth-vasquez\/#breadcrumb\"},\"inLanguage\":\"es\",\"potentialAction\":[{\"@type\":\"ReadAction\",\"target\":[\"https:\/\/aeronoticias.com.pe\/noticiero\/49\/constituyen-parte-civil-en-caso-del-asesinato-de-elizabeth-vasquez\/\"]}]},{\"@type\":\"BreadcrumbList\",\"@id\":\"https:\/\/aeronoticias.com.pe\/noticiero\/49\/constituyen-parte-civil-en-caso-del-asesinato-de-elizabeth-vasquez\/#breadcrumb\",\"itemListElement\":[{\"@type\":\"ListItem\",\"position\":1,\"name\":\"Portada\",\"item\":\"https:\/\/aeronoticias.com.pe\/noticiero\/\"},{\"@type\":\"ListItem\",\"position\":2,\"name\":\"Constituyen parte civil en caso del asesinato de Elizabeth V\u00e1squez\"}]},{\"@type\":\"WebSite\",\"@id\":\"https:\/\/aeronoticias.com.pe\/noticiero\/#website\",\"url\":\"https:\/\/aeronoticias.com.pe\/noticiero\/\",\"name\":\"Aeronoticias.com.pe\",\"description\":\"Noticias de tranporte aereo, turismo, hoteles, gastronomia, actualidad, internacional\",\"potentialAction\":[{\"@type\":\"SearchAction\",\"target\":{\"@type\":\"EntryPoint\",\"urlTemplate\":\"https:\/\/aeronoticias.com.pe\/noticiero\/?s={search_term_string}\"},\"query-input\":{\"@type\":\"PropertyValueSpecification\",\"valueRequired\":true,\"valueName\":\"search_term_string\"}}],\"inLanguage\":\"es\"},{\"@type\":\"Person\",\"@id\":\"https:\/\/aeronoticias.com.pe\/noticiero\/#\/schema\/person\/fc1e5d578f4b62ba1cf7ac2bba1170a0\",\"name\":\"Redacci\u00f3n Aeronoticias\",\"url\":\"https:\/\/aeronoticias.com.pe\/noticiero\/author\/piloto\/\"}]}<\/script>\n<!-- \/ Yoast SEO plugin. -->","yoast_head_json":{"title":"Constituyen parte civil en caso del asesinato de Elizabeth V\u00e1squez","description":"Portal de noticias del Per\u00fa sobre el transporte a\u00e9reo, aviaci\u00f3n, turismo, hoteleria, actualidad.","robots":{"index":"index","follow":"follow","max-snippet":"max-snippet:-1","max-image-preview":"max-image-preview:large","max-video-preview":"max-video-preview:-1"},"canonical":"https:\/\/aeronoticias.com.pe\/noticiero\/49\/constituyen-parte-civil-en-caso-del-asesinato-de-elizabeth-vasquez\/","og_locale":"es_ES","og_type":"article","og_title":"Constituyen parte civil en caso del asesinato de Elizabeth V\u00e1squez","og_description":"Portal de noticias del Per\u00fa sobre el transporte a\u00e9reo, aviaci\u00f3n, turismo, hoteleria, actualidad.","og_url":"https:\/\/aeronoticias.com.pe\/noticiero\/49\/constituyen-parte-civil-en-caso-del-asesinato-de-elizabeth-vasquez\/","og_site_name":"Aeronoticias.com.pe","article_publisher":"https:\/\/www.facebook.com\/Aeronoticias.com.pe\/","article_published_time":"2012-03-13T13:23:03+00:00","author":"Redacci\u00f3n Aeronoticias","twitter_card":"summary_large_image","twitter_creator":"@aeronoticias","twitter_site":"@aeronoticias","twitter_misc":{"Escrito por":"Redacci\u00f3n Aeronoticias","Tiempo de lectura":"1 minuto"},"schema":{"@context":"https:\/\/schema.org","@graph":[{"@type":"WebPage","@id":"https:\/\/aeronoticias.com.pe\/noticiero\/49\/constituyen-parte-civil-en-caso-del-asesinato-de-elizabeth-vasquez\/","url":"https:\/\/aeronoticias.com.pe\/noticiero\/49\/constituyen-parte-civil-en-caso-del-asesinato-de-elizabeth-vasquez\/","name":"Constituyen parte civil en caso del asesinato de Elizabeth V\u00e1squez","isPartOf":{"@id":"https:\/\/aeronoticias.com.pe\/noticiero\/#website"},"datePublished":"2012-03-13T13:23:03+00:00","author":{"@id":"https:\/\/aeronoticias.com.pe\/noticiero\/#\/schema\/person\/fc1e5d578f4b62ba1cf7ac2bba1170a0"},"description":"Portal de noticias del Per\u00fa sobre el transporte a\u00e9reo, aviaci\u00f3n, turismo, hoteleria, actualidad.","breadcrumb":{"@id":"https:\/\/aeronoticias.com.pe\/noticiero\/49\/constituyen-parte-civil-en-caso-del-asesinato-de-elizabeth-vasquez\/#breadcrumb"},"inLanguage":"es","potentialAction":[{"@type":"ReadAction","target":["https:\/\/aeronoticias.com.pe\/noticiero\/49\/constituyen-parte-civil-en-caso-del-asesinato-de-elizabeth-vasquez\/"]}]},{"@type":"BreadcrumbList","@id":"https:\/\/aeronoticias.com.pe\/noticiero\/49\/constituyen-parte-civil-en-caso-del-asesinato-de-elizabeth-vasquez\/#breadcrumb","itemListElement":[{"@type":"ListItem","position":1,"name":"Portada","item":"https:\/\/aeronoticias.com.pe\/noticiero\/"},{"@type":"ListItem","position":2,"name":"Constituyen parte civil en caso del asesinato de Elizabeth V\u00e1squez"}]},{"@type":"WebSite","@id":"https:\/\/aeronoticias.com.pe\/noticiero\/#website","url":"https:\/\/aeronoticias.com.pe\/noticiero\/","name":"Aeronoticias.com.pe","description":"Noticias de tranporte aereo, turismo, hoteles, gastronomia, actualidad, internacional","potentialAction":[{"@type":"SearchAction","target":{"@type":"EntryPoint","urlTemplate":"https:\/\/aeronoticias.com.pe\/noticiero\/?s={search_term_string}"},"query-input":{"@type":"PropertyValueSpecification","valueRequired":true,"valueName":"search_term_string"}}],"inLanguage":"es"},{"@type":"Person","@id":"https:\/\/aeronoticias.com.pe\/noticiero\/#\/schema\/person\/fc1e5d578f4b62ba1cf7ac2bba1170a0","name":"Redacci\u00f3n Aeronoticias","url":"https:\/\/aeronoticias.com.pe\/noticiero\/author\/piloto\/"}]}},"_links":{"self":[{"href":"https:\/\/aeronoticias.com.pe\/noticiero\/wp-json\/wp\/v2\/posts\/24291","targetHints":{"allow":["GET"]}}],"collection":[{"href":"https:\/\/aeronoticias.com.pe\/noticiero\/wp-json\/wp\/v2\/posts"}],"about":[{"href":"https:\/\/aeronoticias.com.pe\/noticiero\/wp-json\/wp\/v2\/types\/post"}],"author":[{"embeddable":true,"href":"https:\/\/aeronoticias.com.pe\/noticiero\/wp-json\/wp\/v2\/users\/1"}],"replies":[{"embeddable":true,"href":"https:\/\/aeronoticias.com.pe\/noticiero\/wp-json\/wp\/v2\/comments?post=24291"}],"version-history":[{"count":0,"href":"https:\/\/aeronoticias.com.pe\/noticiero\/wp-json\/wp\/v2\/posts\/24291\/revisions"}],"wp:attachment":[{"href":"https:\/\/aeronoticias.com.pe\/noticiero\/wp-json\/wp\/v2\/media?parent=24291"}],"wp:term":[{"taxonomy":"category","embeddable":true,"href":"https:\/\/aeronoticias.com.pe\/noticiero\/wp-json\/wp\/v2\/categories?post=24291"},{"taxonomy":"post_tag","embeddable":true,"href":"https:\/\/aeronoticias.com.pe\/noticiero\/wp-json\/wp\/v2\/tags?post=24291"}],"curies":[{"name":"wp","href":"https:\/\/api.w.org\/{rel}","templated":true}]}}