{"id":24294,"date":"2012-03-13T12:35:34","date_gmt":"2012-03-13T12:35:34","guid":{"rendered":"http:\/\/desarrollo.mcvicious.com\/aero2020\/2012\/03\/13\/contra-reforma-laboral-de-rajoy-miles-de-espanoles-marchan\/"},"modified":"2012-03-13T12:35:34","modified_gmt":"2012-03-13T12:35:34","slug":"contra-reforma-laboral-de-rajoy-miles-de-espanoles-marchan","status":"publish","type":"post","link":"https:\/\/aeronoticias.com.pe\/noticiero\/internacionales\/contra-reforma-laboral-de-rajoy-miles-de-espanoles-marchan\/","title":{"rendered":"Contra reforma laboral de Rajoy miles de espa\u00f1oles marchan"},"content":{"rendered":"<p style=\"text-align: justify;\"><strong>(Aeronoticias).-<\/strong>Por segunda vez en lo que va del mes, miles de ciudadanos espa\u00f1oles salieron a las calles para manifestar su rechazo a la reforma laboral aprobada por el gobierno de Mariano Rajoy.<\/p>\n<p style=\"text-align: justify;\">Cabe precisar que los manifestantes fueron convocados por los dos principales sindicatos de trabajadores espa\u00f1oles: la Confederaci\u00f3n Sindical de Comisiones Obreras (CCOO)\u00a0 y la Uni\u00f3n General de Trabajadores (UGT), que han anunciado para el pr\u00f3ximo 29 de marzo una huelga general, porque consideran\u00a0 un ataque del gobierno de Rajoy a los servicios p\u00fablicos.<\/p>\n<p style=\"text-align: justify;\">Aunque la polic\u00eda no dio una  cifra oficial de asistencia. En Madrid, los secretarios generales de los  dos sindicatos, C\u00e1ndido M\u00e9ndez, de UGT, e Ignacio Fern\u00e1ndez Toxo, de  Comisiones Obreras, recorrieron el centro de Madrid tras una gran  pancarta que dec\u00eda \u201cIn\u00fatil, ineficaz e injusta\u201d, en contraposici\u00f3n a los  calificativos que dio a la reforma laboral el presidente  Mariano Rajoy.<\/p>\n<p style=\"text-align: justify;\">\u201cEste Gobierno est\u00e1 haciendo un aprovechamiento inmoral de la  angustia de la buena gente de este pa\u00eds como consecuencia de la recesi\u00f3n  econ\u00f3mica, pretende aprovechar la crisis para hacer un duro ajuste de  cuentas a los derechos laborales y a los derechos sociales, y pretende  que nos adentremos en el camino de la recesi\u00f3n social\u201d, declar\u00f3 M\u00e9ndez finalizada\u00a0 la marcha.<\/p>\n<p>  <!--more-->  <\/p>\n<p style=\"text-align: justify;\">\u201cPiensa la gente de buena fe que estas medidas del Gobierno, cuando  acabe la crisis, acabar\u00e1n, y volveremos a la situaci\u00f3n anterior\u2026 \u00a1No! El  Gobierno pretende que estas medidas sean para toda la vida, y por eso  tenemos que oponernos democr\u00e1ticamente a ellas\u201d, enfatiz\u00f3.<\/p>\n<p style=\"text-align: justify;\"><img decoding=\"async\" src=\"images\/stories\/11\/12\/211211\/rajoy_crisis_espana.jpg\" border=\"0\" alt=\"Contra reforma laboral de Rajoy miles de espa\u00f1oles marchan\" title=\"Contra reforma laboral de Rajoy miles de espa\u00f1oles marchan\" \/><\/p>\n","protected":false},"excerpt":{"rendered":"<p>(Aeronoticias).-Por segunda vez en lo que va del mes, miles de ciudadanos espa\u00f1oles salieron a las calles para manifestar su rechazo a la reforma laboral aprobada por el gobierno de Mariano Rajoy. Cabe precisar que los manifestantes fueron convocados por los dos principales sindicatos de trabajadores espa\u00f1oles: la Confederaci\u00f3n Sindical de Comisiones Obreras (CCOO)\u00a0 y [&hellip;]<\/p>\n","protected":false},"author":1,"featured_media":0,"comment_status":"open","ping_status":"open","sticky":false,"template":"","format":"standard","meta":{"tdm_status":"","tdm_grid_status":"","footnotes":""},"categories":[34],"tags":[],"class_list":{"0":"post-24294","1":"post","2":"type-post","3":"status-publish","4":"format-standard","6":"category-internacionales"},"yoast_head":"<!-- This site is optimized with the Yoast SEO plugin v25.1 - https:\/\/yoast.com\/wordpress\/plugins\/seo\/ -->\n<title>Contra reforma laboral de Rajoy miles de espa\u00f1oles marchan<\/title>\n<meta name=\"description\" content=\"Portal de noticias del Per\u00fa sobre el transporte a\u00e9reo, aviaci\u00f3n, turismo, hoteleria, actualidad.\" \/>\n<meta name=\"robots\" content=\"index, follow, max-snippet:-1, max-image-preview:large, max-video-preview:-1\" \/>\n<link rel=\"canonical\" href=\"https:\/\/aeronoticias.com.pe\/noticiero\/internacionales\/contra-reforma-laboral-de-rajoy-miles-de-espanoles-marchan\/\" \/>\n<meta property=\"og:locale\" content=\"es_ES\" \/>\n<meta property=\"og:type\" content=\"article\" \/>\n<meta property=\"og:title\" content=\"Contra reforma laboral de Rajoy miles de espa\u00f1oles marchan\" \/>\n<meta property=\"og:description\" content=\"Portal de noticias del Per\u00fa sobre el transporte a\u00e9reo, aviaci\u00f3n, turismo, hoteleria, actualidad.\" \/>\n<meta property=\"og:url\" content=\"https:\/\/aeronoticias.com.pe\/noticiero\/internacionales\/contra-reforma-laboral-de-rajoy-miles-de-espanoles-marchan\/\" \/>\n<meta property=\"og:site_name\" content=\"Aeronoticias.com.pe\" \/>\n<meta property=\"article:publisher\" content=\"https:\/\/www.facebook.com\/Aeronoticias.com.pe\/\" \/>\n<meta property=\"article:published_time\" content=\"2012-03-13T12:35:34+00:00\" \/>\n<meta name=\"author\" content=\"Redacci\u00f3n Aeronoticias\" \/>\n<meta name=\"twitter:card\" content=\"summary_large_image\" \/>\n<meta name=\"twitter:creator\" content=\"@aeronoticias\" \/>\n<meta name=\"twitter:site\" content=\"@aeronoticias\" \/>\n<meta name=\"twitter:label1\" content=\"Escrito por\" \/>\n\t<meta name=\"twitter:data1\" content=\"Redacci\u00f3n Aeronoticias\" \/>\n\t<meta name=\"twitter:label2\" content=\"Tiempo de lectura\" \/>\n\t<meta name=\"twitter:data2\" content=\"1 minuto\" \/>\n<script type=\"application\/ld+json\" class=\"yoast-schema-graph\">{\"@context\":\"https:\/\/schema.org\",\"@graph\":[{\"@type\":\"WebPage\",\"@id\":\"https:\/\/aeronoticias.com.pe\/noticiero\/internacionales\/contra-reforma-laboral-de-rajoy-miles-de-espanoles-marchan\/\",\"url\":\"https:\/\/aeronoticias.com.pe\/noticiero\/internacionales\/contra-reforma-laboral-de-rajoy-miles-de-espanoles-marchan\/\",\"name\":\"Contra reforma laboral de Rajoy miles de espa\u00f1oles marchan\",\"isPartOf\":{\"@id\":\"https:\/\/aeronoticias.com.pe\/noticiero\/#website\"},\"datePublished\":\"2012-03-13T12:35:34+00:00\",\"author\":{\"@id\":\"https:\/\/aeronoticias.com.pe\/noticiero\/#\/schema\/person\/fc1e5d578f4b62ba1cf7ac2bba1170a0\"},\"description\":\"Portal de noticias del Per\u00fa sobre el transporte a\u00e9reo, aviaci\u00f3n, turismo, hoteleria, actualidad.\",\"breadcrumb\":{\"@id\":\"https:\/\/aeronoticias.com.pe\/noticiero\/internacionales\/contra-reforma-laboral-de-rajoy-miles-de-espanoles-marchan\/#breadcrumb\"},\"inLanguage\":\"es\",\"potentialAction\":[{\"@type\":\"ReadAction\",\"target\":[\"https:\/\/aeronoticias.com.pe\/noticiero\/internacionales\/contra-reforma-laboral-de-rajoy-miles-de-espanoles-marchan\/\"]}]},{\"@type\":\"BreadcrumbList\",\"@id\":\"https:\/\/aeronoticias.com.pe\/noticiero\/internacionales\/contra-reforma-laboral-de-rajoy-miles-de-espanoles-marchan\/#breadcrumb\",\"itemListElement\":[{\"@type\":\"ListItem\",\"position\":1,\"name\":\"Portada\",\"item\":\"https:\/\/aeronoticias.com.pe\/noticiero\/\"},{\"@type\":\"ListItem\",\"position\":2,\"name\":\"Contra reforma laboral de Rajoy miles de espa\u00f1oles marchan\"}]},{\"@type\":\"WebSite\",\"@id\":\"https:\/\/aeronoticias.com.pe\/noticiero\/#website\",\"url\":\"https:\/\/aeronoticias.com.pe\/noticiero\/\",\"name\":\"Aeronoticias.com.pe\",\"description\":\"Noticias de tranporte aereo, turismo, hoteles, gastronomia, actualidad, internacional\",\"potentialAction\":[{\"@type\":\"SearchAction\",\"target\":{\"@type\":\"EntryPoint\",\"urlTemplate\":\"https:\/\/aeronoticias.com.pe\/noticiero\/?s={search_term_string}\"},\"query-input\":{\"@type\":\"PropertyValueSpecification\",\"valueRequired\":true,\"valueName\":\"search_term_string\"}}],\"inLanguage\":\"es\"},{\"@type\":\"Person\",\"@id\":\"https:\/\/aeronoticias.com.pe\/noticiero\/#\/schema\/person\/fc1e5d578f4b62ba1cf7ac2bba1170a0\",\"name\":\"Redacci\u00f3n Aeronoticias\",\"url\":\"https:\/\/aeronoticias.com.pe\/noticiero\/author\/piloto\/\"}]}<\/script>\n<!-- \/ Yoast SEO plugin. -->","yoast_head_json":{"title":"Contra reforma laboral de Rajoy miles de espa\u00f1oles marchan","description":"Portal de noticias del Per\u00fa sobre el transporte a\u00e9reo, aviaci\u00f3n, turismo, hoteleria, actualidad.","robots":{"index":"index","follow":"follow","max-snippet":"max-snippet:-1","max-image-preview":"max-image-preview:large","max-video-preview":"max-video-preview:-1"},"canonical":"https:\/\/aeronoticias.com.pe\/noticiero\/internacionales\/contra-reforma-laboral-de-rajoy-miles-de-espanoles-marchan\/","og_locale":"es_ES","og_type":"article","og_title":"Contra reforma laboral de Rajoy miles de espa\u00f1oles marchan","og_description":"Portal de noticias del Per\u00fa sobre el transporte a\u00e9reo, aviaci\u00f3n, turismo, hoteleria, actualidad.","og_url":"https:\/\/aeronoticias.com.pe\/noticiero\/internacionales\/contra-reforma-laboral-de-rajoy-miles-de-espanoles-marchan\/","og_site_name":"Aeronoticias.com.pe","article_publisher":"https:\/\/www.facebook.com\/Aeronoticias.com.pe\/","article_published_time":"2012-03-13T12:35:34+00:00","author":"Redacci\u00f3n Aeronoticias","twitter_card":"summary_large_image","twitter_creator":"@aeronoticias","twitter_site":"@aeronoticias","twitter_misc":{"Escrito por":"Redacci\u00f3n Aeronoticias","Tiempo de lectura":"1 minuto"},"schema":{"@context":"https:\/\/schema.org","@graph":[{"@type":"WebPage","@id":"https:\/\/aeronoticias.com.pe\/noticiero\/internacionales\/contra-reforma-laboral-de-rajoy-miles-de-espanoles-marchan\/","url":"https:\/\/aeronoticias.com.pe\/noticiero\/internacionales\/contra-reforma-laboral-de-rajoy-miles-de-espanoles-marchan\/","name":"Contra reforma laboral de Rajoy miles de espa\u00f1oles marchan","isPartOf":{"@id":"https:\/\/aeronoticias.com.pe\/noticiero\/#website"},"datePublished":"2012-03-13T12:35:34+00:00","author":{"@id":"https:\/\/aeronoticias.com.pe\/noticiero\/#\/schema\/person\/fc1e5d578f4b62ba1cf7ac2bba1170a0"},"description":"Portal de noticias del Per\u00fa sobre el transporte a\u00e9reo, aviaci\u00f3n, turismo, hoteleria, actualidad.","breadcrumb":{"@id":"https:\/\/aeronoticias.com.pe\/noticiero\/internacionales\/contra-reforma-laboral-de-rajoy-miles-de-espanoles-marchan\/#breadcrumb"},"inLanguage":"es","potentialAction":[{"@type":"ReadAction","target":["https:\/\/aeronoticias.com.pe\/noticiero\/internacionales\/contra-reforma-laboral-de-rajoy-miles-de-espanoles-marchan\/"]}]},{"@type":"BreadcrumbList","@id":"https:\/\/aeronoticias.com.pe\/noticiero\/internacionales\/contra-reforma-laboral-de-rajoy-miles-de-espanoles-marchan\/#breadcrumb","itemListElement":[{"@type":"ListItem","position":1,"name":"Portada","item":"https:\/\/aeronoticias.com.pe\/noticiero\/"},{"@type":"ListItem","position":2,"name":"Contra reforma laboral de Rajoy miles de espa\u00f1oles marchan"}]},{"@type":"WebSite","@id":"https:\/\/aeronoticias.com.pe\/noticiero\/#website","url":"https:\/\/aeronoticias.com.pe\/noticiero\/","name":"Aeronoticias.com.pe","description":"Noticias de tranporte aereo, turismo, hoteles, gastronomia, actualidad, internacional","potentialAction":[{"@type":"SearchAction","target":{"@type":"EntryPoint","urlTemplate":"https:\/\/aeronoticias.com.pe\/noticiero\/?s={search_term_string}"},"query-input":{"@type":"PropertyValueSpecification","valueRequired":true,"valueName":"search_term_string"}}],"inLanguage":"es"},{"@type":"Person","@id":"https:\/\/aeronoticias.com.pe\/noticiero\/#\/schema\/person\/fc1e5d578f4b62ba1cf7ac2bba1170a0","name":"Redacci\u00f3n Aeronoticias","url":"https:\/\/aeronoticias.com.pe\/noticiero\/author\/piloto\/"}]}},"_links":{"self":[{"href":"https:\/\/aeronoticias.com.pe\/noticiero\/wp-json\/wp\/v2\/posts\/24294","targetHints":{"allow":["GET"]}}],"collection":[{"href":"https:\/\/aeronoticias.com.pe\/noticiero\/wp-json\/wp\/v2\/posts"}],"about":[{"href":"https:\/\/aeronoticias.com.pe\/noticiero\/wp-json\/wp\/v2\/types\/post"}],"author":[{"embeddable":true,"href":"https:\/\/aeronoticias.com.pe\/noticiero\/wp-json\/wp\/v2\/users\/1"}],"replies":[{"embeddable":true,"href":"https:\/\/aeronoticias.com.pe\/noticiero\/wp-json\/wp\/v2\/comments?post=24294"}],"version-history":[{"count":0,"href":"https:\/\/aeronoticias.com.pe\/noticiero\/wp-json\/wp\/v2\/posts\/24294\/revisions"}],"wp:attachment":[{"href":"https:\/\/aeronoticias.com.pe\/noticiero\/wp-json\/wp\/v2\/media?parent=24294"}],"wp:term":[{"taxonomy":"category","embeddable":true,"href":"https:\/\/aeronoticias.com.pe\/noticiero\/wp-json\/wp\/v2\/categories?post=24294"},{"taxonomy":"post_tag","embeddable":true,"href":"https:\/\/aeronoticias.com.pe\/noticiero\/wp-json\/wp\/v2\/tags?post=24294"}],"curies":[{"name":"wp","href":"https:\/\/api.w.org\/{rel}","templated":true}]}}