{"id":24297,"date":"2012-03-13T05:44:25","date_gmt":"2012-03-13T05:44:25","guid":{"rendered":"http:\/\/desarrollo.mcvicious.com\/aero2020\/2012\/03\/13\/jlo-y-marc-anthony-discuten-en-plena-emision-de-su-reality\/"},"modified":"2012-03-13T05:44:25","modified_gmt":"2012-03-13T05:44:25","slug":"jlo-y-marc-anthony-discuten-en-plena-emision-de-su-reality","status":"publish","type":"post","link":"https:\/\/aeronoticias.com.pe\/noticiero\/espectaculos\/jlo-y-marc-anthony-discuten-en-plena-emision-de-su-reality\/","title":{"rendered":"JLo y Marc Anthony  discuten en plena emisi\u00f3n de su reality"},"content":{"rendered":"<p style=\"text-align: justify;\"><strong>(Aeronoticias).- <\/strong>No pudieron con su genio, los cantantes y ex esposos Jennifer L\u00f3pez y Marc Anthony perdieron los papeles durante la transmisi\u00f3n de su programa \u00ab\u00a1Q\u00b4\u00b4Viva! The\u00a0 chosen\u00bb, donde revelaron las razones por las que decidieron poner fin a su matrimonio.<\/p>\n<p style=\"text-align: justify;\">\u00abSi hubi\u00e9ramos estado\u00a0 m\u00e1s de acuerdo cuando est\u00e1bamos casados\u00bb, coment\u00f3 el salsero, mientras decid\u00edan que participantes deb\u00edan continuar en competencia. \u00abT\u00e9cnicamente seguimos casados\u00bb, respondi\u00f3 la escultural Jlo.<\/p>\n<p style=\"text-align: justify;\">En un bloque del mencionado programa, L\u00f3pez reprendi\u00f3\u00a0 a\u00a0 su expareja porque hab\u00eda\u00a0 seleccionado a muchos participantes.<\/p>\n<p style=\"text-align: justify;\">\u00abEste tambi\u00e9n es tuyo. Trajiste a mucha gente, \u00bfno es as\u00ed?, dijo\u00a0 Jennifer , a lo que Anthony aleg\u00f3 sarc\u00e1sticamente: \u00abPues trabajo m\u00e1s que t\u00fa\u00bb.<\/p>\n<p style=\"text-align: justify;\"><img decoding=\"async\" src=\"images\/stories\/11\/12\/071211\/reality_jennifer_lopez_marc_anthony.jpg\" border=\"0\" alt=\"JLo y Marc Anthony  discuten en plena emisi\u00f3n de su reality\" title=\"JLo y Marc Anthony  discuten en plena emisi\u00f3n de su reality\" \/><\/p>\n","protected":false},"excerpt":{"rendered":"<p>(Aeronoticias).- No pudieron con su genio, los cantantes y ex esposos Jennifer L\u00f3pez y Marc Anthony perdieron los papeles durante la transmisi\u00f3n de su programa \u00ab\u00a1Q\u00b4\u00b4Viva! The\u00a0 chosen\u00bb, donde revelaron las razones por las que decidieron poner fin a su matrimonio. \u00abSi hubi\u00e9ramos estado\u00a0 m\u00e1s de acuerdo cuando est\u00e1bamos casados\u00bb, coment\u00f3 el salsero, mientras decid\u00edan [&hellip;]<\/p>\n","protected":false},"author":1,"featured_media":0,"comment_status":"open","ping_status":"open","sticky":false,"template":"","format":"standard","meta":{"tdm_status":"","tdm_grid_status":"","footnotes":""},"categories":[41],"tags":[],"class_list":{"0":"post-24297","1":"post","2":"type-post","3":"status-publish","4":"format-standard","6":"category-espectaculos"},"yoast_head":"<!-- This site is optimized with the Yoast SEO plugin v25.1 - https:\/\/yoast.com\/wordpress\/plugins\/seo\/ -->\n<title>JLo y Marc Anthony discuten en plena emisi\u00f3n de su reality<\/title>\n<meta name=\"description\" content=\"Portal de noticias del Per\u00fa sobre el transporte a\u00e9reo, aviaci\u00f3n, turismo, hoteleria, actualidad.\" \/>\n<meta name=\"robots\" content=\"index, follow, max-snippet:-1, max-image-preview:large, max-video-preview:-1\" \/>\n<link rel=\"canonical\" href=\"https:\/\/aeronoticias.com.pe\/noticiero\/espectaculos\/jlo-y-marc-anthony-discuten-en-plena-emision-de-su-reality\/\" \/>\n<meta property=\"og:locale\" content=\"es_ES\" \/>\n<meta property=\"og:type\" content=\"article\" \/>\n<meta property=\"og:title\" content=\"JLo y Marc Anthony discuten en plena emisi\u00f3n de su reality\" \/>\n<meta property=\"og:description\" content=\"Portal de noticias del Per\u00fa sobre el transporte a\u00e9reo, aviaci\u00f3n, turismo, hoteleria, actualidad.\" \/>\n<meta property=\"og:url\" content=\"https:\/\/aeronoticias.com.pe\/noticiero\/espectaculos\/jlo-y-marc-anthony-discuten-en-plena-emision-de-su-reality\/\" \/>\n<meta property=\"og:site_name\" content=\"Aeronoticias.com.pe\" \/>\n<meta property=\"article:publisher\" content=\"https:\/\/www.facebook.com\/Aeronoticias.com.pe\/\" \/>\n<meta property=\"article:published_time\" content=\"2012-03-13T05:44:25+00:00\" \/>\n<meta name=\"author\" content=\"Redacci\u00f3n Aeronoticias\" \/>\n<meta name=\"twitter:card\" content=\"summary_large_image\" \/>\n<meta name=\"twitter:creator\" content=\"@aeronoticias\" \/>\n<meta name=\"twitter:site\" content=\"@aeronoticias\" \/>\n<meta name=\"twitter:label1\" content=\"Escrito por\" \/>\n\t<meta name=\"twitter:data1\" content=\"Redacci\u00f3n Aeronoticias\" \/>\n\t<meta name=\"twitter:label2\" content=\"Tiempo de lectura\" \/>\n\t<meta name=\"twitter:data2\" content=\"1 minuto\" \/>\n<script type=\"application\/ld+json\" class=\"yoast-schema-graph\">{\"@context\":\"https:\/\/schema.org\",\"@graph\":[{\"@type\":\"WebPage\",\"@id\":\"https:\/\/aeronoticias.com.pe\/noticiero\/espectaculos\/jlo-y-marc-anthony-discuten-en-plena-emision-de-su-reality\/\",\"url\":\"https:\/\/aeronoticias.com.pe\/noticiero\/espectaculos\/jlo-y-marc-anthony-discuten-en-plena-emision-de-su-reality\/\",\"name\":\"JLo y Marc Anthony discuten en plena emisi\u00f3n de su reality\",\"isPartOf\":{\"@id\":\"https:\/\/aeronoticias.com.pe\/noticiero\/#website\"},\"datePublished\":\"2012-03-13T05:44:25+00:00\",\"author\":{\"@id\":\"https:\/\/aeronoticias.com.pe\/noticiero\/#\/schema\/person\/fc1e5d578f4b62ba1cf7ac2bba1170a0\"},\"description\":\"Portal de noticias del Per\u00fa sobre el transporte a\u00e9reo, aviaci\u00f3n, turismo, hoteleria, actualidad.\",\"breadcrumb\":{\"@id\":\"https:\/\/aeronoticias.com.pe\/noticiero\/espectaculos\/jlo-y-marc-anthony-discuten-en-plena-emision-de-su-reality\/#breadcrumb\"},\"inLanguage\":\"es\",\"potentialAction\":[{\"@type\":\"ReadAction\",\"target\":[\"https:\/\/aeronoticias.com.pe\/noticiero\/espectaculos\/jlo-y-marc-anthony-discuten-en-plena-emision-de-su-reality\/\"]}]},{\"@type\":\"BreadcrumbList\",\"@id\":\"https:\/\/aeronoticias.com.pe\/noticiero\/espectaculos\/jlo-y-marc-anthony-discuten-en-plena-emision-de-su-reality\/#breadcrumb\",\"itemListElement\":[{\"@type\":\"ListItem\",\"position\":1,\"name\":\"Portada\",\"item\":\"https:\/\/aeronoticias.com.pe\/noticiero\/\"},{\"@type\":\"ListItem\",\"position\":2,\"name\":\"JLo y Marc Anthony discuten en plena emisi\u00f3n de su reality\"}]},{\"@type\":\"WebSite\",\"@id\":\"https:\/\/aeronoticias.com.pe\/noticiero\/#website\",\"url\":\"https:\/\/aeronoticias.com.pe\/noticiero\/\",\"name\":\"Aeronoticias.com.pe\",\"description\":\"Noticias de tranporte aereo, turismo, hoteles, gastronomia, actualidad, internacional\",\"potentialAction\":[{\"@type\":\"SearchAction\",\"target\":{\"@type\":\"EntryPoint\",\"urlTemplate\":\"https:\/\/aeronoticias.com.pe\/noticiero\/?s={search_term_string}\"},\"query-input\":{\"@type\":\"PropertyValueSpecification\",\"valueRequired\":true,\"valueName\":\"search_term_string\"}}],\"inLanguage\":\"es\"},{\"@type\":\"Person\",\"@id\":\"https:\/\/aeronoticias.com.pe\/noticiero\/#\/schema\/person\/fc1e5d578f4b62ba1cf7ac2bba1170a0\",\"name\":\"Redacci\u00f3n Aeronoticias\",\"url\":\"https:\/\/aeronoticias.com.pe\/noticiero\/author\/piloto\/\"}]}<\/script>\n<!-- \/ Yoast SEO plugin. -->","yoast_head_json":{"title":"JLo y Marc Anthony discuten en plena emisi\u00f3n de su reality","description":"Portal de noticias del Per\u00fa sobre el transporte a\u00e9reo, aviaci\u00f3n, turismo, hoteleria, actualidad.","robots":{"index":"index","follow":"follow","max-snippet":"max-snippet:-1","max-image-preview":"max-image-preview:large","max-video-preview":"max-video-preview:-1"},"canonical":"https:\/\/aeronoticias.com.pe\/noticiero\/espectaculos\/jlo-y-marc-anthony-discuten-en-plena-emision-de-su-reality\/","og_locale":"es_ES","og_type":"article","og_title":"JLo y Marc Anthony discuten en plena emisi\u00f3n de su reality","og_description":"Portal de noticias del Per\u00fa sobre el transporte a\u00e9reo, aviaci\u00f3n, turismo, hoteleria, actualidad.","og_url":"https:\/\/aeronoticias.com.pe\/noticiero\/espectaculos\/jlo-y-marc-anthony-discuten-en-plena-emision-de-su-reality\/","og_site_name":"Aeronoticias.com.pe","article_publisher":"https:\/\/www.facebook.com\/Aeronoticias.com.pe\/","article_published_time":"2012-03-13T05:44:25+00:00","author":"Redacci\u00f3n Aeronoticias","twitter_card":"summary_large_image","twitter_creator":"@aeronoticias","twitter_site":"@aeronoticias","twitter_misc":{"Escrito por":"Redacci\u00f3n Aeronoticias","Tiempo de lectura":"1 minuto"},"schema":{"@context":"https:\/\/schema.org","@graph":[{"@type":"WebPage","@id":"https:\/\/aeronoticias.com.pe\/noticiero\/espectaculos\/jlo-y-marc-anthony-discuten-en-plena-emision-de-su-reality\/","url":"https:\/\/aeronoticias.com.pe\/noticiero\/espectaculos\/jlo-y-marc-anthony-discuten-en-plena-emision-de-su-reality\/","name":"JLo y Marc Anthony discuten en plena emisi\u00f3n de su reality","isPartOf":{"@id":"https:\/\/aeronoticias.com.pe\/noticiero\/#website"},"datePublished":"2012-03-13T05:44:25+00:00","author":{"@id":"https:\/\/aeronoticias.com.pe\/noticiero\/#\/schema\/person\/fc1e5d578f4b62ba1cf7ac2bba1170a0"},"description":"Portal de noticias del Per\u00fa sobre el transporte a\u00e9reo, aviaci\u00f3n, turismo, hoteleria, actualidad.","breadcrumb":{"@id":"https:\/\/aeronoticias.com.pe\/noticiero\/espectaculos\/jlo-y-marc-anthony-discuten-en-plena-emision-de-su-reality\/#breadcrumb"},"inLanguage":"es","potentialAction":[{"@type":"ReadAction","target":["https:\/\/aeronoticias.com.pe\/noticiero\/espectaculos\/jlo-y-marc-anthony-discuten-en-plena-emision-de-su-reality\/"]}]},{"@type":"BreadcrumbList","@id":"https:\/\/aeronoticias.com.pe\/noticiero\/espectaculos\/jlo-y-marc-anthony-discuten-en-plena-emision-de-su-reality\/#breadcrumb","itemListElement":[{"@type":"ListItem","position":1,"name":"Portada","item":"https:\/\/aeronoticias.com.pe\/noticiero\/"},{"@type":"ListItem","position":2,"name":"JLo y Marc Anthony discuten en plena emisi\u00f3n de su reality"}]},{"@type":"WebSite","@id":"https:\/\/aeronoticias.com.pe\/noticiero\/#website","url":"https:\/\/aeronoticias.com.pe\/noticiero\/","name":"Aeronoticias.com.pe","description":"Noticias de tranporte aereo, turismo, hoteles, gastronomia, actualidad, internacional","potentialAction":[{"@type":"SearchAction","target":{"@type":"EntryPoint","urlTemplate":"https:\/\/aeronoticias.com.pe\/noticiero\/?s={search_term_string}"},"query-input":{"@type":"PropertyValueSpecification","valueRequired":true,"valueName":"search_term_string"}}],"inLanguage":"es"},{"@type":"Person","@id":"https:\/\/aeronoticias.com.pe\/noticiero\/#\/schema\/person\/fc1e5d578f4b62ba1cf7ac2bba1170a0","name":"Redacci\u00f3n Aeronoticias","url":"https:\/\/aeronoticias.com.pe\/noticiero\/author\/piloto\/"}]}},"_links":{"self":[{"href":"https:\/\/aeronoticias.com.pe\/noticiero\/wp-json\/wp\/v2\/posts\/24297","targetHints":{"allow":["GET"]}}],"collection":[{"href":"https:\/\/aeronoticias.com.pe\/noticiero\/wp-json\/wp\/v2\/posts"}],"about":[{"href":"https:\/\/aeronoticias.com.pe\/noticiero\/wp-json\/wp\/v2\/types\/post"}],"author":[{"embeddable":true,"href":"https:\/\/aeronoticias.com.pe\/noticiero\/wp-json\/wp\/v2\/users\/1"}],"replies":[{"embeddable":true,"href":"https:\/\/aeronoticias.com.pe\/noticiero\/wp-json\/wp\/v2\/comments?post=24297"}],"version-history":[{"count":0,"href":"https:\/\/aeronoticias.com.pe\/noticiero\/wp-json\/wp\/v2\/posts\/24297\/revisions"}],"wp:attachment":[{"href":"https:\/\/aeronoticias.com.pe\/noticiero\/wp-json\/wp\/v2\/media?parent=24297"}],"wp:term":[{"taxonomy":"category","embeddable":true,"href":"https:\/\/aeronoticias.com.pe\/noticiero\/wp-json\/wp\/v2\/categories?post=24297"},{"taxonomy":"post_tag","embeddable":true,"href":"https:\/\/aeronoticias.com.pe\/noticiero\/wp-json\/wp\/v2\/tags?post=24297"}],"curies":[{"name":"wp","href":"https:\/\/api.w.org\/{rel}","templated":true}]}}