{"id":24300,"date":"2012-03-13T13:47:14","date_gmt":"2012-03-13T13:47:14","guid":{"rendered":"http:\/\/desarrollo.mcvicious.com\/aero2020\/2012\/03\/13\/broker-peruano-de-reaseguro-sorprenderia-a-reasegurador-de-corpac-chartis-aig-europa\/"},"modified":"2012-03-13T13:47:14","modified_gmt":"2012-03-13T13:47:14","slug":"broker-peruano-de-reaseguro-sorprenderia-a-reasegurador-de-corpac-chartis-aig-europa","status":"publish","type":"post","link":"https:\/\/aeronoticias.com.pe\/noticiero\/ultimas\/1\/broker-peruano-de-reaseguro-sorprenderia-a-reasegurador-de-corpac-chartis-aig-europa\/","title":{"rendered":"Broker peruano de reaseguro sorprender\u00eda a reasegurador de Corpac &#8216;Chartis AIG Europa&#8217;"},"content":{"rendered":"<p style=\"text-align: justify;\"><strong>(Aeronoticias)<\/strong> Luego del acto de interferencia il\u00edcita perpetrado contra la seguridad de la aviaci\u00f3n civil ocurrido en el aer\u00f3dromo Mar\u00eda Reiche de Nazca, el 10 de julio del 2011, en el que secuestraron la aeronave Cessna gran Caravan matricula OBP1922, el Ministerio de Transportes y Comunicaciones del Per\u00fa, abri\u00f3 una investigaci\u00f3n en complimiento a sus obligaciones internacionales de sancionar las infracciones aeron\u00e1uticas a las omisiones aeroportuarias en el secuestro de aeronaves, lo que llevar\u00eda en los pr\u00f3ximos d\u00edas a la junta de infracciones a sancionar al aer\u00f3dromo Mar\u00eda Reiche, explotado por Corpac se conoci\u00f3 que una conocida compa\u00f1\u00eda de seguros local \u201cR\u00edmac\u201d, asegurador de Corpac no habr\u00eda precisado en su informe al reasegurador del siniestro Chartis AIG Europa que el programa de seguridad AVSEC, en el aeropuerto de Nazca aprobado por la DGAC peruana establece claramente que la oficial de seguridad aeroportuaria de Corpac <strong><em>\u201cDurante el desarrollo del servicio en el puesto de inspecci\u00f3n de acceso a las salas de espera no deber\u00e1 permitir que los pasajeros transporten en las aeronaves armas de fuego, pistolas, rev\u00f3lveres, armas blancas, armas contundentes y armas de descarga el\u00e9ctrica entre otros\u201d.<\/p>\n<p><\/em><\/strong>Luego de la investigaci\u00f3n administrativa realizada por la DGAC, se prob\u00f3 que los secuestradores de la aeronave Cessna gran Caravan de Aerodiana ingresaron un revolver a bordo con el que amenazaron al piloto y al copiloto, lo que prueba que se viol\u00f3 el programa de seguridad AVSEC I.E.S. 200 que norma las obligaciones del operador del aer\u00f3dromo a trav\u00e9s del oficial de seguridad aeroportuaria.<\/p>\n<p>No se entiende cual es el razonamiento legal de R\u00edmac de no informar debidamente al reasegurador Chartis AIG Europa de que su asegurado el operador del aer\u00f3dromo de Nazca Corpac, no solo no contaba con p\u00f3rticos detectores de metales sino que adem\u00e1s permiti\u00f3 que los secuestradores ingresen armas, hecho que esta coberturado en la p\u00f3liza de seguros cuyo riesgo cubre Chartis AIG, y que ir\u00eda a un juicio con los gastos y honorarios de abogados que se hubieran podido evitar con buen informe jur\u00eddico que oriente a los reaseguradores a entender la correcta aplicaci\u00f3n de la ley peruana y de los dispositivos internacionales que la inspiran en materia de actos de la responsabilidad de los explotadores de los aer\u00f3dromos por el no cumplimiento\u00a0 del anexo 17 al convenio de Chicago y el programa de seguridad AVSEC en este caso el aer\u00f3dromo Mar\u00eda Reiche de Nazca.<\/p>\n<p>La junta de infracci\u00f3n de la direcci\u00f3n general de aeron\u00e1utica civil DGAC del MTC, luego de 22 meses de investigaciones culmin\u00f3 el procedimiento y se espera que en los pr\u00f3ximos d\u00edas sancione las omisiones aeroportuarias que originaron el secuestro a\u00e9reo y lo que no se entiende es que el Broker de reaseguro en Lima no haya informado esta situaci\u00f3n al reasegurador Chartis AIG para que se evite un juicio que perder\u00e1 de todas formas, no obstante que pueda haber una transacci\u00f3n con concesiones reciprocas entre ambos reaseguradores.<\/p>\n<p>\u00a0<\/p>\n<p>  <!--more-->  <\/p>\n<p><img decoding=\"async\" src=\"images\/stories\/armas.jpg\" border=\"0\" alt=\"armas\" title=\"armas\" \/><\/p>\n","protected":false},"excerpt":{"rendered":"<p>(Aeronoticias) Luego del acto de interferencia il\u00edcita perpetrado contra la seguridad de la aviaci\u00f3n civil ocurrido en el aer\u00f3dromo Mar\u00eda Reiche de Nazca, el 10 de julio del 2011, en el que secuestraron la aeronave Cessna gran Caravan matricula OBP1922, el Ministerio de Transportes y Comunicaciones del Per\u00fa, abri\u00f3 una investigaci\u00f3n en complimiento a sus [&hellip;]<\/p>\n","protected":false},"author":1,"featured_media":0,"comment_status":"open","ping_status":"open","sticky":false,"template":"","format":"standard","meta":{"tdm_status":"","tdm_grid_status":"","footnotes":""},"categories":[30],"tags":[],"class_list":{"0":"post-24300","1":"post","2":"type-post","3":"status-publish","4":"format-standard","6":"category-30"},"yoast_head":"<!-- This site is optimized with the Yoast SEO plugin v25.1 - https:\/\/yoast.com\/wordpress\/plugins\/seo\/ -->\n<title>Broker peruano de reaseguro sorprender\u00eda a reasegurador de Corpac &#039;Chartis AIG Europa&#039;<\/title>\n<meta name=\"description\" content=\"Portal de noticias del Per\u00fa sobre el transporte a\u00e9reo, aviaci\u00f3n, turismo, hoteleria, actualidad.\" \/>\n<meta name=\"robots\" content=\"index, follow, max-snippet:-1, max-image-preview:large, max-video-preview:-1\" \/>\n<link rel=\"canonical\" href=\"https:\/\/aeronoticias.com.pe\/noticiero\/ultimas\/1\/broker-peruano-de-reaseguro-sorprenderia-a-reasegurador-de-corpac-chartis-aig-europa\/\" \/>\n<meta property=\"og:locale\" content=\"es_ES\" \/>\n<meta property=\"og:type\" content=\"article\" \/>\n<meta property=\"og:title\" content=\"Broker peruano de reaseguro sorprender\u00eda a reasegurador de Corpac &#039;Chartis AIG Europa&#039;\" \/>\n<meta property=\"og:description\" content=\"Portal de noticias del Per\u00fa sobre el transporte a\u00e9reo, aviaci\u00f3n, turismo, hoteleria, actualidad.\" \/>\n<meta property=\"og:url\" content=\"https:\/\/aeronoticias.com.pe\/noticiero\/ultimas\/1\/broker-peruano-de-reaseguro-sorprenderia-a-reasegurador-de-corpac-chartis-aig-europa\/\" \/>\n<meta property=\"og:site_name\" content=\"Aeronoticias.com.pe\" \/>\n<meta property=\"article:publisher\" content=\"https:\/\/www.facebook.com\/Aeronoticias.com.pe\/\" \/>\n<meta property=\"article:published_time\" content=\"2012-03-13T13:47:14+00:00\" \/>\n<meta name=\"author\" content=\"Redacci\u00f3n Aeronoticias\" \/>\n<meta name=\"twitter:card\" content=\"summary_large_image\" \/>\n<meta name=\"twitter:creator\" content=\"@aeronoticias\" \/>\n<meta name=\"twitter:site\" content=\"@aeronoticias\" \/>\n<meta name=\"twitter:label1\" content=\"Escrito por\" \/>\n\t<meta name=\"twitter:data1\" content=\"Redacci\u00f3n Aeronoticias\" \/>\n\t<meta name=\"twitter:label2\" content=\"Tiempo de lectura\" \/>\n\t<meta name=\"twitter:data2\" content=\"3 minutos\" \/>\n<script type=\"application\/ld+json\" class=\"yoast-schema-graph\">{\"@context\":\"https:\/\/schema.org\",\"@graph\":[{\"@type\":\"WebPage\",\"@id\":\"https:\/\/aeronoticias.com.pe\/noticiero\/ultimas\/1\/broker-peruano-de-reaseguro-sorprenderia-a-reasegurador-de-corpac-chartis-aig-europa\/\",\"url\":\"https:\/\/aeronoticias.com.pe\/noticiero\/ultimas\/1\/broker-peruano-de-reaseguro-sorprenderia-a-reasegurador-de-corpac-chartis-aig-europa\/\",\"name\":\"Broker peruano de reaseguro sorprender\u00eda a reasegurador de Corpac 'Chartis AIG Europa'\",\"isPartOf\":{\"@id\":\"https:\/\/aeronoticias.com.pe\/noticiero\/#website\"},\"datePublished\":\"2012-03-13T13:47:14+00:00\",\"author\":{\"@id\":\"https:\/\/aeronoticias.com.pe\/noticiero\/#\/schema\/person\/fc1e5d578f4b62ba1cf7ac2bba1170a0\"},\"description\":\"Portal de noticias del Per\u00fa sobre el transporte a\u00e9reo, aviaci\u00f3n, turismo, hoteleria, actualidad.\",\"breadcrumb\":{\"@id\":\"https:\/\/aeronoticias.com.pe\/noticiero\/ultimas\/1\/broker-peruano-de-reaseguro-sorprenderia-a-reasegurador-de-corpac-chartis-aig-europa\/#breadcrumb\"},\"inLanguage\":\"es\",\"potentialAction\":[{\"@type\":\"ReadAction\",\"target\":[\"https:\/\/aeronoticias.com.pe\/noticiero\/ultimas\/1\/broker-peruano-de-reaseguro-sorprenderia-a-reasegurador-de-corpac-chartis-aig-europa\/\"]}]},{\"@type\":\"BreadcrumbList\",\"@id\":\"https:\/\/aeronoticias.com.pe\/noticiero\/ultimas\/1\/broker-peruano-de-reaseguro-sorprenderia-a-reasegurador-de-corpac-chartis-aig-europa\/#breadcrumb\",\"itemListElement\":[{\"@type\":\"ListItem\",\"position\":1,\"name\":\"Portada\",\"item\":\"https:\/\/aeronoticias.com.pe\/noticiero\/\"},{\"@type\":\"ListItem\",\"position\":2,\"name\":\"Broker peruano de reaseguro sorprender\u00eda a reasegurador de Corpac &#8216;Chartis AIG Europa&#8217;\"}]},{\"@type\":\"WebSite\",\"@id\":\"https:\/\/aeronoticias.com.pe\/noticiero\/#website\",\"url\":\"https:\/\/aeronoticias.com.pe\/noticiero\/\",\"name\":\"Aeronoticias.com.pe\",\"description\":\"Noticias de tranporte aereo, turismo, hoteles, gastronomia, actualidad, internacional\",\"potentialAction\":[{\"@type\":\"SearchAction\",\"target\":{\"@type\":\"EntryPoint\",\"urlTemplate\":\"https:\/\/aeronoticias.com.pe\/noticiero\/?s={search_term_string}\"},\"query-input\":{\"@type\":\"PropertyValueSpecification\",\"valueRequired\":true,\"valueName\":\"search_term_string\"}}],\"inLanguage\":\"es\"},{\"@type\":\"Person\",\"@id\":\"https:\/\/aeronoticias.com.pe\/noticiero\/#\/schema\/person\/fc1e5d578f4b62ba1cf7ac2bba1170a0\",\"name\":\"Redacci\u00f3n Aeronoticias\",\"url\":\"https:\/\/aeronoticias.com.pe\/noticiero\/author\/piloto\/\"}]}<\/script>\n<!-- \/ Yoast SEO plugin. -->","yoast_head_json":{"title":"Broker peruano de reaseguro sorprender\u00eda a reasegurador de Corpac 'Chartis AIG Europa'","description":"Portal de noticias del Per\u00fa sobre el transporte a\u00e9reo, aviaci\u00f3n, turismo, hoteleria, actualidad.","robots":{"index":"index","follow":"follow","max-snippet":"max-snippet:-1","max-image-preview":"max-image-preview:large","max-video-preview":"max-video-preview:-1"},"canonical":"https:\/\/aeronoticias.com.pe\/noticiero\/ultimas\/1\/broker-peruano-de-reaseguro-sorprenderia-a-reasegurador-de-corpac-chartis-aig-europa\/","og_locale":"es_ES","og_type":"article","og_title":"Broker peruano de reaseguro sorprender\u00eda a reasegurador de Corpac 'Chartis AIG Europa'","og_description":"Portal de noticias del Per\u00fa sobre el transporte a\u00e9reo, aviaci\u00f3n, turismo, hoteleria, actualidad.","og_url":"https:\/\/aeronoticias.com.pe\/noticiero\/ultimas\/1\/broker-peruano-de-reaseguro-sorprenderia-a-reasegurador-de-corpac-chartis-aig-europa\/","og_site_name":"Aeronoticias.com.pe","article_publisher":"https:\/\/www.facebook.com\/Aeronoticias.com.pe\/","article_published_time":"2012-03-13T13:47:14+00:00","author":"Redacci\u00f3n Aeronoticias","twitter_card":"summary_large_image","twitter_creator":"@aeronoticias","twitter_site":"@aeronoticias","twitter_misc":{"Escrito por":"Redacci\u00f3n Aeronoticias","Tiempo de lectura":"3 minutos"},"schema":{"@context":"https:\/\/schema.org","@graph":[{"@type":"WebPage","@id":"https:\/\/aeronoticias.com.pe\/noticiero\/ultimas\/1\/broker-peruano-de-reaseguro-sorprenderia-a-reasegurador-de-corpac-chartis-aig-europa\/","url":"https:\/\/aeronoticias.com.pe\/noticiero\/ultimas\/1\/broker-peruano-de-reaseguro-sorprenderia-a-reasegurador-de-corpac-chartis-aig-europa\/","name":"Broker peruano de reaseguro sorprender\u00eda a reasegurador de Corpac 'Chartis AIG Europa'","isPartOf":{"@id":"https:\/\/aeronoticias.com.pe\/noticiero\/#website"},"datePublished":"2012-03-13T13:47:14+00:00","author":{"@id":"https:\/\/aeronoticias.com.pe\/noticiero\/#\/schema\/person\/fc1e5d578f4b62ba1cf7ac2bba1170a0"},"description":"Portal de noticias del Per\u00fa sobre el transporte a\u00e9reo, aviaci\u00f3n, turismo, hoteleria, actualidad.","breadcrumb":{"@id":"https:\/\/aeronoticias.com.pe\/noticiero\/ultimas\/1\/broker-peruano-de-reaseguro-sorprenderia-a-reasegurador-de-corpac-chartis-aig-europa\/#breadcrumb"},"inLanguage":"es","potentialAction":[{"@type":"ReadAction","target":["https:\/\/aeronoticias.com.pe\/noticiero\/ultimas\/1\/broker-peruano-de-reaseguro-sorprenderia-a-reasegurador-de-corpac-chartis-aig-europa\/"]}]},{"@type":"BreadcrumbList","@id":"https:\/\/aeronoticias.com.pe\/noticiero\/ultimas\/1\/broker-peruano-de-reaseguro-sorprenderia-a-reasegurador-de-corpac-chartis-aig-europa\/#breadcrumb","itemListElement":[{"@type":"ListItem","position":1,"name":"Portada","item":"https:\/\/aeronoticias.com.pe\/noticiero\/"},{"@type":"ListItem","position":2,"name":"Broker peruano de reaseguro sorprender\u00eda a reasegurador de Corpac &#8216;Chartis AIG Europa&#8217;"}]},{"@type":"WebSite","@id":"https:\/\/aeronoticias.com.pe\/noticiero\/#website","url":"https:\/\/aeronoticias.com.pe\/noticiero\/","name":"Aeronoticias.com.pe","description":"Noticias de tranporte aereo, turismo, hoteles, gastronomia, actualidad, internacional","potentialAction":[{"@type":"SearchAction","target":{"@type":"EntryPoint","urlTemplate":"https:\/\/aeronoticias.com.pe\/noticiero\/?s={search_term_string}"},"query-input":{"@type":"PropertyValueSpecification","valueRequired":true,"valueName":"search_term_string"}}],"inLanguage":"es"},{"@type":"Person","@id":"https:\/\/aeronoticias.com.pe\/noticiero\/#\/schema\/person\/fc1e5d578f4b62ba1cf7ac2bba1170a0","name":"Redacci\u00f3n Aeronoticias","url":"https:\/\/aeronoticias.com.pe\/noticiero\/author\/piloto\/"}]}},"_links":{"self":[{"href":"https:\/\/aeronoticias.com.pe\/noticiero\/wp-json\/wp\/v2\/posts\/24300","targetHints":{"allow":["GET"]}}],"collection":[{"href":"https:\/\/aeronoticias.com.pe\/noticiero\/wp-json\/wp\/v2\/posts"}],"about":[{"href":"https:\/\/aeronoticias.com.pe\/noticiero\/wp-json\/wp\/v2\/types\/post"}],"author":[{"embeddable":true,"href":"https:\/\/aeronoticias.com.pe\/noticiero\/wp-json\/wp\/v2\/users\/1"}],"replies":[{"embeddable":true,"href":"https:\/\/aeronoticias.com.pe\/noticiero\/wp-json\/wp\/v2\/comments?post=24300"}],"version-history":[{"count":0,"href":"https:\/\/aeronoticias.com.pe\/noticiero\/wp-json\/wp\/v2\/posts\/24300\/revisions"}],"wp:attachment":[{"href":"https:\/\/aeronoticias.com.pe\/noticiero\/wp-json\/wp\/v2\/media?parent=24300"}],"wp:term":[{"taxonomy":"category","embeddable":true,"href":"https:\/\/aeronoticias.com.pe\/noticiero\/wp-json\/wp\/v2\/categories?post=24300"},{"taxonomy":"post_tag","embeddable":true,"href":"https:\/\/aeronoticias.com.pe\/noticiero\/wp-json\/wp\/v2\/tags?post=24300"}],"curies":[{"name":"wp","href":"https:\/\/api.w.org\/{rel}","templated":true}]}}