{"id":24316,"date":"2012-03-13T20:45:22","date_gmt":"2012-03-13T20:45:22","guid":{"rendered":"http:\/\/desarrollo.mcvicious.com\/aero2020\/2012\/03\/13\/presidente-de-bolivia-si-ser-socialista-es-un-delito-que-me-expulsen-de-la-oea\/"},"modified":"2012-03-13T20:45:22","modified_gmt":"2012-03-13T20:45:22","slug":"presidente-de-bolivia-si-ser-socialista-es-un-delito-que-me-expulsen-de-la-oea","status":"publish","type":"post","link":"https:\/\/aeronoticias.com.pe\/noticiero\/internacionales\/presidente-de-bolivia-si-ser-socialista-es-un-delito-que-me-expulsen-de-la-oea\/","title":{"rendered":"Presidente de Bolivia: Si ser socialista es un delito, que me expulsen de la OEA"},"content":{"rendered":"<p style=\"text-align: justify;\"><strong>(Aeronoticias).-<\/strong> Evo Morales, presidente de Bolivia cuestion\u00f3 la exclusi\u00f3n de Cuba en la Cumbre de las Am\u00e9ricas por parte de Estados Unidos y Canad\u00e1 por ser un pa\u00eds regido por un gobierno de corte socialista.<\/p>\n<p style=\"text-align: justify;\">\u201cYo tengo la misma tendencia y por lo tanto debo ser expulsado de la Organizaci\u00f3n de Estados Americanos (OEA), si ese es el pretexto\u201d, declar\u00f3.<\/p>\n<p style=\"text-align: justify;\">Morales formul\u00f3 esta declaraci\u00f3n en conferencia de prensa desarrollada en Viena, Austria, donde se desarroll\u00f3 una importante cita internacional sobre estupefacientes y donde el mandatario boliviano defendi\u00f3 el uso de las hojas de coca por su pueblo.<\/p>\n<p style=\"text-align: justify;\">Argument\u00f3 que en su estado natural las hojas de coca no pueden ser confundidas con coca\u00edna porque as\u00ed como la uva no es vino antes de ser procesada, la coca no es coca\u00edna sino ha sido procesada con este fin.<\/p>\n<p>  <!--more-->  <\/p>\n<p style=\"text-align: justify;\"><img decoding=\"async\" src=\"images\/stories\/12\/03\/130312\/evo_morales.jpg\" border=\"0\" alt=\"Presidente de Bolivia: Si ser socialista es un delito, que me expulsen de la OEA\" title=\"Presidente de Bolivia: Si ser socialista es un delito, que me expulsen de la OEA\" \/><\/p>\n","protected":false},"excerpt":{"rendered":"<p>(Aeronoticias).- Evo Morales, presidente de Bolivia cuestion\u00f3 la exclusi\u00f3n de Cuba en la Cumbre de las Am\u00e9ricas por parte de Estados Unidos y Canad\u00e1 por ser un pa\u00eds regido por un gobierno de corte socialista. \u201cYo tengo la misma tendencia y por lo tanto debo ser expulsado de la Organizaci\u00f3n de Estados Americanos (OEA), si [&hellip;]<\/p>\n","protected":false},"author":1,"featured_media":0,"comment_status":"open","ping_status":"open","sticky":false,"template":"","format":"standard","meta":{"tdm_status":"","tdm_grid_status":"","footnotes":""},"categories":[34],"tags":[],"class_list":{"0":"post-24316","1":"post","2":"type-post","3":"status-publish","4":"format-standard","6":"category-internacionales"},"yoast_head":"<!-- This site is optimized with the Yoast SEO plugin v25.1 - https:\/\/yoast.com\/wordpress\/plugins\/seo\/ -->\n<title>Presidente de Bolivia: Si ser socialista es un delito, que me expulsen de la OEA<\/title>\n<meta name=\"description\" content=\"Portal de noticias del Per\u00fa sobre el transporte a\u00e9reo, aviaci\u00f3n, turismo, hoteleria, actualidad.\" \/>\n<meta name=\"robots\" content=\"index, follow, max-snippet:-1, max-image-preview:large, max-video-preview:-1\" \/>\n<link rel=\"canonical\" href=\"https:\/\/aeronoticias.com.pe\/noticiero\/internacionales\/presidente-de-bolivia-si-ser-socialista-es-un-delito-que-me-expulsen-de-la-oea\/\" \/>\n<meta property=\"og:locale\" content=\"es_ES\" \/>\n<meta property=\"og:type\" content=\"article\" \/>\n<meta property=\"og:title\" content=\"Presidente de Bolivia: Si ser socialista es un delito, que me expulsen de la OEA\" \/>\n<meta property=\"og:description\" content=\"Portal de noticias del Per\u00fa sobre el transporte a\u00e9reo, aviaci\u00f3n, turismo, hoteleria, actualidad.\" \/>\n<meta property=\"og:url\" content=\"https:\/\/aeronoticias.com.pe\/noticiero\/internacionales\/presidente-de-bolivia-si-ser-socialista-es-un-delito-que-me-expulsen-de-la-oea\/\" \/>\n<meta property=\"og:site_name\" content=\"Aeronoticias.com.pe\" \/>\n<meta property=\"article:publisher\" content=\"https:\/\/www.facebook.com\/Aeronoticias.com.pe\/\" \/>\n<meta property=\"article:published_time\" content=\"2012-03-13T20:45:22+00:00\" \/>\n<meta name=\"author\" content=\"Redacci\u00f3n Aeronoticias\" \/>\n<meta name=\"twitter:card\" content=\"summary_large_image\" \/>\n<meta name=\"twitter:creator\" content=\"@aeronoticias\" \/>\n<meta name=\"twitter:site\" content=\"@aeronoticias\" \/>\n<meta name=\"twitter:label1\" content=\"Escrito por\" \/>\n\t<meta name=\"twitter:data1\" content=\"Redacci\u00f3n Aeronoticias\" \/>\n\t<meta name=\"twitter:label2\" content=\"Tiempo de lectura\" \/>\n\t<meta name=\"twitter:data2\" content=\"1 minuto\" \/>\n<script type=\"application\/ld+json\" class=\"yoast-schema-graph\">{\"@context\":\"https:\/\/schema.org\",\"@graph\":[{\"@type\":\"WebPage\",\"@id\":\"https:\/\/aeronoticias.com.pe\/noticiero\/internacionales\/presidente-de-bolivia-si-ser-socialista-es-un-delito-que-me-expulsen-de-la-oea\/\",\"url\":\"https:\/\/aeronoticias.com.pe\/noticiero\/internacionales\/presidente-de-bolivia-si-ser-socialista-es-un-delito-que-me-expulsen-de-la-oea\/\",\"name\":\"Presidente de Bolivia: Si ser socialista es un delito, que me expulsen de la OEA\",\"isPartOf\":{\"@id\":\"https:\/\/aeronoticias.com.pe\/noticiero\/#website\"},\"datePublished\":\"2012-03-13T20:45:22+00:00\",\"author\":{\"@id\":\"https:\/\/aeronoticias.com.pe\/noticiero\/#\/schema\/person\/fc1e5d578f4b62ba1cf7ac2bba1170a0\"},\"description\":\"Portal de noticias del Per\u00fa sobre el transporte a\u00e9reo, aviaci\u00f3n, turismo, hoteleria, actualidad.\",\"breadcrumb\":{\"@id\":\"https:\/\/aeronoticias.com.pe\/noticiero\/internacionales\/presidente-de-bolivia-si-ser-socialista-es-un-delito-que-me-expulsen-de-la-oea\/#breadcrumb\"},\"inLanguage\":\"es\",\"potentialAction\":[{\"@type\":\"ReadAction\",\"target\":[\"https:\/\/aeronoticias.com.pe\/noticiero\/internacionales\/presidente-de-bolivia-si-ser-socialista-es-un-delito-que-me-expulsen-de-la-oea\/\"]}]},{\"@type\":\"BreadcrumbList\",\"@id\":\"https:\/\/aeronoticias.com.pe\/noticiero\/internacionales\/presidente-de-bolivia-si-ser-socialista-es-un-delito-que-me-expulsen-de-la-oea\/#breadcrumb\",\"itemListElement\":[{\"@type\":\"ListItem\",\"position\":1,\"name\":\"Portada\",\"item\":\"https:\/\/aeronoticias.com.pe\/noticiero\/\"},{\"@type\":\"ListItem\",\"position\":2,\"name\":\"Presidente de Bolivia: Si ser socialista es un delito, que me expulsen de la OEA\"}]},{\"@type\":\"WebSite\",\"@id\":\"https:\/\/aeronoticias.com.pe\/noticiero\/#website\",\"url\":\"https:\/\/aeronoticias.com.pe\/noticiero\/\",\"name\":\"Aeronoticias.com.pe\",\"description\":\"Noticias de tranporte aereo, turismo, hoteles, gastronomia, actualidad, internacional\",\"potentialAction\":[{\"@type\":\"SearchAction\",\"target\":{\"@type\":\"EntryPoint\",\"urlTemplate\":\"https:\/\/aeronoticias.com.pe\/noticiero\/?s={search_term_string}\"},\"query-input\":{\"@type\":\"PropertyValueSpecification\",\"valueRequired\":true,\"valueName\":\"search_term_string\"}}],\"inLanguage\":\"es\"},{\"@type\":\"Person\",\"@id\":\"https:\/\/aeronoticias.com.pe\/noticiero\/#\/schema\/person\/fc1e5d578f4b62ba1cf7ac2bba1170a0\",\"name\":\"Redacci\u00f3n Aeronoticias\",\"url\":\"https:\/\/aeronoticias.com.pe\/noticiero\/author\/piloto\/\"}]}<\/script>\n<!-- \/ Yoast SEO plugin. -->","yoast_head_json":{"title":"Presidente de Bolivia: Si ser socialista es un delito, que me expulsen de la OEA","description":"Portal de noticias del Per\u00fa sobre el transporte a\u00e9reo, aviaci\u00f3n, turismo, hoteleria, actualidad.","robots":{"index":"index","follow":"follow","max-snippet":"max-snippet:-1","max-image-preview":"max-image-preview:large","max-video-preview":"max-video-preview:-1"},"canonical":"https:\/\/aeronoticias.com.pe\/noticiero\/internacionales\/presidente-de-bolivia-si-ser-socialista-es-un-delito-que-me-expulsen-de-la-oea\/","og_locale":"es_ES","og_type":"article","og_title":"Presidente de Bolivia: Si ser socialista es un delito, que me expulsen de la OEA","og_description":"Portal de noticias del Per\u00fa sobre el transporte a\u00e9reo, aviaci\u00f3n, turismo, hoteleria, actualidad.","og_url":"https:\/\/aeronoticias.com.pe\/noticiero\/internacionales\/presidente-de-bolivia-si-ser-socialista-es-un-delito-que-me-expulsen-de-la-oea\/","og_site_name":"Aeronoticias.com.pe","article_publisher":"https:\/\/www.facebook.com\/Aeronoticias.com.pe\/","article_published_time":"2012-03-13T20:45:22+00:00","author":"Redacci\u00f3n Aeronoticias","twitter_card":"summary_large_image","twitter_creator":"@aeronoticias","twitter_site":"@aeronoticias","twitter_misc":{"Escrito por":"Redacci\u00f3n Aeronoticias","Tiempo de lectura":"1 minuto"},"schema":{"@context":"https:\/\/schema.org","@graph":[{"@type":"WebPage","@id":"https:\/\/aeronoticias.com.pe\/noticiero\/internacionales\/presidente-de-bolivia-si-ser-socialista-es-un-delito-que-me-expulsen-de-la-oea\/","url":"https:\/\/aeronoticias.com.pe\/noticiero\/internacionales\/presidente-de-bolivia-si-ser-socialista-es-un-delito-que-me-expulsen-de-la-oea\/","name":"Presidente de Bolivia: Si ser socialista es un delito, que me expulsen de la OEA","isPartOf":{"@id":"https:\/\/aeronoticias.com.pe\/noticiero\/#website"},"datePublished":"2012-03-13T20:45:22+00:00","author":{"@id":"https:\/\/aeronoticias.com.pe\/noticiero\/#\/schema\/person\/fc1e5d578f4b62ba1cf7ac2bba1170a0"},"description":"Portal de noticias del Per\u00fa sobre el transporte a\u00e9reo, aviaci\u00f3n, turismo, hoteleria, actualidad.","breadcrumb":{"@id":"https:\/\/aeronoticias.com.pe\/noticiero\/internacionales\/presidente-de-bolivia-si-ser-socialista-es-un-delito-que-me-expulsen-de-la-oea\/#breadcrumb"},"inLanguage":"es","potentialAction":[{"@type":"ReadAction","target":["https:\/\/aeronoticias.com.pe\/noticiero\/internacionales\/presidente-de-bolivia-si-ser-socialista-es-un-delito-que-me-expulsen-de-la-oea\/"]}]},{"@type":"BreadcrumbList","@id":"https:\/\/aeronoticias.com.pe\/noticiero\/internacionales\/presidente-de-bolivia-si-ser-socialista-es-un-delito-que-me-expulsen-de-la-oea\/#breadcrumb","itemListElement":[{"@type":"ListItem","position":1,"name":"Portada","item":"https:\/\/aeronoticias.com.pe\/noticiero\/"},{"@type":"ListItem","position":2,"name":"Presidente de Bolivia: Si ser socialista es un delito, que me expulsen de la OEA"}]},{"@type":"WebSite","@id":"https:\/\/aeronoticias.com.pe\/noticiero\/#website","url":"https:\/\/aeronoticias.com.pe\/noticiero\/","name":"Aeronoticias.com.pe","description":"Noticias de tranporte aereo, turismo, hoteles, gastronomia, actualidad, internacional","potentialAction":[{"@type":"SearchAction","target":{"@type":"EntryPoint","urlTemplate":"https:\/\/aeronoticias.com.pe\/noticiero\/?s={search_term_string}"},"query-input":{"@type":"PropertyValueSpecification","valueRequired":true,"valueName":"search_term_string"}}],"inLanguage":"es"},{"@type":"Person","@id":"https:\/\/aeronoticias.com.pe\/noticiero\/#\/schema\/person\/fc1e5d578f4b62ba1cf7ac2bba1170a0","name":"Redacci\u00f3n Aeronoticias","url":"https:\/\/aeronoticias.com.pe\/noticiero\/author\/piloto\/"}]}},"_links":{"self":[{"href":"https:\/\/aeronoticias.com.pe\/noticiero\/wp-json\/wp\/v2\/posts\/24316","targetHints":{"allow":["GET"]}}],"collection":[{"href":"https:\/\/aeronoticias.com.pe\/noticiero\/wp-json\/wp\/v2\/posts"}],"about":[{"href":"https:\/\/aeronoticias.com.pe\/noticiero\/wp-json\/wp\/v2\/types\/post"}],"author":[{"embeddable":true,"href":"https:\/\/aeronoticias.com.pe\/noticiero\/wp-json\/wp\/v2\/users\/1"}],"replies":[{"embeddable":true,"href":"https:\/\/aeronoticias.com.pe\/noticiero\/wp-json\/wp\/v2\/comments?post=24316"}],"version-history":[{"count":0,"href":"https:\/\/aeronoticias.com.pe\/noticiero\/wp-json\/wp\/v2\/posts\/24316\/revisions"}],"wp:attachment":[{"href":"https:\/\/aeronoticias.com.pe\/noticiero\/wp-json\/wp\/v2\/media?parent=24316"}],"wp:term":[{"taxonomy":"category","embeddable":true,"href":"https:\/\/aeronoticias.com.pe\/noticiero\/wp-json\/wp\/v2\/categories?post=24316"},{"taxonomy":"post_tag","embeddable":true,"href":"https:\/\/aeronoticias.com.pe\/noticiero\/wp-json\/wp\/v2\/tags?post=24316"}],"curies":[{"name":"wp","href":"https:\/\/api.w.org\/{rel}","templated":true}]}}