{"id":24319,"date":"2012-03-13T22:08:24","date_gmt":"2012-03-13T22:08:24","guid":{"rendered":"http:\/\/desarrollo.mcvicious.com\/aero2020\/2012\/03\/13\/policia-detiene-al-administrador-de-cuevana-en-chile\/"},"modified":"2012-03-13T22:08:24","modified_gmt":"2012-03-13T22:08:24","slug":"policia-detiene-al-administrador-de-cuevana-en-chile","status":"publish","type":"post","link":"https:\/\/aeronoticias.com.pe\/noticiero\/internacionales\/policia-detiene-al-administrador-de-cuevana-en-chile\/","title":{"rendered":"Polic\u00eda detiene al administrador de Cuevana en Chile\u200e"},"content":{"rendered":"<p style=\"text-align: justify;\"><strong>(Aeronoticias).-<\/strong> Agentes de la Polic\u00eda de Investigaciones de Chile detuvieron hoy al responsable de Cuevana en dicho pa\u00eds por infringir la Ley de Propiedad Intelectual al subir a Internet una serie de pel\u00edculas chilenas, inform\u00f3 El Mercurio.<\/p>\n<p style=\"text-align: justify;\">Cristian \u00c1lvarez Rojas (26), estudiante de un Mag\u00edster en Arte en la Universidad Cat\u00f3lica, era investigado desde enero pasado por la Polic\u00eda y la Fiscal\u00eda Metropolitana de Occidente a partir de una denuncia presentada por los representantes de HBO en Chile.<\/p>\n<hr id=\"system-readmore\" style=\"text-align: justify;\" \/>\n<p style=\"text-align: justify;\">\u201c\u00c9l es uno de los nueve adminsitradores en Latinoam\u00e9rica del sitio, el resto son todos argentinos. \u00c9l era el encargado de subir pel\u00edculas chilenas sin contar con las autorizaciones legales y sin cancelar los derechos de autor\u201d, relat\u00f3 el subcomisario de la Brigada de Investigaci\u00f3n de Delitos Contra la Propiedad Intelectual (Bridepi), Roberto Villarroel.<\/p>\n<p style=\"text-align: justify;\">De acuerdo a su declaraci\u00f3n a la Polic\u00eda, \u00c1lvarez compart\u00eda el material porque es un cin\u00e9filo y no recib\u00eda ning\u00fan pago por su trabajo. Sin embargo, tal versi\u00f3n es investigada.<\/p>\n<p style=\"text-align: justify;\"><strong>M\u00e1s informaci\u00f3n<\/strong><\/p>\n<p style=\"text-align: justify;\">Tras la detenci\u00f3n, la polic\u00eda chilena puso en libertad a\u00a0 <span style=\"text-align: -webkit-auto;\">Cristian \u00c1lvarez Rojas, <\/span>pero quedo restringido de salir del pa\u00eds sure\u00f1o.<\/p>\n<p style=\"text-align: justify; \"><img decoding=\"async\" src=\"images\/stories\/12\/01\/260112\/cuevana.jpg\" border=\"0\" alt=\"Polic\u00eda detiene al administrador de Cuevana en Chile\u200e\" title=\"Polic\u00eda detiene al administrador de Cuevana en Chile\u200e\" \/><\/p>\n","protected":false},"excerpt":{"rendered":"<p>(Aeronoticias).- Agentes de la Polic\u00eda de Investigaciones de Chile detuvieron hoy al responsable de Cuevana en dicho pa\u00eds por infringir la Ley de Propiedad Intelectual al subir a Internet una serie de pel\u00edculas chilenas, inform\u00f3 El Mercurio. Cristian \u00c1lvarez Rojas (26), estudiante de un Mag\u00edster en Arte en la Universidad Cat\u00f3lica, era investigado desde enero [&hellip;]<\/p>\n","protected":false},"author":1,"featured_media":0,"comment_status":"open","ping_status":"open","sticky":false,"template":"","format":"standard","meta":{"tdm_status":"","tdm_grid_status":"","footnotes":""},"categories":[34],"tags":[],"class_list":{"0":"post-24319","1":"post","2":"type-post","3":"status-publish","4":"format-standard","6":"category-internacionales"},"yoast_head":"<!-- This site is optimized with the Yoast SEO plugin v25.1 - https:\/\/yoast.com\/wordpress\/plugins\/seo\/ -->\n<title>Polic\u00eda detiene al administrador de Cuevana en Chile\u200e<\/title>\n<meta name=\"description\" content=\"Portal de noticias del Per\u00fa sobre el transporte a\u00e9reo, aviaci\u00f3n, turismo, hoteleria, actualidad.\" \/>\n<meta name=\"robots\" content=\"index, follow, max-snippet:-1, max-image-preview:large, max-video-preview:-1\" \/>\n<link rel=\"canonical\" href=\"https:\/\/aeronoticias.com.pe\/noticiero\/internacionales\/policia-detiene-al-administrador-de-cuevana-en-chile\/\" \/>\n<meta property=\"og:locale\" content=\"es_ES\" \/>\n<meta property=\"og:type\" content=\"article\" \/>\n<meta property=\"og:title\" content=\"Polic\u00eda detiene al administrador de Cuevana en Chile\u200e\" \/>\n<meta property=\"og:description\" content=\"Portal de noticias del Per\u00fa sobre el transporte a\u00e9reo, aviaci\u00f3n, turismo, hoteleria, actualidad.\" \/>\n<meta property=\"og:url\" content=\"https:\/\/aeronoticias.com.pe\/noticiero\/internacionales\/policia-detiene-al-administrador-de-cuevana-en-chile\/\" \/>\n<meta property=\"og:site_name\" content=\"Aeronoticias.com.pe\" \/>\n<meta property=\"article:publisher\" content=\"https:\/\/www.facebook.com\/Aeronoticias.com.pe\/\" \/>\n<meta property=\"article:published_time\" content=\"2012-03-13T22:08:24+00:00\" \/>\n<meta name=\"author\" content=\"Redacci\u00f3n Aeronoticias\" \/>\n<meta name=\"twitter:card\" content=\"summary_large_image\" \/>\n<meta name=\"twitter:creator\" content=\"@aeronoticias\" \/>\n<meta name=\"twitter:site\" content=\"@aeronoticias\" \/>\n<meta name=\"twitter:label1\" content=\"Escrito por\" \/>\n\t<meta name=\"twitter:data1\" content=\"Redacci\u00f3n Aeronoticias\" \/>\n\t<meta name=\"twitter:label2\" content=\"Tiempo de lectura\" \/>\n\t<meta name=\"twitter:data2\" content=\"1 minuto\" \/>\n<script type=\"application\/ld+json\" class=\"yoast-schema-graph\">{\"@context\":\"https:\/\/schema.org\",\"@graph\":[{\"@type\":\"WebPage\",\"@id\":\"https:\/\/aeronoticias.com.pe\/noticiero\/internacionales\/policia-detiene-al-administrador-de-cuevana-en-chile\/\",\"url\":\"https:\/\/aeronoticias.com.pe\/noticiero\/internacionales\/policia-detiene-al-administrador-de-cuevana-en-chile\/\",\"name\":\"Polic\u00eda detiene al administrador de Cuevana en Chile\u200e\",\"isPartOf\":{\"@id\":\"https:\/\/aeronoticias.com.pe\/noticiero\/#website\"},\"datePublished\":\"2012-03-13T22:08:24+00:00\",\"author\":{\"@id\":\"https:\/\/aeronoticias.com.pe\/noticiero\/#\/schema\/person\/fc1e5d578f4b62ba1cf7ac2bba1170a0\"},\"description\":\"Portal de noticias del Per\u00fa sobre el transporte a\u00e9reo, aviaci\u00f3n, turismo, hoteleria, actualidad.\",\"breadcrumb\":{\"@id\":\"https:\/\/aeronoticias.com.pe\/noticiero\/internacionales\/policia-detiene-al-administrador-de-cuevana-en-chile\/#breadcrumb\"},\"inLanguage\":\"es\",\"potentialAction\":[{\"@type\":\"ReadAction\",\"target\":[\"https:\/\/aeronoticias.com.pe\/noticiero\/internacionales\/policia-detiene-al-administrador-de-cuevana-en-chile\/\"]}]},{\"@type\":\"BreadcrumbList\",\"@id\":\"https:\/\/aeronoticias.com.pe\/noticiero\/internacionales\/policia-detiene-al-administrador-de-cuevana-en-chile\/#breadcrumb\",\"itemListElement\":[{\"@type\":\"ListItem\",\"position\":1,\"name\":\"Portada\",\"item\":\"https:\/\/aeronoticias.com.pe\/noticiero\/\"},{\"@type\":\"ListItem\",\"position\":2,\"name\":\"Polic\u00eda detiene al administrador de Cuevana en Chile\u200e\"}]},{\"@type\":\"WebSite\",\"@id\":\"https:\/\/aeronoticias.com.pe\/noticiero\/#website\",\"url\":\"https:\/\/aeronoticias.com.pe\/noticiero\/\",\"name\":\"Aeronoticias.com.pe\",\"description\":\"Noticias de tranporte aereo, turismo, hoteles, gastronomia, actualidad, internacional\",\"potentialAction\":[{\"@type\":\"SearchAction\",\"target\":{\"@type\":\"EntryPoint\",\"urlTemplate\":\"https:\/\/aeronoticias.com.pe\/noticiero\/?s={search_term_string}\"},\"query-input\":{\"@type\":\"PropertyValueSpecification\",\"valueRequired\":true,\"valueName\":\"search_term_string\"}}],\"inLanguage\":\"es\"},{\"@type\":\"Person\",\"@id\":\"https:\/\/aeronoticias.com.pe\/noticiero\/#\/schema\/person\/fc1e5d578f4b62ba1cf7ac2bba1170a0\",\"name\":\"Redacci\u00f3n Aeronoticias\",\"url\":\"https:\/\/aeronoticias.com.pe\/noticiero\/author\/piloto\/\"}]}<\/script>\n<!-- \/ Yoast SEO plugin. -->","yoast_head_json":{"title":"Polic\u00eda detiene al administrador de Cuevana en Chile\u200e","description":"Portal de noticias del Per\u00fa sobre el transporte a\u00e9reo, aviaci\u00f3n, turismo, hoteleria, actualidad.","robots":{"index":"index","follow":"follow","max-snippet":"max-snippet:-1","max-image-preview":"max-image-preview:large","max-video-preview":"max-video-preview:-1"},"canonical":"https:\/\/aeronoticias.com.pe\/noticiero\/internacionales\/policia-detiene-al-administrador-de-cuevana-en-chile\/","og_locale":"es_ES","og_type":"article","og_title":"Polic\u00eda detiene al administrador de Cuevana en Chile\u200e","og_description":"Portal de noticias del Per\u00fa sobre el transporte a\u00e9reo, aviaci\u00f3n, turismo, hoteleria, actualidad.","og_url":"https:\/\/aeronoticias.com.pe\/noticiero\/internacionales\/policia-detiene-al-administrador-de-cuevana-en-chile\/","og_site_name":"Aeronoticias.com.pe","article_publisher":"https:\/\/www.facebook.com\/Aeronoticias.com.pe\/","article_published_time":"2012-03-13T22:08:24+00:00","author":"Redacci\u00f3n Aeronoticias","twitter_card":"summary_large_image","twitter_creator":"@aeronoticias","twitter_site":"@aeronoticias","twitter_misc":{"Escrito por":"Redacci\u00f3n Aeronoticias","Tiempo de lectura":"1 minuto"},"schema":{"@context":"https:\/\/schema.org","@graph":[{"@type":"WebPage","@id":"https:\/\/aeronoticias.com.pe\/noticiero\/internacionales\/policia-detiene-al-administrador-de-cuevana-en-chile\/","url":"https:\/\/aeronoticias.com.pe\/noticiero\/internacionales\/policia-detiene-al-administrador-de-cuevana-en-chile\/","name":"Polic\u00eda detiene al administrador de Cuevana en Chile\u200e","isPartOf":{"@id":"https:\/\/aeronoticias.com.pe\/noticiero\/#website"},"datePublished":"2012-03-13T22:08:24+00:00","author":{"@id":"https:\/\/aeronoticias.com.pe\/noticiero\/#\/schema\/person\/fc1e5d578f4b62ba1cf7ac2bba1170a0"},"description":"Portal de noticias del Per\u00fa sobre el transporte a\u00e9reo, aviaci\u00f3n, turismo, hoteleria, actualidad.","breadcrumb":{"@id":"https:\/\/aeronoticias.com.pe\/noticiero\/internacionales\/policia-detiene-al-administrador-de-cuevana-en-chile\/#breadcrumb"},"inLanguage":"es","potentialAction":[{"@type":"ReadAction","target":["https:\/\/aeronoticias.com.pe\/noticiero\/internacionales\/policia-detiene-al-administrador-de-cuevana-en-chile\/"]}]},{"@type":"BreadcrumbList","@id":"https:\/\/aeronoticias.com.pe\/noticiero\/internacionales\/policia-detiene-al-administrador-de-cuevana-en-chile\/#breadcrumb","itemListElement":[{"@type":"ListItem","position":1,"name":"Portada","item":"https:\/\/aeronoticias.com.pe\/noticiero\/"},{"@type":"ListItem","position":2,"name":"Polic\u00eda detiene al administrador de Cuevana en Chile\u200e"}]},{"@type":"WebSite","@id":"https:\/\/aeronoticias.com.pe\/noticiero\/#website","url":"https:\/\/aeronoticias.com.pe\/noticiero\/","name":"Aeronoticias.com.pe","description":"Noticias de tranporte aereo, turismo, hoteles, gastronomia, actualidad, internacional","potentialAction":[{"@type":"SearchAction","target":{"@type":"EntryPoint","urlTemplate":"https:\/\/aeronoticias.com.pe\/noticiero\/?s={search_term_string}"},"query-input":{"@type":"PropertyValueSpecification","valueRequired":true,"valueName":"search_term_string"}}],"inLanguage":"es"},{"@type":"Person","@id":"https:\/\/aeronoticias.com.pe\/noticiero\/#\/schema\/person\/fc1e5d578f4b62ba1cf7ac2bba1170a0","name":"Redacci\u00f3n Aeronoticias","url":"https:\/\/aeronoticias.com.pe\/noticiero\/author\/piloto\/"}]}},"_links":{"self":[{"href":"https:\/\/aeronoticias.com.pe\/noticiero\/wp-json\/wp\/v2\/posts\/24319","targetHints":{"allow":["GET"]}}],"collection":[{"href":"https:\/\/aeronoticias.com.pe\/noticiero\/wp-json\/wp\/v2\/posts"}],"about":[{"href":"https:\/\/aeronoticias.com.pe\/noticiero\/wp-json\/wp\/v2\/types\/post"}],"author":[{"embeddable":true,"href":"https:\/\/aeronoticias.com.pe\/noticiero\/wp-json\/wp\/v2\/users\/1"}],"replies":[{"embeddable":true,"href":"https:\/\/aeronoticias.com.pe\/noticiero\/wp-json\/wp\/v2\/comments?post=24319"}],"version-history":[{"count":0,"href":"https:\/\/aeronoticias.com.pe\/noticiero\/wp-json\/wp\/v2\/posts\/24319\/revisions"}],"wp:attachment":[{"href":"https:\/\/aeronoticias.com.pe\/noticiero\/wp-json\/wp\/v2\/media?parent=24319"}],"wp:term":[{"taxonomy":"category","embeddable":true,"href":"https:\/\/aeronoticias.com.pe\/noticiero\/wp-json\/wp\/v2\/categories?post=24319"},{"taxonomy":"post_tag","embeddable":true,"href":"https:\/\/aeronoticias.com.pe\/noticiero\/wp-json\/wp\/v2\/tags?post=24319"}],"curies":[{"name":"wp","href":"https:\/\/api.w.org\/{rel}","templated":true}]}}