{"id":24323,"date":"2012-03-14T13:04:41","date_gmt":"2012-03-14T13:04:41","guid":{"rendered":"http:\/\/desarrollo.mcvicious.com\/aero2020\/2012\/03\/14\/indecopi-intensificara-labor-de-orientacion-y-fiscalizacion-de-la-publicidad-en-defensa-de-los-consumidores\/"},"modified":"2012-03-14T13:04:41","modified_gmt":"2012-03-14T13:04:41","slug":"indecopi-intensificara-labor-de-orientacion-y-fiscalizacion-de-la-publicidad-en-defensa-de-los-consumidores","status":"publish","type":"post","link":"https:\/\/aeronoticias.com.pe\/noticiero\/nacionales\/indecopi-intensificara-labor-de-orientacion-y-fiscalizacion-de-la-publicidad-en-defensa-de-los-consumidores\/","title":{"rendered":"INDECOPI intensificar\u00e1 labor de orientaci\u00f3n y fiscalizaci\u00f3n de la publicidad en defensa de los consumidores"},"content":{"rendered":"<p style=\"text-align: justify;\"><strong>(Aeronoticias).-<\/strong> El Instituto Nacional de Defensa de la Competencia y de la Protecci\u00f3n de la Propiedad Intelectual (INDECOPI) anunci\u00f3 que intensificar\u00e1 su labor de orientaci\u00f3n y fiscalizaci\u00f3n en materia de publicidad, en defensa de los consumidores, poniendo en marcha estrategias que conduzcan a una honesta y leal competencia entre proveedores.<\/p>\n<p>Durante el foro \u201cINDECOPI y la nueva agenda de publicidad en defensa de los consumidores\u201d, organizado en el marco de la Semana del Consumidor, la instituci\u00f3n destac\u00f3 que para este a\u00f1o proyecta incrementar la labor de oficio en un 10%, la misma que ser\u00e1 complementada con la constante comunicaci\u00f3n con los anunciantes sobre la regulaci\u00f3n publicitaria y sus obligaciones; adem\u00e1s de la atenci\u00f3n directa a los consumidores a trav\u00e9s de los canales del INDECOPI.<br \/>  <!--more-->  <br \/>Como se sabe, la instituci\u00f3n tiene como misi\u00f3n\u00a0 propiciar el buen funcionamiento del mercado, en beneficio de los ciudadanos -consumidores y empresarios-, mediante la defensa de los derechos del consumidor, la prevenci\u00f3n y fiscalizaci\u00f3n de pr\u00e1cticas restrictivas a la libre y leal competencia, la protecci\u00f3n de la propiedad intelectual y la promoci\u00f3n y desarrollo de una infraestructura y cultura de la calidad en el Per\u00fa.<\/p>\n<p>Al respecto, el presidente del INDECOPI, Hebert Tassano Velaochaga reafirm\u00f3 que el rol proactivo de la instituci\u00f3n contribuye a una correcta cultura de mercado en beneficio de todos. \u201cBuscamos que los agentes conozcan a cabalidad sus obligaciones y act\u00faen de acuerdo a la buena fe empresarial y con un enfoque pro consumidor. Ello sin dejar de lado nuestra labor de supervisi\u00f3n y de fiscalizaci\u00f3n, que seguiremos llevando a cabo con energ\u00eda y determinaci\u00f3n\u201d, destac\u00f3 durante la ceremonia de clausura.<\/p>\n<p>El foro, organizado conjuntamente con la Asociaci\u00f3n Civil Themis, es un esfuerzo de la instituci\u00f3n por poner en pr\u00e1ctica su nueva orientaci\u00f3n proactiva y educativa, buscando informar a los agentes econ\u00f3micos y no solo sancionarlos.<\/p>\n<p>La actividad cont\u00f3 con la participaci\u00f3n de invitados, especialistas en la materia, cuya participaci\u00f3n permiti\u00f3, adem\u00e1s, conocer su visi\u00f3n sobre la labor que INDECOPI lleva adelante. Se analizaron y discutieron casos recientemente resueltos, buscando orientar al p\u00fablico respecto de la intensa labor que se realiza en materia de publicidad en defensa de los consumidores, as\u00ed como su impacto en los anunciantes, para determinar si estos adec\u00faan su trabajo a la legislaci\u00f3n vigente.<br \/><img decoding=\"async\" src=\"images\/stories\/12\/03\/140312\/indecopiconsumidores.jpg\" border=\"0\" \/><\/p>\n","protected":false},"excerpt":{"rendered":"<p>(Aeronoticias).- El Instituto Nacional de Defensa de la Competencia y de la Protecci\u00f3n de la Propiedad Intelectual (INDECOPI) anunci\u00f3 que intensificar\u00e1 su labor de orientaci\u00f3n y fiscalizaci\u00f3n en materia de publicidad, en defensa de los consumidores, poniendo en marcha estrategias que conduzcan a una honesta y leal competencia entre proveedores. Durante el foro \u201cINDECOPI y [&hellip;]<\/p>\n","protected":false},"author":1,"featured_media":0,"comment_status":"open","ping_status":"open","sticky":false,"template":"","format":"standard","meta":{"tdm_status":"","tdm_grid_status":"","footnotes":""},"categories":[38],"tags":[],"class_list":{"0":"post-24323","1":"post","2":"type-post","3":"status-publish","4":"format-standard","6":"category-nacionales"},"yoast_head":"<!-- This site is optimized with the Yoast SEO plugin v25.1 - https:\/\/yoast.com\/wordpress\/plugins\/seo\/ -->\n<title>INDECOPI intensificar\u00e1 labor de orientaci\u00f3n y fiscalizaci\u00f3n de la publicidad en defensa de los consumidores<\/title>\n<meta name=\"description\" content=\"Portal de noticias del Per\u00fa sobre el transporte a\u00e9reo, aviaci\u00f3n, turismo, hoteleria, actualidad.\" \/>\n<meta name=\"robots\" content=\"index, follow, max-snippet:-1, max-image-preview:large, max-video-preview:-1\" \/>\n<link rel=\"canonical\" href=\"https:\/\/aeronoticias.com.pe\/noticiero\/nacionales\/indecopi-intensificara-labor-de-orientacion-y-fiscalizacion-de-la-publicidad-en-defensa-de-los-consumidores\/\" \/>\n<meta property=\"og:locale\" content=\"es_ES\" \/>\n<meta property=\"og:type\" content=\"article\" \/>\n<meta property=\"og:title\" content=\"INDECOPI intensificar\u00e1 labor de orientaci\u00f3n y fiscalizaci\u00f3n de la publicidad en defensa de los consumidores\" \/>\n<meta property=\"og:description\" content=\"Portal de noticias del Per\u00fa sobre el transporte a\u00e9reo, aviaci\u00f3n, turismo, hoteleria, actualidad.\" \/>\n<meta property=\"og:url\" content=\"https:\/\/aeronoticias.com.pe\/noticiero\/nacionales\/indecopi-intensificara-labor-de-orientacion-y-fiscalizacion-de-la-publicidad-en-defensa-de-los-consumidores\/\" \/>\n<meta property=\"og:site_name\" content=\"Aeronoticias.com.pe\" \/>\n<meta property=\"article:publisher\" content=\"https:\/\/www.facebook.com\/Aeronoticias.com.pe\/\" \/>\n<meta property=\"article:published_time\" content=\"2012-03-14T13:04:41+00:00\" \/>\n<meta name=\"author\" content=\"Redacci\u00f3n Aeronoticias\" \/>\n<meta name=\"twitter:card\" content=\"summary_large_image\" \/>\n<meta name=\"twitter:creator\" content=\"@aeronoticias\" \/>\n<meta name=\"twitter:site\" content=\"@aeronoticias\" \/>\n<meta name=\"twitter:label1\" content=\"Escrito por\" \/>\n\t<meta name=\"twitter:data1\" content=\"Redacci\u00f3n Aeronoticias\" \/>\n\t<meta name=\"twitter:label2\" content=\"Tiempo de lectura\" \/>\n\t<meta name=\"twitter:data2\" content=\"2 minutos\" \/>\n<script type=\"application\/ld+json\" class=\"yoast-schema-graph\">{\"@context\":\"https:\/\/schema.org\",\"@graph\":[{\"@type\":\"WebPage\",\"@id\":\"https:\/\/aeronoticias.com.pe\/noticiero\/nacionales\/indecopi-intensificara-labor-de-orientacion-y-fiscalizacion-de-la-publicidad-en-defensa-de-los-consumidores\/\",\"url\":\"https:\/\/aeronoticias.com.pe\/noticiero\/nacionales\/indecopi-intensificara-labor-de-orientacion-y-fiscalizacion-de-la-publicidad-en-defensa-de-los-consumidores\/\",\"name\":\"INDECOPI intensificar\u00e1 labor de orientaci\u00f3n y fiscalizaci\u00f3n de la publicidad en defensa de los consumidores\",\"isPartOf\":{\"@id\":\"https:\/\/aeronoticias.com.pe\/noticiero\/#website\"},\"datePublished\":\"2012-03-14T13:04:41+00:00\",\"author\":{\"@id\":\"https:\/\/aeronoticias.com.pe\/noticiero\/#\/schema\/person\/fc1e5d578f4b62ba1cf7ac2bba1170a0\"},\"description\":\"Portal de noticias del Per\u00fa sobre el transporte a\u00e9reo, aviaci\u00f3n, turismo, hoteleria, actualidad.\",\"breadcrumb\":{\"@id\":\"https:\/\/aeronoticias.com.pe\/noticiero\/nacionales\/indecopi-intensificara-labor-de-orientacion-y-fiscalizacion-de-la-publicidad-en-defensa-de-los-consumidores\/#breadcrumb\"},\"inLanguage\":\"es\",\"potentialAction\":[{\"@type\":\"ReadAction\",\"target\":[\"https:\/\/aeronoticias.com.pe\/noticiero\/nacionales\/indecopi-intensificara-labor-de-orientacion-y-fiscalizacion-de-la-publicidad-en-defensa-de-los-consumidores\/\"]}]},{\"@type\":\"BreadcrumbList\",\"@id\":\"https:\/\/aeronoticias.com.pe\/noticiero\/nacionales\/indecopi-intensificara-labor-de-orientacion-y-fiscalizacion-de-la-publicidad-en-defensa-de-los-consumidores\/#breadcrumb\",\"itemListElement\":[{\"@type\":\"ListItem\",\"position\":1,\"name\":\"Portada\",\"item\":\"https:\/\/aeronoticias.com.pe\/noticiero\/\"},{\"@type\":\"ListItem\",\"position\":2,\"name\":\"INDECOPI intensificar\u00e1 labor de orientaci\u00f3n y fiscalizaci\u00f3n de la publicidad en defensa de los consumidores\"}]},{\"@type\":\"WebSite\",\"@id\":\"https:\/\/aeronoticias.com.pe\/noticiero\/#website\",\"url\":\"https:\/\/aeronoticias.com.pe\/noticiero\/\",\"name\":\"Aeronoticias.com.pe\",\"description\":\"Noticias de tranporte aereo, turismo, hoteles, gastronomia, actualidad, internacional\",\"potentialAction\":[{\"@type\":\"SearchAction\",\"target\":{\"@type\":\"EntryPoint\",\"urlTemplate\":\"https:\/\/aeronoticias.com.pe\/noticiero\/?s={search_term_string}\"},\"query-input\":{\"@type\":\"PropertyValueSpecification\",\"valueRequired\":true,\"valueName\":\"search_term_string\"}}],\"inLanguage\":\"es\"},{\"@type\":\"Person\",\"@id\":\"https:\/\/aeronoticias.com.pe\/noticiero\/#\/schema\/person\/fc1e5d578f4b62ba1cf7ac2bba1170a0\",\"name\":\"Redacci\u00f3n Aeronoticias\",\"url\":\"https:\/\/aeronoticias.com.pe\/noticiero\/author\/piloto\/\"}]}<\/script>\n<!-- \/ Yoast SEO plugin. -->","yoast_head_json":{"title":"INDECOPI intensificar\u00e1 labor de orientaci\u00f3n y fiscalizaci\u00f3n de la publicidad en defensa de los consumidores","description":"Portal de noticias del Per\u00fa sobre el transporte a\u00e9reo, aviaci\u00f3n, turismo, hoteleria, actualidad.","robots":{"index":"index","follow":"follow","max-snippet":"max-snippet:-1","max-image-preview":"max-image-preview:large","max-video-preview":"max-video-preview:-1"},"canonical":"https:\/\/aeronoticias.com.pe\/noticiero\/nacionales\/indecopi-intensificara-labor-de-orientacion-y-fiscalizacion-de-la-publicidad-en-defensa-de-los-consumidores\/","og_locale":"es_ES","og_type":"article","og_title":"INDECOPI intensificar\u00e1 labor de orientaci\u00f3n y fiscalizaci\u00f3n de la publicidad en defensa de los consumidores","og_description":"Portal de noticias del Per\u00fa sobre el transporte a\u00e9reo, aviaci\u00f3n, turismo, hoteleria, actualidad.","og_url":"https:\/\/aeronoticias.com.pe\/noticiero\/nacionales\/indecopi-intensificara-labor-de-orientacion-y-fiscalizacion-de-la-publicidad-en-defensa-de-los-consumidores\/","og_site_name":"Aeronoticias.com.pe","article_publisher":"https:\/\/www.facebook.com\/Aeronoticias.com.pe\/","article_published_time":"2012-03-14T13:04:41+00:00","author":"Redacci\u00f3n Aeronoticias","twitter_card":"summary_large_image","twitter_creator":"@aeronoticias","twitter_site":"@aeronoticias","twitter_misc":{"Escrito por":"Redacci\u00f3n Aeronoticias","Tiempo de lectura":"2 minutos"},"schema":{"@context":"https:\/\/schema.org","@graph":[{"@type":"WebPage","@id":"https:\/\/aeronoticias.com.pe\/noticiero\/nacionales\/indecopi-intensificara-labor-de-orientacion-y-fiscalizacion-de-la-publicidad-en-defensa-de-los-consumidores\/","url":"https:\/\/aeronoticias.com.pe\/noticiero\/nacionales\/indecopi-intensificara-labor-de-orientacion-y-fiscalizacion-de-la-publicidad-en-defensa-de-los-consumidores\/","name":"INDECOPI intensificar\u00e1 labor de orientaci\u00f3n y fiscalizaci\u00f3n de la publicidad en defensa de los consumidores","isPartOf":{"@id":"https:\/\/aeronoticias.com.pe\/noticiero\/#website"},"datePublished":"2012-03-14T13:04:41+00:00","author":{"@id":"https:\/\/aeronoticias.com.pe\/noticiero\/#\/schema\/person\/fc1e5d578f4b62ba1cf7ac2bba1170a0"},"description":"Portal de noticias del Per\u00fa sobre el transporte a\u00e9reo, aviaci\u00f3n, turismo, hoteleria, actualidad.","breadcrumb":{"@id":"https:\/\/aeronoticias.com.pe\/noticiero\/nacionales\/indecopi-intensificara-labor-de-orientacion-y-fiscalizacion-de-la-publicidad-en-defensa-de-los-consumidores\/#breadcrumb"},"inLanguage":"es","potentialAction":[{"@type":"ReadAction","target":["https:\/\/aeronoticias.com.pe\/noticiero\/nacionales\/indecopi-intensificara-labor-de-orientacion-y-fiscalizacion-de-la-publicidad-en-defensa-de-los-consumidores\/"]}]},{"@type":"BreadcrumbList","@id":"https:\/\/aeronoticias.com.pe\/noticiero\/nacionales\/indecopi-intensificara-labor-de-orientacion-y-fiscalizacion-de-la-publicidad-en-defensa-de-los-consumidores\/#breadcrumb","itemListElement":[{"@type":"ListItem","position":1,"name":"Portada","item":"https:\/\/aeronoticias.com.pe\/noticiero\/"},{"@type":"ListItem","position":2,"name":"INDECOPI intensificar\u00e1 labor de orientaci\u00f3n y fiscalizaci\u00f3n de la publicidad en defensa de los consumidores"}]},{"@type":"WebSite","@id":"https:\/\/aeronoticias.com.pe\/noticiero\/#website","url":"https:\/\/aeronoticias.com.pe\/noticiero\/","name":"Aeronoticias.com.pe","description":"Noticias de tranporte aereo, turismo, hoteles, gastronomia, actualidad, internacional","potentialAction":[{"@type":"SearchAction","target":{"@type":"EntryPoint","urlTemplate":"https:\/\/aeronoticias.com.pe\/noticiero\/?s={search_term_string}"},"query-input":{"@type":"PropertyValueSpecification","valueRequired":true,"valueName":"search_term_string"}}],"inLanguage":"es"},{"@type":"Person","@id":"https:\/\/aeronoticias.com.pe\/noticiero\/#\/schema\/person\/fc1e5d578f4b62ba1cf7ac2bba1170a0","name":"Redacci\u00f3n Aeronoticias","url":"https:\/\/aeronoticias.com.pe\/noticiero\/author\/piloto\/"}]}},"_links":{"self":[{"href":"https:\/\/aeronoticias.com.pe\/noticiero\/wp-json\/wp\/v2\/posts\/24323","targetHints":{"allow":["GET"]}}],"collection":[{"href":"https:\/\/aeronoticias.com.pe\/noticiero\/wp-json\/wp\/v2\/posts"}],"about":[{"href":"https:\/\/aeronoticias.com.pe\/noticiero\/wp-json\/wp\/v2\/types\/post"}],"author":[{"embeddable":true,"href":"https:\/\/aeronoticias.com.pe\/noticiero\/wp-json\/wp\/v2\/users\/1"}],"replies":[{"embeddable":true,"href":"https:\/\/aeronoticias.com.pe\/noticiero\/wp-json\/wp\/v2\/comments?post=24323"}],"version-history":[{"count":0,"href":"https:\/\/aeronoticias.com.pe\/noticiero\/wp-json\/wp\/v2\/posts\/24323\/revisions"}],"wp:attachment":[{"href":"https:\/\/aeronoticias.com.pe\/noticiero\/wp-json\/wp\/v2\/media?parent=24323"}],"wp:term":[{"taxonomy":"category","embeddable":true,"href":"https:\/\/aeronoticias.com.pe\/noticiero\/wp-json\/wp\/v2\/categories?post=24323"},{"taxonomy":"post_tag","embeddable":true,"href":"https:\/\/aeronoticias.com.pe\/noticiero\/wp-json\/wp\/v2\/tags?post=24323"}],"curies":[{"name":"wp","href":"https:\/\/api.w.org\/{rel}","templated":true}]}}