{"id":24327,"date":"2012-03-14T13:03:58","date_gmt":"2012-03-14T13:03:58","guid":{"rendered":"http:\/\/desarrollo.mcvicious.com\/aero2020\/2012\/03\/14\/ministra-de-la-mujer-pide-cadena-perpetua-para-violador-de-nina-de-once-anos\/"},"modified":"2012-03-14T13:03:58","modified_gmt":"2012-03-14T13:03:58","slug":"ministra-de-la-mujer-pide-cadena-perpetua-para-violador-de-nina-de-once-anos","status":"publish","type":"post","link":"https:\/\/aeronoticias.com.pe\/noticiero\/politica\/ministra-de-la-mujer-pide-cadena-perpetua-para-violador-de-nina-de-once-anos\/","title":{"rendered":"Ministra de la Mujer pide cadena perpetua para violador de ni\u00f1a de once a\u00f1os"},"content":{"rendered":"<p style=\"text-align: justify;\"><strong>(Aeronoticias).- <\/strong>La ministra de la Mujer, Ana Jara\u00a0 exhort\u00f3 aplicar cadena perpetua al depravado Mauricio Alderete Valencia, de 57 a\u00f1os de edad, quien recientemente fue capturado por haber ultrajado y embarazado a una ni\u00f1a de once a\u00f1os en Ayacucho.<\/p>\n<p style=\"text-align: justify;\">Cabe precisar que el ministerio de la Mujer y Poblaciones Vulnerables informaron que la brutal agresi\u00f3n se habr\u00eda efectuado cuando la menor de edad viaj\u00f3 de Ica a Ayacucho para visitar a su abuelita, Rosaura Contreras, quien era pareja del agresor.<\/p>\n<p style=\"text-align: justify;\">Seg\u00fan da a conocer una nota de prensa de este portafolio, esta no ser\u00eda la primera vez que Aldrete comete una violaci\u00f3n sexual, antes ya lo habr\u00eda echo con la madre de la ni\u00f1a, identificada como Flor Mar\u00eda Rivas Contreras, de 32 a\u00f1os, quien es discapacitada mental.<\/p>\n<p style=\"text-align: justify;\">\u00abPido la cadena perpetua para este desalmado sujeto ya que por el v\u00ednculo familiar que ten\u00eda sobre la v\u00edctima estar\u00eda comprendido dentro de los agravantes que establece la ley para estos casos\u00bb, declar\u00f3.<\/p>\n<p style=\"text-align: justify;\">Jara Vel\u00e1squez resalt\u00f3 el\u00a0 buen trabajo y la celeridad del personal de la Comisar\u00eda Sectorial B de Lucanas, liderados por el Comandante PNP Walter Durand que lograron la pronta captura del malhechor.<\/p>\n<p style=\"text-align: justify;\"><img decoding=\"async\" src=\"images\/stories\/12\/03\/140312\/ministra jara.jpg\" border=\"0\" alt=\"jara\" title=\"jara\" \/><\/p>\n","protected":false},"excerpt":{"rendered":"<p>(Aeronoticias).- La ministra de la Mujer, Ana Jara\u00a0 exhort\u00f3 aplicar cadena perpetua al depravado Mauricio Alderete Valencia, de 57 a\u00f1os de edad, quien recientemente fue capturado por haber ultrajado y embarazado a una ni\u00f1a de once a\u00f1os en Ayacucho. Cabe precisar que el ministerio de la Mujer y Poblaciones Vulnerables informaron que la brutal agresi\u00f3n [&hellip;]<\/p>\n","protected":false},"author":1,"featured_media":0,"comment_status":"open","ping_status":"open","sticky":false,"template":"","format":"standard","meta":{"tdm_status":"","tdm_grid_status":"","footnotes":""},"categories":[36],"tags":[],"class_list":{"0":"post-24327","1":"post","2":"type-post","3":"status-publish","4":"format-standard","6":"category-politica"},"yoast_head":"<!-- This site is optimized with the Yoast SEO plugin v25.1 - https:\/\/yoast.com\/wordpress\/plugins\/seo\/ -->\n<title>Ministra de la Mujer pide cadena perpetua para violador de ni\u00f1a de once a\u00f1os<\/title>\n<meta name=\"description\" content=\"Portal de noticias del Per\u00fa sobre el transporte a\u00e9reo, aviaci\u00f3n, turismo, hoteleria, actualidad.\" \/>\n<meta name=\"robots\" content=\"index, follow, max-snippet:-1, max-image-preview:large, max-video-preview:-1\" \/>\n<link rel=\"canonical\" href=\"https:\/\/aeronoticias.com.pe\/noticiero\/politica\/ministra-de-la-mujer-pide-cadena-perpetua-para-violador-de-nina-de-once-anos\/\" \/>\n<meta property=\"og:locale\" content=\"es_ES\" \/>\n<meta property=\"og:type\" content=\"article\" \/>\n<meta property=\"og:title\" content=\"Ministra de la Mujer pide cadena perpetua para violador de ni\u00f1a de once a\u00f1os\" \/>\n<meta property=\"og:description\" content=\"Portal de noticias del Per\u00fa sobre el transporte a\u00e9reo, aviaci\u00f3n, turismo, hoteleria, actualidad.\" \/>\n<meta property=\"og:url\" content=\"https:\/\/aeronoticias.com.pe\/noticiero\/politica\/ministra-de-la-mujer-pide-cadena-perpetua-para-violador-de-nina-de-once-anos\/\" \/>\n<meta property=\"og:site_name\" content=\"Aeronoticias.com.pe\" \/>\n<meta property=\"article:publisher\" content=\"https:\/\/www.facebook.com\/Aeronoticias.com.pe\/\" \/>\n<meta property=\"article:published_time\" content=\"2012-03-14T13:03:58+00:00\" \/>\n<meta name=\"author\" content=\"Redacci\u00f3n Aeronoticias\" \/>\n<meta name=\"twitter:card\" content=\"summary_large_image\" \/>\n<meta name=\"twitter:creator\" content=\"@aeronoticias\" \/>\n<meta name=\"twitter:site\" content=\"@aeronoticias\" \/>\n<meta name=\"twitter:label1\" content=\"Escrito por\" \/>\n\t<meta name=\"twitter:data1\" content=\"Redacci\u00f3n Aeronoticias\" \/>\n\t<meta name=\"twitter:label2\" content=\"Tiempo de lectura\" \/>\n\t<meta name=\"twitter:data2\" content=\"1 minuto\" \/>\n<script type=\"application\/ld+json\" class=\"yoast-schema-graph\">{\"@context\":\"https:\/\/schema.org\",\"@graph\":[{\"@type\":\"WebPage\",\"@id\":\"https:\/\/aeronoticias.com.pe\/noticiero\/politica\/ministra-de-la-mujer-pide-cadena-perpetua-para-violador-de-nina-de-once-anos\/\",\"url\":\"https:\/\/aeronoticias.com.pe\/noticiero\/politica\/ministra-de-la-mujer-pide-cadena-perpetua-para-violador-de-nina-de-once-anos\/\",\"name\":\"Ministra de la Mujer pide cadena perpetua para violador de ni\u00f1a de once a\u00f1os\",\"isPartOf\":{\"@id\":\"https:\/\/aeronoticias.com.pe\/noticiero\/#website\"},\"datePublished\":\"2012-03-14T13:03:58+00:00\",\"author\":{\"@id\":\"https:\/\/aeronoticias.com.pe\/noticiero\/#\/schema\/person\/fc1e5d578f4b62ba1cf7ac2bba1170a0\"},\"description\":\"Portal de noticias del Per\u00fa sobre el transporte a\u00e9reo, aviaci\u00f3n, turismo, hoteleria, actualidad.\",\"breadcrumb\":{\"@id\":\"https:\/\/aeronoticias.com.pe\/noticiero\/politica\/ministra-de-la-mujer-pide-cadena-perpetua-para-violador-de-nina-de-once-anos\/#breadcrumb\"},\"inLanguage\":\"es\",\"potentialAction\":[{\"@type\":\"ReadAction\",\"target\":[\"https:\/\/aeronoticias.com.pe\/noticiero\/politica\/ministra-de-la-mujer-pide-cadena-perpetua-para-violador-de-nina-de-once-anos\/\"]}]},{\"@type\":\"BreadcrumbList\",\"@id\":\"https:\/\/aeronoticias.com.pe\/noticiero\/politica\/ministra-de-la-mujer-pide-cadena-perpetua-para-violador-de-nina-de-once-anos\/#breadcrumb\",\"itemListElement\":[{\"@type\":\"ListItem\",\"position\":1,\"name\":\"Portada\",\"item\":\"https:\/\/aeronoticias.com.pe\/noticiero\/\"},{\"@type\":\"ListItem\",\"position\":2,\"name\":\"Ministra de la Mujer pide cadena perpetua para violador de ni\u00f1a de once a\u00f1os\"}]},{\"@type\":\"WebSite\",\"@id\":\"https:\/\/aeronoticias.com.pe\/noticiero\/#website\",\"url\":\"https:\/\/aeronoticias.com.pe\/noticiero\/\",\"name\":\"Aeronoticias.com.pe\",\"description\":\"Noticias de tranporte aereo, turismo, hoteles, gastronomia, actualidad, internacional\",\"potentialAction\":[{\"@type\":\"SearchAction\",\"target\":{\"@type\":\"EntryPoint\",\"urlTemplate\":\"https:\/\/aeronoticias.com.pe\/noticiero\/?s={search_term_string}\"},\"query-input\":{\"@type\":\"PropertyValueSpecification\",\"valueRequired\":true,\"valueName\":\"search_term_string\"}}],\"inLanguage\":\"es\"},{\"@type\":\"Person\",\"@id\":\"https:\/\/aeronoticias.com.pe\/noticiero\/#\/schema\/person\/fc1e5d578f4b62ba1cf7ac2bba1170a0\",\"name\":\"Redacci\u00f3n Aeronoticias\",\"url\":\"https:\/\/aeronoticias.com.pe\/noticiero\/author\/piloto\/\"}]}<\/script>\n<!-- \/ Yoast SEO plugin. -->","yoast_head_json":{"title":"Ministra de la Mujer pide cadena perpetua para violador de ni\u00f1a de once a\u00f1os","description":"Portal de noticias del Per\u00fa sobre el transporte a\u00e9reo, aviaci\u00f3n, turismo, hoteleria, actualidad.","robots":{"index":"index","follow":"follow","max-snippet":"max-snippet:-1","max-image-preview":"max-image-preview:large","max-video-preview":"max-video-preview:-1"},"canonical":"https:\/\/aeronoticias.com.pe\/noticiero\/politica\/ministra-de-la-mujer-pide-cadena-perpetua-para-violador-de-nina-de-once-anos\/","og_locale":"es_ES","og_type":"article","og_title":"Ministra de la Mujer pide cadena perpetua para violador de ni\u00f1a de once a\u00f1os","og_description":"Portal de noticias del Per\u00fa sobre el transporte a\u00e9reo, aviaci\u00f3n, turismo, hoteleria, actualidad.","og_url":"https:\/\/aeronoticias.com.pe\/noticiero\/politica\/ministra-de-la-mujer-pide-cadena-perpetua-para-violador-de-nina-de-once-anos\/","og_site_name":"Aeronoticias.com.pe","article_publisher":"https:\/\/www.facebook.com\/Aeronoticias.com.pe\/","article_published_time":"2012-03-14T13:03:58+00:00","author":"Redacci\u00f3n Aeronoticias","twitter_card":"summary_large_image","twitter_creator":"@aeronoticias","twitter_site":"@aeronoticias","twitter_misc":{"Escrito por":"Redacci\u00f3n Aeronoticias","Tiempo de lectura":"1 minuto"},"schema":{"@context":"https:\/\/schema.org","@graph":[{"@type":"WebPage","@id":"https:\/\/aeronoticias.com.pe\/noticiero\/politica\/ministra-de-la-mujer-pide-cadena-perpetua-para-violador-de-nina-de-once-anos\/","url":"https:\/\/aeronoticias.com.pe\/noticiero\/politica\/ministra-de-la-mujer-pide-cadena-perpetua-para-violador-de-nina-de-once-anos\/","name":"Ministra de la Mujer pide cadena perpetua para violador de ni\u00f1a de once a\u00f1os","isPartOf":{"@id":"https:\/\/aeronoticias.com.pe\/noticiero\/#website"},"datePublished":"2012-03-14T13:03:58+00:00","author":{"@id":"https:\/\/aeronoticias.com.pe\/noticiero\/#\/schema\/person\/fc1e5d578f4b62ba1cf7ac2bba1170a0"},"description":"Portal de noticias del Per\u00fa sobre el transporte a\u00e9reo, aviaci\u00f3n, turismo, hoteleria, actualidad.","breadcrumb":{"@id":"https:\/\/aeronoticias.com.pe\/noticiero\/politica\/ministra-de-la-mujer-pide-cadena-perpetua-para-violador-de-nina-de-once-anos\/#breadcrumb"},"inLanguage":"es","potentialAction":[{"@type":"ReadAction","target":["https:\/\/aeronoticias.com.pe\/noticiero\/politica\/ministra-de-la-mujer-pide-cadena-perpetua-para-violador-de-nina-de-once-anos\/"]}]},{"@type":"BreadcrumbList","@id":"https:\/\/aeronoticias.com.pe\/noticiero\/politica\/ministra-de-la-mujer-pide-cadena-perpetua-para-violador-de-nina-de-once-anos\/#breadcrumb","itemListElement":[{"@type":"ListItem","position":1,"name":"Portada","item":"https:\/\/aeronoticias.com.pe\/noticiero\/"},{"@type":"ListItem","position":2,"name":"Ministra de la Mujer pide cadena perpetua para violador de ni\u00f1a de once a\u00f1os"}]},{"@type":"WebSite","@id":"https:\/\/aeronoticias.com.pe\/noticiero\/#website","url":"https:\/\/aeronoticias.com.pe\/noticiero\/","name":"Aeronoticias.com.pe","description":"Noticias de tranporte aereo, turismo, hoteles, gastronomia, actualidad, internacional","potentialAction":[{"@type":"SearchAction","target":{"@type":"EntryPoint","urlTemplate":"https:\/\/aeronoticias.com.pe\/noticiero\/?s={search_term_string}"},"query-input":{"@type":"PropertyValueSpecification","valueRequired":true,"valueName":"search_term_string"}}],"inLanguage":"es"},{"@type":"Person","@id":"https:\/\/aeronoticias.com.pe\/noticiero\/#\/schema\/person\/fc1e5d578f4b62ba1cf7ac2bba1170a0","name":"Redacci\u00f3n Aeronoticias","url":"https:\/\/aeronoticias.com.pe\/noticiero\/author\/piloto\/"}]}},"_links":{"self":[{"href":"https:\/\/aeronoticias.com.pe\/noticiero\/wp-json\/wp\/v2\/posts\/24327","targetHints":{"allow":["GET"]}}],"collection":[{"href":"https:\/\/aeronoticias.com.pe\/noticiero\/wp-json\/wp\/v2\/posts"}],"about":[{"href":"https:\/\/aeronoticias.com.pe\/noticiero\/wp-json\/wp\/v2\/types\/post"}],"author":[{"embeddable":true,"href":"https:\/\/aeronoticias.com.pe\/noticiero\/wp-json\/wp\/v2\/users\/1"}],"replies":[{"embeddable":true,"href":"https:\/\/aeronoticias.com.pe\/noticiero\/wp-json\/wp\/v2\/comments?post=24327"}],"version-history":[{"count":0,"href":"https:\/\/aeronoticias.com.pe\/noticiero\/wp-json\/wp\/v2\/posts\/24327\/revisions"}],"wp:attachment":[{"href":"https:\/\/aeronoticias.com.pe\/noticiero\/wp-json\/wp\/v2\/media?parent=24327"}],"wp:term":[{"taxonomy":"category","embeddable":true,"href":"https:\/\/aeronoticias.com.pe\/noticiero\/wp-json\/wp\/v2\/categories?post=24327"},{"taxonomy":"post_tag","embeddable":true,"href":"https:\/\/aeronoticias.com.pe\/noticiero\/wp-json\/wp\/v2\/tags?post=24327"}],"curies":[{"name":"wp","href":"https:\/\/api.w.org\/{rel}","templated":true}]}}