{"id":24328,"date":"2012-03-14T03:28:32","date_gmt":"2012-03-14T03:28:32","guid":{"rendered":"http:\/\/desarrollo.mcvicious.com\/aero2020\/2012\/03\/14\/alianza-lima-vencio-a-nacional-de-uruguay-y-vuelve-a-sonreir\/"},"modified":"2012-03-14T03:28:32","modified_gmt":"2012-03-14T03:28:32","slug":"alianza-lima-vencio-a-nacional-de-uruguay-y-vuelve-a-sonreir","status":"publish","type":"post","link":"https:\/\/aeronoticias.com.pe\/noticiero\/deportes\/alianza-lima-vencio-a-nacional-de-uruguay-y-vuelve-a-sonreir\/","title":{"rendered":"Alianza Lima venci\u00f3 a Nacional de Uruguay y vuelve a sonre\u00edr"},"content":{"rendered":"<p style=\"text-align: justify;\"><strong>(Aeronoticias)<\/strong> Con un marco impresionante en el Estadio Nacional, el cuadro de Alianza Lima, venci\u00f3 por la m\u00ednima diferencia al cuadro uruguayo del Nacional, gracias a la anotaci\u00f3n en la primera parte de Jos\u00e9 Carlos Fern\u00e1ndez, tras un gran pase de Monta\u00f1o, que le dijo adi\u00f3s a la etapa blanquiazul.<\/p>\n<p>Con problemas econ\u00f3micos, dirigenciales, y futbol\u00edstico, los \u00edntimos de la victoria siguen con aire en el grupo de la Copa Santander Libertadores, ahora con tres unidades al igual que los uruguayos.<\/p>\n<p>Cabe decir que este fue la primera victoria del a\u00f1o de Alianza Lima, en esta etapa dirigida por Jos\u00e9 Soto, ya que recordemos sus dos primeros partidos de copa, fueron derrotas ante Libertad y Vasco da Gama, y por el torneo local hab\u00eda empatado ante el Le\u00f3n de Hu\u00e1nuco y perdido ante el Real Garcilaso.<\/p>\n<p>Alianza pudo concretar m\u00e1s goles, debido a que la \u00faltima l\u00ednea de la zaga del Nacional se vio disminuida tras dos expulsiones, adem\u00e1s que salieron con todo a buscar el empate, pero ni Soto, ni Baz\u00e1n ni Hurtado estuvieron finos de cara al arco.<\/p>\n<p>Alianza de esta manera vuelve a sonre\u00edr, y se espera por el bien de uno de los equipos m\u00e1s grandes del f\u00fatbol peruano, los problemas extra deportivos se comiencen a solucionar, por respeto a los jugadores y a los hinchas, que hoy han demostrado nuevamente que en las buenas y en las malas alentaran a los blanquiazules.\u00a0\u00a0\u00a0 Foto: AP<\/p>\n<p>  <!--more-->  <\/p>\n<p style=\"text-align: justify;\">\u00a0<img decoding=\"async\" src=\"images\/stories\/alianzalima.jpg\" border=\"0\" alt=\"al\" title=\"al\" \/><\/p>\n","protected":false},"excerpt":{"rendered":"<p>(Aeronoticias) Con un marco impresionante en el Estadio Nacional, el cuadro de Alianza Lima, venci\u00f3 por la m\u00ednima diferencia al cuadro uruguayo del Nacional, gracias a la anotaci\u00f3n en la primera parte de Jos\u00e9 Carlos Fern\u00e1ndez, tras un gran pase de Monta\u00f1o, que le dijo adi\u00f3s a la etapa blanquiazul. Con problemas econ\u00f3micos, dirigenciales, y [&hellip;]<\/p>\n","protected":false},"author":1,"featured_media":0,"comment_status":"open","ping_status":"open","sticky":false,"template":"","format":"standard","meta":{"tdm_status":"","tdm_grid_status":"","footnotes":""},"categories":[40],"tags":[],"class_list":{"0":"post-24328","1":"post","2":"type-post","3":"status-publish","4":"format-standard","6":"category-deportes"},"yoast_head":"<!-- This site is optimized with the Yoast SEO plugin v25.1 - https:\/\/yoast.com\/wordpress\/plugins\/seo\/ -->\n<title>Alianza Lima venci\u00f3 a Nacional de Uruguay y vuelve a sonre\u00edr<\/title>\n<meta name=\"description\" content=\"Portal de noticias del Per\u00fa sobre el transporte a\u00e9reo, aviaci\u00f3n, turismo, hoteleria, actualidad.\" \/>\n<meta name=\"robots\" content=\"index, follow, max-snippet:-1, max-image-preview:large, max-video-preview:-1\" \/>\n<link rel=\"canonical\" href=\"https:\/\/aeronoticias.com.pe\/noticiero\/deportes\/alianza-lima-vencio-a-nacional-de-uruguay-y-vuelve-a-sonreir\/\" \/>\n<meta property=\"og:locale\" content=\"es_ES\" \/>\n<meta property=\"og:type\" content=\"article\" \/>\n<meta property=\"og:title\" content=\"Alianza Lima venci\u00f3 a Nacional de Uruguay y vuelve a sonre\u00edr\" \/>\n<meta property=\"og:description\" content=\"Portal de noticias del Per\u00fa sobre el transporte a\u00e9reo, aviaci\u00f3n, turismo, hoteleria, actualidad.\" \/>\n<meta property=\"og:url\" content=\"https:\/\/aeronoticias.com.pe\/noticiero\/deportes\/alianza-lima-vencio-a-nacional-de-uruguay-y-vuelve-a-sonreir\/\" \/>\n<meta property=\"og:site_name\" content=\"Aeronoticias.com.pe\" \/>\n<meta property=\"article:publisher\" content=\"https:\/\/www.facebook.com\/Aeronoticias.com.pe\/\" \/>\n<meta property=\"article:published_time\" content=\"2012-03-14T03:28:32+00:00\" \/>\n<meta name=\"author\" content=\"Redacci\u00f3n Aeronoticias\" \/>\n<meta name=\"twitter:card\" content=\"summary_large_image\" \/>\n<meta name=\"twitter:creator\" content=\"@aeronoticias\" \/>\n<meta name=\"twitter:site\" content=\"@aeronoticias\" \/>\n<meta name=\"twitter:label1\" content=\"Escrito por\" \/>\n\t<meta name=\"twitter:data1\" content=\"Redacci\u00f3n Aeronoticias\" \/>\n\t<meta name=\"twitter:label2\" content=\"Tiempo de lectura\" \/>\n\t<meta name=\"twitter:data2\" content=\"1 minuto\" \/>\n<script type=\"application\/ld+json\" class=\"yoast-schema-graph\">{\"@context\":\"https:\/\/schema.org\",\"@graph\":[{\"@type\":\"WebPage\",\"@id\":\"https:\/\/aeronoticias.com.pe\/noticiero\/deportes\/alianza-lima-vencio-a-nacional-de-uruguay-y-vuelve-a-sonreir\/\",\"url\":\"https:\/\/aeronoticias.com.pe\/noticiero\/deportes\/alianza-lima-vencio-a-nacional-de-uruguay-y-vuelve-a-sonreir\/\",\"name\":\"Alianza Lima venci\u00f3 a Nacional de Uruguay y vuelve a sonre\u00edr\",\"isPartOf\":{\"@id\":\"https:\/\/aeronoticias.com.pe\/noticiero\/#website\"},\"datePublished\":\"2012-03-14T03:28:32+00:00\",\"author\":{\"@id\":\"https:\/\/aeronoticias.com.pe\/noticiero\/#\/schema\/person\/fc1e5d578f4b62ba1cf7ac2bba1170a0\"},\"description\":\"Portal de noticias del Per\u00fa sobre el transporte a\u00e9reo, aviaci\u00f3n, turismo, hoteleria, actualidad.\",\"breadcrumb\":{\"@id\":\"https:\/\/aeronoticias.com.pe\/noticiero\/deportes\/alianza-lima-vencio-a-nacional-de-uruguay-y-vuelve-a-sonreir\/#breadcrumb\"},\"inLanguage\":\"es\",\"potentialAction\":[{\"@type\":\"ReadAction\",\"target\":[\"https:\/\/aeronoticias.com.pe\/noticiero\/deportes\/alianza-lima-vencio-a-nacional-de-uruguay-y-vuelve-a-sonreir\/\"]}]},{\"@type\":\"BreadcrumbList\",\"@id\":\"https:\/\/aeronoticias.com.pe\/noticiero\/deportes\/alianza-lima-vencio-a-nacional-de-uruguay-y-vuelve-a-sonreir\/#breadcrumb\",\"itemListElement\":[{\"@type\":\"ListItem\",\"position\":1,\"name\":\"Portada\",\"item\":\"https:\/\/aeronoticias.com.pe\/noticiero\/\"},{\"@type\":\"ListItem\",\"position\":2,\"name\":\"Alianza Lima venci\u00f3 a Nacional de Uruguay y vuelve a sonre\u00edr\"}]},{\"@type\":\"WebSite\",\"@id\":\"https:\/\/aeronoticias.com.pe\/noticiero\/#website\",\"url\":\"https:\/\/aeronoticias.com.pe\/noticiero\/\",\"name\":\"Aeronoticias.com.pe\",\"description\":\"Noticias de tranporte aereo, turismo, hoteles, gastronomia, actualidad, internacional\",\"potentialAction\":[{\"@type\":\"SearchAction\",\"target\":{\"@type\":\"EntryPoint\",\"urlTemplate\":\"https:\/\/aeronoticias.com.pe\/noticiero\/?s={search_term_string}\"},\"query-input\":{\"@type\":\"PropertyValueSpecification\",\"valueRequired\":true,\"valueName\":\"search_term_string\"}}],\"inLanguage\":\"es\"},{\"@type\":\"Person\",\"@id\":\"https:\/\/aeronoticias.com.pe\/noticiero\/#\/schema\/person\/fc1e5d578f4b62ba1cf7ac2bba1170a0\",\"name\":\"Redacci\u00f3n Aeronoticias\",\"url\":\"https:\/\/aeronoticias.com.pe\/noticiero\/author\/piloto\/\"}]}<\/script>\n<!-- \/ Yoast SEO plugin. -->","yoast_head_json":{"title":"Alianza Lima venci\u00f3 a Nacional de Uruguay y vuelve a sonre\u00edr","description":"Portal de noticias del Per\u00fa sobre el transporte a\u00e9reo, aviaci\u00f3n, turismo, hoteleria, actualidad.","robots":{"index":"index","follow":"follow","max-snippet":"max-snippet:-1","max-image-preview":"max-image-preview:large","max-video-preview":"max-video-preview:-1"},"canonical":"https:\/\/aeronoticias.com.pe\/noticiero\/deportes\/alianza-lima-vencio-a-nacional-de-uruguay-y-vuelve-a-sonreir\/","og_locale":"es_ES","og_type":"article","og_title":"Alianza Lima venci\u00f3 a Nacional de Uruguay y vuelve a sonre\u00edr","og_description":"Portal de noticias del Per\u00fa sobre el transporte a\u00e9reo, aviaci\u00f3n, turismo, hoteleria, actualidad.","og_url":"https:\/\/aeronoticias.com.pe\/noticiero\/deportes\/alianza-lima-vencio-a-nacional-de-uruguay-y-vuelve-a-sonreir\/","og_site_name":"Aeronoticias.com.pe","article_publisher":"https:\/\/www.facebook.com\/Aeronoticias.com.pe\/","article_published_time":"2012-03-14T03:28:32+00:00","author":"Redacci\u00f3n Aeronoticias","twitter_card":"summary_large_image","twitter_creator":"@aeronoticias","twitter_site":"@aeronoticias","twitter_misc":{"Escrito por":"Redacci\u00f3n Aeronoticias","Tiempo de lectura":"1 minuto"},"schema":{"@context":"https:\/\/schema.org","@graph":[{"@type":"WebPage","@id":"https:\/\/aeronoticias.com.pe\/noticiero\/deportes\/alianza-lima-vencio-a-nacional-de-uruguay-y-vuelve-a-sonreir\/","url":"https:\/\/aeronoticias.com.pe\/noticiero\/deportes\/alianza-lima-vencio-a-nacional-de-uruguay-y-vuelve-a-sonreir\/","name":"Alianza Lima venci\u00f3 a Nacional de Uruguay y vuelve a sonre\u00edr","isPartOf":{"@id":"https:\/\/aeronoticias.com.pe\/noticiero\/#website"},"datePublished":"2012-03-14T03:28:32+00:00","author":{"@id":"https:\/\/aeronoticias.com.pe\/noticiero\/#\/schema\/person\/fc1e5d578f4b62ba1cf7ac2bba1170a0"},"description":"Portal de noticias del Per\u00fa sobre el transporte a\u00e9reo, aviaci\u00f3n, turismo, hoteleria, actualidad.","breadcrumb":{"@id":"https:\/\/aeronoticias.com.pe\/noticiero\/deportes\/alianza-lima-vencio-a-nacional-de-uruguay-y-vuelve-a-sonreir\/#breadcrumb"},"inLanguage":"es","potentialAction":[{"@type":"ReadAction","target":["https:\/\/aeronoticias.com.pe\/noticiero\/deportes\/alianza-lima-vencio-a-nacional-de-uruguay-y-vuelve-a-sonreir\/"]}]},{"@type":"BreadcrumbList","@id":"https:\/\/aeronoticias.com.pe\/noticiero\/deportes\/alianza-lima-vencio-a-nacional-de-uruguay-y-vuelve-a-sonreir\/#breadcrumb","itemListElement":[{"@type":"ListItem","position":1,"name":"Portada","item":"https:\/\/aeronoticias.com.pe\/noticiero\/"},{"@type":"ListItem","position":2,"name":"Alianza Lima venci\u00f3 a Nacional de Uruguay y vuelve a sonre\u00edr"}]},{"@type":"WebSite","@id":"https:\/\/aeronoticias.com.pe\/noticiero\/#website","url":"https:\/\/aeronoticias.com.pe\/noticiero\/","name":"Aeronoticias.com.pe","description":"Noticias de tranporte aereo, turismo, hoteles, gastronomia, actualidad, internacional","potentialAction":[{"@type":"SearchAction","target":{"@type":"EntryPoint","urlTemplate":"https:\/\/aeronoticias.com.pe\/noticiero\/?s={search_term_string}"},"query-input":{"@type":"PropertyValueSpecification","valueRequired":true,"valueName":"search_term_string"}}],"inLanguage":"es"},{"@type":"Person","@id":"https:\/\/aeronoticias.com.pe\/noticiero\/#\/schema\/person\/fc1e5d578f4b62ba1cf7ac2bba1170a0","name":"Redacci\u00f3n Aeronoticias","url":"https:\/\/aeronoticias.com.pe\/noticiero\/author\/piloto\/"}]}},"_links":{"self":[{"href":"https:\/\/aeronoticias.com.pe\/noticiero\/wp-json\/wp\/v2\/posts\/24328","targetHints":{"allow":["GET"]}}],"collection":[{"href":"https:\/\/aeronoticias.com.pe\/noticiero\/wp-json\/wp\/v2\/posts"}],"about":[{"href":"https:\/\/aeronoticias.com.pe\/noticiero\/wp-json\/wp\/v2\/types\/post"}],"author":[{"embeddable":true,"href":"https:\/\/aeronoticias.com.pe\/noticiero\/wp-json\/wp\/v2\/users\/1"}],"replies":[{"embeddable":true,"href":"https:\/\/aeronoticias.com.pe\/noticiero\/wp-json\/wp\/v2\/comments?post=24328"}],"version-history":[{"count":0,"href":"https:\/\/aeronoticias.com.pe\/noticiero\/wp-json\/wp\/v2\/posts\/24328\/revisions"}],"wp:attachment":[{"href":"https:\/\/aeronoticias.com.pe\/noticiero\/wp-json\/wp\/v2\/media?parent=24328"}],"wp:term":[{"taxonomy":"category","embeddable":true,"href":"https:\/\/aeronoticias.com.pe\/noticiero\/wp-json\/wp\/v2\/categories?post=24328"},{"taxonomy":"post_tag","embeddable":true,"href":"https:\/\/aeronoticias.com.pe\/noticiero\/wp-json\/wp\/v2\/tags?post=24328"}],"curies":[{"name":"wp","href":"https:\/\/api.w.org\/{rel}","templated":true}]}}