{"id":244,"date":"2008-08-16T11:42:43","date_gmt":"2008-08-16T11:42:43","guid":{"rendered":"http:\/\/desarrollo.mcvicious.com\/aero2020\/2008\/08\/16\/hasta-el-18-de-agosto-se-desarrollarestidanza-en-arequipa\/"},"modified":"2008-08-16T11:42:43","modified_gmt":"2008-08-16T11:42:43","slug":"hasta-el-18-de-agosto-se-desarrollarestidanza-en-arequipa","status":"publish","type":"post","link":"https:\/\/aeronoticias.com.pe\/noticiero\/turismo\/13\/hasta-el-18-de-agosto-se-desarrollarestidanza-en-arequipa\/","title":{"rendered":"Hasta el 18 de agosto se desarrollar"},"content":{"rendered":"<p><span style=\"font-size: 11.5pt; line-height: 140%\"><font face=\"Times New Roman\">&nbsp;<\/font><\/span>&nbsp; <\/p>\n<blockquote>\n<p style=\"margin: 0cm 0cm 0pt; line-height: 140%; text-align: justify\" class=\"MsoNormal\" align=\"justify\"><span style=\"font-size: 12pt; color: #548dd4; line-height: 140%; font-family: &#39;Arial&#39;,&#39;sans-serif&#39;\">Quince delegaciones extranjeras y nacionales participar&aacute;n desde esta ma&ntilde;ana y hasta el 18 del presente en el XXVI Festival Internacional de Danzas (Festidanza) en Arequipa., que est&aacute; celebrando su 468 aniversario de fundaci&oacute;n.<\/span><\/p>\n<p>&nbsp; <\/p>\n<p style=\"margin: 0cm 0cm 0pt; line-height: 140%; text-align: justify\" class=\"MsoNormal\" align=\"justify\"><span style=\"font-size: 12pt; color: #548dd4; line-height: 140%; font-family: &#39;Arial&#39;,&#39;sans-serif&#39;\">El certamen convierte a la Ciudad Blanca en la Capital del Folklore Internacional porque asistenten nueve delegaciones extranjeras procedentes de Argentina, Bolivia, Chile, Colombia, Venezuela, Ecuador, M&eacute;xico y Costa Rica. <\/span><\/p>\n<\/blockquote>\n<p style=\"margin: 0cm 0cm 0pt; line-height: 140%; text-align: justify\" class=\"MsoNormal\" align=\"justify\"><span style=\"font-size: 12pt; color: #548dd4; line-height: 140%; font-family: &#39;Arial&#39;,&#39;sans-serif&#39;\"><\/p>\n<div style=\"text-align: center\"><img loading=\"lazy\" decoding=\"async\" src=\"http:\/\/aeronoticias.com.pe\/fotonoticias\/agosto\/plazaarequipa.jpg\" alt=\" \" title=\"Hasta el 18 de agosto se desarrollar&aacute; Festidanza en Arequipa. (Foto: Internet)\" hspace=\"5\" vspace=\"5\" width=\"230\" height=\"153\" \/><\/div>\n<p><\/span><\/p>\n<p> <!--more--> <span style=\"font-size: 11.5pt; line-height: 140%\"><font face=\"Times New Roman\">&nbsp;<\/font><\/span> <\/p>\n<blockquote>\n<p style=\"margin: 0cm 0cm 0pt; line-height: 140%; text-align: center\" class=\"MsoNormal\" align=\"center\"><span style=\"font-size: 12pt; color: #548dd4; line-height: 140%; font-family: &#39;Arial&#39;,&#39;sans-serif&#39;\"><strong>Presentaci&oacute;n en Plaza Principal de Yanahuara<\/strong><\/span><\/p>\n<p>&nbsp; <\/p>\n<p style=\"margin: 0cm 0cm 0pt; line-height: 140%; text-align: justify\" class=\"MsoNormal\" align=\"justify\"><span style=\"font-size: 12pt; color: #548dd4; line-height: 140%; font-family: &#39;Arial&#39;,&#39;sans-serif&#39;\">Festidanza 2008 es organizado por la Municipalidad Provincial de Arequipa, que ha recibido el auspicio de Sociedad Minera Cerro Verde, como parte de su programa de apoyo al arte y el desarrollo cultural de la regi&oacute;n.<\/span><\/p>\n<p>&nbsp;<span style=\"font-size: 12pt; color: #548dd4; line-height: 140%; font-family: &#39;Arial&#39;,&#39;sans-serif&#39;\">A las 18.00 horas se&nbsp;realizar&aacute;n las funciones de gala en el Coliseo Arequipa. Tambi&eacute;n&nbsp;realizar&aacute;n una presentaci&oacute;n especial en plaza principal de Yanahuara y har&aacute;n visitas de proyecci&oacute;n social a hospitales, albergues y asilos.<\/span> <\/p>\n<p style=\"margin: 0cm 0cm 0pt; line-height: 140%; text-align: justify\" class=\"MsoNormal\" align=\"justify\">&nbsp;<\/p>\n<p style=\"margin: 0cm 0cm 0pt; line-height: 140%; text-align: justify\" class=\"MsoNormal\" align=\"justify\"><span style=\"font-size: 12pt; color: #548dd4; line-height: 140%; font-family: &#39;Arial&#39;,&#39;sans-serif&#39;\">El gerente de Asuntos P&uacute;blicos de Sociedad Minera Cerro Verde, Pablo Alc&aacute;zar Zuzunaga, indic&oacute; que como sucede con otras actividades por el aniversario de Arequipa, la compa&ntilde;&iacute;a est&aacute; auspiciando esta actividad art&iacute;stica, permitiendo que la cultura de los pueblos latinoamericanos llegue a la poblaci&oacute;n arequipe&ntilde;a.<\/span><\/p>\n<p>&nbsp; <\/p>\n<p style=\"margin: 0cm 0cm 0pt; line-height: 140%; text-align: center\" class=\"MsoNormal\" align=\"center\"><span style=\"font-size: 12pt; color: #548dd4; line-height: 140%; font-family: &#39;Arial&#39;,&#39;sans-serif&#39;\"><strong>Incentivar el arte<\/strong><\/span><\/p>\n<p>&nbsp; <\/p>\n<p style=\"margin: 0cm 0cm 0pt; line-height: 140%; text-align: justify\" class=\"MsoNormal\" align=\"justify\"><span style=\"font-size: 12pt; color: #548dd4; line-height: 140%; font-family: &#39;Arial&#39;,&#39;sans-serif&#39;\">&quot;Con el objetivo adem&aacute;s de incentivar la pr&aacute;ctica del arte en todas sus formas, como parte del desarrollo integral de las personas&quot;, dijo. <\/span><\/p>\n<p>&nbsp;<span style=\"font-size: 12pt; color: #548dd4; line-height: 140%; font-family: &#39;Arial&#39;,&#39;sans-serif&#39;\">Entre las delegaciones participantes figuran: Ballet Jos&eacute; Hern&aacute;ndez&nbsp;(Argentina), Ballet Folkl&oacute;rico U. Cat&oacute;lica San Pablo (Bolivia), Grupo Danzas Folkl&oacute;ricas F&iacute;sico &#39;55 (Chile), Ballet Folkl&oacute;rico Tierra de Mil Colores (Colombia) y&nbsp;Proyecci&oacute;n Folkl&oacute;rica Venezuela Viva (Venezuela).<\/p>\n<p>Asimismo, el Centro Cultural Canas (Cusco), Centro de Investigaci&oacute;n y Promoci&oacute;n de Danza (Apur&iacute;mac), Ballet Folkl&oacute;rico Los &Aacute;ngeles&nbsp;&nbsp; (Arequipa), Centro Cultural Qallariy (Arequipa), entre otras agrupaciones nacionales y extranjeras. <\/span><\/p><\/blockquote>\n","protected":false},"excerpt":{"rendered":"<p>&nbsp;&nbsp; Quince delegaciones extranjeras y nacionales participar&aacute;n desde esta ma&ntilde;ana y hasta el 18 del presente en el XXVI Festival Internacional de Danzas (Festidanza) en Arequipa., que est&aacute; celebrando su 468 aniversario de fundaci&oacute;n. &nbsp; El certamen convierte a la Ciudad Blanca en la Capital del Folklore Internacional porque asistenten nueve delegaciones extranjeras procedentes de [&hellip;]<\/p>\n","protected":false},"author":1,"featured_media":0,"comment_status":"open","ping_status":"open","sticky":false,"template":"","format":"standard","meta":{"tdm_status":"","tdm_grid_status":"","footnotes":""},"categories":[31],"tags":[],"class_list":{"0":"post-244","1":"post","2":"type-post","3":"status-publish","4":"format-standard","6":"category-31"},"yoast_head":"<!-- This site is optimized with the Yoast SEO plugin v25.1 - https:\/\/yoast.com\/wordpress\/plugins\/seo\/ -->\n<title>Hasta el 18 de agosto se desarrollar<\/title>\n<meta name=\"description\" content=\"Portal de noticias del Per\u00fa sobre el transporte a\u00e9reo, aviaci\u00f3n, turismo, hoteleria, actualidad.\" \/>\n<meta name=\"robots\" content=\"index, follow, max-snippet:-1, max-image-preview:large, max-video-preview:-1\" \/>\n<link rel=\"canonical\" href=\"https:\/\/aeronoticias.com.pe\/noticiero\/turismo\/13\/hasta-el-18-de-agosto-se-desarrollarestidanza-en-arequipa\/\" \/>\n<meta property=\"og:locale\" content=\"es_ES\" \/>\n<meta property=\"og:type\" content=\"article\" \/>\n<meta property=\"og:title\" content=\"Hasta el 18 de agosto se desarrollar\" \/>\n<meta property=\"og:description\" content=\"Portal de noticias del Per\u00fa sobre el transporte a\u00e9reo, aviaci\u00f3n, turismo, hoteleria, actualidad.\" \/>\n<meta property=\"og:url\" content=\"https:\/\/aeronoticias.com.pe\/noticiero\/turismo\/13\/hasta-el-18-de-agosto-se-desarrollarestidanza-en-arequipa\/\" \/>\n<meta property=\"og:site_name\" content=\"Aeronoticias.com.pe\" \/>\n<meta property=\"article:publisher\" content=\"https:\/\/www.facebook.com\/Aeronoticias.com.pe\/\" \/>\n<meta property=\"article:published_time\" content=\"2008-08-16T11:42:43+00:00\" \/>\n<meta property=\"og:image\" content=\"http:\/\/aeronoticias.com.pe\/fotonoticias\/agosto\/plazaarequipa.jpg\" \/>\n<meta name=\"author\" content=\"Redacci\u00f3n Aeronoticias\" \/>\n<meta name=\"twitter:card\" content=\"summary_large_image\" \/>\n<meta name=\"twitter:creator\" content=\"@aeronoticias\" \/>\n<meta name=\"twitter:site\" content=\"@aeronoticias\" \/>\n<meta name=\"twitter:label1\" content=\"Escrito por\" \/>\n\t<meta name=\"twitter:data1\" content=\"Redacci\u00f3n Aeronoticias\" \/>\n\t<meta name=\"twitter:label2\" content=\"Tiempo de lectura\" \/>\n\t<meta name=\"twitter:data2\" content=\"2 minutos\" \/>\n<script type=\"application\/ld+json\" class=\"yoast-schema-graph\">{\"@context\":\"https:\/\/schema.org\",\"@graph\":[{\"@type\":\"WebPage\",\"@id\":\"https:\/\/aeronoticias.com.pe\/noticiero\/turismo\/13\/hasta-el-18-de-agosto-se-desarrollarestidanza-en-arequipa\/\",\"url\":\"https:\/\/aeronoticias.com.pe\/noticiero\/turismo\/13\/hasta-el-18-de-agosto-se-desarrollarestidanza-en-arequipa\/\",\"name\":\"Hasta el 18 de agosto se desarrollar\",\"isPartOf\":{\"@id\":\"https:\/\/aeronoticias.com.pe\/noticiero\/#website\"},\"primaryImageOfPage\":{\"@id\":\"https:\/\/aeronoticias.com.pe\/noticiero\/turismo\/13\/hasta-el-18-de-agosto-se-desarrollarestidanza-en-arequipa\/#primaryimage\"},\"image\":{\"@id\":\"https:\/\/aeronoticias.com.pe\/noticiero\/turismo\/13\/hasta-el-18-de-agosto-se-desarrollarestidanza-en-arequipa\/#primaryimage\"},\"thumbnailUrl\":\"http:\/\/aeronoticias.com.pe\/fotonoticias\/agosto\/plazaarequipa.jpg\",\"datePublished\":\"2008-08-16T11:42:43+00:00\",\"author\":{\"@id\":\"https:\/\/aeronoticias.com.pe\/noticiero\/#\/schema\/person\/fc1e5d578f4b62ba1cf7ac2bba1170a0\"},\"description\":\"Portal de noticias del Per\u00fa sobre el transporte a\u00e9reo, aviaci\u00f3n, turismo, hoteleria, actualidad.\",\"breadcrumb\":{\"@id\":\"https:\/\/aeronoticias.com.pe\/noticiero\/turismo\/13\/hasta-el-18-de-agosto-se-desarrollarestidanza-en-arequipa\/#breadcrumb\"},\"inLanguage\":\"es\",\"potentialAction\":[{\"@type\":\"ReadAction\",\"target\":[\"https:\/\/aeronoticias.com.pe\/noticiero\/turismo\/13\/hasta-el-18-de-agosto-se-desarrollarestidanza-en-arequipa\/\"]}]},{\"@type\":\"ImageObject\",\"inLanguage\":\"es\",\"@id\":\"https:\/\/aeronoticias.com.pe\/noticiero\/turismo\/13\/hasta-el-18-de-agosto-se-desarrollarestidanza-en-arequipa\/#primaryimage\",\"url\":\"http:\/\/aeronoticias.com.pe\/fotonoticias\/agosto\/plazaarequipa.jpg\",\"contentUrl\":\"http:\/\/aeronoticias.com.pe\/fotonoticias\/agosto\/plazaarequipa.jpg\"},{\"@type\":\"BreadcrumbList\",\"@id\":\"https:\/\/aeronoticias.com.pe\/noticiero\/turismo\/13\/hasta-el-18-de-agosto-se-desarrollarestidanza-en-arequipa\/#breadcrumb\",\"itemListElement\":[{\"@type\":\"ListItem\",\"position\":1,\"name\":\"Portada\",\"item\":\"https:\/\/aeronoticias.com.pe\/noticiero\/\"},{\"@type\":\"ListItem\",\"position\":2,\"name\":\"Hasta el 18 de agosto se desarrollar\"}]},{\"@type\":\"WebSite\",\"@id\":\"https:\/\/aeronoticias.com.pe\/noticiero\/#website\",\"url\":\"https:\/\/aeronoticias.com.pe\/noticiero\/\",\"name\":\"Aeronoticias.com.pe\",\"description\":\"Noticias de tranporte aereo, turismo, hoteles, gastronomia, actualidad, internacional\",\"potentialAction\":[{\"@type\":\"SearchAction\",\"target\":{\"@type\":\"EntryPoint\",\"urlTemplate\":\"https:\/\/aeronoticias.com.pe\/noticiero\/?s={search_term_string}\"},\"query-input\":{\"@type\":\"PropertyValueSpecification\",\"valueRequired\":true,\"valueName\":\"search_term_string\"}}],\"inLanguage\":\"es\"},{\"@type\":\"Person\",\"@id\":\"https:\/\/aeronoticias.com.pe\/noticiero\/#\/schema\/person\/fc1e5d578f4b62ba1cf7ac2bba1170a0\",\"name\":\"Redacci\u00f3n Aeronoticias\",\"url\":\"https:\/\/aeronoticias.com.pe\/noticiero\/author\/piloto\/\"}]}<\/script>\n<!-- \/ Yoast SEO plugin. -->","yoast_head_json":{"title":"Hasta el 18 de agosto se desarrollar","description":"Portal de noticias del Per\u00fa sobre el transporte a\u00e9reo, aviaci\u00f3n, turismo, hoteleria, actualidad.","robots":{"index":"index","follow":"follow","max-snippet":"max-snippet:-1","max-image-preview":"max-image-preview:large","max-video-preview":"max-video-preview:-1"},"canonical":"https:\/\/aeronoticias.com.pe\/noticiero\/turismo\/13\/hasta-el-18-de-agosto-se-desarrollarestidanza-en-arequipa\/","og_locale":"es_ES","og_type":"article","og_title":"Hasta el 18 de agosto se desarrollar","og_description":"Portal de noticias del Per\u00fa sobre el transporte a\u00e9reo, aviaci\u00f3n, turismo, hoteleria, actualidad.","og_url":"https:\/\/aeronoticias.com.pe\/noticiero\/turismo\/13\/hasta-el-18-de-agosto-se-desarrollarestidanza-en-arequipa\/","og_site_name":"Aeronoticias.com.pe","article_publisher":"https:\/\/www.facebook.com\/Aeronoticias.com.pe\/","article_published_time":"2008-08-16T11:42:43+00:00","og_image":[{"url":"http:\/\/aeronoticias.com.pe\/fotonoticias\/agosto\/plazaarequipa.jpg","type":"","width":"","height":""}],"author":"Redacci\u00f3n Aeronoticias","twitter_card":"summary_large_image","twitter_creator":"@aeronoticias","twitter_site":"@aeronoticias","twitter_misc":{"Escrito por":"Redacci\u00f3n Aeronoticias","Tiempo de lectura":"2 minutos"},"schema":{"@context":"https:\/\/schema.org","@graph":[{"@type":"WebPage","@id":"https:\/\/aeronoticias.com.pe\/noticiero\/turismo\/13\/hasta-el-18-de-agosto-se-desarrollarestidanza-en-arequipa\/","url":"https:\/\/aeronoticias.com.pe\/noticiero\/turismo\/13\/hasta-el-18-de-agosto-se-desarrollarestidanza-en-arequipa\/","name":"Hasta el 18 de agosto se desarrollar","isPartOf":{"@id":"https:\/\/aeronoticias.com.pe\/noticiero\/#website"},"primaryImageOfPage":{"@id":"https:\/\/aeronoticias.com.pe\/noticiero\/turismo\/13\/hasta-el-18-de-agosto-se-desarrollarestidanza-en-arequipa\/#primaryimage"},"image":{"@id":"https:\/\/aeronoticias.com.pe\/noticiero\/turismo\/13\/hasta-el-18-de-agosto-se-desarrollarestidanza-en-arequipa\/#primaryimage"},"thumbnailUrl":"http:\/\/aeronoticias.com.pe\/fotonoticias\/agosto\/plazaarequipa.jpg","datePublished":"2008-08-16T11:42:43+00:00","author":{"@id":"https:\/\/aeronoticias.com.pe\/noticiero\/#\/schema\/person\/fc1e5d578f4b62ba1cf7ac2bba1170a0"},"description":"Portal de noticias del Per\u00fa sobre el transporte a\u00e9reo, aviaci\u00f3n, turismo, hoteleria, actualidad.","breadcrumb":{"@id":"https:\/\/aeronoticias.com.pe\/noticiero\/turismo\/13\/hasta-el-18-de-agosto-se-desarrollarestidanza-en-arequipa\/#breadcrumb"},"inLanguage":"es","potentialAction":[{"@type":"ReadAction","target":["https:\/\/aeronoticias.com.pe\/noticiero\/turismo\/13\/hasta-el-18-de-agosto-se-desarrollarestidanza-en-arequipa\/"]}]},{"@type":"ImageObject","inLanguage":"es","@id":"https:\/\/aeronoticias.com.pe\/noticiero\/turismo\/13\/hasta-el-18-de-agosto-se-desarrollarestidanza-en-arequipa\/#primaryimage","url":"http:\/\/aeronoticias.com.pe\/fotonoticias\/agosto\/plazaarequipa.jpg","contentUrl":"http:\/\/aeronoticias.com.pe\/fotonoticias\/agosto\/plazaarequipa.jpg"},{"@type":"BreadcrumbList","@id":"https:\/\/aeronoticias.com.pe\/noticiero\/turismo\/13\/hasta-el-18-de-agosto-se-desarrollarestidanza-en-arequipa\/#breadcrumb","itemListElement":[{"@type":"ListItem","position":1,"name":"Portada","item":"https:\/\/aeronoticias.com.pe\/noticiero\/"},{"@type":"ListItem","position":2,"name":"Hasta el 18 de agosto se desarrollar"}]},{"@type":"WebSite","@id":"https:\/\/aeronoticias.com.pe\/noticiero\/#website","url":"https:\/\/aeronoticias.com.pe\/noticiero\/","name":"Aeronoticias.com.pe","description":"Noticias de tranporte aereo, turismo, hoteles, gastronomia, actualidad, internacional","potentialAction":[{"@type":"SearchAction","target":{"@type":"EntryPoint","urlTemplate":"https:\/\/aeronoticias.com.pe\/noticiero\/?s={search_term_string}"},"query-input":{"@type":"PropertyValueSpecification","valueRequired":true,"valueName":"search_term_string"}}],"inLanguage":"es"},{"@type":"Person","@id":"https:\/\/aeronoticias.com.pe\/noticiero\/#\/schema\/person\/fc1e5d578f4b62ba1cf7ac2bba1170a0","name":"Redacci\u00f3n Aeronoticias","url":"https:\/\/aeronoticias.com.pe\/noticiero\/author\/piloto\/"}]}},"_links":{"self":[{"href":"https:\/\/aeronoticias.com.pe\/noticiero\/wp-json\/wp\/v2\/posts\/244","targetHints":{"allow":["GET"]}}],"collection":[{"href":"https:\/\/aeronoticias.com.pe\/noticiero\/wp-json\/wp\/v2\/posts"}],"about":[{"href":"https:\/\/aeronoticias.com.pe\/noticiero\/wp-json\/wp\/v2\/types\/post"}],"author":[{"embeddable":true,"href":"https:\/\/aeronoticias.com.pe\/noticiero\/wp-json\/wp\/v2\/users\/1"}],"replies":[{"embeddable":true,"href":"https:\/\/aeronoticias.com.pe\/noticiero\/wp-json\/wp\/v2\/comments?post=244"}],"version-history":[{"count":0,"href":"https:\/\/aeronoticias.com.pe\/noticiero\/wp-json\/wp\/v2\/posts\/244\/revisions"}],"wp:attachment":[{"href":"https:\/\/aeronoticias.com.pe\/noticiero\/wp-json\/wp\/v2\/media?parent=244"}],"wp:term":[{"taxonomy":"category","embeddable":true,"href":"https:\/\/aeronoticias.com.pe\/noticiero\/wp-json\/wp\/v2\/categories?post=244"},{"taxonomy":"post_tag","embeddable":true,"href":"https:\/\/aeronoticias.com.pe\/noticiero\/wp-json\/wp\/v2\/tags?post=244"}],"curies":[{"name":"wp","href":"https:\/\/api.w.org\/{rel}","templated":true}]}}