{"id":245,"date":"2008-08-16T12:07:21","date_gmt":"2008-08-16T12:07:21","guid":{"rendered":"http:\/\/desarrollo.mcvicious.com\/aero2020\/2008\/08\/16\/habruevas-tarifas-en-transporte-ao-boliviano\/"},"modified":"2008-08-16T12:07:21","modified_gmt":"2008-08-16T12:07:21","slug":"habruevas-tarifas-en-transporte-ao-boliviano","status":"publish","type":"post","link":"https:\/\/aeronoticias.com.pe\/noticiero\/transporte-aereo\/internacional\/habruevas-tarifas-en-transporte-ao-boliviano\/","title":{"rendered":"Habr"},"content":{"rendered":"<br \/>\n<blockquote>\n<div align=\"justify\" style=\"font-family: Arial,Helvetica,sans-serif; font-size: 12px; color: #003a75; text-align: center\">\n<div align=\"justify\">La crisis toca tambi&eacute;n al sector aeron&aacute;utico boliviano que en poco tiempo m&aacute;s contar&aacute; con una nueva estructura tarifaria ante el incremento de sus costos de operaci&oacute;n a pedido de las aerol&iacute;neas, inform&oacute; el diario Los Tiempos de ese pa&iacute;s.<\/div>\n<p><\/p>\n<div align=\"justify\">Por este motivo, la Superintendencia de Transportes firm&oacute; un acuerdo con la Corporaci&oacute;n Andina de Fomento (CAF), que financia con 25 mil d&oacute;lares la elaboraci&oacute;n de un informe de costos del sector que permitir&aacute; establecer tarifas referenciales a&eacute;reas en Bolivia.&nbsp; <\/div>\n<\/div>\n<\/blockquote>\n<div style=\"text-align: center\"><img loading=\"lazy\" decoding=\"async\" src=\"http:\/\/aeronoticias.com.pe\/fotonoticias\/agosto\/aerosur2.jpg\" alt=\" \" title=\"Habr&aacute; nueva escala tarifaria en transporte a&eacute;reo boliviano. (Foto: Internet)\" hspace=\"5\" vspace=\"5\" width=\"251\" height=\"180\" align=\"absmiddle\" \/><\/div>\n<p>  <!--more--> <\/p>\n<blockquote>\n<div align=\"center\"><strong style=\"font-family: Arial,Helvetica,sans-serif; font-size: 12px; color: #003a75\">Nueva estructura tarifaria<\/strong><\/div>\n<p style=\"font-family: Arial,Helvetica,sans-serif; font-size: 12px; color: #003a75\">&nbsp;<br \/>La crisis toca tambi&eacute;n al sector aeron&aacute;utico boliviano que en poco tiempo m&aacute;s contar&aacute; con una nueva estructura tarifaria ante el incremento de sus costos de operaci&oacute;n a pedido de las aerol&iacute;neas, inform&oacute; el diario Los Tiempos de ese pa&iacute;s.<\/p>\n<p>Por este motivo, la Superintendencia de Transportes firm&oacute; un acuerdo con la Corporaci&oacute;n Andina de Fomento (CAF), que financia con 25 mil d&oacute;lares la elaboraci&oacute;n de un informe de costos del sector que permitir&aacute; establecer tarifas referenciales a&eacute;reas en Bolivia.<\/p>\n<div align=\"center\"><strong style=\"font-family: Arial,Helvetica,sans-serif; font-size: 12px; color: #003a75\">Consultora fijar&aacute; nuevos precios<\/strong><\/div>\n<p style=\"font-family: Arial,Helvetica,sans-serif; font-size: 12px; color: #003a75\">Seg&uacute;n el diario Los Tiempos, el convenio establece la contrataci&oacute;n de una consultora nacional o internacional para que en el plazo m&aacute;s breve posible realice un estudio sobre los gastos de operaci&oacute;n de las aerol&iacute;neas con el fin de fijar los nuevos precios de los pasajes, considerando que &eacute;stos est&aacute;n congelados desde hace unos cinco a&ntilde;os y requieren una actualizaci&oacute;n, inform&oacute; ayer el superintendente de Transportes, Wilson Villarroel.<\/p>\n<p>Asever&oacute; que el requerimiento de actualizar al alza las tarifas de transporte a&eacute;reo de pasajeros, formulado hace dos semanas por varias empresas a&eacute;reas, coincide con el prop&oacute;sito de la Superintendencia de Transportes de actualizar la estructura de costos del sector a&eacute;reo, tal como se hizo hace dos a&ntilde;os con las tarifas del servicio de flotas interdepartamental.<\/p>\n<p>Despu&eacute;s de cinco a&ntilde;os, se&ntilde;al&oacute;, la reguladora vio por conveniente y necesario actualizar los datos que tiene sobre la estructura de costos del mercado aeron&aacute;utico del pa&iacute;s, mediante la contrataci&oacute;n de una empresa consultora.<\/p>\n<p>&quot;No estamos todav&iacute;a en la idea de ver si se tendr&aacute; que modificar o mantener las tarifas. Lo que buscamos en primera instancia es actualizar los datos que tenemos sobre las condiciones de operaci&oacute;n, elevaci&oacute;n de insumos y partes mec&aacute;nicos, los cambios en el valor de las UFVs, el precio del combustible, la ca&iacute;da del d&oacute;lar y otras variables en cada uno de los tramos que pudieron haber afectado la estructura de costos del sector&quot;, agreg&oacute;.<\/p>\n<div align=\"center\" style=\"font-family: Arial,Helvetica,sans-serif; font-size: 12px; color: #003a75\"><strong>Plazo vence el 31 de agosto<\/strong><\/div>\n<p style=\"font-family: Arial,Helvetica,sans-serif; font-size: 12px; color: #003a75\">Tomando en cuenta que el plazo establecido para que las empresas consultoras presenten sus propuestas concluye el pr&oacute;ximo jueves, el Superintendente de Transportes inform&oacute; que hasta el 31 de agosto ser&aacute;n evaluadas las ofertas y al d&iacute;a siguiente adjudicado el proyecto a la consultora que presente la mejor propuesta t&eacute;cnica y econ&oacute;mica.<\/p>\n<p>En todo el territorio nacional operan cuatro empresas nacionales (AeroSur, Amaszonas, Aerocom, Transportes A&eacute;reos Militares (TAM) e internacionales como LAN Per&uacute;, TACA, TAM Mercosur, Aerol&iacute;neas Astral y American Airlines, legalmente autorizadas por la Superintendencia de Transportes y la Direcci&oacute;n General de Aeron&aacute;utica Civil (DGAC).<\/p>\n<p>Las empresas a&eacute;reas AeroSur, Aerocom y Amaszonas presentaron hace dos semanas una solicitud de modificaci&oacute;n de tarifas a la Superintendencia de Transportes. &quot;Antes de tomar cualquier determinaci&oacute;n sobre el pedido de modificar tarifas de transporte a&eacute;reo de pasajeros, creemos que debemos ce&ntilde;irnos a un estudio m&aacute;s riguroso y no simplemente aplicar f&oacute;rmulas establecidas en base a las tarifas del LAB hace cinco a&ntilde;os&quot;, dijo Villarroel.<\/p>\n<div align=\"center\" style=\"font-family: Arial,Helvetica,sans-serif; font-size: 12px; color: #003a75\"><strong>Aerol&iacute;neas justifican un incremento<\/strong><\/div>\n<p style=\"font-family: Arial,Helvetica,sans-serif; font-size: 12px; color: #003a75\">La compa&ntilde;&iacute;a a&eacute;rea AeroSur apoya la decisi&oacute;n de la Superintendencia de Transportes de contratar los servicios de una consultora para actualizar la estructura de costos del sector a&eacute;reo, en la perspectiva de establecer nuevas tarifas de transporte a&eacute;reo de pasajeros en Bolivia.<\/p>\n<p>Humberto Roca, presidente ejecutivo de AeroSur, dijo que, ante el incremento constante de todos los componentes y productos de la industria aeron&aacute;utica, su compa&ntilde;&iacute;a solicit&oacute; que se aplique de manera directa y autom&aacute;tica la f&oacute;rmula de reajuste tarifario que utiliza la Superintendencia de Transportes, para compensar costos.<\/p>\n<p>&quot;Todos los componentes de los aviones (llantas, aceites, repuestos, accesorios, combustible) se han incrementado en un 35%; los salarios en 15%; la comida en 12%. Me parece perfecto que la Superintendencia de Transportes realice un estudio serio para revertir tarifas impuestas en forma emp&iacute;rica hace cinco a&ntilde;os por una compa&ntilde;&iacute;a a&eacute;rea&quot;, dijo.<\/p>\n<p>Sin fijar fechas, agreg&oacute; que esperar&aacute;n la conclusi&oacute;n de los estudios sobre estructura de costos en el sector aeron&aacute;utico, &quot;para negociar un incremento real en las tarifas de transporte a&eacute;reo&quot;.<\/p>\n<\/blockquote>\n","protected":false},"excerpt":{"rendered":"<p>La crisis toca tambi&eacute;n al sector aeron&aacute;utico boliviano que en poco tiempo m&aacute;s contar&aacute; con una nueva estructura tarifaria ante el incremento de sus costos de operaci&oacute;n a pedido de las aerol&iacute;neas, inform&oacute; el diario Los Tiempos de ese pa&iacute;s. Por este motivo, la Superintendencia de Transportes firm&oacute; un acuerdo con la Corporaci&oacute;n Andina de [&hellip;]<\/p>\n","protected":false},"author":1,"featured_media":0,"comment_status":"open","ping_status":"open","sticky":false,"template":"","format":"standard","meta":{"tdm_status":"","tdm_grid_status":"","footnotes":""},"categories":[32],"tags":[],"class_list":{"0":"post-245","1":"post","2":"type-post","3":"status-publish","4":"format-standard","6":"category-internacional"},"yoast_head":"<!-- This site is optimized with the Yoast SEO plugin v25.1 - https:\/\/yoast.com\/wordpress\/plugins\/seo\/ -->\n<title>Habr<\/title>\n<meta name=\"description\" content=\"Portal de noticias del Per\u00fa sobre el transporte a\u00e9reo, aviaci\u00f3n, turismo, hoteleria, actualidad.\" \/>\n<meta name=\"robots\" content=\"index, follow, max-snippet:-1, max-image-preview:large, max-video-preview:-1\" \/>\n<link rel=\"canonical\" href=\"https:\/\/aeronoticias.com.pe\/noticiero\/transporte-aereo\/internacional\/habruevas-tarifas-en-transporte-ao-boliviano\/\" \/>\n<meta property=\"og:locale\" content=\"es_ES\" \/>\n<meta property=\"og:type\" content=\"article\" \/>\n<meta property=\"og:title\" content=\"Habr\" \/>\n<meta property=\"og:description\" content=\"Portal de noticias del Per\u00fa sobre el transporte a\u00e9reo, aviaci\u00f3n, turismo, hoteleria, actualidad.\" \/>\n<meta property=\"og:url\" content=\"https:\/\/aeronoticias.com.pe\/noticiero\/transporte-aereo\/internacional\/habruevas-tarifas-en-transporte-ao-boliviano\/\" \/>\n<meta property=\"og:site_name\" content=\"Aeronoticias.com.pe\" \/>\n<meta property=\"article:publisher\" content=\"https:\/\/www.facebook.com\/Aeronoticias.com.pe\/\" \/>\n<meta property=\"article:published_time\" content=\"2008-08-16T12:07:21+00:00\" \/>\n<meta property=\"og:image\" content=\"http:\/\/aeronoticias.com.pe\/fotonoticias\/agosto\/aerosur2.jpg\" \/>\n<meta name=\"author\" content=\"Redacci\u00f3n Aeronoticias\" \/>\n<meta name=\"twitter:card\" content=\"summary_large_image\" \/>\n<meta name=\"twitter:creator\" content=\"@aeronoticias\" \/>\n<meta name=\"twitter:site\" content=\"@aeronoticias\" \/>\n<meta name=\"twitter:label1\" content=\"Escrito por\" \/>\n\t<meta name=\"twitter:data1\" content=\"Redacci\u00f3n Aeronoticias\" \/>\n\t<meta name=\"twitter:label2\" content=\"Tiempo de lectura\" \/>\n\t<meta name=\"twitter:data2\" content=\"5 minutos\" \/>\n<script type=\"application\/ld+json\" class=\"yoast-schema-graph\">{\"@context\":\"https:\/\/schema.org\",\"@graph\":[{\"@type\":\"WebPage\",\"@id\":\"https:\/\/aeronoticias.com.pe\/noticiero\/transporte-aereo\/internacional\/habruevas-tarifas-en-transporte-ao-boliviano\/\",\"url\":\"https:\/\/aeronoticias.com.pe\/noticiero\/transporte-aereo\/internacional\/habruevas-tarifas-en-transporte-ao-boliviano\/\",\"name\":\"Habr\",\"isPartOf\":{\"@id\":\"https:\/\/aeronoticias.com.pe\/noticiero\/#website\"},\"primaryImageOfPage\":{\"@id\":\"https:\/\/aeronoticias.com.pe\/noticiero\/transporte-aereo\/internacional\/habruevas-tarifas-en-transporte-ao-boliviano\/#primaryimage\"},\"image\":{\"@id\":\"https:\/\/aeronoticias.com.pe\/noticiero\/transporte-aereo\/internacional\/habruevas-tarifas-en-transporte-ao-boliviano\/#primaryimage\"},\"thumbnailUrl\":\"http:\/\/aeronoticias.com.pe\/fotonoticias\/agosto\/aerosur2.jpg\",\"datePublished\":\"2008-08-16T12:07:21+00:00\",\"author\":{\"@id\":\"https:\/\/aeronoticias.com.pe\/noticiero\/#\/schema\/person\/fc1e5d578f4b62ba1cf7ac2bba1170a0\"},\"description\":\"Portal de noticias del Per\u00fa sobre el transporte a\u00e9reo, aviaci\u00f3n, turismo, hoteleria, actualidad.\",\"breadcrumb\":{\"@id\":\"https:\/\/aeronoticias.com.pe\/noticiero\/transporte-aereo\/internacional\/habruevas-tarifas-en-transporte-ao-boliviano\/#breadcrumb\"},\"inLanguage\":\"es\",\"potentialAction\":[{\"@type\":\"ReadAction\",\"target\":[\"https:\/\/aeronoticias.com.pe\/noticiero\/transporte-aereo\/internacional\/habruevas-tarifas-en-transporte-ao-boliviano\/\"]}]},{\"@type\":\"ImageObject\",\"inLanguage\":\"es\",\"@id\":\"https:\/\/aeronoticias.com.pe\/noticiero\/transporte-aereo\/internacional\/habruevas-tarifas-en-transporte-ao-boliviano\/#primaryimage\",\"url\":\"http:\/\/aeronoticias.com.pe\/fotonoticias\/agosto\/aerosur2.jpg\",\"contentUrl\":\"http:\/\/aeronoticias.com.pe\/fotonoticias\/agosto\/aerosur2.jpg\"},{\"@type\":\"BreadcrumbList\",\"@id\":\"https:\/\/aeronoticias.com.pe\/noticiero\/transporte-aereo\/internacional\/habruevas-tarifas-en-transporte-ao-boliviano\/#breadcrumb\",\"itemListElement\":[{\"@type\":\"ListItem\",\"position\":1,\"name\":\"Portada\",\"item\":\"https:\/\/aeronoticias.com.pe\/noticiero\/\"},{\"@type\":\"ListItem\",\"position\":2,\"name\":\"Habr\"}]},{\"@type\":\"WebSite\",\"@id\":\"https:\/\/aeronoticias.com.pe\/noticiero\/#website\",\"url\":\"https:\/\/aeronoticias.com.pe\/noticiero\/\",\"name\":\"Aeronoticias.com.pe\",\"description\":\"Noticias de tranporte aereo, turismo, hoteles, gastronomia, actualidad, internacional\",\"potentialAction\":[{\"@type\":\"SearchAction\",\"target\":{\"@type\":\"EntryPoint\",\"urlTemplate\":\"https:\/\/aeronoticias.com.pe\/noticiero\/?s={search_term_string}\"},\"query-input\":{\"@type\":\"PropertyValueSpecification\",\"valueRequired\":true,\"valueName\":\"search_term_string\"}}],\"inLanguage\":\"es\"},{\"@type\":\"Person\",\"@id\":\"https:\/\/aeronoticias.com.pe\/noticiero\/#\/schema\/person\/fc1e5d578f4b62ba1cf7ac2bba1170a0\",\"name\":\"Redacci\u00f3n Aeronoticias\",\"url\":\"https:\/\/aeronoticias.com.pe\/noticiero\/author\/piloto\/\"}]}<\/script>\n<!-- \/ Yoast SEO plugin. -->","yoast_head_json":{"title":"Habr","description":"Portal de noticias del Per\u00fa sobre el transporte a\u00e9reo, aviaci\u00f3n, turismo, hoteleria, actualidad.","robots":{"index":"index","follow":"follow","max-snippet":"max-snippet:-1","max-image-preview":"max-image-preview:large","max-video-preview":"max-video-preview:-1"},"canonical":"https:\/\/aeronoticias.com.pe\/noticiero\/transporte-aereo\/internacional\/habruevas-tarifas-en-transporte-ao-boliviano\/","og_locale":"es_ES","og_type":"article","og_title":"Habr","og_description":"Portal de noticias del Per\u00fa sobre el transporte a\u00e9reo, aviaci\u00f3n, turismo, hoteleria, actualidad.","og_url":"https:\/\/aeronoticias.com.pe\/noticiero\/transporte-aereo\/internacional\/habruevas-tarifas-en-transporte-ao-boliviano\/","og_site_name":"Aeronoticias.com.pe","article_publisher":"https:\/\/www.facebook.com\/Aeronoticias.com.pe\/","article_published_time":"2008-08-16T12:07:21+00:00","og_image":[{"url":"http:\/\/aeronoticias.com.pe\/fotonoticias\/agosto\/aerosur2.jpg","type":"","width":"","height":""}],"author":"Redacci\u00f3n Aeronoticias","twitter_card":"summary_large_image","twitter_creator":"@aeronoticias","twitter_site":"@aeronoticias","twitter_misc":{"Escrito por":"Redacci\u00f3n Aeronoticias","Tiempo de lectura":"5 minutos"},"schema":{"@context":"https:\/\/schema.org","@graph":[{"@type":"WebPage","@id":"https:\/\/aeronoticias.com.pe\/noticiero\/transporte-aereo\/internacional\/habruevas-tarifas-en-transporte-ao-boliviano\/","url":"https:\/\/aeronoticias.com.pe\/noticiero\/transporte-aereo\/internacional\/habruevas-tarifas-en-transporte-ao-boliviano\/","name":"Habr","isPartOf":{"@id":"https:\/\/aeronoticias.com.pe\/noticiero\/#website"},"primaryImageOfPage":{"@id":"https:\/\/aeronoticias.com.pe\/noticiero\/transporte-aereo\/internacional\/habruevas-tarifas-en-transporte-ao-boliviano\/#primaryimage"},"image":{"@id":"https:\/\/aeronoticias.com.pe\/noticiero\/transporte-aereo\/internacional\/habruevas-tarifas-en-transporte-ao-boliviano\/#primaryimage"},"thumbnailUrl":"http:\/\/aeronoticias.com.pe\/fotonoticias\/agosto\/aerosur2.jpg","datePublished":"2008-08-16T12:07:21+00:00","author":{"@id":"https:\/\/aeronoticias.com.pe\/noticiero\/#\/schema\/person\/fc1e5d578f4b62ba1cf7ac2bba1170a0"},"description":"Portal de noticias del Per\u00fa sobre el transporte a\u00e9reo, aviaci\u00f3n, turismo, hoteleria, actualidad.","breadcrumb":{"@id":"https:\/\/aeronoticias.com.pe\/noticiero\/transporte-aereo\/internacional\/habruevas-tarifas-en-transporte-ao-boliviano\/#breadcrumb"},"inLanguage":"es","potentialAction":[{"@type":"ReadAction","target":["https:\/\/aeronoticias.com.pe\/noticiero\/transporte-aereo\/internacional\/habruevas-tarifas-en-transporte-ao-boliviano\/"]}]},{"@type":"ImageObject","inLanguage":"es","@id":"https:\/\/aeronoticias.com.pe\/noticiero\/transporte-aereo\/internacional\/habruevas-tarifas-en-transporte-ao-boliviano\/#primaryimage","url":"http:\/\/aeronoticias.com.pe\/fotonoticias\/agosto\/aerosur2.jpg","contentUrl":"http:\/\/aeronoticias.com.pe\/fotonoticias\/agosto\/aerosur2.jpg"},{"@type":"BreadcrumbList","@id":"https:\/\/aeronoticias.com.pe\/noticiero\/transporte-aereo\/internacional\/habruevas-tarifas-en-transporte-ao-boliviano\/#breadcrumb","itemListElement":[{"@type":"ListItem","position":1,"name":"Portada","item":"https:\/\/aeronoticias.com.pe\/noticiero\/"},{"@type":"ListItem","position":2,"name":"Habr"}]},{"@type":"WebSite","@id":"https:\/\/aeronoticias.com.pe\/noticiero\/#website","url":"https:\/\/aeronoticias.com.pe\/noticiero\/","name":"Aeronoticias.com.pe","description":"Noticias de tranporte aereo, turismo, hoteles, gastronomia, actualidad, internacional","potentialAction":[{"@type":"SearchAction","target":{"@type":"EntryPoint","urlTemplate":"https:\/\/aeronoticias.com.pe\/noticiero\/?s={search_term_string}"},"query-input":{"@type":"PropertyValueSpecification","valueRequired":true,"valueName":"search_term_string"}}],"inLanguage":"es"},{"@type":"Person","@id":"https:\/\/aeronoticias.com.pe\/noticiero\/#\/schema\/person\/fc1e5d578f4b62ba1cf7ac2bba1170a0","name":"Redacci\u00f3n Aeronoticias","url":"https:\/\/aeronoticias.com.pe\/noticiero\/author\/piloto\/"}]}},"_links":{"self":[{"href":"https:\/\/aeronoticias.com.pe\/noticiero\/wp-json\/wp\/v2\/posts\/245","targetHints":{"allow":["GET"]}}],"collection":[{"href":"https:\/\/aeronoticias.com.pe\/noticiero\/wp-json\/wp\/v2\/posts"}],"about":[{"href":"https:\/\/aeronoticias.com.pe\/noticiero\/wp-json\/wp\/v2\/types\/post"}],"author":[{"embeddable":true,"href":"https:\/\/aeronoticias.com.pe\/noticiero\/wp-json\/wp\/v2\/users\/1"}],"replies":[{"embeddable":true,"href":"https:\/\/aeronoticias.com.pe\/noticiero\/wp-json\/wp\/v2\/comments?post=245"}],"version-history":[{"count":0,"href":"https:\/\/aeronoticias.com.pe\/noticiero\/wp-json\/wp\/v2\/posts\/245\/revisions"}],"wp:attachment":[{"href":"https:\/\/aeronoticias.com.pe\/noticiero\/wp-json\/wp\/v2\/media?parent=245"}],"wp:term":[{"taxonomy":"category","embeddable":true,"href":"https:\/\/aeronoticias.com.pe\/noticiero\/wp-json\/wp\/v2\/categories?post=245"},{"taxonomy":"post_tag","embeddable":true,"href":"https:\/\/aeronoticias.com.pe\/noticiero\/wp-json\/wp\/v2\/tags?post=245"}],"curies":[{"name":"wp","href":"https:\/\/api.w.org\/{rel}","templated":true}]}}