{"id":24538,"date":"2012-03-20T17:36:20","date_gmt":"2012-03-20T17:36:20","guid":{"rendered":"http:\/\/desarrollo.mcvicious.com\/aero2020\/2012\/03\/20\/al-nobel-vargas-llosa-le-horrorizan-los-celulares\/"},"modified":"2012-03-20T17:36:20","modified_gmt":"2012-03-20T17:36:20","slug":"al-nobel-vargas-llosa-le-horrorizan-los-celulares","status":"publish","type":"post","link":"https:\/\/aeronoticias.com.pe\/noticiero\/nacionales\/al-nobel-vargas-llosa-le-horrorizan-los-celulares\/","title":{"rendered":"Al nobel Vargas Llosa le horrorizan los celulares"},"content":{"rendered":"<p style=\"text-align: justify;\"><strong>(Aeronoticias).- <\/strong>\u00abNunca en la vida tendr\u00eda celulares, \u00a1qu\u00e9 horror!\u00bb, confes\u00f3 el laureado escritor peruano al diario chileno La Tercera ,poniendo al descubierto aspectos hasta ahora desconocidos de su rica y desconcertante personalidad.<\/p>\n<p style=\"text-align: justify;\">El autor del \u201cGeneral no tiene quien le escriba\u201d revel\u00f3 tambi\u00e9n que le tiene un \u201c terror supersticioso\u201d contestar las llamadas telef\u00f3nicas porque s\u00f3lo le traen problemas, agregando que no le gusta la tecnolog\u00eda, raz\u00f3n por la cual no usa tarjetas ni notebooks . \u201cNo tengo nada de eso, solamente l\u00e1piz y libreta de papel\u201d, \u00a0asegur\u00f3.<\/p>\n<p style=\"text-align: justify;\">El sabroso reportaje de La Tercera puso en evidencia tambi\u00e9n que Vargas Llosa, por confesi\u00f3n propia, escribe sus famosos libros que lo llevaron al Premio Nobel de la Literatura, \u00a0\u201c a mano\u201d pas\u00e1ndolos despu\u00e9s a la computadora \u201c que solamente uso como una m\u00e1quina de escribir\u201d, precis\u00f3 para rematar afirmando que \u201c desconf\u00eda del internet\u201d.<\/p>\n<p>  <!--more-->  <\/p>\n<p style=\"text-align: justify;\">En el reportaje Vargas Llosa cuenta a La Tercera que cierta vez una se\u00f1ora le escribi\u00f3 para felicitarlo por el texto tan bonito que hab\u00eda \u00a0escrito en homenaje a la mujer. \u201c Me lo envi\u00f3 y era una cursiler\u00eda monstruosa , una huachafer\u00eda , como decimos n el Per\u00fa. Y estaba firmado por m\u00ed. \u00a1\u00bf C\u00f3mo te defiendes contra eso \u00bf??. Llegas a perder tu identidad , se apropian de tu nombre. Es desmoralizador\u201d, protest\u00f3 el laureado escritor explicando al periodista que lo entrevist\u00f3 el por qu\u00e9 de su desconfianza en la tecnolog\u00eda aplicada en esta clase de comunicaci\u00f3n moderna.<\/p>\n<p style=\"text-align: justify;\"><img decoding=\"async\" src=\"images\/stories\/12\/03\/200312\/mario_vargas_llosa.jpg\" border=\"0\" alt=\"Al nobel Vargas Llosa le horrorizan los celulares\" title=\"Al nobel Vargas Llosa le horrorizan los celulares\" \/><\/p>\n","protected":false},"excerpt":{"rendered":"<p>(Aeronoticias).- \u00abNunca en la vida tendr\u00eda celulares, \u00a1qu\u00e9 horror!\u00bb, confes\u00f3 el laureado escritor peruano al diario chileno La Tercera ,poniendo al descubierto aspectos hasta ahora desconocidos de su rica y desconcertante personalidad. El autor del \u201cGeneral no tiene quien le escriba\u201d revel\u00f3 tambi\u00e9n que le tiene un \u201c terror supersticioso\u201d contestar las llamadas telef\u00f3nicas porque [&hellip;]<\/p>\n","protected":false},"author":1,"featured_media":0,"comment_status":"open","ping_status":"open","sticky":false,"template":"","format":"standard","meta":{"tdm_status":"","tdm_grid_status":"","footnotes":""},"categories":[38],"tags":[],"class_list":{"0":"post-24538","1":"post","2":"type-post","3":"status-publish","4":"format-standard","6":"category-nacionales"},"yoast_head":"<!-- This site is optimized with the Yoast SEO plugin v25.1 - https:\/\/yoast.com\/wordpress\/plugins\/seo\/ -->\n<title>Al nobel Vargas Llosa le horrorizan los celulares<\/title>\n<meta name=\"description\" content=\"Portal de noticias del Per\u00fa sobre el transporte a\u00e9reo, aviaci\u00f3n, turismo, hoteleria, actualidad.\" \/>\n<meta name=\"robots\" content=\"index, follow, max-snippet:-1, max-image-preview:large, max-video-preview:-1\" \/>\n<link rel=\"canonical\" href=\"https:\/\/aeronoticias.com.pe\/noticiero\/nacionales\/al-nobel-vargas-llosa-le-horrorizan-los-celulares\/\" \/>\n<meta property=\"og:locale\" content=\"es_ES\" \/>\n<meta property=\"og:type\" content=\"article\" \/>\n<meta property=\"og:title\" content=\"Al nobel Vargas Llosa le horrorizan los celulares\" \/>\n<meta property=\"og:description\" content=\"Portal de noticias del Per\u00fa sobre el transporte a\u00e9reo, aviaci\u00f3n, turismo, hoteleria, actualidad.\" \/>\n<meta property=\"og:url\" content=\"https:\/\/aeronoticias.com.pe\/noticiero\/nacionales\/al-nobel-vargas-llosa-le-horrorizan-los-celulares\/\" \/>\n<meta property=\"og:site_name\" content=\"Aeronoticias.com.pe\" \/>\n<meta property=\"article:publisher\" content=\"https:\/\/www.facebook.com\/Aeronoticias.com.pe\/\" \/>\n<meta property=\"article:published_time\" content=\"2012-03-20T17:36:20+00:00\" \/>\n<meta name=\"author\" content=\"Redacci\u00f3n Aeronoticias\" \/>\n<meta name=\"twitter:card\" content=\"summary_large_image\" \/>\n<meta name=\"twitter:creator\" content=\"@aeronoticias\" \/>\n<meta name=\"twitter:site\" content=\"@aeronoticias\" \/>\n<meta name=\"twitter:label1\" content=\"Escrito por\" \/>\n\t<meta name=\"twitter:data1\" content=\"Redacci\u00f3n Aeronoticias\" \/>\n\t<meta name=\"twitter:label2\" content=\"Tiempo de lectura\" \/>\n\t<meta name=\"twitter:data2\" content=\"1 minuto\" \/>\n<script type=\"application\/ld+json\" class=\"yoast-schema-graph\">{\"@context\":\"https:\/\/schema.org\",\"@graph\":[{\"@type\":\"WebPage\",\"@id\":\"https:\/\/aeronoticias.com.pe\/noticiero\/nacionales\/al-nobel-vargas-llosa-le-horrorizan-los-celulares\/\",\"url\":\"https:\/\/aeronoticias.com.pe\/noticiero\/nacionales\/al-nobel-vargas-llosa-le-horrorizan-los-celulares\/\",\"name\":\"Al nobel Vargas Llosa le horrorizan los celulares\",\"isPartOf\":{\"@id\":\"https:\/\/aeronoticias.com.pe\/noticiero\/#website\"},\"datePublished\":\"2012-03-20T17:36:20+00:00\",\"author\":{\"@id\":\"https:\/\/aeronoticias.com.pe\/noticiero\/#\/schema\/person\/fc1e5d578f4b62ba1cf7ac2bba1170a0\"},\"description\":\"Portal de noticias del Per\u00fa sobre el transporte a\u00e9reo, aviaci\u00f3n, turismo, hoteleria, actualidad.\",\"breadcrumb\":{\"@id\":\"https:\/\/aeronoticias.com.pe\/noticiero\/nacionales\/al-nobel-vargas-llosa-le-horrorizan-los-celulares\/#breadcrumb\"},\"inLanguage\":\"es\",\"potentialAction\":[{\"@type\":\"ReadAction\",\"target\":[\"https:\/\/aeronoticias.com.pe\/noticiero\/nacionales\/al-nobel-vargas-llosa-le-horrorizan-los-celulares\/\"]}]},{\"@type\":\"BreadcrumbList\",\"@id\":\"https:\/\/aeronoticias.com.pe\/noticiero\/nacionales\/al-nobel-vargas-llosa-le-horrorizan-los-celulares\/#breadcrumb\",\"itemListElement\":[{\"@type\":\"ListItem\",\"position\":1,\"name\":\"Portada\",\"item\":\"https:\/\/aeronoticias.com.pe\/noticiero\/\"},{\"@type\":\"ListItem\",\"position\":2,\"name\":\"Al nobel Vargas Llosa le horrorizan los celulares\"}]},{\"@type\":\"WebSite\",\"@id\":\"https:\/\/aeronoticias.com.pe\/noticiero\/#website\",\"url\":\"https:\/\/aeronoticias.com.pe\/noticiero\/\",\"name\":\"Aeronoticias.com.pe\",\"description\":\"Noticias de tranporte aereo, turismo, hoteles, gastronomia, actualidad, internacional\",\"potentialAction\":[{\"@type\":\"SearchAction\",\"target\":{\"@type\":\"EntryPoint\",\"urlTemplate\":\"https:\/\/aeronoticias.com.pe\/noticiero\/?s={search_term_string}\"},\"query-input\":{\"@type\":\"PropertyValueSpecification\",\"valueRequired\":true,\"valueName\":\"search_term_string\"}}],\"inLanguage\":\"es\"},{\"@type\":\"Person\",\"@id\":\"https:\/\/aeronoticias.com.pe\/noticiero\/#\/schema\/person\/fc1e5d578f4b62ba1cf7ac2bba1170a0\",\"name\":\"Redacci\u00f3n Aeronoticias\",\"url\":\"https:\/\/aeronoticias.com.pe\/noticiero\/author\/piloto\/\"}]}<\/script>\n<!-- \/ Yoast SEO plugin. -->","yoast_head_json":{"title":"Al nobel Vargas Llosa le horrorizan los celulares","description":"Portal de noticias del Per\u00fa sobre el transporte a\u00e9reo, aviaci\u00f3n, turismo, hoteleria, actualidad.","robots":{"index":"index","follow":"follow","max-snippet":"max-snippet:-1","max-image-preview":"max-image-preview:large","max-video-preview":"max-video-preview:-1"},"canonical":"https:\/\/aeronoticias.com.pe\/noticiero\/nacionales\/al-nobel-vargas-llosa-le-horrorizan-los-celulares\/","og_locale":"es_ES","og_type":"article","og_title":"Al nobel Vargas Llosa le horrorizan los celulares","og_description":"Portal de noticias del Per\u00fa sobre el transporte a\u00e9reo, aviaci\u00f3n, turismo, hoteleria, actualidad.","og_url":"https:\/\/aeronoticias.com.pe\/noticiero\/nacionales\/al-nobel-vargas-llosa-le-horrorizan-los-celulares\/","og_site_name":"Aeronoticias.com.pe","article_publisher":"https:\/\/www.facebook.com\/Aeronoticias.com.pe\/","article_published_time":"2012-03-20T17:36:20+00:00","author":"Redacci\u00f3n Aeronoticias","twitter_card":"summary_large_image","twitter_creator":"@aeronoticias","twitter_site":"@aeronoticias","twitter_misc":{"Escrito por":"Redacci\u00f3n Aeronoticias","Tiempo de lectura":"1 minuto"},"schema":{"@context":"https:\/\/schema.org","@graph":[{"@type":"WebPage","@id":"https:\/\/aeronoticias.com.pe\/noticiero\/nacionales\/al-nobel-vargas-llosa-le-horrorizan-los-celulares\/","url":"https:\/\/aeronoticias.com.pe\/noticiero\/nacionales\/al-nobel-vargas-llosa-le-horrorizan-los-celulares\/","name":"Al nobel Vargas Llosa le horrorizan los celulares","isPartOf":{"@id":"https:\/\/aeronoticias.com.pe\/noticiero\/#website"},"datePublished":"2012-03-20T17:36:20+00:00","author":{"@id":"https:\/\/aeronoticias.com.pe\/noticiero\/#\/schema\/person\/fc1e5d578f4b62ba1cf7ac2bba1170a0"},"description":"Portal de noticias del Per\u00fa sobre el transporte a\u00e9reo, aviaci\u00f3n, turismo, hoteleria, actualidad.","breadcrumb":{"@id":"https:\/\/aeronoticias.com.pe\/noticiero\/nacionales\/al-nobel-vargas-llosa-le-horrorizan-los-celulares\/#breadcrumb"},"inLanguage":"es","potentialAction":[{"@type":"ReadAction","target":["https:\/\/aeronoticias.com.pe\/noticiero\/nacionales\/al-nobel-vargas-llosa-le-horrorizan-los-celulares\/"]}]},{"@type":"BreadcrumbList","@id":"https:\/\/aeronoticias.com.pe\/noticiero\/nacionales\/al-nobel-vargas-llosa-le-horrorizan-los-celulares\/#breadcrumb","itemListElement":[{"@type":"ListItem","position":1,"name":"Portada","item":"https:\/\/aeronoticias.com.pe\/noticiero\/"},{"@type":"ListItem","position":2,"name":"Al nobel Vargas Llosa le horrorizan los celulares"}]},{"@type":"WebSite","@id":"https:\/\/aeronoticias.com.pe\/noticiero\/#website","url":"https:\/\/aeronoticias.com.pe\/noticiero\/","name":"Aeronoticias.com.pe","description":"Noticias de tranporte aereo, turismo, hoteles, gastronomia, actualidad, internacional","potentialAction":[{"@type":"SearchAction","target":{"@type":"EntryPoint","urlTemplate":"https:\/\/aeronoticias.com.pe\/noticiero\/?s={search_term_string}"},"query-input":{"@type":"PropertyValueSpecification","valueRequired":true,"valueName":"search_term_string"}}],"inLanguage":"es"},{"@type":"Person","@id":"https:\/\/aeronoticias.com.pe\/noticiero\/#\/schema\/person\/fc1e5d578f4b62ba1cf7ac2bba1170a0","name":"Redacci\u00f3n Aeronoticias","url":"https:\/\/aeronoticias.com.pe\/noticiero\/author\/piloto\/"}]}},"_links":{"self":[{"href":"https:\/\/aeronoticias.com.pe\/noticiero\/wp-json\/wp\/v2\/posts\/24538","targetHints":{"allow":["GET"]}}],"collection":[{"href":"https:\/\/aeronoticias.com.pe\/noticiero\/wp-json\/wp\/v2\/posts"}],"about":[{"href":"https:\/\/aeronoticias.com.pe\/noticiero\/wp-json\/wp\/v2\/types\/post"}],"author":[{"embeddable":true,"href":"https:\/\/aeronoticias.com.pe\/noticiero\/wp-json\/wp\/v2\/users\/1"}],"replies":[{"embeddable":true,"href":"https:\/\/aeronoticias.com.pe\/noticiero\/wp-json\/wp\/v2\/comments?post=24538"}],"version-history":[{"count":0,"href":"https:\/\/aeronoticias.com.pe\/noticiero\/wp-json\/wp\/v2\/posts\/24538\/revisions"}],"wp:attachment":[{"href":"https:\/\/aeronoticias.com.pe\/noticiero\/wp-json\/wp\/v2\/media?parent=24538"}],"wp:term":[{"taxonomy":"category","embeddable":true,"href":"https:\/\/aeronoticias.com.pe\/noticiero\/wp-json\/wp\/v2\/categories?post=24538"},{"taxonomy":"post_tag","embeddable":true,"href":"https:\/\/aeronoticias.com.pe\/noticiero\/wp-json\/wp\/v2\/tags?post=24538"}],"curies":[{"name":"wp","href":"https:\/\/api.w.org\/{rel}","templated":true}]}}