{"id":24539,"date":"2012-03-20T19:23:11","date_gmt":"2012-03-20T19:23:11","guid":{"rendered":"http:\/\/desarrollo.mcvicious.com\/aero2020\/2012\/03\/20\/terremoto-de-78-grados-sacude-a-mexico\/"},"modified":"2012-03-20T19:23:11","modified_gmt":"2012-03-20T19:23:11","slug":"terremoto-de-78-grados-sacude-a-mexico","status":"publish","type":"post","link":"https:\/\/aeronoticias.com.pe\/noticiero\/internacionales\/terremoto-de-78-grados-sacude-a-mexico\/","title":{"rendered":"Terremoto de 7,8 grados sacude a M\u00e9xico"},"content":{"rendered":"<p style=\"text-align: justify;\"><strong>(Aeronoticia).-<\/strong> Un fuerte sismo remeci\u00f3 hoy\u00a0la zona de la costa del Pac\u00edfico de M\u00e9xico, generando escenas de p\u00e1nico, cortes de fluido\u00a0el\u00e9ctrico\u00a0y problemas con las redes\u00a0telef\u00f3nicas.<\/p>\n<p style=\"text-align: justify;\">El Servicio Geol\u00f3gico de Estados Unidos (USGS) inform\u00f3 que la magnitud del movimiento es de 7.9 grados, con el epicentro en el estado de Guerrero, cerca de las costas de Acapulco.<\/p>\n<p>  <!--more-->  <\/p>\n<p style=\"text-align: justify;\">Por su parte el Servicio Sismol\u00f3gico Nacional (SNN) mexicano se\u00f1al\u00f3 que el movimiento fue de 7.8 grados en la escala Richter, tras informar preliminarmente que fue de 6.59.<\/p>\n<p style=\"text-align: justify;\">\u00a0<\/p>\n<p>Cientos de personas evacuaron edificios en la Ciudad de M\u00e9xico y se agolpaban en las calles buscando refugio de eventuales derrumbes, mientras se produc\u00edan r\u00e9plicas.<\/p>\n<p>\u00a0<\/p>\n<p style=\"text-align: justify;\">El presidente de M\u00e9xico, Felipe Calder\u00f3n, dijo que en las primeras evaluaciones no se han reportado victimas, ni da\u00f1os materiales.\u00a0\u00abNo se reportan hasta el momento da\u00f1os graves por sismo\u00bb, dijo el mandatario en su cuenta de Twitter.<\/p>\n<p style=\"text-align: justify;\"><strong>M\u00e1s informaci\u00f3n<\/strong><\/p>\n<p style=\"text-align: justify;\">El Centro de Alerta de Tsunamis del Pac\u00edfico dijo que el terremoto no generar\u00e1 un tsunami de gran magnitud, pero que exist\u00eda la posibilidad de que se registrara ese fen\u00f3meno a nivel local.<\/p>\n<p><img decoding=\"async\" src=\"images\/stories\/12\/03\/200312\/terremoto_mexico_acapulco.jpg\" border=\"0\" alt=\"Fuerte sismo sacude M\u00e9xico\" title=\"Fuerte sismo sacude M\u00e9xico\" \/><\/p>\n<p style=\"text-align: center;\"> <object width=\"400\" height=\"325\" data=\"http:\/\/www.youtube.com\/v\/ITvMR381jZo?fs=1&amp;hl=en_US&amp;autoplay=0&amp;showinfo=0&amp;rel=0\" type=\"application\/x-shockwave-flash\"><param name=\"movie\" value=\"http:\/\/www.youtube.com\/v\/ITvMR381jZo?fs=1&amp;hl=en_US&amp;autoplay=0&amp;showinfo=0&amp;rel=0\" \/><param name=\"wmode\" value=\"transparent\" \/><\/object> <\/p>\n","protected":false},"excerpt":{"rendered":"<p>(Aeronoticia).- Un fuerte sismo remeci\u00f3 hoy\u00a0la zona de la costa del Pac\u00edfico de M\u00e9xico, generando escenas de p\u00e1nico, cortes de fluido\u00a0el\u00e9ctrico\u00a0y problemas con las redes\u00a0telef\u00f3nicas. El Servicio Geol\u00f3gico de Estados Unidos (USGS) inform\u00f3 que la magnitud del movimiento es de 7.9 grados, con el epicentro en el estado de Guerrero, cerca de las costas de [&hellip;]<\/p>\n","protected":false},"author":1,"featured_media":0,"comment_status":"open","ping_status":"open","sticky":false,"template":"","format":"standard","meta":{"tdm_status":"","tdm_grid_status":"","footnotes":""},"categories":[34],"tags":[],"class_list":{"0":"post-24539","1":"post","2":"type-post","3":"status-publish","4":"format-standard","6":"category-internacionales"},"yoast_head":"<!-- This site is optimized with the Yoast SEO plugin v25.1 - https:\/\/yoast.com\/wordpress\/plugins\/seo\/ -->\n<title>Terremoto de 7,8 grados sacude a M\u00e9xico<\/title>\n<meta name=\"description\" content=\"Portal de noticias del Per\u00fa sobre el transporte a\u00e9reo, aviaci\u00f3n, turismo, hoteleria, actualidad.\" \/>\n<meta name=\"robots\" content=\"index, follow, max-snippet:-1, max-image-preview:large, max-video-preview:-1\" \/>\n<link rel=\"canonical\" href=\"https:\/\/aeronoticias.com.pe\/noticiero\/internacionales\/terremoto-de-78-grados-sacude-a-mexico\/\" \/>\n<meta property=\"og:locale\" content=\"es_ES\" \/>\n<meta property=\"og:type\" content=\"article\" \/>\n<meta property=\"og:title\" content=\"Terremoto de 7,8 grados sacude a M\u00e9xico\" \/>\n<meta property=\"og:description\" content=\"Portal de noticias del Per\u00fa sobre el transporte a\u00e9reo, aviaci\u00f3n, turismo, hoteleria, actualidad.\" \/>\n<meta property=\"og:url\" content=\"https:\/\/aeronoticias.com.pe\/noticiero\/internacionales\/terremoto-de-78-grados-sacude-a-mexico\/\" \/>\n<meta property=\"og:site_name\" content=\"Aeronoticias.com.pe\" \/>\n<meta property=\"article:publisher\" content=\"https:\/\/www.facebook.com\/Aeronoticias.com.pe\/\" \/>\n<meta property=\"article:published_time\" content=\"2012-03-20T19:23:11+00:00\" \/>\n<meta name=\"author\" content=\"Redacci\u00f3n Aeronoticias\" \/>\n<meta name=\"twitter:card\" content=\"summary_large_image\" \/>\n<meta name=\"twitter:creator\" content=\"@aeronoticias\" \/>\n<meta name=\"twitter:site\" content=\"@aeronoticias\" \/>\n<meta name=\"twitter:label1\" content=\"Escrito por\" \/>\n\t<meta name=\"twitter:data1\" content=\"Redacci\u00f3n Aeronoticias\" \/>\n\t<meta name=\"twitter:label2\" content=\"Tiempo de lectura\" \/>\n\t<meta name=\"twitter:data2\" content=\"1 minuto\" \/>\n<script type=\"application\/ld+json\" class=\"yoast-schema-graph\">{\"@context\":\"https:\/\/schema.org\",\"@graph\":[{\"@type\":\"WebPage\",\"@id\":\"https:\/\/aeronoticias.com.pe\/noticiero\/internacionales\/terremoto-de-78-grados-sacude-a-mexico\/\",\"url\":\"https:\/\/aeronoticias.com.pe\/noticiero\/internacionales\/terremoto-de-78-grados-sacude-a-mexico\/\",\"name\":\"Terremoto de 7,8 grados sacude a M\u00e9xico\",\"isPartOf\":{\"@id\":\"https:\/\/aeronoticias.com.pe\/noticiero\/#website\"},\"datePublished\":\"2012-03-20T19:23:11+00:00\",\"author\":{\"@id\":\"https:\/\/aeronoticias.com.pe\/noticiero\/#\/schema\/person\/fc1e5d578f4b62ba1cf7ac2bba1170a0\"},\"description\":\"Portal de noticias del Per\u00fa sobre el transporte a\u00e9reo, aviaci\u00f3n, turismo, hoteleria, actualidad.\",\"breadcrumb\":{\"@id\":\"https:\/\/aeronoticias.com.pe\/noticiero\/internacionales\/terremoto-de-78-grados-sacude-a-mexico\/#breadcrumb\"},\"inLanguage\":\"es\",\"potentialAction\":[{\"@type\":\"ReadAction\",\"target\":[\"https:\/\/aeronoticias.com.pe\/noticiero\/internacionales\/terremoto-de-78-grados-sacude-a-mexico\/\"]}]},{\"@type\":\"BreadcrumbList\",\"@id\":\"https:\/\/aeronoticias.com.pe\/noticiero\/internacionales\/terremoto-de-78-grados-sacude-a-mexico\/#breadcrumb\",\"itemListElement\":[{\"@type\":\"ListItem\",\"position\":1,\"name\":\"Portada\",\"item\":\"https:\/\/aeronoticias.com.pe\/noticiero\/\"},{\"@type\":\"ListItem\",\"position\":2,\"name\":\"Terremoto de 7,8 grados sacude a M\u00e9xico\"}]},{\"@type\":\"WebSite\",\"@id\":\"https:\/\/aeronoticias.com.pe\/noticiero\/#website\",\"url\":\"https:\/\/aeronoticias.com.pe\/noticiero\/\",\"name\":\"Aeronoticias.com.pe\",\"description\":\"Noticias de tranporte aereo, turismo, hoteles, gastronomia, actualidad, internacional\",\"potentialAction\":[{\"@type\":\"SearchAction\",\"target\":{\"@type\":\"EntryPoint\",\"urlTemplate\":\"https:\/\/aeronoticias.com.pe\/noticiero\/?s={search_term_string}\"},\"query-input\":{\"@type\":\"PropertyValueSpecification\",\"valueRequired\":true,\"valueName\":\"search_term_string\"}}],\"inLanguage\":\"es\"},{\"@type\":\"Person\",\"@id\":\"https:\/\/aeronoticias.com.pe\/noticiero\/#\/schema\/person\/fc1e5d578f4b62ba1cf7ac2bba1170a0\",\"name\":\"Redacci\u00f3n Aeronoticias\",\"url\":\"https:\/\/aeronoticias.com.pe\/noticiero\/author\/piloto\/\"}]}<\/script>\n<!-- \/ Yoast SEO plugin. -->","yoast_head_json":{"title":"Terremoto de 7,8 grados sacude a M\u00e9xico","description":"Portal de noticias del Per\u00fa sobre el transporte a\u00e9reo, aviaci\u00f3n, turismo, hoteleria, actualidad.","robots":{"index":"index","follow":"follow","max-snippet":"max-snippet:-1","max-image-preview":"max-image-preview:large","max-video-preview":"max-video-preview:-1"},"canonical":"https:\/\/aeronoticias.com.pe\/noticiero\/internacionales\/terremoto-de-78-grados-sacude-a-mexico\/","og_locale":"es_ES","og_type":"article","og_title":"Terremoto de 7,8 grados sacude a M\u00e9xico","og_description":"Portal de noticias del Per\u00fa sobre el transporte a\u00e9reo, aviaci\u00f3n, turismo, hoteleria, actualidad.","og_url":"https:\/\/aeronoticias.com.pe\/noticiero\/internacionales\/terremoto-de-78-grados-sacude-a-mexico\/","og_site_name":"Aeronoticias.com.pe","article_publisher":"https:\/\/www.facebook.com\/Aeronoticias.com.pe\/","article_published_time":"2012-03-20T19:23:11+00:00","author":"Redacci\u00f3n Aeronoticias","twitter_card":"summary_large_image","twitter_creator":"@aeronoticias","twitter_site":"@aeronoticias","twitter_misc":{"Escrito por":"Redacci\u00f3n Aeronoticias","Tiempo de lectura":"1 minuto"},"schema":{"@context":"https:\/\/schema.org","@graph":[{"@type":"WebPage","@id":"https:\/\/aeronoticias.com.pe\/noticiero\/internacionales\/terremoto-de-78-grados-sacude-a-mexico\/","url":"https:\/\/aeronoticias.com.pe\/noticiero\/internacionales\/terremoto-de-78-grados-sacude-a-mexico\/","name":"Terremoto de 7,8 grados sacude a M\u00e9xico","isPartOf":{"@id":"https:\/\/aeronoticias.com.pe\/noticiero\/#website"},"datePublished":"2012-03-20T19:23:11+00:00","author":{"@id":"https:\/\/aeronoticias.com.pe\/noticiero\/#\/schema\/person\/fc1e5d578f4b62ba1cf7ac2bba1170a0"},"description":"Portal de noticias del Per\u00fa sobre el transporte a\u00e9reo, aviaci\u00f3n, turismo, hoteleria, actualidad.","breadcrumb":{"@id":"https:\/\/aeronoticias.com.pe\/noticiero\/internacionales\/terremoto-de-78-grados-sacude-a-mexico\/#breadcrumb"},"inLanguage":"es","potentialAction":[{"@type":"ReadAction","target":["https:\/\/aeronoticias.com.pe\/noticiero\/internacionales\/terremoto-de-78-grados-sacude-a-mexico\/"]}]},{"@type":"BreadcrumbList","@id":"https:\/\/aeronoticias.com.pe\/noticiero\/internacionales\/terremoto-de-78-grados-sacude-a-mexico\/#breadcrumb","itemListElement":[{"@type":"ListItem","position":1,"name":"Portada","item":"https:\/\/aeronoticias.com.pe\/noticiero\/"},{"@type":"ListItem","position":2,"name":"Terremoto de 7,8 grados sacude a M\u00e9xico"}]},{"@type":"WebSite","@id":"https:\/\/aeronoticias.com.pe\/noticiero\/#website","url":"https:\/\/aeronoticias.com.pe\/noticiero\/","name":"Aeronoticias.com.pe","description":"Noticias de tranporte aereo, turismo, hoteles, gastronomia, actualidad, internacional","potentialAction":[{"@type":"SearchAction","target":{"@type":"EntryPoint","urlTemplate":"https:\/\/aeronoticias.com.pe\/noticiero\/?s={search_term_string}"},"query-input":{"@type":"PropertyValueSpecification","valueRequired":true,"valueName":"search_term_string"}}],"inLanguage":"es"},{"@type":"Person","@id":"https:\/\/aeronoticias.com.pe\/noticiero\/#\/schema\/person\/fc1e5d578f4b62ba1cf7ac2bba1170a0","name":"Redacci\u00f3n Aeronoticias","url":"https:\/\/aeronoticias.com.pe\/noticiero\/author\/piloto\/"}]}},"_links":{"self":[{"href":"https:\/\/aeronoticias.com.pe\/noticiero\/wp-json\/wp\/v2\/posts\/24539","targetHints":{"allow":["GET"]}}],"collection":[{"href":"https:\/\/aeronoticias.com.pe\/noticiero\/wp-json\/wp\/v2\/posts"}],"about":[{"href":"https:\/\/aeronoticias.com.pe\/noticiero\/wp-json\/wp\/v2\/types\/post"}],"author":[{"embeddable":true,"href":"https:\/\/aeronoticias.com.pe\/noticiero\/wp-json\/wp\/v2\/users\/1"}],"replies":[{"embeddable":true,"href":"https:\/\/aeronoticias.com.pe\/noticiero\/wp-json\/wp\/v2\/comments?post=24539"}],"version-history":[{"count":0,"href":"https:\/\/aeronoticias.com.pe\/noticiero\/wp-json\/wp\/v2\/posts\/24539\/revisions"}],"wp:attachment":[{"href":"https:\/\/aeronoticias.com.pe\/noticiero\/wp-json\/wp\/v2\/media?parent=24539"}],"wp:term":[{"taxonomy":"category","embeddable":true,"href":"https:\/\/aeronoticias.com.pe\/noticiero\/wp-json\/wp\/v2\/categories?post=24539"},{"taxonomy":"post_tag","embeddable":true,"href":"https:\/\/aeronoticias.com.pe\/noticiero\/wp-json\/wp\/v2\/tags?post=24539"}],"curies":[{"name":"wp","href":"https:\/\/api.w.org\/{rel}","templated":true}]}}