{"id":24542,"date":"2012-03-20T20:56:32","date_gmt":"2012-03-20T20:56:32","guid":{"rendered":"http:\/\/desarrollo.mcvicious.com\/aero2020\/2012\/03\/20\/semana-santa-tarma-recibiria-mas-de-11000-turistas\/"},"modified":"2012-03-20T20:56:32","modified_gmt":"2012-03-20T20:56:32","slug":"semana-santa-tarma-recibiria-mas-de-11000-turistas","status":"publish","type":"post","link":"https:\/\/aeronoticias.com.pe\/noticiero\/turismo\/13\/semana-santa-tarma-recibiria-mas-de-11000-turistas\/","title":{"rendered":"Semana Santa: Tarma recibir\u00eda m\u00e1s de 11,000 turistas"},"content":{"rendered":"<p style=\"text-align: justify;\"><strong>(Aeronoticias).-<\/strong> M\u00e1s de 11,000 turistas llegar\u00edan con motivo de la Semana Santa a la provincia de Tarma, en Jun\u00edn, donde se vive con gran fervor esta fecha religiosa, estim\u00f3 hoy el subgerente municipal de Turismo, Erick \u00c1greda Rodulfo.<\/p>\n<p style=\"text-align: justify;\">Se\u00f1al\u00f3 que con dicha cifra es probable que la capacidad hotelera se vea rebasada, por lo que se coordina con varios pobladores de la ciudad, llamada tambi\u00e9n \u201cLa Bella Perla de los Andes\u201d, a fin de habilitar casas de hospedaje.<\/p>\n<p style=\"text-align: justify;\">\u201cSabemos que no tenemos la capacidad de otras ciudades, por ello estamos abriendo casas de hospedaje como alternativa frente a los hoteles, y estamos viendo que no eleven sus precios\u201d, manifest\u00f3.<\/p>\n<p style=\"text-align: justify;\">\u201cTendremos una afluencia fuerte desde el 5 de abril, una gran cantidad de visitantes viene no s\u00f3lo para admirar las alfombras de flores que se confeccionan el Viernes Santo, cuando sale el Santo Sepulcro, sino tambi\u00e9n por los atractivos tur\u00edsticos\u201d, agreg\u00f3.<\/p>\n<p>  <!--more-->  <\/p>\n<p style=\"text-align: justify;\">Dijo, adem\u00e1s, que los turistas llegan atra\u00eddos por la gastronom\u00eda y actividades como la degustaci\u00f3n de los siete chupes (sopas) en Palca y la llamada Fiesta de la Media Naranja, en Acobamba.<\/p>\n<p style=\"text-align: justify;\">\u00c1greda adelant\u00f3 que este a\u00f1o se elaborar\u00e1 una alfombra de flores a lo largo de 14 cuadras, con lo que se espera imponer un r\u00e9cord en la provincia, con apoyo de 58 comunidades participantes e instituciones p\u00fablicas y privadas.<\/p>\n<p style=\"text-align: justify;\">En esta tradici\u00f3n, de hace m\u00e1s de 400 a\u00f1os, precis\u00f3, no se emplean aserr\u00edn ni flores te\u00f1idas, tampoco demasiadas hojas ni semillas. \u201cS\u00f3lo se utiliza caf\u00e9 y trigo tostado para delinear las figuras\u201d, aclar\u00f3.<\/p>\n<p style=\"text-align: justify;\">Tarma, a 244 kil\u00f3metros al este de Lima, cuenta con destinos tur\u00edsticos como la gruta de Huagapo y el santuario del Se\u00f1or de Muruhuay.<\/p>\n<p style=\"text-align: justify;\">(FIN) PTM\/VVS\/JOT<\/p>\n<p style=\"text-align: justify;\">GRM<\/p>\n<p style=\"text-align: justify;\">Agencia Andina.<\/p>\n<p style=\"text-align: justify;\"><img decoding=\"async\" src=\"images\/stories\/12\/03\/200312\/semana_santa.jpg\" border=\"0\" alt=\"Semana Santa: Tarma recibir\u00eda m\u00e1s de 11,000 turistas\" title=\"Semana Santa: Tarma recibir\u00eda m\u00e1s de 11,000 turistas\" \/><\/p>\n","protected":false},"excerpt":{"rendered":"<p>(Aeronoticias).- M\u00e1s de 11,000 turistas llegar\u00edan con motivo de la Semana Santa a la provincia de Tarma, en Jun\u00edn, donde se vive con gran fervor esta fecha religiosa, estim\u00f3 hoy el subgerente municipal de Turismo, Erick \u00c1greda Rodulfo. Se\u00f1al\u00f3 que con dicha cifra es probable que la capacidad hotelera se vea rebasada, por lo que [&hellip;]<\/p>\n","protected":false},"author":1,"featured_media":0,"comment_status":"open","ping_status":"open","sticky":false,"template":"","format":"standard","meta":{"tdm_status":"","tdm_grid_status":"","footnotes":""},"categories":[31],"tags":[],"class_list":{"0":"post-24542","1":"post","2":"type-post","3":"status-publish","4":"format-standard","6":"category-31"},"yoast_head":"<!-- This site is optimized with the Yoast SEO plugin v25.1 - https:\/\/yoast.com\/wordpress\/plugins\/seo\/ -->\n<title>Semana Santa: Tarma recibir\u00eda m\u00e1s de 11,000 turistas<\/title>\n<meta name=\"description\" content=\"Portal de noticias del Per\u00fa sobre el transporte a\u00e9reo, aviaci\u00f3n, turismo, hoteleria, actualidad.\" \/>\n<meta name=\"robots\" content=\"index, follow, max-snippet:-1, max-image-preview:large, max-video-preview:-1\" \/>\n<link rel=\"canonical\" href=\"https:\/\/aeronoticias.com.pe\/noticiero\/turismo\/13\/semana-santa-tarma-recibiria-mas-de-11000-turistas\/\" \/>\n<meta property=\"og:locale\" content=\"es_ES\" \/>\n<meta property=\"og:type\" content=\"article\" \/>\n<meta property=\"og:title\" content=\"Semana Santa: Tarma recibir\u00eda m\u00e1s de 11,000 turistas\" \/>\n<meta property=\"og:description\" content=\"Portal de noticias del Per\u00fa sobre el transporte a\u00e9reo, aviaci\u00f3n, turismo, hoteleria, actualidad.\" \/>\n<meta property=\"og:url\" content=\"https:\/\/aeronoticias.com.pe\/noticiero\/turismo\/13\/semana-santa-tarma-recibiria-mas-de-11000-turistas\/\" \/>\n<meta property=\"og:site_name\" content=\"Aeronoticias.com.pe\" \/>\n<meta property=\"article:publisher\" content=\"https:\/\/www.facebook.com\/Aeronoticias.com.pe\/\" \/>\n<meta property=\"article:published_time\" content=\"2012-03-20T20:56:32+00:00\" \/>\n<meta name=\"author\" content=\"Redacci\u00f3n Aeronoticias\" \/>\n<meta name=\"twitter:card\" content=\"summary_large_image\" \/>\n<meta name=\"twitter:creator\" content=\"@aeronoticias\" \/>\n<meta name=\"twitter:site\" content=\"@aeronoticias\" \/>\n<meta name=\"twitter:label1\" content=\"Escrito por\" \/>\n\t<meta name=\"twitter:data1\" content=\"Redacci\u00f3n Aeronoticias\" \/>\n\t<meta name=\"twitter:label2\" content=\"Tiempo de lectura\" \/>\n\t<meta name=\"twitter:data2\" content=\"2 minutos\" \/>\n<script type=\"application\/ld+json\" class=\"yoast-schema-graph\">{\"@context\":\"https:\/\/schema.org\",\"@graph\":[{\"@type\":\"WebPage\",\"@id\":\"https:\/\/aeronoticias.com.pe\/noticiero\/turismo\/13\/semana-santa-tarma-recibiria-mas-de-11000-turistas\/\",\"url\":\"https:\/\/aeronoticias.com.pe\/noticiero\/turismo\/13\/semana-santa-tarma-recibiria-mas-de-11000-turistas\/\",\"name\":\"Semana Santa: Tarma recibir\u00eda m\u00e1s de 11,000 turistas\",\"isPartOf\":{\"@id\":\"https:\/\/aeronoticias.com.pe\/noticiero\/#website\"},\"datePublished\":\"2012-03-20T20:56:32+00:00\",\"author\":{\"@id\":\"https:\/\/aeronoticias.com.pe\/noticiero\/#\/schema\/person\/fc1e5d578f4b62ba1cf7ac2bba1170a0\"},\"description\":\"Portal de noticias del Per\u00fa sobre el transporte a\u00e9reo, aviaci\u00f3n, turismo, hoteleria, actualidad.\",\"breadcrumb\":{\"@id\":\"https:\/\/aeronoticias.com.pe\/noticiero\/turismo\/13\/semana-santa-tarma-recibiria-mas-de-11000-turistas\/#breadcrumb\"},\"inLanguage\":\"es\",\"potentialAction\":[{\"@type\":\"ReadAction\",\"target\":[\"https:\/\/aeronoticias.com.pe\/noticiero\/turismo\/13\/semana-santa-tarma-recibiria-mas-de-11000-turistas\/\"]}]},{\"@type\":\"BreadcrumbList\",\"@id\":\"https:\/\/aeronoticias.com.pe\/noticiero\/turismo\/13\/semana-santa-tarma-recibiria-mas-de-11000-turistas\/#breadcrumb\",\"itemListElement\":[{\"@type\":\"ListItem\",\"position\":1,\"name\":\"Portada\",\"item\":\"https:\/\/aeronoticias.com.pe\/noticiero\/\"},{\"@type\":\"ListItem\",\"position\":2,\"name\":\"Semana Santa: Tarma recibir\u00eda m\u00e1s de 11,000 turistas\"}]},{\"@type\":\"WebSite\",\"@id\":\"https:\/\/aeronoticias.com.pe\/noticiero\/#website\",\"url\":\"https:\/\/aeronoticias.com.pe\/noticiero\/\",\"name\":\"Aeronoticias.com.pe\",\"description\":\"Noticias de tranporte aereo, turismo, hoteles, gastronomia, actualidad, internacional\",\"potentialAction\":[{\"@type\":\"SearchAction\",\"target\":{\"@type\":\"EntryPoint\",\"urlTemplate\":\"https:\/\/aeronoticias.com.pe\/noticiero\/?s={search_term_string}\"},\"query-input\":{\"@type\":\"PropertyValueSpecification\",\"valueRequired\":true,\"valueName\":\"search_term_string\"}}],\"inLanguage\":\"es\"},{\"@type\":\"Person\",\"@id\":\"https:\/\/aeronoticias.com.pe\/noticiero\/#\/schema\/person\/fc1e5d578f4b62ba1cf7ac2bba1170a0\",\"name\":\"Redacci\u00f3n Aeronoticias\",\"url\":\"https:\/\/aeronoticias.com.pe\/noticiero\/author\/piloto\/\"}]}<\/script>\n<!-- \/ Yoast SEO plugin. -->","yoast_head_json":{"title":"Semana Santa: Tarma recibir\u00eda m\u00e1s de 11,000 turistas","description":"Portal de noticias del Per\u00fa sobre el transporte a\u00e9reo, aviaci\u00f3n, turismo, hoteleria, actualidad.","robots":{"index":"index","follow":"follow","max-snippet":"max-snippet:-1","max-image-preview":"max-image-preview:large","max-video-preview":"max-video-preview:-1"},"canonical":"https:\/\/aeronoticias.com.pe\/noticiero\/turismo\/13\/semana-santa-tarma-recibiria-mas-de-11000-turistas\/","og_locale":"es_ES","og_type":"article","og_title":"Semana Santa: Tarma recibir\u00eda m\u00e1s de 11,000 turistas","og_description":"Portal de noticias del Per\u00fa sobre el transporte a\u00e9reo, aviaci\u00f3n, turismo, hoteleria, actualidad.","og_url":"https:\/\/aeronoticias.com.pe\/noticiero\/turismo\/13\/semana-santa-tarma-recibiria-mas-de-11000-turistas\/","og_site_name":"Aeronoticias.com.pe","article_publisher":"https:\/\/www.facebook.com\/Aeronoticias.com.pe\/","article_published_time":"2012-03-20T20:56:32+00:00","author":"Redacci\u00f3n Aeronoticias","twitter_card":"summary_large_image","twitter_creator":"@aeronoticias","twitter_site":"@aeronoticias","twitter_misc":{"Escrito por":"Redacci\u00f3n Aeronoticias","Tiempo de lectura":"2 minutos"},"schema":{"@context":"https:\/\/schema.org","@graph":[{"@type":"WebPage","@id":"https:\/\/aeronoticias.com.pe\/noticiero\/turismo\/13\/semana-santa-tarma-recibiria-mas-de-11000-turistas\/","url":"https:\/\/aeronoticias.com.pe\/noticiero\/turismo\/13\/semana-santa-tarma-recibiria-mas-de-11000-turistas\/","name":"Semana Santa: Tarma recibir\u00eda m\u00e1s de 11,000 turistas","isPartOf":{"@id":"https:\/\/aeronoticias.com.pe\/noticiero\/#website"},"datePublished":"2012-03-20T20:56:32+00:00","author":{"@id":"https:\/\/aeronoticias.com.pe\/noticiero\/#\/schema\/person\/fc1e5d578f4b62ba1cf7ac2bba1170a0"},"description":"Portal de noticias del Per\u00fa sobre el transporte a\u00e9reo, aviaci\u00f3n, turismo, hoteleria, actualidad.","breadcrumb":{"@id":"https:\/\/aeronoticias.com.pe\/noticiero\/turismo\/13\/semana-santa-tarma-recibiria-mas-de-11000-turistas\/#breadcrumb"},"inLanguage":"es","potentialAction":[{"@type":"ReadAction","target":["https:\/\/aeronoticias.com.pe\/noticiero\/turismo\/13\/semana-santa-tarma-recibiria-mas-de-11000-turistas\/"]}]},{"@type":"BreadcrumbList","@id":"https:\/\/aeronoticias.com.pe\/noticiero\/turismo\/13\/semana-santa-tarma-recibiria-mas-de-11000-turistas\/#breadcrumb","itemListElement":[{"@type":"ListItem","position":1,"name":"Portada","item":"https:\/\/aeronoticias.com.pe\/noticiero\/"},{"@type":"ListItem","position":2,"name":"Semana Santa: Tarma recibir\u00eda m\u00e1s de 11,000 turistas"}]},{"@type":"WebSite","@id":"https:\/\/aeronoticias.com.pe\/noticiero\/#website","url":"https:\/\/aeronoticias.com.pe\/noticiero\/","name":"Aeronoticias.com.pe","description":"Noticias de tranporte aereo, turismo, hoteles, gastronomia, actualidad, internacional","potentialAction":[{"@type":"SearchAction","target":{"@type":"EntryPoint","urlTemplate":"https:\/\/aeronoticias.com.pe\/noticiero\/?s={search_term_string}"},"query-input":{"@type":"PropertyValueSpecification","valueRequired":true,"valueName":"search_term_string"}}],"inLanguage":"es"},{"@type":"Person","@id":"https:\/\/aeronoticias.com.pe\/noticiero\/#\/schema\/person\/fc1e5d578f4b62ba1cf7ac2bba1170a0","name":"Redacci\u00f3n Aeronoticias","url":"https:\/\/aeronoticias.com.pe\/noticiero\/author\/piloto\/"}]}},"_links":{"self":[{"href":"https:\/\/aeronoticias.com.pe\/noticiero\/wp-json\/wp\/v2\/posts\/24542","targetHints":{"allow":["GET"]}}],"collection":[{"href":"https:\/\/aeronoticias.com.pe\/noticiero\/wp-json\/wp\/v2\/posts"}],"about":[{"href":"https:\/\/aeronoticias.com.pe\/noticiero\/wp-json\/wp\/v2\/types\/post"}],"author":[{"embeddable":true,"href":"https:\/\/aeronoticias.com.pe\/noticiero\/wp-json\/wp\/v2\/users\/1"}],"replies":[{"embeddable":true,"href":"https:\/\/aeronoticias.com.pe\/noticiero\/wp-json\/wp\/v2\/comments?post=24542"}],"version-history":[{"count":0,"href":"https:\/\/aeronoticias.com.pe\/noticiero\/wp-json\/wp\/v2\/posts\/24542\/revisions"}],"wp:attachment":[{"href":"https:\/\/aeronoticias.com.pe\/noticiero\/wp-json\/wp\/v2\/media?parent=24542"}],"wp:term":[{"taxonomy":"category","embeddable":true,"href":"https:\/\/aeronoticias.com.pe\/noticiero\/wp-json\/wp\/v2\/categories?post=24542"},{"taxonomy":"post_tag","embeddable":true,"href":"https:\/\/aeronoticias.com.pe\/noticiero\/wp-json\/wp\/v2\/tags?post=24542"}],"curies":[{"name":"wp","href":"https:\/\/api.w.org\/{rel}","templated":true}]}}