{"id":24543,"date":"2012-03-20T21:05:35","date_gmt":"2012-03-20T21:05:35","guid":{"rendered":"http:\/\/desarrollo.mcvicious.com\/aero2020\/2012\/03\/20\/exhiben-escultura-con-el-rostro-de-ciro-castillo-para-atraer-turistas-en-arequipa\/"},"modified":"2012-03-20T21:05:35","modified_gmt":"2012-03-20T21:05:35","slug":"exhiben-escultura-con-el-rostro-de-ciro-castillo-para-atraer-turistas-en-arequipa","status":"publish","type":"post","link":"https:\/\/aeronoticias.com.pe\/noticiero\/turismo\/13\/exhiben-escultura-con-el-rostro-de-ciro-castillo-para-atraer-turistas-en-arequipa\/","title":{"rendered":"Exhiben escultura con el rostro de Ciro Castillo para atraer turistas en Arequipa"},"content":{"rendered":"<p style=\"text-align: justify;\"><strong>(Aeronoticias).-<\/strong> Una escultura\u00a0que muestra la vestimenta de una danza t\u00edpica de Arequipa fue esculpida con el rostro del joven Ciro Castillo, quien fue hallado muerto en el nevado Bomboya en el ca\u00f1on del Colca el a\u00f1o pasado.<\/p>\n<p style=\"text-align: justify;\">La iniciativa se dio tras una convocatoria hecha por el alcalde de Chivay, Elmer C\u00e1ceres, para que las obras adornen la alameda Salaverry, en el referido distrito de la provincia de Caylloma, e incentiven el turismo en el valle del Colca.<\/p>\n<p>  <!--more-->  <\/p>\n<p style=\"text-align: justify;\">Son 13 esculturas elaboradas en fibra de vidrio, donde se muestra la vestimenta de danzas como el Camile, Los Negritos, Pincullero, Sara Tarpuy y otras tradicionales de esta provincia arequipe\u00f1a.<\/p>\n<p style=\"text-align: justify;\">Las esculturas ser\u00e1n exhibidas el jueves 22 y viernes 23 en la Plaza de Armas de Arequipa, el s\u00e1bado 24 y domingo 25 en el Mall ubicado en el distrito de Paucarpata, y luego ser\u00e1n trasladadas hacia el valle del Colca, durante las celebraciones por Semana Santa.<\/p>\n<p style=\"text-align: justify;\"><strong>M\u00e1s informaci\u00f3n<\/strong><\/p>\n<p style=\"text-align: justify;\">La presentaci\u00f3n de las obras se hizo hoy en la sede de la Autoridad Nacional del Colca, cuyos funcionarios indicaron que ya invitaron al doctor Ciro Castillo Rojo, padre de Ciro, para la presentaci\u00f3n del jueves.<\/p>\n<p><img decoding=\"async\" class=\"caption\" src=\"images\/stories\/12\/03\/200312\/ciro.jpg\" border=\"0\" alt=\"Exhiben escultura con el rostro de Ciro Castillo para atraer turistas en Arequipa\" title=\"RPP-Roberto Riva\u00f1os\" \/><\/p>\n<p><\/p>\n","protected":false},"excerpt":{"rendered":"<p>(Aeronoticias).- Una escultura\u00a0que muestra la vestimenta de una danza t\u00edpica de Arequipa fue esculpida con el rostro del joven Ciro Castillo, quien fue hallado muerto en el nevado Bomboya en el ca\u00f1on del Colca el a\u00f1o pasado. La iniciativa se dio tras una convocatoria hecha por el alcalde de Chivay, Elmer C\u00e1ceres, para que las [&hellip;]<\/p>\n","protected":false},"author":1,"featured_media":0,"comment_status":"open","ping_status":"open","sticky":false,"template":"","format":"standard","meta":{"tdm_status":"","tdm_grid_status":"","footnotes":""},"categories":[31],"tags":[],"class_list":{"0":"post-24543","1":"post","2":"type-post","3":"status-publish","4":"format-standard","6":"category-31"},"yoast_head":"<!-- This site is optimized with the Yoast SEO plugin v25.1 - https:\/\/yoast.com\/wordpress\/plugins\/seo\/ -->\n<title>Exhiben escultura con el rostro de Ciro Castillo para atraer turistas en Arequipa<\/title>\n<meta name=\"description\" content=\"Portal de noticias del Per\u00fa sobre el transporte a\u00e9reo, aviaci\u00f3n, turismo, hoteleria, actualidad.\" \/>\n<meta name=\"robots\" content=\"index, follow, max-snippet:-1, max-image-preview:large, max-video-preview:-1\" \/>\n<link rel=\"canonical\" href=\"https:\/\/aeronoticias.com.pe\/noticiero\/turismo\/13\/exhiben-escultura-con-el-rostro-de-ciro-castillo-para-atraer-turistas-en-arequipa\/\" \/>\n<meta property=\"og:locale\" content=\"es_ES\" \/>\n<meta property=\"og:type\" content=\"article\" \/>\n<meta property=\"og:title\" content=\"Exhiben escultura con el rostro de Ciro Castillo para atraer turistas en Arequipa\" \/>\n<meta property=\"og:description\" content=\"Portal de noticias del Per\u00fa sobre el transporte a\u00e9reo, aviaci\u00f3n, turismo, hoteleria, actualidad.\" \/>\n<meta property=\"og:url\" content=\"https:\/\/aeronoticias.com.pe\/noticiero\/turismo\/13\/exhiben-escultura-con-el-rostro-de-ciro-castillo-para-atraer-turistas-en-arequipa\/\" \/>\n<meta property=\"og:site_name\" content=\"Aeronoticias.com.pe\" \/>\n<meta property=\"article:publisher\" content=\"https:\/\/www.facebook.com\/Aeronoticias.com.pe\/\" \/>\n<meta property=\"article:published_time\" content=\"2012-03-20T21:05:35+00:00\" \/>\n<meta name=\"author\" content=\"Redacci\u00f3n Aeronoticias\" \/>\n<meta name=\"twitter:card\" content=\"summary_large_image\" \/>\n<meta name=\"twitter:creator\" content=\"@aeronoticias\" \/>\n<meta name=\"twitter:site\" content=\"@aeronoticias\" \/>\n<meta name=\"twitter:label1\" content=\"Escrito por\" \/>\n\t<meta name=\"twitter:data1\" content=\"Redacci\u00f3n Aeronoticias\" \/>\n\t<meta name=\"twitter:label2\" content=\"Tiempo de lectura\" \/>\n\t<meta name=\"twitter:data2\" content=\"1 minuto\" \/>\n<script type=\"application\/ld+json\" class=\"yoast-schema-graph\">{\"@context\":\"https:\/\/schema.org\",\"@graph\":[{\"@type\":\"WebPage\",\"@id\":\"https:\/\/aeronoticias.com.pe\/noticiero\/turismo\/13\/exhiben-escultura-con-el-rostro-de-ciro-castillo-para-atraer-turistas-en-arequipa\/\",\"url\":\"https:\/\/aeronoticias.com.pe\/noticiero\/turismo\/13\/exhiben-escultura-con-el-rostro-de-ciro-castillo-para-atraer-turistas-en-arequipa\/\",\"name\":\"Exhiben escultura con el rostro de Ciro Castillo para atraer turistas en Arequipa\",\"isPartOf\":{\"@id\":\"https:\/\/aeronoticias.com.pe\/noticiero\/#website\"},\"datePublished\":\"2012-03-20T21:05:35+00:00\",\"author\":{\"@id\":\"https:\/\/aeronoticias.com.pe\/noticiero\/#\/schema\/person\/fc1e5d578f4b62ba1cf7ac2bba1170a0\"},\"description\":\"Portal de noticias del Per\u00fa sobre el transporte a\u00e9reo, aviaci\u00f3n, turismo, hoteleria, actualidad.\",\"breadcrumb\":{\"@id\":\"https:\/\/aeronoticias.com.pe\/noticiero\/turismo\/13\/exhiben-escultura-con-el-rostro-de-ciro-castillo-para-atraer-turistas-en-arequipa\/#breadcrumb\"},\"inLanguage\":\"es\",\"potentialAction\":[{\"@type\":\"ReadAction\",\"target\":[\"https:\/\/aeronoticias.com.pe\/noticiero\/turismo\/13\/exhiben-escultura-con-el-rostro-de-ciro-castillo-para-atraer-turistas-en-arequipa\/\"]}]},{\"@type\":\"BreadcrumbList\",\"@id\":\"https:\/\/aeronoticias.com.pe\/noticiero\/turismo\/13\/exhiben-escultura-con-el-rostro-de-ciro-castillo-para-atraer-turistas-en-arequipa\/#breadcrumb\",\"itemListElement\":[{\"@type\":\"ListItem\",\"position\":1,\"name\":\"Portada\",\"item\":\"https:\/\/aeronoticias.com.pe\/noticiero\/\"},{\"@type\":\"ListItem\",\"position\":2,\"name\":\"Exhiben escultura con el rostro de Ciro Castillo para atraer turistas en Arequipa\"}]},{\"@type\":\"WebSite\",\"@id\":\"https:\/\/aeronoticias.com.pe\/noticiero\/#website\",\"url\":\"https:\/\/aeronoticias.com.pe\/noticiero\/\",\"name\":\"Aeronoticias.com.pe\",\"description\":\"Noticias de tranporte aereo, turismo, hoteles, gastronomia, actualidad, internacional\",\"potentialAction\":[{\"@type\":\"SearchAction\",\"target\":{\"@type\":\"EntryPoint\",\"urlTemplate\":\"https:\/\/aeronoticias.com.pe\/noticiero\/?s={search_term_string}\"},\"query-input\":{\"@type\":\"PropertyValueSpecification\",\"valueRequired\":true,\"valueName\":\"search_term_string\"}}],\"inLanguage\":\"es\"},{\"@type\":\"Person\",\"@id\":\"https:\/\/aeronoticias.com.pe\/noticiero\/#\/schema\/person\/fc1e5d578f4b62ba1cf7ac2bba1170a0\",\"name\":\"Redacci\u00f3n Aeronoticias\",\"url\":\"https:\/\/aeronoticias.com.pe\/noticiero\/author\/piloto\/\"}]}<\/script>\n<!-- \/ Yoast SEO plugin. -->","yoast_head_json":{"title":"Exhiben escultura con el rostro de Ciro Castillo para atraer turistas en Arequipa","description":"Portal de noticias del Per\u00fa sobre el transporte a\u00e9reo, aviaci\u00f3n, turismo, hoteleria, actualidad.","robots":{"index":"index","follow":"follow","max-snippet":"max-snippet:-1","max-image-preview":"max-image-preview:large","max-video-preview":"max-video-preview:-1"},"canonical":"https:\/\/aeronoticias.com.pe\/noticiero\/turismo\/13\/exhiben-escultura-con-el-rostro-de-ciro-castillo-para-atraer-turistas-en-arequipa\/","og_locale":"es_ES","og_type":"article","og_title":"Exhiben escultura con el rostro de Ciro Castillo para atraer turistas en Arequipa","og_description":"Portal de noticias del Per\u00fa sobre el transporte a\u00e9reo, aviaci\u00f3n, turismo, hoteleria, actualidad.","og_url":"https:\/\/aeronoticias.com.pe\/noticiero\/turismo\/13\/exhiben-escultura-con-el-rostro-de-ciro-castillo-para-atraer-turistas-en-arequipa\/","og_site_name":"Aeronoticias.com.pe","article_publisher":"https:\/\/www.facebook.com\/Aeronoticias.com.pe\/","article_published_time":"2012-03-20T21:05:35+00:00","author":"Redacci\u00f3n Aeronoticias","twitter_card":"summary_large_image","twitter_creator":"@aeronoticias","twitter_site":"@aeronoticias","twitter_misc":{"Escrito por":"Redacci\u00f3n Aeronoticias","Tiempo de lectura":"1 minuto"},"schema":{"@context":"https:\/\/schema.org","@graph":[{"@type":"WebPage","@id":"https:\/\/aeronoticias.com.pe\/noticiero\/turismo\/13\/exhiben-escultura-con-el-rostro-de-ciro-castillo-para-atraer-turistas-en-arequipa\/","url":"https:\/\/aeronoticias.com.pe\/noticiero\/turismo\/13\/exhiben-escultura-con-el-rostro-de-ciro-castillo-para-atraer-turistas-en-arequipa\/","name":"Exhiben escultura con el rostro de Ciro Castillo para atraer turistas en Arequipa","isPartOf":{"@id":"https:\/\/aeronoticias.com.pe\/noticiero\/#website"},"datePublished":"2012-03-20T21:05:35+00:00","author":{"@id":"https:\/\/aeronoticias.com.pe\/noticiero\/#\/schema\/person\/fc1e5d578f4b62ba1cf7ac2bba1170a0"},"description":"Portal de noticias del Per\u00fa sobre el transporte a\u00e9reo, aviaci\u00f3n, turismo, hoteleria, actualidad.","breadcrumb":{"@id":"https:\/\/aeronoticias.com.pe\/noticiero\/turismo\/13\/exhiben-escultura-con-el-rostro-de-ciro-castillo-para-atraer-turistas-en-arequipa\/#breadcrumb"},"inLanguage":"es","potentialAction":[{"@type":"ReadAction","target":["https:\/\/aeronoticias.com.pe\/noticiero\/turismo\/13\/exhiben-escultura-con-el-rostro-de-ciro-castillo-para-atraer-turistas-en-arequipa\/"]}]},{"@type":"BreadcrumbList","@id":"https:\/\/aeronoticias.com.pe\/noticiero\/turismo\/13\/exhiben-escultura-con-el-rostro-de-ciro-castillo-para-atraer-turistas-en-arequipa\/#breadcrumb","itemListElement":[{"@type":"ListItem","position":1,"name":"Portada","item":"https:\/\/aeronoticias.com.pe\/noticiero\/"},{"@type":"ListItem","position":2,"name":"Exhiben escultura con el rostro de Ciro Castillo para atraer turistas en Arequipa"}]},{"@type":"WebSite","@id":"https:\/\/aeronoticias.com.pe\/noticiero\/#website","url":"https:\/\/aeronoticias.com.pe\/noticiero\/","name":"Aeronoticias.com.pe","description":"Noticias de tranporte aereo, turismo, hoteles, gastronomia, actualidad, internacional","potentialAction":[{"@type":"SearchAction","target":{"@type":"EntryPoint","urlTemplate":"https:\/\/aeronoticias.com.pe\/noticiero\/?s={search_term_string}"},"query-input":{"@type":"PropertyValueSpecification","valueRequired":true,"valueName":"search_term_string"}}],"inLanguage":"es"},{"@type":"Person","@id":"https:\/\/aeronoticias.com.pe\/noticiero\/#\/schema\/person\/fc1e5d578f4b62ba1cf7ac2bba1170a0","name":"Redacci\u00f3n Aeronoticias","url":"https:\/\/aeronoticias.com.pe\/noticiero\/author\/piloto\/"}]}},"_links":{"self":[{"href":"https:\/\/aeronoticias.com.pe\/noticiero\/wp-json\/wp\/v2\/posts\/24543","targetHints":{"allow":["GET"]}}],"collection":[{"href":"https:\/\/aeronoticias.com.pe\/noticiero\/wp-json\/wp\/v2\/posts"}],"about":[{"href":"https:\/\/aeronoticias.com.pe\/noticiero\/wp-json\/wp\/v2\/types\/post"}],"author":[{"embeddable":true,"href":"https:\/\/aeronoticias.com.pe\/noticiero\/wp-json\/wp\/v2\/users\/1"}],"replies":[{"embeddable":true,"href":"https:\/\/aeronoticias.com.pe\/noticiero\/wp-json\/wp\/v2\/comments?post=24543"}],"version-history":[{"count":0,"href":"https:\/\/aeronoticias.com.pe\/noticiero\/wp-json\/wp\/v2\/posts\/24543\/revisions"}],"wp:attachment":[{"href":"https:\/\/aeronoticias.com.pe\/noticiero\/wp-json\/wp\/v2\/media?parent=24543"}],"wp:term":[{"taxonomy":"category","embeddable":true,"href":"https:\/\/aeronoticias.com.pe\/noticiero\/wp-json\/wp\/v2\/categories?post=24543"},{"taxonomy":"post_tag","embeddable":true,"href":"https:\/\/aeronoticias.com.pe\/noticiero\/wp-json\/wp\/v2\/tags?post=24543"}],"curies":[{"name":"wp","href":"https:\/\/api.w.org\/{rel}","templated":true}]}}