{"id":246,"date":"2008-08-16T12:44:14","date_gmt":"2008-08-16T12:44:14","guid":{"rendered":"http:\/\/desarrollo.mcvicious.com\/aero2020\/2008\/08\/16\/mincetur-trabaja-nueva-campae-promociuricaperive-la-leyenda\/"},"modified":"2008-08-16T12:44:14","modified_gmt":"2008-08-16T12:44:14","slug":"mincetur-trabaja-nueva-campae-promociuricaperive-la-leyenda","status":"publish","type":"post","link":"https:\/\/aeronoticias.com.pe\/noticiero\/turismo\/13\/mincetur-trabaja-nueva-campae-promociuricaperive-la-leyenda\/","title":{"rendered":"Mincetur trabaja nueva campa"},"content":{"rendered":"<blockquote>\n<div align=\"justify\" style=\"font-family: Arial,Helvetica,sans-serif; font-size: 12px; color: #003a75; text-align: center\">\n<div align=\"justify\">La titular del Mincetur, Mercedes Ar&aacute;oz Fern&aacute;ndez, anunci&oacute; que su sector trabaja una nueva versi&oacute;n de la campa&ntilde;a tur&iacute;stica denominada &ldquo;Per&uacute;: Vive la leyenda&rdquo; para incentivar el turismo cultural y de naturaleza. <\/div>\n<p><\/p>\n<div align=\"justify\">&ldquo;Desde los valles en la costa con sus culturas tradicionales hasta las zonas de la selva y su naturaleza, espacios de cultura viva, ampliamos la visi&oacute;n de oferta. Estamos hablando de un pa&iacute;s que es una leyenda viva&rdquo;, expres&oacute; Ar&aacute;oz.&nbsp; <\/div>\n<\/div>\n<\/blockquote>\n<div align=\"justify\" style=\"text-align: center\">&nbsp;<\/div>\n<div style=\"text-align: center\"><img loading=\"lazy\" decoding=\"async\" src=\"http:\/\/aeronoticias.com.pe\/fotonoticias\/agosto\/araoz3.jpg\" alt=\" \" title=\"Mercedes Ar&aacute;oz, titular del Mincetur. (Foto: Internet)\" hspace=\"5\" vspace=\"5\" width=\"270\" height=\"184\" \/><\/div>\n<p> <!--more--> <\/p>\n<div align=\"center\"><strong>Foro de Competitividad en Atlanta <\/strong><\/div>\n<p>&nbsp;<\/p>\n<blockquote><p>Por otro lado, Mercedes Ar&aacute;oz inform&oacute; que viajar&aacute; a la ciudad de Atlanta para participar en el Foro de Competitividad de las Am&eacute;ricas, donde dar&aacute; a conocer c&oacute;mo el turismo es una herramienta de desarrollo en las regiones sobre todo en el sur despu&eacute;s del terremoto..<\/p>\n<p>&nbsp;<\/p>\n<p>Asimismo dijo que Per&uacute; s&iacute; tiene una Ley de protecci&oacute;n a los restos hist&oacute;ricos y los promueve. <\/p>\n<p>&nbsp;<\/p>\n<p>&ldquo;Lo que pasa es que el Per&uacute; es un pa&iacute;s bastante complejo con monumentos arqueol&oacute;gicos en todo el territorio por lo que es complicada sus sostenibilidad y requiere trabajo coordinado con las regiones&rdquo;, asegur&oacute; Ar&aacute;oz. <\/p>\n<p>Sobre la construcci&oacute;n de un museo en Machu Picchu que pide la Universidad de Yale para devolver las piezas se&ntilde;al&oacute; que es parte de la negociaci&oacute;n y hay un debate en la zona al respecto entre las autoridades y los pobladores.<\/p>\n<\/blockquote>\n","protected":false},"excerpt":{"rendered":"<p>La titular del Mincetur, Mercedes Ar&aacute;oz Fern&aacute;ndez, anunci&oacute; que su sector trabaja una nueva versi&oacute;n de la campa&ntilde;a tur&iacute;stica denominada &ldquo;Per&uacute;: Vive la leyenda&rdquo; para incentivar el turismo cultural y de naturaleza. &ldquo;Desde los valles en la costa con sus culturas tradicionales hasta las zonas de la selva y su naturaleza, espacios de cultura viva, [&hellip;]<\/p>\n","protected":false},"author":1,"featured_media":0,"comment_status":"open","ping_status":"open","sticky":false,"template":"","format":"standard","meta":{"tdm_status":"","tdm_grid_status":"","footnotes":""},"categories":[31],"tags":[],"class_list":{"0":"post-246","1":"post","2":"type-post","3":"status-publish","4":"format-standard","6":"category-31"},"yoast_head":"<!-- This site is optimized with the Yoast SEO plugin v25.1 - https:\/\/yoast.com\/wordpress\/plugins\/seo\/ -->\n<title>Mincetur trabaja nueva campa<\/title>\n<meta name=\"description\" content=\"Portal de noticias del Per\u00fa sobre el transporte a\u00e9reo, aviaci\u00f3n, turismo, hoteleria, actualidad.\" \/>\n<meta name=\"robots\" content=\"index, follow, max-snippet:-1, max-image-preview:large, max-video-preview:-1\" \/>\n<link rel=\"canonical\" href=\"https:\/\/aeronoticias.com.pe\/noticiero\/turismo\/13\/mincetur-trabaja-nueva-campae-promociuricaperive-la-leyenda\/\" \/>\n<meta property=\"og:locale\" content=\"es_ES\" \/>\n<meta property=\"og:type\" content=\"article\" \/>\n<meta property=\"og:title\" content=\"Mincetur trabaja nueva campa\" \/>\n<meta property=\"og:description\" content=\"Portal de noticias del Per\u00fa sobre el transporte a\u00e9reo, aviaci\u00f3n, turismo, hoteleria, actualidad.\" \/>\n<meta property=\"og:url\" content=\"https:\/\/aeronoticias.com.pe\/noticiero\/turismo\/13\/mincetur-trabaja-nueva-campae-promociuricaperive-la-leyenda\/\" \/>\n<meta property=\"og:site_name\" content=\"Aeronoticias.com.pe\" \/>\n<meta property=\"article:publisher\" content=\"https:\/\/www.facebook.com\/Aeronoticias.com.pe\/\" \/>\n<meta property=\"article:published_time\" content=\"2008-08-16T12:44:14+00:00\" \/>\n<meta property=\"og:image\" content=\"http:\/\/aeronoticias.com.pe\/fotonoticias\/agosto\/araoz3.jpg\" \/>\n<meta name=\"author\" content=\"Redacci\u00f3n Aeronoticias\" \/>\n<meta name=\"twitter:card\" content=\"summary_large_image\" \/>\n<meta name=\"twitter:creator\" content=\"@aeronoticias\" \/>\n<meta name=\"twitter:site\" content=\"@aeronoticias\" \/>\n<meta name=\"twitter:label1\" content=\"Escrito por\" \/>\n\t<meta name=\"twitter:data1\" content=\"Redacci\u00f3n Aeronoticias\" \/>\n\t<meta name=\"twitter:label2\" content=\"Tiempo de lectura\" \/>\n\t<meta name=\"twitter:data2\" content=\"1 minuto\" \/>\n<script type=\"application\/ld+json\" class=\"yoast-schema-graph\">{\"@context\":\"https:\/\/schema.org\",\"@graph\":[{\"@type\":\"WebPage\",\"@id\":\"https:\/\/aeronoticias.com.pe\/noticiero\/turismo\/13\/mincetur-trabaja-nueva-campae-promociuricaperive-la-leyenda\/\",\"url\":\"https:\/\/aeronoticias.com.pe\/noticiero\/turismo\/13\/mincetur-trabaja-nueva-campae-promociuricaperive-la-leyenda\/\",\"name\":\"Mincetur trabaja nueva campa\",\"isPartOf\":{\"@id\":\"https:\/\/aeronoticias.com.pe\/noticiero\/#website\"},\"primaryImageOfPage\":{\"@id\":\"https:\/\/aeronoticias.com.pe\/noticiero\/turismo\/13\/mincetur-trabaja-nueva-campae-promociuricaperive-la-leyenda\/#primaryimage\"},\"image\":{\"@id\":\"https:\/\/aeronoticias.com.pe\/noticiero\/turismo\/13\/mincetur-trabaja-nueva-campae-promociuricaperive-la-leyenda\/#primaryimage\"},\"thumbnailUrl\":\"http:\/\/aeronoticias.com.pe\/fotonoticias\/agosto\/araoz3.jpg\",\"datePublished\":\"2008-08-16T12:44:14+00:00\",\"author\":{\"@id\":\"https:\/\/aeronoticias.com.pe\/noticiero\/#\/schema\/person\/fc1e5d578f4b62ba1cf7ac2bba1170a0\"},\"description\":\"Portal de noticias del Per\u00fa sobre el transporte a\u00e9reo, aviaci\u00f3n, turismo, hoteleria, actualidad.\",\"breadcrumb\":{\"@id\":\"https:\/\/aeronoticias.com.pe\/noticiero\/turismo\/13\/mincetur-trabaja-nueva-campae-promociuricaperive-la-leyenda\/#breadcrumb\"},\"inLanguage\":\"es\",\"potentialAction\":[{\"@type\":\"ReadAction\",\"target\":[\"https:\/\/aeronoticias.com.pe\/noticiero\/turismo\/13\/mincetur-trabaja-nueva-campae-promociuricaperive-la-leyenda\/\"]}]},{\"@type\":\"ImageObject\",\"inLanguage\":\"es\",\"@id\":\"https:\/\/aeronoticias.com.pe\/noticiero\/turismo\/13\/mincetur-trabaja-nueva-campae-promociuricaperive-la-leyenda\/#primaryimage\",\"url\":\"http:\/\/aeronoticias.com.pe\/fotonoticias\/agosto\/araoz3.jpg\",\"contentUrl\":\"http:\/\/aeronoticias.com.pe\/fotonoticias\/agosto\/araoz3.jpg\"},{\"@type\":\"BreadcrumbList\",\"@id\":\"https:\/\/aeronoticias.com.pe\/noticiero\/turismo\/13\/mincetur-trabaja-nueva-campae-promociuricaperive-la-leyenda\/#breadcrumb\",\"itemListElement\":[{\"@type\":\"ListItem\",\"position\":1,\"name\":\"Portada\",\"item\":\"https:\/\/aeronoticias.com.pe\/noticiero\/\"},{\"@type\":\"ListItem\",\"position\":2,\"name\":\"Mincetur trabaja nueva campa\"}]},{\"@type\":\"WebSite\",\"@id\":\"https:\/\/aeronoticias.com.pe\/noticiero\/#website\",\"url\":\"https:\/\/aeronoticias.com.pe\/noticiero\/\",\"name\":\"Aeronoticias.com.pe\",\"description\":\"Noticias de tranporte aereo, turismo, hoteles, gastronomia, actualidad, internacional\",\"potentialAction\":[{\"@type\":\"SearchAction\",\"target\":{\"@type\":\"EntryPoint\",\"urlTemplate\":\"https:\/\/aeronoticias.com.pe\/noticiero\/?s={search_term_string}\"},\"query-input\":{\"@type\":\"PropertyValueSpecification\",\"valueRequired\":true,\"valueName\":\"search_term_string\"}}],\"inLanguage\":\"es\"},{\"@type\":\"Person\",\"@id\":\"https:\/\/aeronoticias.com.pe\/noticiero\/#\/schema\/person\/fc1e5d578f4b62ba1cf7ac2bba1170a0\",\"name\":\"Redacci\u00f3n Aeronoticias\",\"url\":\"https:\/\/aeronoticias.com.pe\/noticiero\/author\/piloto\/\"}]}<\/script>\n<!-- \/ Yoast SEO plugin. -->","yoast_head_json":{"title":"Mincetur trabaja nueva campa","description":"Portal de noticias del Per\u00fa sobre el transporte a\u00e9reo, aviaci\u00f3n, turismo, hoteleria, actualidad.","robots":{"index":"index","follow":"follow","max-snippet":"max-snippet:-1","max-image-preview":"max-image-preview:large","max-video-preview":"max-video-preview:-1"},"canonical":"https:\/\/aeronoticias.com.pe\/noticiero\/turismo\/13\/mincetur-trabaja-nueva-campae-promociuricaperive-la-leyenda\/","og_locale":"es_ES","og_type":"article","og_title":"Mincetur trabaja nueva campa","og_description":"Portal de noticias del Per\u00fa sobre el transporte a\u00e9reo, aviaci\u00f3n, turismo, hoteleria, actualidad.","og_url":"https:\/\/aeronoticias.com.pe\/noticiero\/turismo\/13\/mincetur-trabaja-nueva-campae-promociuricaperive-la-leyenda\/","og_site_name":"Aeronoticias.com.pe","article_publisher":"https:\/\/www.facebook.com\/Aeronoticias.com.pe\/","article_published_time":"2008-08-16T12:44:14+00:00","og_image":[{"url":"http:\/\/aeronoticias.com.pe\/fotonoticias\/agosto\/araoz3.jpg","type":"","width":"","height":""}],"author":"Redacci\u00f3n Aeronoticias","twitter_card":"summary_large_image","twitter_creator":"@aeronoticias","twitter_site":"@aeronoticias","twitter_misc":{"Escrito por":"Redacci\u00f3n Aeronoticias","Tiempo de lectura":"1 minuto"},"schema":{"@context":"https:\/\/schema.org","@graph":[{"@type":"WebPage","@id":"https:\/\/aeronoticias.com.pe\/noticiero\/turismo\/13\/mincetur-trabaja-nueva-campae-promociuricaperive-la-leyenda\/","url":"https:\/\/aeronoticias.com.pe\/noticiero\/turismo\/13\/mincetur-trabaja-nueva-campae-promociuricaperive-la-leyenda\/","name":"Mincetur trabaja nueva campa","isPartOf":{"@id":"https:\/\/aeronoticias.com.pe\/noticiero\/#website"},"primaryImageOfPage":{"@id":"https:\/\/aeronoticias.com.pe\/noticiero\/turismo\/13\/mincetur-trabaja-nueva-campae-promociuricaperive-la-leyenda\/#primaryimage"},"image":{"@id":"https:\/\/aeronoticias.com.pe\/noticiero\/turismo\/13\/mincetur-trabaja-nueva-campae-promociuricaperive-la-leyenda\/#primaryimage"},"thumbnailUrl":"http:\/\/aeronoticias.com.pe\/fotonoticias\/agosto\/araoz3.jpg","datePublished":"2008-08-16T12:44:14+00:00","author":{"@id":"https:\/\/aeronoticias.com.pe\/noticiero\/#\/schema\/person\/fc1e5d578f4b62ba1cf7ac2bba1170a0"},"description":"Portal de noticias del Per\u00fa sobre el transporte a\u00e9reo, aviaci\u00f3n, turismo, hoteleria, actualidad.","breadcrumb":{"@id":"https:\/\/aeronoticias.com.pe\/noticiero\/turismo\/13\/mincetur-trabaja-nueva-campae-promociuricaperive-la-leyenda\/#breadcrumb"},"inLanguage":"es","potentialAction":[{"@type":"ReadAction","target":["https:\/\/aeronoticias.com.pe\/noticiero\/turismo\/13\/mincetur-trabaja-nueva-campae-promociuricaperive-la-leyenda\/"]}]},{"@type":"ImageObject","inLanguage":"es","@id":"https:\/\/aeronoticias.com.pe\/noticiero\/turismo\/13\/mincetur-trabaja-nueva-campae-promociuricaperive-la-leyenda\/#primaryimage","url":"http:\/\/aeronoticias.com.pe\/fotonoticias\/agosto\/araoz3.jpg","contentUrl":"http:\/\/aeronoticias.com.pe\/fotonoticias\/agosto\/araoz3.jpg"},{"@type":"BreadcrumbList","@id":"https:\/\/aeronoticias.com.pe\/noticiero\/turismo\/13\/mincetur-trabaja-nueva-campae-promociuricaperive-la-leyenda\/#breadcrumb","itemListElement":[{"@type":"ListItem","position":1,"name":"Portada","item":"https:\/\/aeronoticias.com.pe\/noticiero\/"},{"@type":"ListItem","position":2,"name":"Mincetur trabaja nueva campa"}]},{"@type":"WebSite","@id":"https:\/\/aeronoticias.com.pe\/noticiero\/#website","url":"https:\/\/aeronoticias.com.pe\/noticiero\/","name":"Aeronoticias.com.pe","description":"Noticias de tranporte aereo, turismo, hoteles, gastronomia, actualidad, internacional","potentialAction":[{"@type":"SearchAction","target":{"@type":"EntryPoint","urlTemplate":"https:\/\/aeronoticias.com.pe\/noticiero\/?s={search_term_string}"},"query-input":{"@type":"PropertyValueSpecification","valueRequired":true,"valueName":"search_term_string"}}],"inLanguage":"es"},{"@type":"Person","@id":"https:\/\/aeronoticias.com.pe\/noticiero\/#\/schema\/person\/fc1e5d578f4b62ba1cf7ac2bba1170a0","name":"Redacci\u00f3n Aeronoticias","url":"https:\/\/aeronoticias.com.pe\/noticiero\/author\/piloto\/"}]}},"_links":{"self":[{"href":"https:\/\/aeronoticias.com.pe\/noticiero\/wp-json\/wp\/v2\/posts\/246","targetHints":{"allow":["GET"]}}],"collection":[{"href":"https:\/\/aeronoticias.com.pe\/noticiero\/wp-json\/wp\/v2\/posts"}],"about":[{"href":"https:\/\/aeronoticias.com.pe\/noticiero\/wp-json\/wp\/v2\/types\/post"}],"author":[{"embeddable":true,"href":"https:\/\/aeronoticias.com.pe\/noticiero\/wp-json\/wp\/v2\/users\/1"}],"replies":[{"embeddable":true,"href":"https:\/\/aeronoticias.com.pe\/noticiero\/wp-json\/wp\/v2\/comments?post=246"}],"version-history":[{"count":0,"href":"https:\/\/aeronoticias.com.pe\/noticiero\/wp-json\/wp\/v2\/posts\/246\/revisions"}],"wp:attachment":[{"href":"https:\/\/aeronoticias.com.pe\/noticiero\/wp-json\/wp\/v2\/media?parent=246"}],"wp:term":[{"taxonomy":"category","embeddable":true,"href":"https:\/\/aeronoticias.com.pe\/noticiero\/wp-json\/wp\/v2\/categories?post=246"},{"taxonomy":"post_tag","embeddable":true,"href":"https:\/\/aeronoticias.com.pe\/noticiero\/wp-json\/wp\/v2\/tags?post=246"}],"curies":[{"name":"wp","href":"https:\/\/api.w.org\/{rel}","templated":true}]}}