{"id":2476,"date":"2009-04-02T09:49:48","date_gmt":"2009-04-02T09:49:48","guid":{"rendered":"http:\/\/desarrollo.mcvicious.com\/aero2020\/2009\/04\/02\/latinoamerica-reclama-mas-credito-para-economias-emergentes\/"},"modified":"2009-04-02T09:49:48","modified_gmt":"2009-04-02T09:49:48","slug":"latinoamerica-reclama-mas-credito-para-economias-emergentes","status":"publish","type":"post","link":"https:\/\/aeronoticias.com.pe\/noticiero\/economia\/latinoamerica-reclama-mas-credito-para-economias-emergentes\/","title":{"rendered":"LATINOAMERICA RECLAMA MAS CREDITO PARA ECONOMIAS EMERGENTES"},"content":{"rendered":"<div align=\"justify\">Latinoam&eacute;rica tiene un mensaje para la cumbre del G20: que las instituciones de cr&eacute;dito internacionales apoyen con m&aacute;s dinero a los pa&iacute;ses emergentes y los incluyan en sus &oacute;rganos de decisi&oacute;n. Y es que Brasil, M&eacute;xico y Argentina coinciden tambi&eacute;n en la necesidad de concebir una regulaci&oacute;n m&aacute;s eficaz de los sistemas financieros, mientras que los primeros han hecho del comercio libre y la lucha contra las barreras proteccionistas que algunos pa&iacute;ses est&aacute;n levantando para frenar la crisis una de sus batallas principales de cara a la reuni&oacute;n de Londres.<\/div>\n<p><\/p>\n<div align=\"center\"><img loading=\"lazy\" decoding=\"async\" src=\"http:\/\/www.aeronoticias.com.pe\/fotonoticias\/0109\/04\/020409\/creditos.jpg\" alt=\" \" title=\"LATINOAMERICA RECLAMA MAS CREDITO PARA ECONOMIAS EMERGENTES\" width=\"400\" height=\"247\" \/><\/div>\n<p> <!--more--> <\/p>\n<div align=\"justify\">&quot;En general, puede decirse que tanto M&eacute;xico como Brasil y Argentina tienen una visi&oacute;n similar, aunque con peque&ntilde;os matices&quot;, explic&oacute; a The Associated Press Federico Steinberg, investigador de econom&iacute;a y comercio internacional de la fundaci&oacute;n de estudios espa&ntilde;ola Real Instituto Elcano.<\/div>\n<div align=\"justify\">La reforma del Fondo Monetario Internacional y el Banco Mundial para que presten m&aacute;s dinero en mejores condiciones se atisba como uno de los objetivos m&aacute;s viables de la cumbre.<\/p>\n<p>El presidente mexicano Felipe Calder&oacute;n, quien realiza estos d&iacute;as una visita de Estado al Reino Unido, anunci&oacute; el martes que negocia con el FMI una l&iacute;nea de hasta 40.000 millones de d&oacute;lares, todo un s&iacute;ntoma de los cambios que se avecinan.<\/p>\n<p>Junto a Calder&oacute;n, la presidenta argentina, Cristina Fern&aacute;ndez, y su hom&oacute;logo brasile&ntilde;o, Luiz In&aacute;cio Lula da Silva, quienes aterrizaban el mi&eacute;rcoles en la capital brit&aacute;nica, tambi&eacute;n han apostado por un profundo lavado de imagen de las instituciones de cr&eacute;dito, con una mayor representaci&oacute;n de las econom&iacute;as emergentes en los &oacute;rganos de decisi&oacute;n, un aumento de los recursos y requisitos m&aacute;s razonables para otorgar cr&eacute;ditos.<\/p>\n<p>&quot;Entre las principales preocupaciones argentinas, la primera es que debe haber una reforma importante de la arquitectura del sistema financiero internacional&quot;, se&ntilde;al&oacute; recientemente el canciller argentino Jorge Taiana. &quot;Una mayor democratizaci&oacute;n de los organismos en sus conducciones y, en el caso del FMI, un desarrollo de cr&eacute;ditos sin condicionamientos a que han estado atados tradicionalmente los pa&iacute;ses&quot;, agreg&oacute;.<\/p>\n<p>El pasado 24 de marzo, el Fondo anunci&oacute; nuevas l&iacute;neas de cr&eacute;dito flexible, con el objetivo de abrir una ventana de ayuda a pa&iacute;ses emergentes, y un incremento de su capacidad financiera, gracias a los 250.000 millones d&oacute;lares inyectados por Jap&oacute;n y la Uni&oacute;n Europea.<\/p>\n<p>&quot;Es importante que el modo de hacer pol&iacute;tica de pr&eacute;stamos y aplicar la condicionalidad var&iacute;e&quot;, explic&oacute; Steinberg.<\/p>\n<p>&quot;La mala prensa del FMI en Am&eacute;rica Latina viene de sus antiguos programas de ajuste. Ahora, si un gobierno est&aacute; haciendo las cosas m&aacute;s o menos bien, se le presta sin condiciones. Esto es lo que posiblemente ven con buenos ojos los pa&iacute;ses latinoamericanos y emergentes, que van a necesitar dinero de forma inmediata para combatir la crisis&quot;, a&ntilde;adi&oacute;.<\/p>\n<p>La otra gran preocupaci&oacute;n para la regi&oacute;n es la ola de medidas proteccionistas como ant&iacute;doto frente a la crisis internacional. Sin duda, el presidente brasile&ntilde;o Lula ha sido el m&aacute;s beligerante contra este tipo de pol&iacute;ticas en el largo camino recorrido por los l&iacute;deres del G20 desde su primera reuni&oacute;n en Washington el pasado 15 de noviembre de 2008 hasta su encuentro en Londres.<\/p>\n<p>Brasil est&aacute; empe&ntilde;ado en pedir a sus colegas el cierre de un acuerdo para la Ronda de Doha _que persigue la liberalizaci&oacute;n del comercio mundial_ o, en su defecto, un compromiso firme para que la Organizaci&oacute;n Mundial del Comercio supervise que los paquetes de est&iacute;mulo econ&oacute;mico no se conviertan en un arma contra las exportaciones de otros pa&iacute;ses.<\/p>\n<p>&quot;El retorno del proteccionismo no es una opci&oacute;n&quot;, se&ntilde;al&oacute; el mandatario brasile&ntilde;o el pasado 26 de marzo en Brasilia. &quot;Cerrar la Ronda de Doha dejar&iacute;a muy claro que el libre comercio es un logro de la humanidad que no se va a sacrificar en nombre de la crisis&quot;. Y al respecto, la modificaci&oacute;n del sistema financiero internacional, y los nuevos instrumentos de supervisi&oacute;n es otro de los retos compartidos en la agenda. La regulaci&oacute;n de para&iacute;sos fiscales, el secreto bancario y los fondos de inversi&oacute;n de riesgo, entre otros, para evitar que se repita una crisis como la actual ser&aacute; uno de los elementos esenciales de debate en Londres.<\/p>\n<p>Finalmente, los tres pa&iacute;ses estar&aacute;n a la expectativa de un posible plan de est&iacute;mulo coordinado a nivel mundial para recuperar la econom&iacute;a, un asunto en el que el presidente norteamericano Barack Obama ha hecho especial hincapi&eacute;, pero que Europa no ve con buenos ojos.<\/p>\n<p>&quot;Ninguna de estas medidas va a resolver la crisis, pero ser&aacute;n muy importantes de cara al futuro&quot;, afirm&oacute; Steinberg. &quot;Hasta que Estados Unidos y China no remonten el vuelo, las econom&iacute;as emergentes seguir&aacute;n rezagadas. No obstante, es decisvo para Latinoam&eacute;rica estar en el foro donde se toman las grandes decisiones, donde antes no estaba&quot;.<\/p>\n<\/div>\n","protected":false},"excerpt":{"rendered":"<p>Latinoam&eacute;rica tiene un mensaje para la cumbre del G20: que las instituciones de cr&eacute;dito internacionales apoyen con m&aacute;s dinero a los pa&iacute;ses emergentes y los incluyan en sus &oacute;rganos de decisi&oacute;n. Y es que Brasil, M&eacute;xico y Argentina coinciden tambi&eacute;n en la necesidad de concebir una regulaci&oacute;n m&aacute;s eficaz de los sistemas financieros, mientras que [&hellip;]<\/p>\n","protected":false},"author":1,"featured_media":0,"comment_status":"open","ping_status":"open","sticky":false,"template":"","format":"standard","meta":{"tdm_status":"","tdm_grid_status":"","footnotes":""},"categories":[33],"tags":[],"class_list":{"0":"post-2476","1":"post","2":"type-post","3":"status-publish","4":"format-standard","6":"category-economia"},"yoast_head":"<!-- This site is optimized with the Yoast SEO plugin v25.1 - https:\/\/yoast.com\/wordpress\/plugins\/seo\/ -->\n<title>LATINOAMERICA RECLAMA MAS CREDITO PARA ECONOMIAS EMERGENTES<\/title>\n<meta name=\"description\" content=\"Portal de noticias del Per\u00fa sobre el transporte a\u00e9reo, aviaci\u00f3n, turismo, hoteleria, actualidad.\" \/>\n<meta name=\"robots\" content=\"index, follow, max-snippet:-1, max-image-preview:large, max-video-preview:-1\" \/>\n<link rel=\"canonical\" href=\"https:\/\/aeronoticias.com.pe\/noticiero\/economia\/latinoamerica-reclama-mas-credito-para-economias-emergentes\/\" \/>\n<meta property=\"og:locale\" content=\"es_ES\" \/>\n<meta property=\"og:type\" content=\"article\" \/>\n<meta property=\"og:title\" content=\"LATINOAMERICA RECLAMA MAS CREDITO PARA ECONOMIAS EMERGENTES\" \/>\n<meta property=\"og:description\" content=\"Portal de noticias del Per\u00fa sobre el transporte a\u00e9reo, aviaci\u00f3n, turismo, hoteleria, actualidad.\" \/>\n<meta property=\"og:url\" content=\"https:\/\/aeronoticias.com.pe\/noticiero\/economia\/latinoamerica-reclama-mas-credito-para-economias-emergentes\/\" \/>\n<meta property=\"og:site_name\" content=\"Aeronoticias.com.pe\" \/>\n<meta property=\"article:publisher\" content=\"https:\/\/www.facebook.com\/Aeronoticias.com.pe\/\" \/>\n<meta property=\"article:published_time\" content=\"2009-04-02T09:49:48+00:00\" \/>\n<meta property=\"og:image\" content=\"http:\/\/www.aeronoticias.com.pe\/fotonoticias\/0109\/04\/020409\/creditos.jpg\" \/>\n<meta name=\"author\" content=\"Redacci\u00f3n Aeronoticias\" \/>\n<meta name=\"twitter:card\" content=\"summary_large_image\" \/>\n<meta name=\"twitter:creator\" content=\"@aeronoticias\" \/>\n<meta name=\"twitter:site\" content=\"@aeronoticias\" \/>\n<meta name=\"twitter:label1\" content=\"Escrito por\" \/>\n\t<meta name=\"twitter:data1\" content=\"Redacci\u00f3n Aeronoticias\" \/>\n\t<meta name=\"twitter:label2\" content=\"Tiempo de lectura\" \/>\n\t<meta name=\"twitter:data2\" content=\"5 minutos\" \/>\n<script type=\"application\/ld+json\" class=\"yoast-schema-graph\">{\"@context\":\"https:\/\/schema.org\",\"@graph\":[{\"@type\":\"WebPage\",\"@id\":\"https:\/\/aeronoticias.com.pe\/noticiero\/economia\/latinoamerica-reclama-mas-credito-para-economias-emergentes\/\",\"url\":\"https:\/\/aeronoticias.com.pe\/noticiero\/economia\/latinoamerica-reclama-mas-credito-para-economias-emergentes\/\",\"name\":\"LATINOAMERICA RECLAMA MAS CREDITO PARA ECONOMIAS EMERGENTES\",\"isPartOf\":{\"@id\":\"https:\/\/aeronoticias.com.pe\/noticiero\/#website\"},\"primaryImageOfPage\":{\"@id\":\"https:\/\/aeronoticias.com.pe\/noticiero\/economia\/latinoamerica-reclama-mas-credito-para-economias-emergentes\/#primaryimage\"},\"image\":{\"@id\":\"https:\/\/aeronoticias.com.pe\/noticiero\/economia\/latinoamerica-reclama-mas-credito-para-economias-emergentes\/#primaryimage\"},\"thumbnailUrl\":\"http:\/\/www.aeronoticias.com.pe\/fotonoticias\/0109\/04\/020409\/creditos.jpg\",\"datePublished\":\"2009-04-02T09:49:48+00:00\",\"author\":{\"@id\":\"https:\/\/aeronoticias.com.pe\/noticiero\/#\/schema\/person\/fc1e5d578f4b62ba1cf7ac2bba1170a0\"},\"description\":\"Portal de noticias del Per\u00fa sobre el transporte a\u00e9reo, aviaci\u00f3n, turismo, hoteleria, actualidad.\",\"breadcrumb\":{\"@id\":\"https:\/\/aeronoticias.com.pe\/noticiero\/economia\/latinoamerica-reclama-mas-credito-para-economias-emergentes\/#breadcrumb\"},\"inLanguage\":\"es\",\"potentialAction\":[{\"@type\":\"ReadAction\",\"target\":[\"https:\/\/aeronoticias.com.pe\/noticiero\/economia\/latinoamerica-reclama-mas-credito-para-economias-emergentes\/\"]}]},{\"@type\":\"ImageObject\",\"inLanguage\":\"es\",\"@id\":\"https:\/\/aeronoticias.com.pe\/noticiero\/economia\/latinoamerica-reclama-mas-credito-para-economias-emergentes\/#primaryimage\",\"url\":\"http:\/\/www.aeronoticias.com.pe\/fotonoticias\/0109\/04\/020409\/creditos.jpg\",\"contentUrl\":\"http:\/\/www.aeronoticias.com.pe\/fotonoticias\/0109\/04\/020409\/creditos.jpg\"},{\"@type\":\"BreadcrumbList\",\"@id\":\"https:\/\/aeronoticias.com.pe\/noticiero\/economia\/latinoamerica-reclama-mas-credito-para-economias-emergentes\/#breadcrumb\",\"itemListElement\":[{\"@type\":\"ListItem\",\"position\":1,\"name\":\"Portada\",\"item\":\"https:\/\/aeronoticias.com.pe\/noticiero\/\"},{\"@type\":\"ListItem\",\"position\":2,\"name\":\"LATINOAMERICA RECLAMA MAS CREDITO PARA ECONOMIAS EMERGENTES\"}]},{\"@type\":\"WebSite\",\"@id\":\"https:\/\/aeronoticias.com.pe\/noticiero\/#website\",\"url\":\"https:\/\/aeronoticias.com.pe\/noticiero\/\",\"name\":\"Aeronoticias.com.pe\",\"description\":\"Noticias de tranporte aereo, turismo, hoteles, gastronomia, actualidad, internacional\",\"potentialAction\":[{\"@type\":\"SearchAction\",\"target\":{\"@type\":\"EntryPoint\",\"urlTemplate\":\"https:\/\/aeronoticias.com.pe\/noticiero\/?s={search_term_string}\"},\"query-input\":{\"@type\":\"PropertyValueSpecification\",\"valueRequired\":true,\"valueName\":\"search_term_string\"}}],\"inLanguage\":\"es\"},{\"@type\":\"Person\",\"@id\":\"https:\/\/aeronoticias.com.pe\/noticiero\/#\/schema\/person\/fc1e5d578f4b62ba1cf7ac2bba1170a0\",\"name\":\"Redacci\u00f3n Aeronoticias\",\"url\":\"https:\/\/aeronoticias.com.pe\/noticiero\/author\/piloto\/\"}]}<\/script>\n<!-- \/ Yoast SEO plugin. -->","yoast_head_json":{"title":"LATINOAMERICA RECLAMA MAS CREDITO PARA ECONOMIAS EMERGENTES","description":"Portal de noticias del Per\u00fa sobre el transporte a\u00e9reo, aviaci\u00f3n, turismo, hoteleria, actualidad.","robots":{"index":"index","follow":"follow","max-snippet":"max-snippet:-1","max-image-preview":"max-image-preview:large","max-video-preview":"max-video-preview:-1"},"canonical":"https:\/\/aeronoticias.com.pe\/noticiero\/economia\/latinoamerica-reclama-mas-credito-para-economias-emergentes\/","og_locale":"es_ES","og_type":"article","og_title":"LATINOAMERICA RECLAMA MAS CREDITO PARA ECONOMIAS EMERGENTES","og_description":"Portal de noticias del Per\u00fa sobre el transporte a\u00e9reo, aviaci\u00f3n, turismo, hoteleria, actualidad.","og_url":"https:\/\/aeronoticias.com.pe\/noticiero\/economia\/latinoamerica-reclama-mas-credito-para-economias-emergentes\/","og_site_name":"Aeronoticias.com.pe","article_publisher":"https:\/\/www.facebook.com\/Aeronoticias.com.pe\/","article_published_time":"2009-04-02T09:49:48+00:00","og_image":[{"url":"http:\/\/www.aeronoticias.com.pe\/fotonoticias\/0109\/04\/020409\/creditos.jpg","type":"","width":"","height":""}],"author":"Redacci\u00f3n Aeronoticias","twitter_card":"summary_large_image","twitter_creator":"@aeronoticias","twitter_site":"@aeronoticias","twitter_misc":{"Escrito por":"Redacci\u00f3n Aeronoticias","Tiempo de lectura":"5 minutos"},"schema":{"@context":"https:\/\/schema.org","@graph":[{"@type":"WebPage","@id":"https:\/\/aeronoticias.com.pe\/noticiero\/economia\/latinoamerica-reclama-mas-credito-para-economias-emergentes\/","url":"https:\/\/aeronoticias.com.pe\/noticiero\/economia\/latinoamerica-reclama-mas-credito-para-economias-emergentes\/","name":"LATINOAMERICA RECLAMA MAS CREDITO PARA ECONOMIAS EMERGENTES","isPartOf":{"@id":"https:\/\/aeronoticias.com.pe\/noticiero\/#website"},"primaryImageOfPage":{"@id":"https:\/\/aeronoticias.com.pe\/noticiero\/economia\/latinoamerica-reclama-mas-credito-para-economias-emergentes\/#primaryimage"},"image":{"@id":"https:\/\/aeronoticias.com.pe\/noticiero\/economia\/latinoamerica-reclama-mas-credito-para-economias-emergentes\/#primaryimage"},"thumbnailUrl":"http:\/\/www.aeronoticias.com.pe\/fotonoticias\/0109\/04\/020409\/creditos.jpg","datePublished":"2009-04-02T09:49:48+00:00","author":{"@id":"https:\/\/aeronoticias.com.pe\/noticiero\/#\/schema\/person\/fc1e5d578f4b62ba1cf7ac2bba1170a0"},"description":"Portal de noticias del Per\u00fa sobre el transporte a\u00e9reo, aviaci\u00f3n, turismo, hoteleria, actualidad.","breadcrumb":{"@id":"https:\/\/aeronoticias.com.pe\/noticiero\/economia\/latinoamerica-reclama-mas-credito-para-economias-emergentes\/#breadcrumb"},"inLanguage":"es","potentialAction":[{"@type":"ReadAction","target":["https:\/\/aeronoticias.com.pe\/noticiero\/economia\/latinoamerica-reclama-mas-credito-para-economias-emergentes\/"]}]},{"@type":"ImageObject","inLanguage":"es","@id":"https:\/\/aeronoticias.com.pe\/noticiero\/economia\/latinoamerica-reclama-mas-credito-para-economias-emergentes\/#primaryimage","url":"http:\/\/www.aeronoticias.com.pe\/fotonoticias\/0109\/04\/020409\/creditos.jpg","contentUrl":"http:\/\/www.aeronoticias.com.pe\/fotonoticias\/0109\/04\/020409\/creditos.jpg"},{"@type":"BreadcrumbList","@id":"https:\/\/aeronoticias.com.pe\/noticiero\/economia\/latinoamerica-reclama-mas-credito-para-economias-emergentes\/#breadcrumb","itemListElement":[{"@type":"ListItem","position":1,"name":"Portada","item":"https:\/\/aeronoticias.com.pe\/noticiero\/"},{"@type":"ListItem","position":2,"name":"LATINOAMERICA RECLAMA MAS CREDITO PARA ECONOMIAS EMERGENTES"}]},{"@type":"WebSite","@id":"https:\/\/aeronoticias.com.pe\/noticiero\/#website","url":"https:\/\/aeronoticias.com.pe\/noticiero\/","name":"Aeronoticias.com.pe","description":"Noticias de tranporte aereo, turismo, hoteles, gastronomia, actualidad, internacional","potentialAction":[{"@type":"SearchAction","target":{"@type":"EntryPoint","urlTemplate":"https:\/\/aeronoticias.com.pe\/noticiero\/?s={search_term_string}"},"query-input":{"@type":"PropertyValueSpecification","valueRequired":true,"valueName":"search_term_string"}}],"inLanguage":"es"},{"@type":"Person","@id":"https:\/\/aeronoticias.com.pe\/noticiero\/#\/schema\/person\/fc1e5d578f4b62ba1cf7ac2bba1170a0","name":"Redacci\u00f3n Aeronoticias","url":"https:\/\/aeronoticias.com.pe\/noticiero\/author\/piloto\/"}]}},"_links":{"self":[{"href":"https:\/\/aeronoticias.com.pe\/noticiero\/wp-json\/wp\/v2\/posts\/2476","targetHints":{"allow":["GET"]}}],"collection":[{"href":"https:\/\/aeronoticias.com.pe\/noticiero\/wp-json\/wp\/v2\/posts"}],"about":[{"href":"https:\/\/aeronoticias.com.pe\/noticiero\/wp-json\/wp\/v2\/types\/post"}],"author":[{"embeddable":true,"href":"https:\/\/aeronoticias.com.pe\/noticiero\/wp-json\/wp\/v2\/users\/1"}],"replies":[{"embeddable":true,"href":"https:\/\/aeronoticias.com.pe\/noticiero\/wp-json\/wp\/v2\/comments?post=2476"}],"version-history":[{"count":0,"href":"https:\/\/aeronoticias.com.pe\/noticiero\/wp-json\/wp\/v2\/posts\/2476\/revisions"}],"wp:attachment":[{"href":"https:\/\/aeronoticias.com.pe\/noticiero\/wp-json\/wp\/v2\/media?parent=2476"}],"wp:term":[{"taxonomy":"category","embeddable":true,"href":"https:\/\/aeronoticias.com.pe\/noticiero\/wp-json\/wp\/v2\/categories?post=2476"},{"taxonomy":"post_tag","embeddable":true,"href":"https:\/\/aeronoticias.com.pe\/noticiero\/wp-json\/wp\/v2\/tags?post=2476"}],"curies":[{"name":"wp","href":"https:\/\/api.w.org\/{rel}","templated":true}]}}