{"id":2477,"date":"2009-04-02T11:37:39","date_gmt":"2009-04-02T11:37:39","guid":{"rendered":"http:\/\/desarrollo.mcvicious.com\/aero2020\/2009\/04\/02\/despiden-los-restos-del-ex-presidente-raul-alfonsin\/"},"modified":"2009-04-02T11:37:39","modified_gmt":"2009-04-02T11:37:39","slug":"despiden-los-restos-del-ex-presidente-raul-alfonsin","status":"publish","type":"post","link":"https:\/\/aeronoticias.com.pe\/noticiero\/politica\/despiden-los-restos-del-ex-presidente-raul-alfonsin\/","title":{"rendered":"DESPIDEN LOS RESTOS DEL EX PRESIDENTE RAUL ALFONSIN"},"content":{"rendered":"<div align=\"justify\">Ricardo Alfons&iacute;n pidi&oacute; que se trasmitiera &quot;el reconocimiento a todos los argentinos que desfilan incesantemente&quot; desde ayer en el Congreso para despedir a su padre, el ex presidente Ra&uacute;l Alfons&iacute;n, dijo hoy el ex vocero presidencial Jos&eacute; Ignacio L&oacute;pez.<\/div>\n<p><\/p>\n<div align=\"center\"><img loading=\"lazy\" decoding=\"async\" src=\"http:\/\/www.aeronoticias.com.pe\/fotonoticias\/0109\/04\/020409\/FuneralLluvia.jpg\" alt=\" \" title=\"DESPIDEN LOS RESTOS DE EL EX PRESIDENTE RAUL ALFONSIN\" width=\"400\" height=\"268\" \/><\/div>\n<p> <!--more--> <\/p>\n<div align=\"justify\">Centenares de personas segu&iacute;an desfilando esta ma&ntilde;ana por el Congreso Nacional, pese a la lluvia que cae sobre Buenos Aires, para despedir los restos del ex presidente Alfons&iacute;n, en el Sal&oacute;n Azul del Palacio Legislativo.<\/p>\n<p>En lo que ser&aacute;n las &uacute;ltimas horas del velatorio del ex mandatario, cerca del f&eacute;retro se encontraban esta ma&ntilde;ana miembros de la familia Alfons&iacute;n.<\/p>\n<p>Entre los que se hicieron presentes esta ma&ntilde;ana, se cuenta el arzobispo de Buenos Aires y presidente de la Conferencia Episcopal, cardenal Jorge Bergoglio, quien permaneci&oacute; un rato junto al f&eacute;retro del ex presidente realizando una oraci&oacute;n.<\/p>\n<p>As&iacute; lo consign&oacute; a la prensa Jos&eacute; Ignacio L&oacute;pez, quien fuera vocero del ex mandatario, quien confirm&oacute; que, pese a la lluvia, se cumplir&aacute;n todos los pasos que estaban previstos para llegar a las 14 al cementerio de la Recoleta.<\/p>\n<p>De acuerdo con lo pautado, cerca de las 10 ser&aacute; cerrado el Sal&oacute;n Azul del Congreso, donde se encuentra la capilla ardiente con los restos del ex mandatario, para comenzar con los preparativos de lo que ser&aacute; el traslado del ex presidente hacia el cementerio.<\/p>\n<p>A las 11 se realizar&aacute; una ceremonia institucional de despedida en la que hablar&aacute;, en este orden, el vicepresidente de Alfons&iacute;n en su gesti&oacute;n, V&iacute;ctor Mart&iacute;nez; el titular de la C&aacute;mara baja, Eduardo Fellner; un senador que a&uacute;n no ha sido designado; el ex presidente de Uruguay, Jos&eacute; Sarney y cerrar&aacute; el vicepresidente Julio Cobos.<\/p>\n<p>Luego, el f&eacute;retro ser&aacute; colocado en la explanada de ingreso al Congreso, sobre la avenida Entre R&iacute;os, y all&iacute; se celebrar&aacute; una misa oficiada por el arzobispo de Santa Fe, Jos&eacute; Mar&iacute;a Arancedo, primo hermano del ex mandatario; el secretario general de la Conferencia Episcopal, monse&ntilde;or Enrique Gh&iacute;a, y monse&ntilde;or Justo Laguna, obispo em&eacute;rito.<\/p>\n<p>Seguidamente, comenzar&aacute; el cortejo f&uacute;nebre que llevar&aacute; los restos del ex mandatario hacia la Recoleta y que realizar&aacute; su recorrido por la avenida Callao, la calle Guido y, por &uacute;ltimo, por Jun&iacute;n.<\/div>\n","protected":false},"excerpt":{"rendered":"<p>Ricardo Alfons&iacute;n pidi&oacute; que se trasmitiera &quot;el reconocimiento a todos los argentinos que desfilan incesantemente&quot; desde ayer en el Congreso para despedir a su padre, el ex presidente Ra&uacute;l Alfons&iacute;n, dijo hoy el ex vocero presidencial Jos&eacute; Ignacio L&oacute;pez.<\/p>\n","protected":false},"author":1,"featured_media":0,"comment_status":"open","ping_status":"open","sticky":false,"template":"","format":"standard","meta":{"tdm_status":"","tdm_grid_status":"","footnotes":""},"categories":[36],"tags":[],"class_list":{"0":"post-2477","1":"post","2":"type-post","3":"status-publish","4":"format-standard","6":"category-politica"},"yoast_head":"<!-- This site is optimized with the Yoast SEO plugin v25.1 - https:\/\/yoast.com\/wordpress\/plugins\/seo\/ -->\n<title>DESPIDEN LOS RESTOS DEL EX PRESIDENTE RAUL ALFONSIN<\/title>\n<meta name=\"description\" content=\"Portal de noticias del Per\u00fa sobre el transporte a\u00e9reo, aviaci\u00f3n, turismo, hoteleria, actualidad.\" \/>\n<meta name=\"robots\" content=\"index, follow, max-snippet:-1, max-image-preview:large, max-video-preview:-1\" \/>\n<link rel=\"canonical\" href=\"https:\/\/aeronoticias.com.pe\/noticiero\/politica\/despiden-los-restos-del-ex-presidente-raul-alfonsin\/\" \/>\n<meta property=\"og:locale\" content=\"es_ES\" \/>\n<meta property=\"og:type\" content=\"article\" \/>\n<meta property=\"og:title\" content=\"DESPIDEN LOS RESTOS DEL EX PRESIDENTE RAUL ALFONSIN\" \/>\n<meta property=\"og:description\" content=\"Portal de noticias del Per\u00fa sobre el transporte a\u00e9reo, aviaci\u00f3n, turismo, hoteleria, actualidad.\" \/>\n<meta property=\"og:url\" content=\"https:\/\/aeronoticias.com.pe\/noticiero\/politica\/despiden-los-restos-del-ex-presidente-raul-alfonsin\/\" \/>\n<meta property=\"og:site_name\" content=\"Aeronoticias.com.pe\" \/>\n<meta property=\"article:publisher\" content=\"https:\/\/www.facebook.com\/Aeronoticias.com.pe\/\" \/>\n<meta property=\"article:published_time\" content=\"2009-04-02T11:37:39+00:00\" \/>\n<meta property=\"og:image\" content=\"http:\/\/www.aeronoticias.com.pe\/fotonoticias\/0109\/04\/020409\/FuneralLluvia.jpg\" \/>\n<meta name=\"author\" content=\"Redacci\u00f3n Aeronoticias\" \/>\n<meta name=\"twitter:card\" content=\"summary_large_image\" \/>\n<meta name=\"twitter:creator\" content=\"@aeronoticias\" \/>\n<meta name=\"twitter:site\" content=\"@aeronoticias\" \/>\n<meta name=\"twitter:label1\" content=\"Escrito por\" \/>\n\t<meta name=\"twitter:data1\" content=\"Redacci\u00f3n Aeronoticias\" \/>\n\t<meta name=\"twitter:label2\" content=\"Tiempo de lectura\" \/>\n\t<meta name=\"twitter:data2\" content=\"2 minutos\" \/>\n<script type=\"application\/ld+json\" class=\"yoast-schema-graph\">{\"@context\":\"https:\/\/schema.org\",\"@graph\":[{\"@type\":\"WebPage\",\"@id\":\"https:\/\/aeronoticias.com.pe\/noticiero\/politica\/despiden-los-restos-del-ex-presidente-raul-alfonsin\/\",\"url\":\"https:\/\/aeronoticias.com.pe\/noticiero\/politica\/despiden-los-restos-del-ex-presidente-raul-alfonsin\/\",\"name\":\"DESPIDEN LOS RESTOS DEL EX PRESIDENTE RAUL ALFONSIN\",\"isPartOf\":{\"@id\":\"https:\/\/aeronoticias.com.pe\/noticiero\/#website\"},\"primaryImageOfPage\":{\"@id\":\"https:\/\/aeronoticias.com.pe\/noticiero\/politica\/despiden-los-restos-del-ex-presidente-raul-alfonsin\/#primaryimage\"},\"image\":{\"@id\":\"https:\/\/aeronoticias.com.pe\/noticiero\/politica\/despiden-los-restos-del-ex-presidente-raul-alfonsin\/#primaryimage\"},\"thumbnailUrl\":\"http:\/\/www.aeronoticias.com.pe\/fotonoticias\/0109\/04\/020409\/FuneralLluvia.jpg\",\"datePublished\":\"2009-04-02T11:37:39+00:00\",\"author\":{\"@id\":\"https:\/\/aeronoticias.com.pe\/noticiero\/#\/schema\/person\/fc1e5d578f4b62ba1cf7ac2bba1170a0\"},\"description\":\"Portal de noticias del Per\u00fa sobre el transporte a\u00e9reo, aviaci\u00f3n, turismo, hoteleria, actualidad.\",\"breadcrumb\":{\"@id\":\"https:\/\/aeronoticias.com.pe\/noticiero\/politica\/despiden-los-restos-del-ex-presidente-raul-alfonsin\/#breadcrumb\"},\"inLanguage\":\"es\",\"potentialAction\":[{\"@type\":\"ReadAction\",\"target\":[\"https:\/\/aeronoticias.com.pe\/noticiero\/politica\/despiden-los-restos-del-ex-presidente-raul-alfonsin\/\"]}]},{\"@type\":\"ImageObject\",\"inLanguage\":\"es\",\"@id\":\"https:\/\/aeronoticias.com.pe\/noticiero\/politica\/despiden-los-restos-del-ex-presidente-raul-alfonsin\/#primaryimage\",\"url\":\"http:\/\/www.aeronoticias.com.pe\/fotonoticias\/0109\/04\/020409\/FuneralLluvia.jpg\",\"contentUrl\":\"http:\/\/www.aeronoticias.com.pe\/fotonoticias\/0109\/04\/020409\/FuneralLluvia.jpg\"},{\"@type\":\"BreadcrumbList\",\"@id\":\"https:\/\/aeronoticias.com.pe\/noticiero\/politica\/despiden-los-restos-del-ex-presidente-raul-alfonsin\/#breadcrumb\",\"itemListElement\":[{\"@type\":\"ListItem\",\"position\":1,\"name\":\"Portada\",\"item\":\"https:\/\/aeronoticias.com.pe\/noticiero\/\"},{\"@type\":\"ListItem\",\"position\":2,\"name\":\"DESPIDEN LOS RESTOS DEL EX PRESIDENTE RAUL ALFONSIN\"}]},{\"@type\":\"WebSite\",\"@id\":\"https:\/\/aeronoticias.com.pe\/noticiero\/#website\",\"url\":\"https:\/\/aeronoticias.com.pe\/noticiero\/\",\"name\":\"Aeronoticias.com.pe\",\"description\":\"Noticias de tranporte aereo, turismo, hoteles, gastronomia, actualidad, internacional\",\"potentialAction\":[{\"@type\":\"SearchAction\",\"target\":{\"@type\":\"EntryPoint\",\"urlTemplate\":\"https:\/\/aeronoticias.com.pe\/noticiero\/?s={search_term_string}\"},\"query-input\":{\"@type\":\"PropertyValueSpecification\",\"valueRequired\":true,\"valueName\":\"search_term_string\"}}],\"inLanguage\":\"es\"},{\"@type\":\"Person\",\"@id\":\"https:\/\/aeronoticias.com.pe\/noticiero\/#\/schema\/person\/fc1e5d578f4b62ba1cf7ac2bba1170a0\",\"name\":\"Redacci\u00f3n Aeronoticias\",\"url\":\"https:\/\/aeronoticias.com.pe\/noticiero\/author\/piloto\/\"}]}<\/script>\n<!-- \/ Yoast SEO plugin. -->","yoast_head_json":{"title":"DESPIDEN LOS RESTOS DEL EX PRESIDENTE RAUL ALFONSIN","description":"Portal de noticias del Per\u00fa sobre el transporte a\u00e9reo, aviaci\u00f3n, turismo, hoteleria, actualidad.","robots":{"index":"index","follow":"follow","max-snippet":"max-snippet:-1","max-image-preview":"max-image-preview:large","max-video-preview":"max-video-preview:-1"},"canonical":"https:\/\/aeronoticias.com.pe\/noticiero\/politica\/despiden-los-restos-del-ex-presidente-raul-alfonsin\/","og_locale":"es_ES","og_type":"article","og_title":"DESPIDEN LOS RESTOS DEL EX PRESIDENTE RAUL ALFONSIN","og_description":"Portal de noticias del Per\u00fa sobre el transporte a\u00e9reo, aviaci\u00f3n, turismo, hoteleria, actualidad.","og_url":"https:\/\/aeronoticias.com.pe\/noticiero\/politica\/despiden-los-restos-del-ex-presidente-raul-alfonsin\/","og_site_name":"Aeronoticias.com.pe","article_publisher":"https:\/\/www.facebook.com\/Aeronoticias.com.pe\/","article_published_time":"2009-04-02T11:37:39+00:00","og_image":[{"url":"http:\/\/www.aeronoticias.com.pe\/fotonoticias\/0109\/04\/020409\/FuneralLluvia.jpg","type":"","width":"","height":""}],"author":"Redacci\u00f3n Aeronoticias","twitter_card":"summary_large_image","twitter_creator":"@aeronoticias","twitter_site":"@aeronoticias","twitter_misc":{"Escrito por":"Redacci\u00f3n Aeronoticias","Tiempo de lectura":"2 minutos"},"schema":{"@context":"https:\/\/schema.org","@graph":[{"@type":"WebPage","@id":"https:\/\/aeronoticias.com.pe\/noticiero\/politica\/despiden-los-restos-del-ex-presidente-raul-alfonsin\/","url":"https:\/\/aeronoticias.com.pe\/noticiero\/politica\/despiden-los-restos-del-ex-presidente-raul-alfonsin\/","name":"DESPIDEN LOS RESTOS DEL EX PRESIDENTE RAUL ALFONSIN","isPartOf":{"@id":"https:\/\/aeronoticias.com.pe\/noticiero\/#website"},"primaryImageOfPage":{"@id":"https:\/\/aeronoticias.com.pe\/noticiero\/politica\/despiden-los-restos-del-ex-presidente-raul-alfonsin\/#primaryimage"},"image":{"@id":"https:\/\/aeronoticias.com.pe\/noticiero\/politica\/despiden-los-restos-del-ex-presidente-raul-alfonsin\/#primaryimage"},"thumbnailUrl":"http:\/\/www.aeronoticias.com.pe\/fotonoticias\/0109\/04\/020409\/FuneralLluvia.jpg","datePublished":"2009-04-02T11:37:39+00:00","author":{"@id":"https:\/\/aeronoticias.com.pe\/noticiero\/#\/schema\/person\/fc1e5d578f4b62ba1cf7ac2bba1170a0"},"description":"Portal de noticias del Per\u00fa sobre el transporte a\u00e9reo, aviaci\u00f3n, turismo, hoteleria, actualidad.","breadcrumb":{"@id":"https:\/\/aeronoticias.com.pe\/noticiero\/politica\/despiden-los-restos-del-ex-presidente-raul-alfonsin\/#breadcrumb"},"inLanguage":"es","potentialAction":[{"@type":"ReadAction","target":["https:\/\/aeronoticias.com.pe\/noticiero\/politica\/despiden-los-restos-del-ex-presidente-raul-alfonsin\/"]}]},{"@type":"ImageObject","inLanguage":"es","@id":"https:\/\/aeronoticias.com.pe\/noticiero\/politica\/despiden-los-restos-del-ex-presidente-raul-alfonsin\/#primaryimage","url":"http:\/\/www.aeronoticias.com.pe\/fotonoticias\/0109\/04\/020409\/FuneralLluvia.jpg","contentUrl":"http:\/\/www.aeronoticias.com.pe\/fotonoticias\/0109\/04\/020409\/FuneralLluvia.jpg"},{"@type":"BreadcrumbList","@id":"https:\/\/aeronoticias.com.pe\/noticiero\/politica\/despiden-los-restos-del-ex-presidente-raul-alfonsin\/#breadcrumb","itemListElement":[{"@type":"ListItem","position":1,"name":"Portada","item":"https:\/\/aeronoticias.com.pe\/noticiero\/"},{"@type":"ListItem","position":2,"name":"DESPIDEN LOS RESTOS DEL EX PRESIDENTE RAUL ALFONSIN"}]},{"@type":"WebSite","@id":"https:\/\/aeronoticias.com.pe\/noticiero\/#website","url":"https:\/\/aeronoticias.com.pe\/noticiero\/","name":"Aeronoticias.com.pe","description":"Noticias de tranporte aereo, turismo, hoteles, gastronomia, actualidad, internacional","potentialAction":[{"@type":"SearchAction","target":{"@type":"EntryPoint","urlTemplate":"https:\/\/aeronoticias.com.pe\/noticiero\/?s={search_term_string}"},"query-input":{"@type":"PropertyValueSpecification","valueRequired":true,"valueName":"search_term_string"}}],"inLanguage":"es"},{"@type":"Person","@id":"https:\/\/aeronoticias.com.pe\/noticiero\/#\/schema\/person\/fc1e5d578f4b62ba1cf7ac2bba1170a0","name":"Redacci\u00f3n Aeronoticias","url":"https:\/\/aeronoticias.com.pe\/noticiero\/author\/piloto\/"}]}},"_links":{"self":[{"href":"https:\/\/aeronoticias.com.pe\/noticiero\/wp-json\/wp\/v2\/posts\/2477","targetHints":{"allow":["GET"]}}],"collection":[{"href":"https:\/\/aeronoticias.com.pe\/noticiero\/wp-json\/wp\/v2\/posts"}],"about":[{"href":"https:\/\/aeronoticias.com.pe\/noticiero\/wp-json\/wp\/v2\/types\/post"}],"author":[{"embeddable":true,"href":"https:\/\/aeronoticias.com.pe\/noticiero\/wp-json\/wp\/v2\/users\/1"}],"replies":[{"embeddable":true,"href":"https:\/\/aeronoticias.com.pe\/noticiero\/wp-json\/wp\/v2\/comments?post=2477"}],"version-history":[{"count":0,"href":"https:\/\/aeronoticias.com.pe\/noticiero\/wp-json\/wp\/v2\/posts\/2477\/revisions"}],"wp:attachment":[{"href":"https:\/\/aeronoticias.com.pe\/noticiero\/wp-json\/wp\/v2\/media?parent=2477"}],"wp:term":[{"taxonomy":"category","embeddable":true,"href":"https:\/\/aeronoticias.com.pe\/noticiero\/wp-json\/wp\/v2\/categories?post=2477"},{"taxonomy":"post_tag","embeddable":true,"href":"https:\/\/aeronoticias.com.pe\/noticiero\/wp-json\/wp\/v2\/tags?post=2477"}],"curies":[{"name":"wp","href":"https:\/\/api.w.org\/{rel}","templated":true}]}}