{"id":2543,"date":"2009-04-12T16:54:02","date_gmt":"2009-04-12T16:54:02","guid":{"rendered":"http:\/\/desarrollo.mcvicious.com\/aero2020\/2009\/04\/12\/salud-de-evo-morales-estable-luego-de-tres-dias-de-huelga-de-hambre\/"},"modified":"2009-04-12T16:54:02","modified_gmt":"2009-04-12T16:54:02","slug":"salud-de-evo-morales-estable-luego-de-tres-dias-de-huelga-de-hambre","status":"publish","type":"post","link":"https:\/\/aeronoticias.com.pe\/noticiero\/ultimas\/1\/salud-de-evo-morales-estable-luego-de-tres-dias-de-huelga-de-hambre\/","title":{"rendered":"SALUD DE EVO MORALES"},"content":{"rendered":"<div align=\"justify\">El ministro de Salud, Ramiro Tapia, mediante comunicado afirm&oacute; que el presidente de Bolivia, Evo Morales, est&aacute; &ldquo;estable&rdquo; luego de cumplir ya, su tercer d&iacute;a de huelga de hambre. <\/p>\n<\/div>\n<div align=\"justify\">\n<div style=\"text-align: center\"><img loading=\"lazy\" decoding=\"async\" src=\"http:\/\/www.aeronoticias.com.pe\/fotonoticias\/evo.jpg\" alt=\" \" title=\"Evo Morales\" width=\"400\" height=\"266\" \/><\/div>\n<p><\/div>\n<p> <!--more--> <\/p>\n<p>&nbsp;<\/p>\n<p align=\"justify\">Seg&uacute;n el ministro Morales ha mostrado &ldquo;una extraordinaria vitalidad&rdquo; pese &ldquo;a la extrema medida&rdquo; que emprendi&oacute; el pasado jueves, junto con un grupo de sindicalistas que le acompa&ntilde;an en la huelga de hambre en Palacio de Gobierno de La Paz.<\/p>\n<p>Morales se ha declarado en ayuno para exigir a la oposici&oacute;n que apruebe la ley que permitir&aacute; los comicios del pr&oacute;ximo 6 de diciembre, en los que se postular&aacute; a la reelecci&oacute;n.<\/p>\n<p>&nbsp;&ldquo;&Eacute;l est&aacute; estable, no ha tenido ninguna complicaci&oacute;n&rdquo;, dijo Tapia, m&eacute;dico de profesi&oacute;n, quien le realiz&oacute; una revisi&oacute;n m&eacute;dica al mandatario con un grupo de m&eacute;dicos&nbsp; y seg&uacute;n afirm&oacute;, la salud del mandatario se presenta estable.<\/p>\n<p>Entre los otros 14 huelguistas que acompa&ntilde;an a Morales, los m&eacute;dicos han encontrado que algunos dirigentes padecen mal de chagas, glaucoma y poliglobulia, enfermedades contra&iacute;das antes de la huelga que necesitan una atenci&oacute;n m&aacute;s cuidadosa.<\/p>\n<p>Las sesiones del Congreso est&aacute;n en suspenso desde el pasado jueves, porque la oposici&oacute;n abandon&oacute; el foro denunciando que el oficialismo no ha respetado una mesa de negociaciones instalada de forma paralela a la sesi&oacute;n parlamentaria.<\/p>\n<p>En cambio, en criterio del Gobierno, la oposici&oacute;n est&aacute; bloqueando la norma electoral porque saben que ser&aacute;n derrotados en diciembre pr&oacute;ximo, ya que no tiene candidatos ni propuestas para enfrentarse con &eacute;xito a Morales.<br \/>&nbsp; <\/p>\n","protected":false},"excerpt":{"rendered":"<p>El ministro de Salud, Ramiro Tapia, mediante comunicado afirm&oacute; que el presidente de Bolivia, Evo Morales, est&aacute; &ldquo;estable&rdquo; luego de cumplir ya, su tercer d&iacute;a de huelga de hambre.<\/p>\n","protected":false},"author":1,"featured_media":0,"comment_status":"open","ping_status":"open","sticky":false,"template":"","format":"standard","meta":{"tdm_status":"","tdm_grid_status":"","footnotes":""},"categories":[30],"tags":[],"class_list":{"0":"post-2543","1":"post","2":"type-post","3":"status-publish","4":"format-standard","6":"category-30"},"yoast_head":"<!-- This site is optimized with the Yoast SEO plugin v25.1 - https:\/\/yoast.com\/wordpress\/plugins\/seo\/ -->\n<title>SALUD DE EVO MORALES<\/title>\n<meta name=\"description\" content=\"Portal de noticias del Per\u00fa sobre el transporte a\u00e9reo, aviaci\u00f3n, turismo, hoteleria, actualidad.\" \/>\n<meta name=\"robots\" content=\"index, follow, max-snippet:-1, max-image-preview:large, max-video-preview:-1\" \/>\n<link rel=\"canonical\" href=\"https:\/\/aeronoticias.com.pe\/noticiero\/ultimas\/1\/salud-de-evo-morales-estable-luego-de-tres-dias-de-huelga-de-hambre\/\" \/>\n<meta property=\"og:locale\" content=\"es_ES\" \/>\n<meta property=\"og:type\" content=\"article\" \/>\n<meta property=\"og:title\" content=\"SALUD DE EVO MORALES\" \/>\n<meta property=\"og:description\" content=\"Portal de noticias del Per\u00fa sobre el transporte a\u00e9reo, aviaci\u00f3n, turismo, hoteleria, actualidad.\" \/>\n<meta property=\"og:url\" content=\"https:\/\/aeronoticias.com.pe\/noticiero\/ultimas\/1\/salud-de-evo-morales-estable-luego-de-tres-dias-de-huelga-de-hambre\/\" \/>\n<meta property=\"og:site_name\" content=\"Aeronoticias.com.pe\" \/>\n<meta property=\"article:publisher\" content=\"https:\/\/www.facebook.com\/Aeronoticias.com.pe\/\" \/>\n<meta property=\"article:published_time\" content=\"2009-04-12T16:54:02+00:00\" \/>\n<meta property=\"og:image\" content=\"http:\/\/www.aeronoticias.com.pe\/fotonoticias\/evo.jpg\" \/>\n<meta name=\"author\" content=\"Redacci\u00f3n Aeronoticias\" \/>\n<meta name=\"twitter:card\" content=\"summary_large_image\" \/>\n<meta name=\"twitter:creator\" content=\"@aeronoticias\" \/>\n<meta name=\"twitter:site\" content=\"@aeronoticias\" \/>\n<meta name=\"twitter:label1\" content=\"Escrito por\" \/>\n\t<meta name=\"twitter:data1\" content=\"Redacci\u00f3n Aeronoticias\" \/>\n\t<meta name=\"twitter:label2\" content=\"Tiempo de lectura\" \/>\n\t<meta name=\"twitter:data2\" content=\"2 minutos\" \/>\n<script type=\"application\/ld+json\" class=\"yoast-schema-graph\">{\"@context\":\"https:\/\/schema.org\",\"@graph\":[{\"@type\":\"WebPage\",\"@id\":\"https:\/\/aeronoticias.com.pe\/noticiero\/ultimas\/1\/salud-de-evo-morales-estable-luego-de-tres-dias-de-huelga-de-hambre\/\",\"url\":\"https:\/\/aeronoticias.com.pe\/noticiero\/ultimas\/1\/salud-de-evo-morales-estable-luego-de-tres-dias-de-huelga-de-hambre\/\",\"name\":\"SALUD DE EVO MORALES\",\"isPartOf\":{\"@id\":\"https:\/\/aeronoticias.com.pe\/noticiero\/#website\"},\"primaryImageOfPage\":{\"@id\":\"https:\/\/aeronoticias.com.pe\/noticiero\/ultimas\/1\/salud-de-evo-morales-estable-luego-de-tres-dias-de-huelga-de-hambre\/#primaryimage\"},\"image\":{\"@id\":\"https:\/\/aeronoticias.com.pe\/noticiero\/ultimas\/1\/salud-de-evo-morales-estable-luego-de-tres-dias-de-huelga-de-hambre\/#primaryimage\"},\"thumbnailUrl\":\"http:\/\/www.aeronoticias.com.pe\/fotonoticias\/evo.jpg\",\"datePublished\":\"2009-04-12T16:54:02+00:00\",\"author\":{\"@id\":\"https:\/\/aeronoticias.com.pe\/noticiero\/#\/schema\/person\/fc1e5d578f4b62ba1cf7ac2bba1170a0\"},\"description\":\"Portal de noticias del Per\u00fa sobre el transporte a\u00e9reo, aviaci\u00f3n, turismo, hoteleria, actualidad.\",\"breadcrumb\":{\"@id\":\"https:\/\/aeronoticias.com.pe\/noticiero\/ultimas\/1\/salud-de-evo-morales-estable-luego-de-tres-dias-de-huelga-de-hambre\/#breadcrumb\"},\"inLanguage\":\"es\",\"potentialAction\":[{\"@type\":\"ReadAction\",\"target\":[\"https:\/\/aeronoticias.com.pe\/noticiero\/ultimas\/1\/salud-de-evo-morales-estable-luego-de-tres-dias-de-huelga-de-hambre\/\"]}]},{\"@type\":\"ImageObject\",\"inLanguage\":\"es\",\"@id\":\"https:\/\/aeronoticias.com.pe\/noticiero\/ultimas\/1\/salud-de-evo-morales-estable-luego-de-tres-dias-de-huelga-de-hambre\/#primaryimage\",\"url\":\"http:\/\/www.aeronoticias.com.pe\/fotonoticias\/evo.jpg\",\"contentUrl\":\"http:\/\/www.aeronoticias.com.pe\/fotonoticias\/evo.jpg\"},{\"@type\":\"BreadcrumbList\",\"@id\":\"https:\/\/aeronoticias.com.pe\/noticiero\/ultimas\/1\/salud-de-evo-morales-estable-luego-de-tres-dias-de-huelga-de-hambre\/#breadcrumb\",\"itemListElement\":[{\"@type\":\"ListItem\",\"position\":1,\"name\":\"Portada\",\"item\":\"https:\/\/aeronoticias.com.pe\/noticiero\/\"},{\"@type\":\"ListItem\",\"position\":2,\"name\":\"SALUD DE EVO MORALES\"}]},{\"@type\":\"WebSite\",\"@id\":\"https:\/\/aeronoticias.com.pe\/noticiero\/#website\",\"url\":\"https:\/\/aeronoticias.com.pe\/noticiero\/\",\"name\":\"Aeronoticias.com.pe\",\"description\":\"Noticias de tranporte aereo, turismo, hoteles, gastronomia, actualidad, internacional\",\"potentialAction\":[{\"@type\":\"SearchAction\",\"target\":{\"@type\":\"EntryPoint\",\"urlTemplate\":\"https:\/\/aeronoticias.com.pe\/noticiero\/?s={search_term_string}\"},\"query-input\":{\"@type\":\"PropertyValueSpecification\",\"valueRequired\":true,\"valueName\":\"search_term_string\"}}],\"inLanguage\":\"es\"},{\"@type\":\"Person\",\"@id\":\"https:\/\/aeronoticias.com.pe\/noticiero\/#\/schema\/person\/fc1e5d578f4b62ba1cf7ac2bba1170a0\",\"name\":\"Redacci\u00f3n Aeronoticias\",\"url\":\"https:\/\/aeronoticias.com.pe\/noticiero\/author\/piloto\/\"}]}<\/script>\n<!-- \/ Yoast SEO plugin. -->","yoast_head_json":{"title":"SALUD DE EVO MORALES","description":"Portal de noticias del Per\u00fa sobre el transporte a\u00e9reo, aviaci\u00f3n, turismo, hoteleria, actualidad.","robots":{"index":"index","follow":"follow","max-snippet":"max-snippet:-1","max-image-preview":"max-image-preview:large","max-video-preview":"max-video-preview:-1"},"canonical":"https:\/\/aeronoticias.com.pe\/noticiero\/ultimas\/1\/salud-de-evo-morales-estable-luego-de-tres-dias-de-huelga-de-hambre\/","og_locale":"es_ES","og_type":"article","og_title":"SALUD DE EVO MORALES","og_description":"Portal de noticias del Per\u00fa sobre el transporte a\u00e9reo, aviaci\u00f3n, turismo, hoteleria, actualidad.","og_url":"https:\/\/aeronoticias.com.pe\/noticiero\/ultimas\/1\/salud-de-evo-morales-estable-luego-de-tres-dias-de-huelga-de-hambre\/","og_site_name":"Aeronoticias.com.pe","article_publisher":"https:\/\/www.facebook.com\/Aeronoticias.com.pe\/","article_published_time":"2009-04-12T16:54:02+00:00","og_image":[{"url":"http:\/\/www.aeronoticias.com.pe\/fotonoticias\/evo.jpg","type":"","width":"","height":""}],"author":"Redacci\u00f3n Aeronoticias","twitter_card":"summary_large_image","twitter_creator":"@aeronoticias","twitter_site":"@aeronoticias","twitter_misc":{"Escrito por":"Redacci\u00f3n Aeronoticias","Tiempo de lectura":"2 minutos"},"schema":{"@context":"https:\/\/schema.org","@graph":[{"@type":"WebPage","@id":"https:\/\/aeronoticias.com.pe\/noticiero\/ultimas\/1\/salud-de-evo-morales-estable-luego-de-tres-dias-de-huelga-de-hambre\/","url":"https:\/\/aeronoticias.com.pe\/noticiero\/ultimas\/1\/salud-de-evo-morales-estable-luego-de-tres-dias-de-huelga-de-hambre\/","name":"SALUD DE EVO MORALES","isPartOf":{"@id":"https:\/\/aeronoticias.com.pe\/noticiero\/#website"},"primaryImageOfPage":{"@id":"https:\/\/aeronoticias.com.pe\/noticiero\/ultimas\/1\/salud-de-evo-morales-estable-luego-de-tres-dias-de-huelga-de-hambre\/#primaryimage"},"image":{"@id":"https:\/\/aeronoticias.com.pe\/noticiero\/ultimas\/1\/salud-de-evo-morales-estable-luego-de-tres-dias-de-huelga-de-hambre\/#primaryimage"},"thumbnailUrl":"http:\/\/www.aeronoticias.com.pe\/fotonoticias\/evo.jpg","datePublished":"2009-04-12T16:54:02+00:00","author":{"@id":"https:\/\/aeronoticias.com.pe\/noticiero\/#\/schema\/person\/fc1e5d578f4b62ba1cf7ac2bba1170a0"},"description":"Portal de noticias del Per\u00fa sobre el transporte a\u00e9reo, aviaci\u00f3n, turismo, hoteleria, actualidad.","breadcrumb":{"@id":"https:\/\/aeronoticias.com.pe\/noticiero\/ultimas\/1\/salud-de-evo-morales-estable-luego-de-tres-dias-de-huelga-de-hambre\/#breadcrumb"},"inLanguage":"es","potentialAction":[{"@type":"ReadAction","target":["https:\/\/aeronoticias.com.pe\/noticiero\/ultimas\/1\/salud-de-evo-morales-estable-luego-de-tres-dias-de-huelga-de-hambre\/"]}]},{"@type":"ImageObject","inLanguage":"es","@id":"https:\/\/aeronoticias.com.pe\/noticiero\/ultimas\/1\/salud-de-evo-morales-estable-luego-de-tres-dias-de-huelga-de-hambre\/#primaryimage","url":"http:\/\/www.aeronoticias.com.pe\/fotonoticias\/evo.jpg","contentUrl":"http:\/\/www.aeronoticias.com.pe\/fotonoticias\/evo.jpg"},{"@type":"BreadcrumbList","@id":"https:\/\/aeronoticias.com.pe\/noticiero\/ultimas\/1\/salud-de-evo-morales-estable-luego-de-tres-dias-de-huelga-de-hambre\/#breadcrumb","itemListElement":[{"@type":"ListItem","position":1,"name":"Portada","item":"https:\/\/aeronoticias.com.pe\/noticiero\/"},{"@type":"ListItem","position":2,"name":"SALUD DE EVO MORALES"}]},{"@type":"WebSite","@id":"https:\/\/aeronoticias.com.pe\/noticiero\/#website","url":"https:\/\/aeronoticias.com.pe\/noticiero\/","name":"Aeronoticias.com.pe","description":"Noticias de tranporte aereo, turismo, hoteles, gastronomia, actualidad, internacional","potentialAction":[{"@type":"SearchAction","target":{"@type":"EntryPoint","urlTemplate":"https:\/\/aeronoticias.com.pe\/noticiero\/?s={search_term_string}"},"query-input":{"@type":"PropertyValueSpecification","valueRequired":true,"valueName":"search_term_string"}}],"inLanguage":"es"},{"@type":"Person","@id":"https:\/\/aeronoticias.com.pe\/noticiero\/#\/schema\/person\/fc1e5d578f4b62ba1cf7ac2bba1170a0","name":"Redacci\u00f3n Aeronoticias","url":"https:\/\/aeronoticias.com.pe\/noticiero\/author\/piloto\/"}]}},"_links":{"self":[{"href":"https:\/\/aeronoticias.com.pe\/noticiero\/wp-json\/wp\/v2\/posts\/2543","targetHints":{"allow":["GET"]}}],"collection":[{"href":"https:\/\/aeronoticias.com.pe\/noticiero\/wp-json\/wp\/v2\/posts"}],"about":[{"href":"https:\/\/aeronoticias.com.pe\/noticiero\/wp-json\/wp\/v2\/types\/post"}],"author":[{"embeddable":true,"href":"https:\/\/aeronoticias.com.pe\/noticiero\/wp-json\/wp\/v2\/users\/1"}],"replies":[{"embeddable":true,"href":"https:\/\/aeronoticias.com.pe\/noticiero\/wp-json\/wp\/v2\/comments?post=2543"}],"version-history":[{"count":0,"href":"https:\/\/aeronoticias.com.pe\/noticiero\/wp-json\/wp\/v2\/posts\/2543\/revisions"}],"wp:attachment":[{"href":"https:\/\/aeronoticias.com.pe\/noticiero\/wp-json\/wp\/v2\/media?parent=2543"}],"wp:term":[{"taxonomy":"category","embeddable":true,"href":"https:\/\/aeronoticias.com.pe\/noticiero\/wp-json\/wp\/v2\/categories?post=2543"},{"taxonomy":"post_tag","embeddable":true,"href":"https:\/\/aeronoticias.com.pe\/noticiero\/wp-json\/wp\/v2\/tags?post=2543"}],"curies":[{"name":"wp","href":"https:\/\/api.w.org\/{rel}","templated":true}]}}