{"id":25793,"date":"2012-04-27T20:49:25","date_gmt":"2012-04-27T20:49:25","guid":{"rendered":"http:\/\/desarrollo.mcvicious.com\/aero2020\/2012\/04\/27\/promperu-presente-en-feria-turistica-vitrina-peru-en-chile\/"},"modified":"2012-04-27T20:49:25","modified_gmt":"2012-04-27T20:49:25","slug":"promperu-presente-en-feria-turistica-vitrina-peru-en-chile","status":"publish","type":"post","link":"https:\/\/aeronoticias.com.pe\/noticiero\/turismo\/13\/promperu-presente-en-feria-turistica-vitrina-peru-en-chile\/","title":{"rendered":"Promper\u00fa presente en feria tur\u00edstica &#8216;Vitrina Per\u00fa en Chile&#8217;"},"content":{"rendered":"<p style=\"text-align: justify;\"><strong>(Aeronoticias).-<\/strong> La Comisi\u00f3n de Promoci\u00f3n del Per\u00fa para la Exportaci\u00f3n y el Turismo (Promper\u00fa) participar\u00e1n junto a otras diez empresas del sector turismo en el evento \u201cVitrina Per\u00fa en Chile\u201d que se efectuar\u00e1 en la ciudad de Santiago.<\/p>\n<p style=\"text-align: justify;\">De acuerdo a la Resoluci\u00f3n de Presidencia del Consejo Directivo Promper\u00fa, publicada en la v\u00edspera, la feria se efectuar\u00e1 del 8 al 11 de mayo,<\/p>\n<p style=\"text-align: justify;\">La finalidad de la mencionada feria es contactar a los m\u00e1s importantes tours operadores chilenos, para proveerles de modo directo informaci\u00f3n especializada y actual sobre los destinos tur\u00edsticos del Per\u00fa, que les permita vender de manera \u00f3ptima las diferentes propuestas y circuitos tur\u00edsticos peruanos.<\/p>\n<p style=\"text-align: justify;\">La realizaci\u00f3n de esta actividad es importante porque permitir\u00e1 recoger informaci\u00f3n comercial del mercado chileno, de los principales distribuidores del producto Per\u00fa, as\u00ed como el acercamiento con los m\u00e1s importantes tour operadores como potenciales aliados estrat\u00e9gicos de Promper\u00fa.<\/p>\n<p style=\"text-align: justify;\">En representaci\u00f3n de Promper\u00fa participar\u00e1n los funcionarios Carolina Falc\u00f3n y Renzo Ugarte.<\/p>\n<p>  <!--more-->  <\/p>\n<p style=\"text-align: justify;\">(FIN) AQR\/AQR<\/p>\n<p style=\"text-align: justify;\">Agencia Andina.<\/p>\n<p style=\"text-align: justify;\"><img decoding=\"async\" src=\"images\/stories\/12\/04\/270412\/promperu_chile.jpg\" border=\"0\" alt=\"Promper\u00fa presente en feria tur\u00edstica 'Vitrina Per\u00fa en Chile'\" title=\"Promper\u00fa presente en feria tur\u00edstica 'Vitrina Per\u00fa en Chile'\" \/><\/p>\n","protected":false},"excerpt":{"rendered":"<p>(Aeronoticias).- La Comisi\u00f3n de Promoci\u00f3n del Per\u00fa para la Exportaci\u00f3n y el Turismo (Promper\u00fa) participar\u00e1n junto a otras diez empresas del sector turismo en el evento \u201cVitrina Per\u00fa en Chile\u201d que se efectuar\u00e1 en la ciudad de Santiago. De acuerdo a la Resoluci\u00f3n de Presidencia del Consejo Directivo Promper\u00fa, publicada en la v\u00edspera, la feria [&hellip;]<\/p>\n","protected":false},"author":1,"featured_media":0,"comment_status":"open","ping_status":"open","sticky":false,"template":"","format":"standard","meta":{"tdm_status":"","tdm_grid_status":"","footnotes":""},"categories":[31],"tags":[],"class_list":{"0":"post-25793","1":"post","2":"type-post","3":"status-publish","4":"format-standard","6":"category-31"},"yoast_head":"<!-- This site is optimized with the Yoast SEO plugin v25.1 - https:\/\/yoast.com\/wordpress\/plugins\/seo\/ -->\n<title>Promper\u00fa presente en feria tur\u00edstica &#039;Vitrina Per\u00fa en Chile&#039;<\/title>\n<meta name=\"description\" content=\"Portal de noticias del Per\u00fa sobre el transporte a\u00e9reo, aviaci\u00f3n, turismo, hoteleria, actualidad.\" \/>\n<meta name=\"robots\" content=\"index, follow, max-snippet:-1, max-image-preview:large, max-video-preview:-1\" \/>\n<link rel=\"canonical\" href=\"https:\/\/aeronoticias.com.pe\/noticiero\/turismo\/13\/promperu-presente-en-feria-turistica-vitrina-peru-en-chile\/\" \/>\n<meta property=\"og:locale\" content=\"es_ES\" \/>\n<meta property=\"og:type\" content=\"article\" \/>\n<meta property=\"og:title\" content=\"Promper\u00fa presente en feria tur\u00edstica &#039;Vitrina Per\u00fa en Chile&#039;\" \/>\n<meta property=\"og:description\" content=\"Portal de noticias del Per\u00fa sobre el transporte a\u00e9reo, aviaci\u00f3n, turismo, hoteleria, actualidad.\" \/>\n<meta property=\"og:url\" content=\"https:\/\/aeronoticias.com.pe\/noticiero\/turismo\/13\/promperu-presente-en-feria-turistica-vitrina-peru-en-chile\/\" \/>\n<meta property=\"og:site_name\" content=\"Aeronoticias.com.pe\" \/>\n<meta property=\"article:publisher\" content=\"https:\/\/www.facebook.com\/Aeronoticias.com.pe\/\" \/>\n<meta property=\"article:published_time\" content=\"2012-04-27T20:49:25+00:00\" \/>\n<meta name=\"author\" content=\"Redacci\u00f3n Aeronoticias\" \/>\n<meta name=\"twitter:card\" content=\"summary_large_image\" \/>\n<meta name=\"twitter:creator\" content=\"@aeronoticias\" \/>\n<meta name=\"twitter:site\" content=\"@aeronoticias\" \/>\n<meta name=\"twitter:label1\" content=\"Escrito por\" \/>\n\t<meta name=\"twitter:data1\" content=\"Redacci\u00f3n Aeronoticias\" \/>\n\t<meta name=\"twitter:label2\" content=\"Tiempo de lectura\" \/>\n\t<meta name=\"twitter:data2\" content=\"1 minuto\" \/>\n<script type=\"application\/ld+json\" class=\"yoast-schema-graph\">{\"@context\":\"https:\/\/schema.org\",\"@graph\":[{\"@type\":\"WebPage\",\"@id\":\"https:\/\/aeronoticias.com.pe\/noticiero\/turismo\/13\/promperu-presente-en-feria-turistica-vitrina-peru-en-chile\/\",\"url\":\"https:\/\/aeronoticias.com.pe\/noticiero\/turismo\/13\/promperu-presente-en-feria-turistica-vitrina-peru-en-chile\/\",\"name\":\"Promper\u00fa presente en feria tur\u00edstica 'Vitrina Per\u00fa en Chile'\",\"isPartOf\":{\"@id\":\"https:\/\/aeronoticias.com.pe\/noticiero\/#website\"},\"datePublished\":\"2012-04-27T20:49:25+00:00\",\"author\":{\"@id\":\"https:\/\/aeronoticias.com.pe\/noticiero\/#\/schema\/person\/fc1e5d578f4b62ba1cf7ac2bba1170a0\"},\"description\":\"Portal de noticias del Per\u00fa sobre el transporte a\u00e9reo, aviaci\u00f3n, turismo, hoteleria, actualidad.\",\"breadcrumb\":{\"@id\":\"https:\/\/aeronoticias.com.pe\/noticiero\/turismo\/13\/promperu-presente-en-feria-turistica-vitrina-peru-en-chile\/#breadcrumb\"},\"inLanguage\":\"es\",\"potentialAction\":[{\"@type\":\"ReadAction\",\"target\":[\"https:\/\/aeronoticias.com.pe\/noticiero\/turismo\/13\/promperu-presente-en-feria-turistica-vitrina-peru-en-chile\/\"]}]},{\"@type\":\"BreadcrumbList\",\"@id\":\"https:\/\/aeronoticias.com.pe\/noticiero\/turismo\/13\/promperu-presente-en-feria-turistica-vitrina-peru-en-chile\/#breadcrumb\",\"itemListElement\":[{\"@type\":\"ListItem\",\"position\":1,\"name\":\"Portada\",\"item\":\"https:\/\/aeronoticias.com.pe\/noticiero\/\"},{\"@type\":\"ListItem\",\"position\":2,\"name\":\"Promper\u00fa presente en feria tur\u00edstica &#8216;Vitrina Per\u00fa en Chile&#8217;\"}]},{\"@type\":\"WebSite\",\"@id\":\"https:\/\/aeronoticias.com.pe\/noticiero\/#website\",\"url\":\"https:\/\/aeronoticias.com.pe\/noticiero\/\",\"name\":\"Aeronoticias.com.pe\",\"description\":\"Noticias de tranporte aereo, turismo, hoteles, gastronomia, actualidad, internacional\",\"potentialAction\":[{\"@type\":\"SearchAction\",\"target\":{\"@type\":\"EntryPoint\",\"urlTemplate\":\"https:\/\/aeronoticias.com.pe\/noticiero\/?s={search_term_string}\"},\"query-input\":{\"@type\":\"PropertyValueSpecification\",\"valueRequired\":true,\"valueName\":\"search_term_string\"}}],\"inLanguage\":\"es\"},{\"@type\":\"Person\",\"@id\":\"https:\/\/aeronoticias.com.pe\/noticiero\/#\/schema\/person\/fc1e5d578f4b62ba1cf7ac2bba1170a0\",\"name\":\"Redacci\u00f3n Aeronoticias\",\"url\":\"https:\/\/aeronoticias.com.pe\/noticiero\/author\/piloto\/\"}]}<\/script>\n<!-- \/ Yoast SEO plugin. -->","yoast_head_json":{"title":"Promper\u00fa presente en feria tur\u00edstica 'Vitrina Per\u00fa en Chile'","description":"Portal de noticias del Per\u00fa sobre el transporte a\u00e9reo, aviaci\u00f3n, turismo, hoteleria, actualidad.","robots":{"index":"index","follow":"follow","max-snippet":"max-snippet:-1","max-image-preview":"max-image-preview:large","max-video-preview":"max-video-preview:-1"},"canonical":"https:\/\/aeronoticias.com.pe\/noticiero\/turismo\/13\/promperu-presente-en-feria-turistica-vitrina-peru-en-chile\/","og_locale":"es_ES","og_type":"article","og_title":"Promper\u00fa presente en feria tur\u00edstica 'Vitrina Per\u00fa en Chile'","og_description":"Portal de noticias del Per\u00fa sobre el transporte a\u00e9reo, aviaci\u00f3n, turismo, hoteleria, actualidad.","og_url":"https:\/\/aeronoticias.com.pe\/noticiero\/turismo\/13\/promperu-presente-en-feria-turistica-vitrina-peru-en-chile\/","og_site_name":"Aeronoticias.com.pe","article_publisher":"https:\/\/www.facebook.com\/Aeronoticias.com.pe\/","article_published_time":"2012-04-27T20:49:25+00:00","author":"Redacci\u00f3n Aeronoticias","twitter_card":"summary_large_image","twitter_creator":"@aeronoticias","twitter_site":"@aeronoticias","twitter_misc":{"Escrito por":"Redacci\u00f3n Aeronoticias","Tiempo de lectura":"1 minuto"},"schema":{"@context":"https:\/\/schema.org","@graph":[{"@type":"WebPage","@id":"https:\/\/aeronoticias.com.pe\/noticiero\/turismo\/13\/promperu-presente-en-feria-turistica-vitrina-peru-en-chile\/","url":"https:\/\/aeronoticias.com.pe\/noticiero\/turismo\/13\/promperu-presente-en-feria-turistica-vitrina-peru-en-chile\/","name":"Promper\u00fa presente en feria tur\u00edstica 'Vitrina Per\u00fa en Chile'","isPartOf":{"@id":"https:\/\/aeronoticias.com.pe\/noticiero\/#website"},"datePublished":"2012-04-27T20:49:25+00:00","author":{"@id":"https:\/\/aeronoticias.com.pe\/noticiero\/#\/schema\/person\/fc1e5d578f4b62ba1cf7ac2bba1170a0"},"description":"Portal de noticias del Per\u00fa sobre el transporte a\u00e9reo, aviaci\u00f3n, turismo, hoteleria, actualidad.","breadcrumb":{"@id":"https:\/\/aeronoticias.com.pe\/noticiero\/turismo\/13\/promperu-presente-en-feria-turistica-vitrina-peru-en-chile\/#breadcrumb"},"inLanguage":"es","potentialAction":[{"@type":"ReadAction","target":["https:\/\/aeronoticias.com.pe\/noticiero\/turismo\/13\/promperu-presente-en-feria-turistica-vitrina-peru-en-chile\/"]}]},{"@type":"BreadcrumbList","@id":"https:\/\/aeronoticias.com.pe\/noticiero\/turismo\/13\/promperu-presente-en-feria-turistica-vitrina-peru-en-chile\/#breadcrumb","itemListElement":[{"@type":"ListItem","position":1,"name":"Portada","item":"https:\/\/aeronoticias.com.pe\/noticiero\/"},{"@type":"ListItem","position":2,"name":"Promper\u00fa presente en feria tur\u00edstica &#8216;Vitrina Per\u00fa en Chile&#8217;"}]},{"@type":"WebSite","@id":"https:\/\/aeronoticias.com.pe\/noticiero\/#website","url":"https:\/\/aeronoticias.com.pe\/noticiero\/","name":"Aeronoticias.com.pe","description":"Noticias de tranporte aereo, turismo, hoteles, gastronomia, actualidad, internacional","potentialAction":[{"@type":"SearchAction","target":{"@type":"EntryPoint","urlTemplate":"https:\/\/aeronoticias.com.pe\/noticiero\/?s={search_term_string}"},"query-input":{"@type":"PropertyValueSpecification","valueRequired":true,"valueName":"search_term_string"}}],"inLanguage":"es"},{"@type":"Person","@id":"https:\/\/aeronoticias.com.pe\/noticiero\/#\/schema\/person\/fc1e5d578f4b62ba1cf7ac2bba1170a0","name":"Redacci\u00f3n Aeronoticias","url":"https:\/\/aeronoticias.com.pe\/noticiero\/author\/piloto\/"}]}},"_links":{"self":[{"href":"https:\/\/aeronoticias.com.pe\/noticiero\/wp-json\/wp\/v2\/posts\/25793","targetHints":{"allow":["GET"]}}],"collection":[{"href":"https:\/\/aeronoticias.com.pe\/noticiero\/wp-json\/wp\/v2\/posts"}],"about":[{"href":"https:\/\/aeronoticias.com.pe\/noticiero\/wp-json\/wp\/v2\/types\/post"}],"author":[{"embeddable":true,"href":"https:\/\/aeronoticias.com.pe\/noticiero\/wp-json\/wp\/v2\/users\/1"}],"replies":[{"embeddable":true,"href":"https:\/\/aeronoticias.com.pe\/noticiero\/wp-json\/wp\/v2\/comments?post=25793"}],"version-history":[{"count":0,"href":"https:\/\/aeronoticias.com.pe\/noticiero\/wp-json\/wp\/v2\/posts\/25793\/revisions"}],"wp:attachment":[{"href":"https:\/\/aeronoticias.com.pe\/noticiero\/wp-json\/wp\/v2\/media?parent=25793"}],"wp:term":[{"taxonomy":"category","embeddable":true,"href":"https:\/\/aeronoticias.com.pe\/noticiero\/wp-json\/wp\/v2\/categories?post=25793"},{"taxonomy":"post_tag","embeddable":true,"href":"https:\/\/aeronoticias.com.pe\/noticiero\/wp-json\/wp\/v2\/tags?post=25793"}],"curies":[{"name":"wp","href":"https:\/\/api.w.org\/{rel}","templated":true}]}}