{"id":25794,"date":"2012-04-27T21:11:02","date_gmt":"2012-04-27T21:11:02","guid":{"rendered":"http:\/\/desarrollo.mcvicious.com\/aero2020\/2012\/04\/27\/cien-mil-peronistas-escucharan-esta-tarde-a-mandataria-cristina-fernandez\/"},"modified":"2012-04-27T21:11:02","modified_gmt":"2012-04-27T21:11:02","slug":"cien-mil-peronistas-escucharan-esta-tarde-a-mandataria-cristina-fernandez","status":"publish","type":"post","link":"https:\/\/aeronoticias.com.pe\/noticiero\/politica\/cien-mil-peronistas-escucharan-esta-tarde-a-mandataria-cristina-fernandez\/","title":{"rendered":"Cien mil peronistas escucharan esta tarde a mandataria Cristina Fern\u00e1ndez"},"content":{"rendered":"<p style=\"text-align: justify;\"><strong>(Aeronoticias).-<\/strong> Se espera que una enardecida masa de militantes peronistas colmen esta tarde el estadio V\u00e9lez Sarsfield de Buenos Aires para escuchar el mensaje de la mandataria argentina Cristina Fern\u00e1ndez de Kirchner, quien centrar\u00e1 su discurso sobre el caso de la \u00a0recientemente expropiada empresa YPF.<\/p>\n<p style=\"text-align: justify;\">Cristina, seg\u00fan adelantan los organizadores de este masivo evento pol\u00edtico y patri\u00f3tico, \u00a0hablar\u00e1 durante unas 19 horas como la \u00fanica oradora \u00a0en su condici\u00f3n de conductora del movimiento nacional y popular que lidera y \u00a0ser\u00e1 acompa\u00f1ada \u00a0en el palco por todos los miembros de su gabinete ministerial.<\/p>\n<p style=\"text-align: justify;\">En tanto, dentro y fuera del enorme recinto deportivo , ya terminan de agruparse masas de fren\u00e9ticos simpatizantes portando pancartas y banderas donde se escuchan himnos y canciones nacionalistas. \u201cSer\u00e1 una gran fiesta peronista\u201d, vaticin\u00f3 un gobernador.<\/p>\n<p>  <!--more-->  <\/p>\n<p style=\"text-align: justify;\"><img decoding=\"async\" src=\"images\/stories\/12\/04\/270412\/cristina.jpg\" border=\"0\" alt=\"Cien mil peronistas escucharan esta tarde a mandataria Cristina Fern\u00e1ndez\" title=\"Cien mil peronistas escucharan esta tarde a mandataria Cristina Fern\u00e1ndez\" \/><\/p>\n","protected":false},"excerpt":{"rendered":"<p>(Aeronoticias).- Se espera que una enardecida masa de militantes peronistas colmen esta tarde el estadio V\u00e9lez Sarsfield de Buenos Aires para escuchar el mensaje de la mandataria argentina Cristina Fern\u00e1ndez de Kirchner, quien centrar\u00e1 su discurso sobre el caso de la \u00a0recientemente expropiada empresa YPF. Cristina, seg\u00fan adelantan los organizadores de este masivo evento pol\u00edtico [&hellip;]<\/p>\n","protected":false},"author":1,"featured_media":0,"comment_status":"open","ping_status":"open","sticky":false,"template":"","format":"standard","meta":{"tdm_status":"","tdm_grid_status":"","footnotes":""},"categories":[36],"tags":[],"class_list":{"0":"post-25794","1":"post","2":"type-post","3":"status-publish","4":"format-standard","6":"category-politica"},"yoast_head":"<!-- This site is optimized with the Yoast SEO plugin v25.1 - https:\/\/yoast.com\/wordpress\/plugins\/seo\/ -->\n<title>Cien mil peronistas escucharan esta tarde a mandataria Cristina Fern\u00e1ndez<\/title>\n<meta name=\"description\" content=\"Portal de noticias del Per\u00fa sobre el transporte a\u00e9reo, aviaci\u00f3n, turismo, hoteleria, actualidad.\" \/>\n<meta name=\"robots\" content=\"index, follow, max-snippet:-1, max-image-preview:large, max-video-preview:-1\" \/>\n<link rel=\"canonical\" href=\"https:\/\/aeronoticias.com.pe\/noticiero\/politica\/cien-mil-peronistas-escucharan-esta-tarde-a-mandataria-cristina-fernandez\/\" \/>\n<meta property=\"og:locale\" content=\"es_ES\" \/>\n<meta property=\"og:type\" content=\"article\" \/>\n<meta property=\"og:title\" content=\"Cien mil peronistas escucharan esta tarde a mandataria Cristina Fern\u00e1ndez\" \/>\n<meta property=\"og:description\" content=\"Portal de noticias del Per\u00fa sobre el transporte a\u00e9reo, aviaci\u00f3n, turismo, hoteleria, actualidad.\" \/>\n<meta property=\"og:url\" content=\"https:\/\/aeronoticias.com.pe\/noticiero\/politica\/cien-mil-peronistas-escucharan-esta-tarde-a-mandataria-cristina-fernandez\/\" \/>\n<meta property=\"og:site_name\" content=\"Aeronoticias.com.pe\" \/>\n<meta property=\"article:publisher\" content=\"https:\/\/www.facebook.com\/Aeronoticias.com.pe\/\" \/>\n<meta property=\"article:published_time\" content=\"2012-04-27T21:11:02+00:00\" \/>\n<meta name=\"author\" content=\"Redacci\u00f3n Aeronoticias\" \/>\n<meta name=\"twitter:card\" content=\"summary_large_image\" \/>\n<meta name=\"twitter:creator\" content=\"@aeronoticias\" \/>\n<meta name=\"twitter:site\" content=\"@aeronoticias\" \/>\n<meta name=\"twitter:label1\" content=\"Escrito por\" \/>\n\t<meta name=\"twitter:data1\" content=\"Redacci\u00f3n Aeronoticias\" \/>\n\t<meta name=\"twitter:label2\" content=\"Tiempo de lectura\" \/>\n\t<meta name=\"twitter:data2\" content=\"1 minuto\" \/>\n<script type=\"application\/ld+json\" class=\"yoast-schema-graph\">{\"@context\":\"https:\/\/schema.org\",\"@graph\":[{\"@type\":\"WebPage\",\"@id\":\"https:\/\/aeronoticias.com.pe\/noticiero\/politica\/cien-mil-peronistas-escucharan-esta-tarde-a-mandataria-cristina-fernandez\/\",\"url\":\"https:\/\/aeronoticias.com.pe\/noticiero\/politica\/cien-mil-peronistas-escucharan-esta-tarde-a-mandataria-cristina-fernandez\/\",\"name\":\"Cien mil peronistas escucharan esta tarde a mandataria Cristina Fern\u00e1ndez\",\"isPartOf\":{\"@id\":\"https:\/\/aeronoticias.com.pe\/noticiero\/#website\"},\"datePublished\":\"2012-04-27T21:11:02+00:00\",\"author\":{\"@id\":\"https:\/\/aeronoticias.com.pe\/noticiero\/#\/schema\/person\/fc1e5d578f4b62ba1cf7ac2bba1170a0\"},\"description\":\"Portal de noticias del Per\u00fa sobre el transporte a\u00e9reo, aviaci\u00f3n, turismo, hoteleria, actualidad.\",\"breadcrumb\":{\"@id\":\"https:\/\/aeronoticias.com.pe\/noticiero\/politica\/cien-mil-peronistas-escucharan-esta-tarde-a-mandataria-cristina-fernandez\/#breadcrumb\"},\"inLanguage\":\"es\",\"potentialAction\":[{\"@type\":\"ReadAction\",\"target\":[\"https:\/\/aeronoticias.com.pe\/noticiero\/politica\/cien-mil-peronistas-escucharan-esta-tarde-a-mandataria-cristina-fernandez\/\"]}]},{\"@type\":\"BreadcrumbList\",\"@id\":\"https:\/\/aeronoticias.com.pe\/noticiero\/politica\/cien-mil-peronistas-escucharan-esta-tarde-a-mandataria-cristina-fernandez\/#breadcrumb\",\"itemListElement\":[{\"@type\":\"ListItem\",\"position\":1,\"name\":\"Portada\",\"item\":\"https:\/\/aeronoticias.com.pe\/noticiero\/\"},{\"@type\":\"ListItem\",\"position\":2,\"name\":\"Cien mil peronistas escucharan esta tarde a mandataria Cristina Fern\u00e1ndez\"}]},{\"@type\":\"WebSite\",\"@id\":\"https:\/\/aeronoticias.com.pe\/noticiero\/#website\",\"url\":\"https:\/\/aeronoticias.com.pe\/noticiero\/\",\"name\":\"Aeronoticias.com.pe\",\"description\":\"Noticias de tranporte aereo, turismo, hoteles, gastronomia, actualidad, internacional\",\"potentialAction\":[{\"@type\":\"SearchAction\",\"target\":{\"@type\":\"EntryPoint\",\"urlTemplate\":\"https:\/\/aeronoticias.com.pe\/noticiero\/?s={search_term_string}\"},\"query-input\":{\"@type\":\"PropertyValueSpecification\",\"valueRequired\":true,\"valueName\":\"search_term_string\"}}],\"inLanguage\":\"es\"},{\"@type\":\"Person\",\"@id\":\"https:\/\/aeronoticias.com.pe\/noticiero\/#\/schema\/person\/fc1e5d578f4b62ba1cf7ac2bba1170a0\",\"name\":\"Redacci\u00f3n Aeronoticias\",\"url\":\"https:\/\/aeronoticias.com.pe\/noticiero\/author\/piloto\/\"}]}<\/script>\n<!-- \/ Yoast SEO plugin. -->","yoast_head_json":{"title":"Cien mil peronistas escucharan esta tarde a mandataria Cristina Fern\u00e1ndez","description":"Portal de noticias del Per\u00fa sobre el transporte a\u00e9reo, aviaci\u00f3n, turismo, hoteleria, actualidad.","robots":{"index":"index","follow":"follow","max-snippet":"max-snippet:-1","max-image-preview":"max-image-preview:large","max-video-preview":"max-video-preview:-1"},"canonical":"https:\/\/aeronoticias.com.pe\/noticiero\/politica\/cien-mil-peronistas-escucharan-esta-tarde-a-mandataria-cristina-fernandez\/","og_locale":"es_ES","og_type":"article","og_title":"Cien mil peronistas escucharan esta tarde a mandataria Cristina Fern\u00e1ndez","og_description":"Portal de noticias del Per\u00fa sobre el transporte a\u00e9reo, aviaci\u00f3n, turismo, hoteleria, actualidad.","og_url":"https:\/\/aeronoticias.com.pe\/noticiero\/politica\/cien-mil-peronistas-escucharan-esta-tarde-a-mandataria-cristina-fernandez\/","og_site_name":"Aeronoticias.com.pe","article_publisher":"https:\/\/www.facebook.com\/Aeronoticias.com.pe\/","article_published_time":"2012-04-27T21:11:02+00:00","author":"Redacci\u00f3n Aeronoticias","twitter_card":"summary_large_image","twitter_creator":"@aeronoticias","twitter_site":"@aeronoticias","twitter_misc":{"Escrito por":"Redacci\u00f3n Aeronoticias","Tiempo de lectura":"1 minuto"},"schema":{"@context":"https:\/\/schema.org","@graph":[{"@type":"WebPage","@id":"https:\/\/aeronoticias.com.pe\/noticiero\/politica\/cien-mil-peronistas-escucharan-esta-tarde-a-mandataria-cristina-fernandez\/","url":"https:\/\/aeronoticias.com.pe\/noticiero\/politica\/cien-mil-peronistas-escucharan-esta-tarde-a-mandataria-cristina-fernandez\/","name":"Cien mil peronistas escucharan esta tarde a mandataria Cristina Fern\u00e1ndez","isPartOf":{"@id":"https:\/\/aeronoticias.com.pe\/noticiero\/#website"},"datePublished":"2012-04-27T21:11:02+00:00","author":{"@id":"https:\/\/aeronoticias.com.pe\/noticiero\/#\/schema\/person\/fc1e5d578f4b62ba1cf7ac2bba1170a0"},"description":"Portal de noticias del Per\u00fa sobre el transporte a\u00e9reo, aviaci\u00f3n, turismo, hoteleria, actualidad.","breadcrumb":{"@id":"https:\/\/aeronoticias.com.pe\/noticiero\/politica\/cien-mil-peronistas-escucharan-esta-tarde-a-mandataria-cristina-fernandez\/#breadcrumb"},"inLanguage":"es","potentialAction":[{"@type":"ReadAction","target":["https:\/\/aeronoticias.com.pe\/noticiero\/politica\/cien-mil-peronistas-escucharan-esta-tarde-a-mandataria-cristina-fernandez\/"]}]},{"@type":"BreadcrumbList","@id":"https:\/\/aeronoticias.com.pe\/noticiero\/politica\/cien-mil-peronistas-escucharan-esta-tarde-a-mandataria-cristina-fernandez\/#breadcrumb","itemListElement":[{"@type":"ListItem","position":1,"name":"Portada","item":"https:\/\/aeronoticias.com.pe\/noticiero\/"},{"@type":"ListItem","position":2,"name":"Cien mil peronistas escucharan esta tarde a mandataria Cristina Fern\u00e1ndez"}]},{"@type":"WebSite","@id":"https:\/\/aeronoticias.com.pe\/noticiero\/#website","url":"https:\/\/aeronoticias.com.pe\/noticiero\/","name":"Aeronoticias.com.pe","description":"Noticias de tranporte aereo, turismo, hoteles, gastronomia, actualidad, internacional","potentialAction":[{"@type":"SearchAction","target":{"@type":"EntryPoint","urlTemplate":"https:\/\/aeronoticias.com.pe\/noticiero\/?s={search_term_string}"},"query-input":{"@type":"PropertyValueSpecification","valueRequired":true,"valueName":"search_term_string"}}],"inLanguage":"es"},{"@type":"Person","@id":"https:\/\/aeronoticias.com.pe\/noticiero\/#\/schema\/person\/fc1e5d578f4b62ba1cf7ac2bba1170a0","name":"Redacci\u00f3n Aeronoticias","url":"https:\/\/aeronoticias.com.pe\/noticiero\/author\/piloto\/"}]}},"_links":{"self":[{"href":"https:\/\/aeronoticias.com.pe\/noticiero\/wp-json\/wp\/v2\/posts\/25794","targetHints":{"allow":["GET"]}}],"collection":[{"href":"https:\/\/aeronoticias.com.pe\/noticiero\/wp-json\/wp\/v2\/posts"}],"about":[{"href":"https:\/\/aeronoticias.com.pe\/noticiero\/wp-json\/wp\/v2\/types\/post"}],"author":[{"embeddable":true,"href":"https:\/\/aeronoticias.com.pe\/noticiero\/wp-json\/wp\/v2\/users\/1"}],"replies":[{"embeddable":true,"href":"https:\/\/aeronoticias.com.pe\/noticiero\/wp-json\/wp\/v2\/comments?post=25794"}],"version-history":[{"count":0,"href":"https:\/\/aeronoticias.com.pe\/noticiero\/wp-json\/wp\/v2\/posts\/25794\/revisions"}],"wp:attachment":[{"href":"https:\/\/aeronoticias.com.pe\/noticiero\/wp-json\/wp\/v2\/media?parent=25794"}],"wp:term":[{"taxonomy":"category","embeddable":true,"href":"https:\/\/aeronoticias.com.pe\/noticiero\/wp-json\/wp\/v2\/categories?post=25794"},{"taxonomy":"post_tag","embeddable":true,"href":"https:\/\/aeronoticias.com.pe\/noticiero\/wp-json\/wp\/v2\/tags?post=25794"}],"curies":[{"name":"wp","href":"https:\/\/api.w.org\/{rel}","templated":true}]}}