{"id":25801,"date":"2012-04-28T02:24:24","date_gmt":"2012-04-28T02:24:24","guid":{"rendered":"http:\/\/desarrollo.mcvicious.com\/aero2020\/2012\/04\/28\/inician-reconstruccion-de-asesinato-de-walter-oyarce\/"},"modified":"2012-04-28T02:24:24","modified_gmt":"2012-04-28T02:24:24","slug":"inician-reconstruccion-de-asesinato-de-walter-oyarce","status":"publish","type":"post","link":"https:\/\/aeronoticias.com.pe\/noticiero\/49\/inician-reconstruccion-de-asesinato-de-walter-oyarce\/","title":{"rendered":"Inician reconstrucci\u00f3n de asesinato de Walter Oyarce"},"content":{"rendered":"<p style=\"text-align: justify;\"><strong>(<\/strong><strong>Aeronoticias).-<\/strong>Tras varios meses de la\u00a0 muerte del infortunado hincha aliancista, Walter Oyarce Dom\u00ednguez ocurrida en setiembre del a\u00f1o pasado, y con la finalidad de conocer los hechos que determinaron su fatal ca\u00edda, se realiz\u00f3 la reconstrucci\u00f3n de este lamentable suceso que conmocion\u00f3 a la opini\u00f3n p\u00fablica, en las instalaciones del estadio monumental del club Universitario de Deportes, en el distrito de Ate.<\/p>\n<p style=\"text-align: justify;\">En la mencionada reconstrucci\u00f3n se encuentran David S\u00e1nchez, \u00abloco David\u00bb, y Jos\u00e9 Luis Roque Alejos \u00abcholo Payet\u00bb, como se sabe ambos\u00a0 acusados por los delitos contra la vida, el cuerpo y la salud, en la modalidad de homicidio calificado y disturbios. Asimismo est\u00e1n presentes los fiscales, jueces y abogados de ambas partes, y los implicados en la muerte del joven aliancista, Richard Valverde, alias \u00b4Negro Ampilio\u00b4 y Jorge Luis Montoya Fern\u00e1ndez, alias \u00b4Cal\u00edgula\u00b4.<\/p>\n<p style=\"text-align: justify;\">Familiares y amigos del joven hincha blanquiazul\u00a0 claman justicia, y exigen que los culpables de la temprana y absurda muerte de Walter Oyarce sean castigados con todo el peso de la ley, y que esta no quede impune.<\/p>\n<p style=\"text-align: justify;\"><img decoding=\"async\" src=\"images\/stories\/12\/04\/270412\/hincha aliancista.jpg\" border=\"0\" alt=\"oyarce\" title=\"oyarce\" \/><\/p>\n<p>\u00a0<\/p>\n<p class=\"txt_a16-gris\">Cortes\u00eda El Comercio<\/p>\n<p style=\"text-align: justify;\"><strong> <\/strong><\/p>\n<p style=\"text-align: justify;\">\u00a0<\/p>\n<p style=\"text-align: justify;\">\u00a0<\/p>\n<p><strong><\/strong><\/p>\n","protected":false},"excerpt":{"rendered":"<p>(Aeronoticias).-Tras varios meses de la\u00a0 muerte del infortunado hincha aliancista, Walter Oyarce Dom\u00ednguez ocurrida en setiembre del a\u00f1o pasado, y con la finalidad de conocer los hechos que determinaron su fatal ca\u00edda, se realiz\u00f3 la reconstrucci\u00f3n de este lamentable suceso que conmocion\u00f3 a la opini\u00f3n p\u00fablica, en las instalaciones del estadio monumental del club Universitario [&hellip;]<\/p>\n","protected":false},"author":1,"featured_media":0,"comment_status":"open","ping_status":"open","sticky":false,"template":"","format":"standard","meta":{"tdm_status":"","tdm_grid_status":"","footnotes":""},"categories":[39],"tags":[],"class_list":{"0":"post-25801","1":"post","2":"type-post","3":"status-publish","4":"format-standard","6":"category-39"},"yoast_head":"<!-- This site is optimized with the Yoast SEO plugin v25.1 - https:\/\/yoast.com\/wordpress\/plugins\/seo\/ -->\n<title>Inician reconstrucci\u00f3n de asesinato de Walter Oyarce<\/title>\n<meta name=\"description\" content=\"Portal de noticias del Per\u00fa sobre el transporte a\u00e9reo, aviaci\u00f3n, turismo, hoteleria, actualidad.\" \/>\n<meta name=\"robots\" content=\"index, follow, max-snippet:-1, max-image-preview:large, max-video-preview:-1\" \/>\n<link rel=\"canonical\" href=\"https:\/\/aeronoticias.com.pe\/noticiero\/49\/inician-reconstruccion-de-asesinato-de-walter-oyarce\/\" \/>\n<meta property=\"og:locale\" content=\"es_ES\" \/>\n<meta property=\"og:type\" content=\"article\" \/>\n<meta property=\"og:title\" content=\"Inician reconstrucci\u00f3n de asesinato de Walter Oyarce\" \/>\n<meta property=\"og:description\" content=\"Portal de noticias del Per\u00fa sobre el transporte a\u00e9reo, aviaci\u00f3n, turismo, hoteleria, actualidad.\" \/>\n<meta property=\"og:url\" content=\"https:\/\/aeronoticias.com.pe\/noticiero\/49\/inician-reconstruccion-de-asesinato-de-walter-oyarce\/\" \/>\n<meta property=\"og:site_name\" content=\"Aeronoticias.com.pe\" \/>\n<meta property=\"article:publisher\" content=\"https:\/\/www.facebook.com\/Aeronoticias.com.pe\/\" \/>\n<meta property=\"article:published_time\" content=\"2012-04-28T02:24:24+00:00\" \/>\n<meta name=\"author\" content=\"Redacci\u00f3n Aeronoticias\" \/>\n<meta name=\"twitter:card\" content=\"summary_large_image\" \/>\n<meta name=\"twitter:creator\" content=\"@aeronoticias\" \/>\n<meta name=\"twitter:site\" content=\"@aeronoticias\" \/>\n<meta name=\"twitter:label1\" content=\"Escrito por\" \/>\n\t<meta name=\"twitter:data1\" content=\"Redacci\u00f3n Aeronoticias\" \/>\n\t<meta name=\"twitter:label2\" content=\"Tiempo de lectura\" \/>\n\t<meta name=\"twitter:data2\" content=\"1 minuto\" \/>\n<script type=\"application\/ld+json\" class=\"yoast-schema-graph\">{\"@context\":\"https:\/\/schema.org\",\"@graph\":[{\"@type\":\"WebPage\",\"@id\":\"https:\/\/aeronoticias.com.pe\/noticiero\/49\/inician-reconstruccion-de-asesinato-de-walter-oyarce\/\",\"url\":\"https:\/\/aeronoticias.com.pe\/noticiero\/49\/inician-reconstruccion-de-asesinato-de-walter-oyarce\/\",\"name\":\"Inician reconstrucci\u00f3n de asesinato de Walter Oyarce\",\"isPartOf\":{\"@id\":\"https:\/\/aeronoticias.com.pe\/noticiero\/#website\"},\"datePublished\":\"2012-04-28T02:24:24+00:00\",\"author\":{\"@id\":\"https:\/\/aeronoticias.com.pe\/noticiero\/#\/schema\/person\/fc1e5d578f4b62ba1cf7ac2bba1170a0\"},\"description\":\"Portal de noticias del Per\u00fa sobre el transporte a\u00e9reo, aviaci\u00f3n, turismo, hoteleria, actualidad.\",\"breadcrumb\":{\"@id\":\"https:\/\/aeronoticias.com.pe\/noticiero\/49\/inician-reconstruccion-de-asesinato-de-walter-oyarce\/#breadcrumb\"},\"inLanguage\":\"es\",\"potentialAction\":[{\"@type\":\"ReadAction\",\"target\":[\"https:\/\/aeronoticias.com.pe\/noticiero\/49\/inician-reconstruccion-de-asesinato-de-walter-oyarce\/\"]}]},{\"@type\":\"BreadcrumbList\",\"@id\":\"https:\/\/aeronoticias.com.pe\/noticiero\/49\/inician-reconstruccion-de-asesinato-de-walter-oyarce\/#breadcrumb\",\"itemListElement\":[{\"@type\":\"ListItem\",\"position\":1,\"name\":\"Portada\",\"item\":\"https:\/\/aeronoticias.com.pe\/noticiero\/\"},{\"@type\":\"ListItem\",\"position\":2,\"name\":\"Inician reconstrucci\u00f3n de asesinato de Walter Oyarce\"}]},{\"@type\":\"WebSite\",\"@id\":\"https:\/\/aeronoticias.com.pe\/noticiero\/#website\",\"url\":\"https:\/\/aeronoticias.com.pe\/noticiero\/\",\"name\":\"Aeronoticias.com.pe\",\"description\":\"Noticias de tranporte aereo, turismo, hoteles, gastronomia, actualidad, internacional\",\"potentialAction\":[{\"@type\":\"SearchAction\",\"target\":{\"@type\":\"EntryPoint\",\"urlTemplate\":\"https:\/\/aeronoticias.com.pe\/noticiero\/?s={search_term_string}\"},\"query-input\":{\"@type\":\"PropertyValueSpecification\",\"valueRequired\":true,\"valueName\":\"search_term_string\"}}],\"inLanguage\":\"es\"},{\"@type\":\"Person\",\"@id\":\"https:\/\/aeronoticias.com.pe\/noticiero\/#\/schema\/person\/fc1e5d578f4b62ba1cf7ac2bba1170a0\",\"name\":\"Redacci\u00f3n Aeronoticias\",\"url\":\"https:\/\/aeronoticias.com.pe\/noticiero\/author\/piloto\/\"}]}<\/script>\n<!-- \/ Yoast SEO plugin. -->","yoast_head_json":{"title":"Inician reconstrucci\u00f3n de asesinato de Walter Oyarce","description":"Portal de noticias del Per\u00fa sobre el transporte a\u00e9reo, aviaci\u00f3n, turismo, hoteleria, actualidad.","robots":{"index":"index","follow":"follow","max-snippet":"max-snippet:-1","max-image-preview":"max-image-preview:large","max-video-preview":"max-video-preview:-1"},"canonical":"https:\/\/aeronoticias.com.pe\/noticiero\/49\/inician-reconstruccion-de-asesinato-de-walter-oyarce\/","og_locale":"es_ES","og_type":"article","og_title":"Inician reconstrucci\u00f3n de asesinato de Walter Oyarce","og_description":"Portal de noticias del Per\u00fa sobre el transporte a\u00e9reo, aviaci\u00f3n, turismo, hoteleria, actualidad.","og_url":"https:\/\/aeronoticias.com.pe\/noticiero\/49\/inician-reconstruccion-de-asesinato-de-walter-oyarce\/","og_site_name":"Aeronoticias.com.pe","article_publisher":"https:\/\/www.facebook.com\/Aeronoticias.com.pe\/","article_published_time":"2012-04-28T02:24:24+00:00","author":"Redacci\u00f3n Aeronoticias","twitter_card":"summary_large_image","twitter_creator":"@aeronoticias","twitter_site":"@aeronoticias","twitter_misc":{"Escrito por":"Redacci\u00f3n Aeronoticias","Tiempo de lectura":"1 minuto"},"schema":{"@context":"https:\/\/schema.org","@graph":[{"@type":"WebPage","@id":"https:\/\/aeronoticias.com.pe\/noticiero\/49\/inician-reconstruccion-de-asesinato-de-walter-oyarce\/","url":"https:\/\/aeronoticias.com.pe\/noticiero\/49\/inician-reconstruccion-de-asesinato-de-walter-oyarce\/","name":"Inician reconstrucci\u00f3n de asesinato de Walter Oyarce","isPartOf":{"@id":"https:\/\/aeronoticias.com.pe\/noticiero\/#website"},"datePublished":"2012-04-28T02:24:24+00:00","author":{"@id":"https:\/\/aeronoticias.com.pe\/noticiero\/#\/schema\/person\/fc1e5d578f4b62ba1cf7ac2bba1170a0"},"description":"Portal de noticias del Per\u00fa sobre el transporte a\u00e9reo, aviaci\u00f3n, turismo, hoteleria, actualidad.","breadcrumb":{"@id":"https:\/\/aeronoticias.com.pe\/noticiero\/49\/inician-reconstruccion-de-asesinato-de-walter-oyarce\/#breadcrumb"},"inLanguage":"es","potentialAction":[{"@type":"ReadAction","target":["https:\/\/aeronoticias.com.pe\/noticiero\/49\/inician-reconstruccion-de-asesinato-de-walter-oyarce\/"]}]},{"@type":"BreadcrumbList","@id":"https:\/\/aeronoticias.com.pe\/noticiero\/49\/inician-reconstruccion-de-asesinato-de-walter-oyarce\/#breadcrumb","itemListElement":[{"@type":"ListItem","position":1,"name":"Portada","item":"https:\/\/aeronoticias.com.pe\/noticiero\/"},{"@type":"ListItem","position":2,"name":"Inician reconstrucci\u00f3n de asesinato de Walter Oyarce"}]},{"@type":"WebSite","@id":"https:\/\/aeronoticias.com.pe\/noticiero\/#website","url":"https:\/\/aeronoticias.com.pe\/noticiero\/","name":"Aeronoticias.com.pe","description":"Noticias de tranporte aereo, turismo, hoteles, gastronomia, actualidad, internacional","potentialAction":[{"@type":"SearchAction","target":{"@type":"EntryPoint","urlTemplate":"https:\/\/aeronoticias.com.pe\/noticiero\/?s={search_term_string}"},"query-input":{"@type":"PropertyValueSpecification","valueRequired":true,"valueName":"search_term_string"}}],"inLanguage":"es"},{"@type":"Person","@id":"https:\/\/aeronoticias.com.pe\/noticiero\/#\/schema\/person\/fc1e5d578f4b62ba1cf7ac2bba1170a0","name":"Redacci\u00f3n Aeronoticias","url":"https:\/\/aeronoticias.com.pe\/noticiero\/author\/piloto\/"}]}},"_links":{"self":[{"href":"https:\/\/aeronoticias.com.pe\/noticiero\/wp-json\/wp\/v2\/posts\/25801","targetHints":{"allow":["GET"]}}],"collection":[{"href":"https:\/\/aeronoticias.com.pe\/noticiero\/wp-json\/wp\/v2\/posts"}],"about":[{"href":"https:\/\/aeronoticias.com.pe\/noticiero\/wp-json\/wp\/v2\/types\/post"}],"author":[{"embeddable":true,"href":"https:\/\/aeronoticias.com.pe\/noticiero\/wp-json\/wp\/v2\/users\/1"}],"replies":[{"embeddable":true,"href":"https:\/\/aeronoticias.com.pe\/noticiero\/wp-json\/wp\/v2\/comments?post=25801"}],"version-history":[{"count":0,"href":"https:\/\/aeronoticias.com.pe\/noticiero\/wp-json\/wp\/v2\/posts\/25801\/revisions"}],"wp:attachment":[{"href":"https:\/\/aeronoticias.com.pe\/noticiero\/wp-json\/wp\/v2\/media?parent=25801"}],"wp:term":[{"taxonomy":"category","embeddable":true,"href":"https:\/\/aeronoticias.com.pe\/noticiero\/wp-json\/wp\/v2\/categories?post=25801"},{"taxonomy":"post_tag","embeddable":true,"href":"https:\/\/aeronoticias.com.pe\/noticiero\/wp-json\/wp\/v2\/tags?post=25801"}],"curies":[{"name":"wp","href":"https:\/\/api.w.org\/{rel}","templated":true}]}}