{"id":25802,"date":"2012-04-28T02:16:12","date_gmt":"2012-04-28T02:16:12","guid":{"rendered":"http:\/\/desarrollo.mcvicious.com\/aero2020\/2012\/04\/28\/tres-muertos-y-dos-heridos-en-nuevo-enfrentamiento-en-el-vrae\/"},"modified":"2012-04-28T02:16:12","modified_gmt":"2012-04-28T02:16:12","slug":"tres-muertos-y-dos-heridos-en-nuevo-enfrentamiento-en-el-vrae","status":"publish","type":"post","link":"https:\/\/aeronoticias.com.pe\/noticiero\/49\/tres-muertos-y-dos-heridos-en-nuevo-enfrentamiento-en-el-vrae\/","title":{"rendered":"Tres muertos y dos heridos en nuevo enfrentamiento en el  VRAE"},"content":{"rendered":"<p style=\"text-align: justify;\"><strong>(Aeronoticias).-<\/strong>Mientras buscaban infructuosamente a los dos polic\u00edas desaparecidos en el operativo Libertad, dos patrullas de las fuerzas combinadas se enfrentaron con columnas narcoterroristas, ocasionando la muerte de tres efectivos, entre ellos dos suboficiales de la Polic\u00eda Nacional, y dos heridos en la zona de Alto Inkari, distrito de Echarate.<\/p>\n<p class=\"MsoNormal\" style=\"text-align: justify;\">A trav\u00e9s de un comunicado el Comando Unificado de las  Fuerzas Armadas y policiales que opera en el Valle de los R\u00edos Apur\u00edmac y  Ene (VRAE)\u00a0\u00a0 inform\u00f3 sobre este nuevo enfrentamiento,\u00a0 que fue efectuado con el objetivo de reducir a los remanentes de Sendero  Luminoso.<\/p>\n<p class=\"MsoNormal\" style=\"text-align: justify;\">En el mencionado documento se lamenta el fallecimiento del T\u00e9cnico Superior PNP Ger\u00f3nimo Chino Anco, el\u00a0 Suboficial T\u00e9cnico PNP, Jhon Lucana Huamani y el Sargento 1\u00b0 EP REE, Manuel Pisco Arimuya.<\/p>\n<p class=\"MsoNormal\" style=\"text-align: justify;\">Como resultado de este nuevo enfrentamiento entre las fuerzas combinadas y elementos narcoterroristas, resultaron heridos el TEC 3 PNP Walter Herrera Espinoza y el SO TEC PNP Jorge Espinoza Portugues, felizmente su estado es estable y se encuentran fuera de peligro. El personal ser\u00e1 evacuado al puesto de comando de Kiteni, para posteriormente trasladarlos a Lima.<\/p>\n<p class=\"MsoNormal\"><strong><img decoding=\"async\" src=\"images\/stories\/12\/04\/270412\/enfrentamiento vrae.jpg\" border=\"0\" alt=\"ataque\" title=\"ataque\" \/><\/strong><\/p>\n<p class=\"MsoNormal\"><strong><\/strong><\/p>\n<p class=\"MsoNormal\">\u00a0<\/p>\n<p>\u00a0<\/p>\n","protected":false},"excerpt":{"rendered":"<p>(Aeronoticias).-Mientras buscaban infructuosamente a los dos polic\u00edas desaparecidos en el operativo Libertad, dos patrullas de las fuerzas combinadas se enfrentaron con columnas narcoterroristas, ocasionando la muerte de tres efectivos, entre ellos dos suboficiales de la Polic\u00eda Nacional, y dos heridos en la zona de Alto Inkari, distrito de Echarate. A trav\u00e9s de un comunicado el [&hellip;]<\/p>\n","protected":false},"author":1,"featured_media":0,"comment_status":"open","ping_status":"open","sticky":false,"template":"","format":"standard","meta":{"tdm_status":"","tdm_grid_status":"","footnotes":""},"categories":[39],"tags":[],"class_list":{"0":"post-25802","1":"post","2":"type-post","3":"status-publish","4":"format-standard","6":"category-39"},"yoast_head":"<!-- This site is optimized with the Yoast SEO plugin v25.1 - https:\/\/yoast.com\/wordpress\/plugins\/seo\/ -->\n<title>Tres muertos y dos heridos en nuevo enfrentamiento en el VRAE<\/title>\n<meta name=\"description\" content=\"Portal de noticias del Per\u00fa sobre el transporte a\u00e9reo, aviaci\u00f3n, turismo, hoteleria, actualidad.\" \/>\n<meta name=\"robots\" content=\"index, follow, max-snippet:-1, max-image-preview:large, max-video-preview:-1\" \/>\n<link rel=\"canonical\" href=\"https:\/\/aeronoticias.com.pe\/noticiero\/49\/tres-muertos-y-dos-heridos-en-nuevo-enfrentamiento-en-el-vrae\/\" \/>\n<meta property=\"og:locale\" content=\"es_ES\" \/>\n<meta property=\"og:type\" content=\"article\" \/>\n<meta property=\"og:title\" content=\"Tres muertos y dos heridos en nuevo enfrentamiento en el VRAE\" \/>\n<meta property=\"og:description\" content=\"Portal de noticias del Per\u00fa sobre el transporte a\u00e9reo, aviaci\u00f3n, turismo, hoteleria, actualidad.\" \/>\n<meta property=\"og:url\" content=\"https:\/\/aeronoticias.com.pe\/noticiero\/49\/tres-muertos-y-dos-heridos-en-nuevo-enfrentamiento-en-el-vrae\/\" \/>\n<meta property=\"og:site_name\" content=\"Aeronoticias.com.pe\" \/>\n<meta property=\"article:publisher\" content=\"https:\/\/www.facebook.com\/Aeronoticias.com.pe\/\" \/>\n<meta property=\"article:published_time\" content=\"2012-04-28T02:16:12+00:00\" \/>\n<meta name=\"author\" content=\"Redacci\u00f3n Aeronoticias\" \/>\n<meta name=\"twitter:card\" content=\"summary_large_image\" \/>\n<meta name=\"twitter:creator\" content=\"@aeronoticias\" \/>\n<meta name=\"twitter:site\" content=\"@aeronoticias\" \/>\n<meta name=\"twitter:label1\" content=\"Escrito por\" \/>\n\t<meta name=\"twitter:data1\" content=\"Redacci\u00f3n Aeronoticias\" \/>\n\t<meta name=\"twitter:label2\" content=\"Tiempo de lectura\" \/>\n\t<meta name=\"twitter:data2\" content=\"1 minuto\" \/>\n<script type=\"application\/ld+json\" class=\"yoast-schema-graph\">{\"@context\":\"https:\/\/schema.org\",\"@graph\":[{\"@type\":\"WebPage\",\"@id\":\"https:\/\/aeronoticias.com.pe\/noticiero\/49\/tres-muertos-y-dos-heridos-en-nuevo-enfrentamiento-en-el-vrae\/\",\"url\":\"https:\/\/aeronoticias.com.pe\/noticiero\/49\/tres-muertos-y-dos-heridos-en-nuevo-enfrentamiento-en-el-vrae\/\",\"name\":\"Tres muertos y dos heridos en nuevo enfrentamiento en el VRAE\",\"isPartOf\":{\"@id\":\"https:\/\/aeronoticias.com.pe\/noticiero\/#website\"},\"datePublished\":\"2012-04-28T02:16:12+00:00\",\"author\":{\"@id\":\"https:\/\/aeronoticias.com.pe\/noticiero\/#\/schema\/person\/fc1e5d578f4b62ba1cf7ac2bba1170a0\"},\"description\":\"Portal de noticias del Per\u00fa sobre el transporte a\u00e9reo, aviaci\u00f3n, turismo, hoteleria, actualidad.\",\"breadcrumb\":{\"@id\":\"https:\/\/aeronoticias.com.pe\/noticiero\/49\/tres-muertos-y-dos-heridos-en-nuevo-enfrentamiento-en-el-vrae\/#breadcrumb\"},\"inLanguage\":\"es\",\"potentialAction\":[{\"@type\":\"ReadAction\",\"target\":[\"https:\/\/aeronoticias.com.pe\/noticiero\/49\/tres-muertos-y-dos-heridos-en-nuevo-enfrentamiento-en-el-vrae\/\"]}]},{\"@type\":\"BreadcrumbList\",\"@id\":\"https:\/\/aeronoticias.com.pe\/noticiero\/49\/tres-muertos-y-dos-heridos-en-nuevo-enfrentamiento-en-el-vrae\/#breadcrumb\",\"itemListElement\":[{\"@type\":\"ListItem\",\"position\":1,\"name\":\"Portada\",\"item\":\"https:\/\/aeronoticias.com.pe\/noticiero\/\"},{\"@type\":\"ListItem\",\"position\":2,\"name\":\"Tres muertos y dos heridos en nuevo enfrentamiento en el VRAE\"}]},{\"@type\":\"WebSite\",\"@id\":\"https:\/\/aeronoticias.com.pe\/noticiero\/#website\",\"url\":\"https:\/\/aeronoticias.com.pe\/noticiero\/\",\"name\":\"Aeronoticias.com.pe\",\"description\":\"Noticias de tranporte aereo, turismo, hoteles, gastronomia, actualidad, internacional\",\"potentialAction\":[{\"@type\":\"SearchAction\",\"target\":{\"@type\":\"EntryPoint\",\"urlTemplate\":\"https:\/\/aeronoticias.com.pe\/noticiero\/?s={search_term_string}\"},\"query-input\":{\"@type\":\"PropertyValueSpecification\",\"valueRequired\":true,\"valueName\":\"search_term_string\"}}],\"inLanguage\":\"es\"},{\"@type\":\"Person\",\"@id\":\"https:\/\/aeronoticias.com.pe\/noticiero\/#\/schema\/person\/fc1e5d578f4b62ba1cf7ac2bba1170a0\",\"name\":\"Redacci\u00f3n Aeronoticias\",\"url\":\"https:\/\/aeronoticias.com.pe\/noticiero\/author\/piloto\/\"}]}<\/script>\n<!-- \/ Yoast SEO plugin. -->","yoast_head_json":{"title":"Tres muertos y dos heridos en nuevo enfrentamiento en el VRAE","description":"Portal de noticias del Per\u00fa sobre el transporte a\u00e9reo, aviaci\u00f3n, turismo, hoteleria, actualidad.","robots":{"index":"index","follow":"follow","max-snippet":"max-snippet:-1","max-image-preview":"max-image-preview:large","max-video-preview":"max-video-preview:-1"},"canonical":"https:\/\/aeronoticias.com.pe\/noticiero\/49\/tres-muertos-y-dos-heridos-en-nuevo-enfrentamiento-en-el-vrae\/","og_locale":"es_ES","og_type":"article","og_title":"Tres muertos y dos heridos en nuevo enfrentamiento en el VRAE","og_description":"Portal de noticias del Per\u00fa sobre el transporte a\u00e9reo, aviaci\u00f3n, turismo, hoteleria, actualidad.","og_url":"https:\/\/aeronoticias.com.pe\/noticiero\/49\/tres-muertos-y-dos-heridos-en-nuevo-enfrentamiento-en-el-vrae\/","og_site_name":"Aeronoticias.com.pe","article_publisher":"https:\/\/www.facebook.com\/Aeronoticias.com.pe\/","article_published_time":"2012-04-28T02:16:12+00:00","author":"Redacci\u00f3n Aeronoticias","twitter_card":"summary_large_image","twitter_creator":"@aeronoticias","twitter_site":"@aeronoticias","twitter_misc":{"Escrito por":"Redacci\u00f3n Aeronoticias","Tiempo de lectura":"1 minuto"},"schema":{"@context":"https:\/\/schema.org","@graph":[{"@type":"WebPage","@id":"https:\/\/aeronoticias.com.pe\/noticiero\/49\/tres-muertos-y-dos-heridos-en-nuevo-enfrentamiento-en-el-vrae\/","url":"https:\/\/aeronoticias.com.pe\/noticiero\/49\/tres-muertos-y-dos-heridos-en-nuevo-enfrentamiento-en-el-vrae\/","name":"Tres muertos y dos heridos en nuevo enfrentamiento en el VRAE","isPartOf":{"@id":"https:\/\/aeronoticias.com.pe\/noticiero\/#website"},"datePublished":"2012-04-28T02:16:12+00:00","author":{"@id":"https:\/\/aeronoticias.com.pe\/noticiero\/#\/schema\/person\/fc1e5d578f4b62ba1cf7ac2bba1170a0"},"description":"Portal de noticias del Per\u00fa sobre el transporte a\u00e9reo, aviaci\u00f3n, turismo, hoteleria, actualidad.","breadcrumb":{"@id":"https:\/\/aeronoticias.com.pe\/noticiero\/49\/tres-muertos-y-dos-heridos-en-nuevo-enfrentamiento-en-el-vrae\/#breadcrumb"},"inLanguage":"es","potentialAction":[{"@type":"ReadAction","target":["https:\/\/aeronoticias.com.pe\/noticiero\/49\/tres-muertos-y-dos-heridos-en-nuevo-enfrentamiento-en-el-vrae\/"]}]},{"@type":"BreadcrumbList","@id":"https:\/\/aeronoticias.com.pe\/noticiero\/49\/tres-muertos-y-dos-heridos-en-nuevo-enfrentamiento-en-el-vrae\/#breadcrumb","itemListElement":[{"@type":"ListItem","position":1,"name":"Portada","item":"https:\/\/aeronoticias.com.pe\/noticiero\/"},{"@type":"ListItem","position":2,"name":"Tres muertos y dos heridos en nuevo enfrentamiento en el VRAE"}]},{"@type":"WebSite","@id":"https:\/\/aeronoticias.com.pe\/noticiero\/#website","url":"https:\/\/aeronoticias.com.pe\/noticiero\/","name":"Aeronoticias.com.pe","description":"Noticias de tranporte aereo, turismo, hoteles, gastronomia, actualidad, internacional","potentialAction":[{"@type":"SearchAction","target":{"@type":"EntryPoint","urlTemplate":"https:\/\/aeronoticias.com.pe\/noticiero\/?s={search_term_string}"},"query-input":{"@type":"PropertyValueSpecification","valueRequired":true,"valueName":"search_term_string"}}],"inLanguage":"es"},{"@type":"Person","@id":"https:\/\/aeronoticias.com.pe\/noticiero\/#\/schema\/person\/fc1e5d578f4b62ba1cf7ac2bba1170a0","name":"Redacci\u00f3n Aeronoticias","url":"https:\/\/aeronoticias.com.pe\/noticiero\/author\/piloto\/"}]}},"_links":{"self":[{"href":"https:\/\/aeronoticias.com.pe\/noticiero\/wp-json\/wp\/v2\/posts\/25802","targetHints":{"allow":["GET"]}}],"collection":[{"href":"https:\/\/aeronoticias.com.pe\/noticiero\/wp-json\/wp\/v2\/posts"}],"about":[{"href":"https:\/\/aeronoticias.com.pe\/noticiero\/wp-json\/wp\/v2\/types\/post"}],"author":[{"embeddable":true,"href":"https:\/\/aeronoticias.com.pe\/noticiero\/wp-json\/wp\/v2\/users\/1"}],"replies":[{"embeddable":true,"href":"https:\/\/aeronoticias.com.pe\/noticiero\/wp-json\/wp\/v2\/comments?post=25802"}],"version-history":[{"count":0,"href":"https:\/\/aeronoticias.com.pe\/noticiero\/wp-json\/wp\/v2\/posts\/25802\/revisions"}],"wp:attachment":[{"href":"https:\/\/aeronoticias.com.pe\/noticiero\/wp-json\/wp\/v2\/media?parent=25802"}],"wp:term":[{"taxonomy":"category","embeddable":true,"href":"https:\/\/aeronoticias.com.pe\/noticiero\/wp-json\/wp\/v2\/categories?post=25802"},{"taxonomy":"post_tag","embeddable":true,"href":"https:\/\/aeronoticias.com.pe\/noticiero\/wp-json\/wp\/v2\/tags?post=25802"}],"curies":[{"name":"wp","href":"https:\/\/api.w.org\/{rel}","templated":true}]}}