{"id":25803,"date":"2012-04-28T03:51:04","date_gmt":"2012-04-28T03:51:04","guid":{"rendered":"http:\/\/desarrollo.mcvicious.com\/aero2020\/2012\/04\/28\/segun-propias-palabras-de-meier-jason-day-es-su-sucesor\/"},"modified":"2012-04-28T03:51:04","modified_gmt":"2012-04-28T03:51:04","slug":"segun-propias-palabras-de-meier-jason-day-es-su-sucesor","status":"publish","type":"post","link":"https:\/\/aeronoticias.com.pe\/noticiero\/espectaculos\/segun-propias-palabras-de-meier-jason-day-es-su-sucesor\/","title":{"rendered":"Seg\u00fan propias palabras de Meier Jason Day es su sucesor"},"content":{"rendered":"<p style=\"text-align: justify;\"><strong>(Aeronoticias).-<\/strong>Ya tiene sucesor, el\u00a0 atractivo actor nacional, Christian Meier calific\u00f3 entre bromas a su colega el no menos guapo actor Jason Day, protagonista de la telenovela Tyson, coraz\u00f3n rebelde, como su sucesor o como \u00e9l lo llama \u00abmini-me\u00bb, en una breve conversaci\u00f3n en el Twitter. Por su parte Day no dud\u00f3 en autoproclamarse como su sucesor.<\/p>\n<p style=\"text-align: justify;\">Esta breve conversaci\u00f3n a trav\u00e9s de las redes sociales se origin\u00f3 a ra\u00edz de que Meier publicit\u00f3 en su cuenta de Twitter que la serie que el protagoniza Lynch, ya est\u00e1 al aire, justo en el mismo horario en que se trasmite la telenovela en la que protagonizan Jason Day y Vanessa Terkes. Por ello, el joven actor le escribi\u00f3: \u00abNo compitas con la Tyson, pues causa, pensando en el sucesor tambi\u00e9n , \u00bfno?\u00bb.<\/p>\n<p style=\"text-align: justify;\">El exesposo de Marisol Aguirre no tard\u00f3 en responderle. \u00abM\u00e1s respeto Mini-Me. Si te portas bien , tal vez puedes cargar un caj\u00f3n en 2da temporada de Lynch\u00bb.<\/p>\n<p style=\"text-align: justify;\">Cabe precisar que tanto Christian Meier como Jason Day, coinciden en se\u00f1alar que no les gusta el t\u00edtulo de gal\u00e1n.<\/p>\n<p style=\"text-align: justify;\"><img decoding=\"async\" src=\"images\/stories\/12\/04\/270412\/galanes.jpg\" border=\"0\" alt=\"galanes\" title=\"galanes\" \/><\/p>\n","protected":false},"excerpt":{"rendered":"<p>(Aeronoticias).-Ya tiene sucesor, el\u00a0 atractivo actor nacional, Christian Meier calific\u00f3 entre bromas a su colega el no menos guapo actor Jason Day, protagonista de la telenovela Tyson, coraz\u00f3n rebelde, como su sucesor o como \u00e9l lo llama \u00abmini-me\u00bb, en una breve conversaci\u00f3n en el Twitter. Por su parte Day no dud\u00f3 en autoproclamarse como su [&hellip;]<\/p>\n","protected":false},"author":1,"featured_media":0,"comment_status":"open","ping_status":"open","sticky":false,"template":"","format":"standard","meta":{"tdm_status":"","tdm_grid_status":"","footnotes":""},"categories":[41],"tags":[],"class_list":{"0":"post-25803","1":"post","2":"type-post","3":"status-publish","4":"format-standard","6":"category-espectaculos"},"yoast_head":"<!-- This site is optimized with the Yoast SEO plugin v25.1 - https:\/\/yoast.com\/wordpress\/plugins\/seo\/ -->\n<title>Seg\u00fan propias palabras de Meier Jason Day es su sucesor<\/title>\n<meta name=\"description\" content=\"Portal de noticias del Per\u00fa sobre el transporte a\u00e9reo, aviaci\u00f3n, turismo, hoteleria, actualidad.\" \/>\n<meta name=\"robots\" content=\"index, follow, max-snippet:-1, max-image-preview:large, max-video-preview:-1\" \/>\n<link rel=\"canonical\" href=\"https:\/\/aeronoticias.com.pe\/noticiero\/espectaculos\/segun-propias-palabras-de-meier-jason-day-es-su-sucesor\/\" \/>\n<meta property=\"og:locale\" content=\"es_ES\" \/>\n<meta property=\"og:type\" content=\"article\" \/>\n<meta property=\"og:title\" content=\"Seg\u00fan propias palabras de Meier Jason Day es su sucesor\" \/>\n<meta property=\"og:description\" content=\"Portal de noticias del Per\u00fa sobre el transporte a\u00e9reo, aviaci\u00f3n, turismo, hoteleria, actualidad.\" \/>\n<meta property=\"og:url\" content=\"https:\/\/aeronoticias.com.pe\/noticiero\/espectaculos\/segun-propias-palabras-de-meier-jason-day-es-su-sucesor\/\" \/>\n<meta property=\"og:site_name\" content=\"Aeronoticias.com.pe\" \/>\n<meta property=\"article:publisher\" content=\"https:\/\/www.facebook.com\/Aeronoticias.com.pe\/\" \/>\n<meta property=\"article:published_time\" content=\"2012-04-28T03:51:04+00:00\" \/>\n<meta name=\"author\" content=\"Redacci\u00f3n Aeronoticias\" \/>\n<meta name=\"twitter:card\" content=\"summary_large_image\" \/>\n<meta name=\"twitter:creator\" content=\"@aeronoticias\" \/>\n<meta name=\"twitter:site\" content=\"@aeronoticias\" \/>\n<meta name=\"twitter:label1\" content=\"Escrito por\" \/>\n\t<meta name=\"twitter:data1\" content=\"Redacci\u00f3n Aeronoticias\" \/>\n\t<meta name=\"twitter:label2\" content=\"Tiempo de lectura\" \/>\n\t<meta name=\"twitter:data2\" content=\"1 minuto\" \/>\n<script type=\"application\/ld+json\" class=\"yoast-schema-graph\">{\"@context\":\"https:\/\/schema.org\",\"@graph\":[{\"@type\":\"WebPage\",\"@id\":\"https:\/\/aeronoticias.com.pe\/noticiero\/espectaculos\/segun-propias-palabras-de-meier-jason-day-es-su-sucesor\/\",\"url\":\"https:\/\/aeronoticias.com.pe\/noticiero\/espectaculos\/segun-propias-palabras-de-meier-jason-day-es-su-sucesor\/\",\"name\":\"Seg\u00fan propias palabras de Meier Jason Day es su sucesor\",\"isPartOf\":{\"@id\":\"https:\/\/aeronoticias.com.pe\/noticiero\/#website\"},\"datePublished\":\"2012-04-28T03:51:04+00:00\",\"author\":{\"@id\":\"https:\/\/aeronoticias.com.pe\/noticiero\/#\/schema\/person\/fc1e5d578f4b62ba1cf7ac2bba1170a0\"},\"description\":\"Portal de noticias del Per\u00fa sobre el transporte a\u00e9reo, aviaci\u00f3n, turismo, hoteleria, actualidad.\",\"breadcrumb\":{\"@id\":\"https:\/\/aeronoticias.com.pe\/noticiero\/espectaculos\/segun-propias-palabras-de-meier-jason-day-es-su-sucesor\/#breadcrumb\"},\"inLanguage\":\"es\",\"potentialAction\":[{\"@type\":\"ReadAction\",\"target\":[\"https:\/\/aeronoticias.com.pe\/noticiero\/espectaculos\/segun-propias-palabras-de-meier-jason-day-es-su-sucesor\/\"]}]},{\"@type\":\"BreadcrumbList\",\"@id\":\"https:\/\/aeronoticias.com.pe\/noticiero\/espectaculos\/segun-propias-palabras-de-meier-jason-day-es-su-sucesor\/#breadcrumb\",\"itemListElement\":[{\"@type\":\"ListItem\",\"position\":1,\"name\":\"Portada\",\"item\":\"https:\/\/aeronoticias.com.pe\/noticiero\/\"},{\"@type\":\"ListItem\",\"position\":2,\"name\":\"Seg\u00fan propias palabras de Meier Jason Day es su sucesor\"}]},{\"@type\":\"WebSite\",\"@id\":\"https:\/\/aeronoticias.com.pe\/noticiero\/#website\",\"url\":\"https:\/\/aeronoticias.com.pe\/noticiero\/\",\"name\":\"Aeronoticias.com.pe\",\"description\":\"Noticias de tranporte aereo, turismo, hoteles, gastronomia, actualidad, internacional\",\"potentialAction\":[{\"@type\":\"SearchAction\",\"target\":{\"@type\":\"EntryPoint\",\"urlTemplate\":\"https:\/\/aeronoticias.com.pe\/noticiero\/?s={search_term_string}\"},\"query-input\":{\"@type\":\"PropertyValueSpecification\",\"valueRequired\":true,\"valueName\":\"search_term_string\"}}],\"inLanguage\":\"es\"},{\"@type\":\"Person\",\"@id\":\"https:\/\/aeronoticias.com.pe\/noticiero\/#\/schema\/person\/fc1e5d578f4b62ba1cf7ac2bba1170a0\",\"name\":\"Redacci\u00f3n Aeronoticias\",\"url\":\"https:\/\/aeronoticias.com.pe\/noticiero\/author\/piloto\/\"}]}<\/script>\n<!-- \/ Yoast SEO plugin. -->","yoast_head_json":{"title":"Seg\u00fan propias palabras de Meier Jason Day es su sucesor","description":"Portal de noticias del Per\u00fa sobre el transporte a\u00e9reo, aviaci\u00f3n, turismo, hoteleria, actualidad.","robots":{"index":"index","follow":"follow","max-snippet":"max-snippet:-1","max-image-preview":"max-image-preview:large","max-video-preview":"max-video-preview:-1"},"canonical":"https:\/\/aeronoticias.com.pe\/noticiero\/espectaculos\/segun-propias-palabras-de-meier-jason-day-es-su-sucesor\/","og_locale":"es_ES","og_type":"article","og_title":"Seg\u00fan propias palabras de Meier Jason Day es su sucesor","og_description":"Portal de noticias del Per\u00fa sobre el transporte a\u00e9reo, aviaci\u00f3n, turismo, hoteleria, actualidad.","og_url":"https:\/\/aeronoticias.com.pe\/noticiero\/espectaculos\/segun-propias-palabras-de-meier-jason-day-es-su-sucesor\/","og_site_name":"Aeronoticias.com.pe","article_publisher":"https:\/\/www.facebook.com\/Aeronoticias.com.pe\/","article_published_time":"2012-04-28T03:51:04+00:00","author":"Redacci\u00f3n Aeronoticias","twitter_card":"summary_large_image","twitter_creator":"@aeronoticias","twitter_site":"@aeronoticias","twitter_misc":{"Escrito por":"Redacci\u00f3n Aeronoticias","Tiempo de lectura":"1 minuto"},"schema":{"@context":"https:\/\/schema.org","@graph":[{"@type":"WebPage","@id":"https:\/\/aeronoticias.com.pe\/noticiero\/espectaculos\/segun-propias-palabras-de-meier-jason-day-es-su-sucesor\/","url":"https:\/\/aeronoticias.com.pe\/noticiero\/espectaculos\/segun-propias-palabras-de-meier-jason-day-es-su-sucesor\/","name":"Seg\u00fan propias palabras de Meier Jason Day es su sucesor","isPartOf":{"@id":"https:\/\/aeronoticias.com.pe\/noticiero\/#website"},"datePublished":"2012-04-28T03:51:04+00:00","author":{"@id":"https:\/\/aeronoticias.com.pe\/noticiero\/#\/schema\/person\/fc1e5d578f4b62ba1cf7ac2bba1170a0"},"description":"Portal de noticias del Per\u00fa sobre el transporte a\u00e9reo, aviaci\u00f3n, turismo, hoteleria, actualidad.","breadcrumb":{"@id":"https:\/\/aeronoticias.com.pe\/noticiero\/espectaculos\/segun-propias-palabras-de-meier-jason-day-es-su-sucesor\/#breadcrumb"},"inLanguage":"es","potentialAction":[{"@type":"ReadAction","target":["https:\/\/aeronoticias.com.pe\/noticiero\/espectaculos\/segun-propias-palabras-de-meier-jason-day-es-su-sucesor\/"]}]},{"@type":"BreadcrumbList","@id":"https:\/\/aeronoticias.com.pe\/noticiero\/espectaculos\/segun-propias-palabras-de-meier-jason-day-es-su-sucesor\/#breadcrumb","itemListElement":[{"@type":"ListItem","position":1,"name":"Portada","item":"https:\/\/aeronoticias.com.pe\/noticiero\/"},{"@type":"ListItem","position":2,"name":"Seg\u00fan propias palabras de Meier Jason Day es su sucesor"}]},{"@type":"WebSite","@id":"https:\/\/aeronoticias.com.pe\/noticiero\/#website","url":"https:\/\/aeronoticias.com.pe\/noticiero\/","name":"Aeronoticias.com.pe","description":"Noticias de tranporte aereo, turismo, hoteles, gastronomia, actualidad, internacional","potentialAction":[{"@type":"SearchAction","target":{"@type":"EntryPoint","urlTemplate":"https:\/\/aeronoticias.com.pe\/noticiero\/?s={search_term_string}"},"query-input":{"@type":"PropertyValueSpecification","valueRequired":true,"valueName":"search_term_string"}}],"inLanguage":"es"},{"@type":"Person","@id":"https:\/\/aeronoticias.com.pe\/noticiero\/#\/schema\/person\/fc1e5d578f4b62ba1cf7ac2bba1170a0","name":"Redacci\u00f3n Aeronoticias","url":"https:\/\/aeronoticias.com.pe\/noticiero\/author\/piloto\/"}]}},"_links":{"self":[{"href":"https:\/\/aeronoticias.com.pe\/noticiero\/wp-json\/wp\/v2\/posts\/25803","targetHints":{"allow":["GET"]}}],"collection":[{"href":"https:\/\/aeronoticias.com.pe\/noticiero\/wp-json\/wp\/v2\/posts"}],"about":[{"href":"https:\/\/aeronoticias.com.pe\/noticiero\/wp-json\/wp\/v2\/types\/post"}],"author":[{"embeddable":true,"href":"https:\/\/aeronoticias.com.pe\/noticiero\/wp-json\/wp\/v2\/users\/1"}],"replies":[{"embeddable":true,"href":"https:\/\/aeronoticias.com.pe\/noticiero\/wp-json\/wp\/v2\/comments?post=25803"}],"version-history":[{"count":0,"href":"https:\/\/aeronoticias.com.pe\/noticiero\/wp-json\/wp\/v2\/posts\/25803\/revisions"}],"wp:attachment":[{"href":"https:\/\/aeronoticias.com.pe\/noticiero\/wp-json\/wp\/v2\/media?parent=25803"}],"wp:term":[{"taxonomy":"category","embeddable":true,"href":"https:\/\/aeronoticias.com.pe\/noticiero\/wp-json\/wp\/v2\/categories?post=25803"},{"taxonomy":"post_tag","embeddable":true,"href":"https:\/\/aeronoticias.com.pe\/noticiero\/wp-json\/wp\/v2\/tags?post=25803"}],"curies":[{"name":"wp","href":"https:\/\/api.w.org\/{rel}","templated":true}]}}