{"id":25822,"date":"2012-04-28T16:53:32","date_gmt":"2012-04-28T16:53:32","guid":{"rendered":"http:\/\/desarrollo.mcvicious.com\/aero2020\/2012\/04\/28\/segun-ypf-repsol-estaria-incumpliendo-contrato-de-provision-de-gas\/"},"modified":"2012-04-28T16:53:32","modified_gmt":"2012-04-28T16:53:32","slug":"segun-ypf-repsol-estaria-incumpliendo-contrato-de-provision-de-gas","status":"publish","type":"post","link":"https:\/\/aeronoticias.com.pe\/noticiero\/internacionales\/segun-ypf-repsol-estaria-incumpliendo-contrato-de-provision-de-gas\/","title":{"rendered":"Seg\u00fan YPF Repsol estar\u00eda incumpliendo contrato de provisi\u00f3n de gas"},"content":{"rendered":"<p style=\"text-align: justify;\"><strong>(Aeronoticias).-<\/strong>La empresa espa\u00f1ola Repsol est\u00e1 siendo acusada de incumplir los contratos de provisi\u00f3n de gas natural licuado luego de conocerse la expropiaci\u00f3n de la mayor\u00eda de sus acciones en la petrolera argentina YPF.<\/p>\n<p style=\"text-align: justify;\">A trav\u00e9s de un comunicado del Ministerio de Planificaci\u00f3n, quien tiene a su cargo la intervenci\u00f3n de YPF, inform\u00f3 que el suministro de ese combustible est\u00e1 plenamente garantizado por una mayor producci\u00f3n local y nuevos vol\u00famenes.<\/p>\n<p style=\"text-align: justify;\">Como una medida de prevenci\u00f3n ante la posibilidad de que la espa\u00f1ola Repsol suspender\u00eda los env\u00edos pactados con la finalidad de generar incertidumbre e intentar perjudicar como un acto de represal\u00eda por la mencionada expropiaci\u00f3n, los gestores de YPF habr\u00edan conversado con otras compa\u00f1\u00edas, que estar\u00edan interesados en proveer el combustible.<\/p>\n<p style=\"text-align: justify;\">Seg\u00fan informaciones de la prensa argentina, Repsol cancel\u00f3 el env\u00edo de diez barcos con carga de gas natural licuado con el pretexto de demoras en la firma de cartas de cr\u00e9dito con la estatal Energ\u00eda Argentina (Enarsa).<\/p>\n<p style=\"text-align: justify;\">Tras el incremento de 2 millones de metros c\u00fabicos por d\u00eda la producci\u00f3n de gas, se sumar\u00edan desde la pr\u00f3xima semana otros 3 millones de metros c\u00fabicos por d\u00eda procedentes de Bolivia, dentro de un acuierdo bilateral de provisi\u00f3n de gas, de esta manera se contar\u00e1 con cinco millones de metros c\u00fabicos por d\u00eda adicionales para el mercado argentino.<\/p>\n<p style=\"text-align: justify;\">Este incumplimiento de parte de Repsol ratifica la decisi\u00f3n estrat\u00e9gica del gobierno argentino de recuperar para los argentinos el control de YPF y ponerla en sinton\u00eda con las necesidades nacionales.<\/p>\n<p> La C\u00e1mara de Diputados argentina debatir\u00e1 este mi\u00e9rcoles la aprobaci\u00f3n  definitiva de una ley que dispone la expropiaci\u00f3n a Repsol, iniciativa  que ya cuenta con el visto bueno del Senado.<\/p>\n<p style=\"text-align: justify;\"><img decoding=\"async\" src=\"images\/stories\/12\/04\/280412\/ypf.jpg\" border=\"0\" alt=\"YPF\" title=\"YPF\" \/><\/p>\n","protected":false},"excerpt":{"rendered":"<p>(Aeronoticias).-La empresa espa\u00f1ola Repsol est\u00e1 siendo acusada de incumplir los contratos de provisi\u00f3n de gas natural licuado luego de conocerse la expropiaci\u00f3n de la mayor\u00eda de sus acciones en la petrolera argentina YPF. A trav\u00e9s de un comunicado del Ministerio de Planificaci\u00f3n, quien tiene a su cargo la intervenci\u00f3n de YPF, inform\u00f3 que el suministro [&hellip;]<\/p>\n","protected":false},"author":1,"featured_media":0,"comment_status":"open","ping_status":"open","sticky":false,"template":"","format":"standard","meta":{"tdm_status":"","tdm_grid_status":"","footnotes":""},"categories":[34],"tags":[],"class_list":{"0":"post-25822","1":"post","2":"type-post","3":"status-publish","4":"format-standard","6":"category-internacionales"},"yoast_head":"<!-- This site is optimized with the Yoast SEO plugin v25.1 - https:\/\/yoast.com\/wordpress\/plugins\/seo\/ -->\n<title>Seg\u00fan YPF Repsol estar\u00eda incumpliendo contrato de provisi\u00f3n de gas<\/title>\n<meta name=\"description\" content=\"Portal de noticias del Per\u00fa sobre el transporte a\u00e9reo, aviaci\u00f3n, turismo, hoteleria, actualidad.\" \/>\n<meta name=\"robots\" content=\"index, follow, max-snippet:-1, max-image-preview:large, max-video-preview:-1\" \/>\n<link rel=\"canonical\" href=\"https:\/\/aeronoticias.com.pe\/noticiero\/internacionales\/segun-ypf-repsol-estaria-incumpliendo-contrato-de-provision-de-gas\/\" \/>\n<meta property=\"og:locale\" content=\"es_ES\" \/>\n<meta property=\"og:type\" content=\"article\" \/>\n<meta property=\"og:title\" content=\"Seg\u00fan YPF Repsol estar\u00eda incumpliendo contrato de provisi\u00f3n de gas\" \/>\n<meta property=\"og:description\" content=\"Portal de noticias del Per\u00fa sobre el transporte a\u00e9reo, aviaci\u00f3n, turismo, hoteleria, actualidad.\" \/>\n<meta property=\"og:url\" content=\"https:\/\/aeronoticias.com.pe\/noticiero\/internacionales\/segun-ypf-repsol-estaria-incumpliendo-contrato-de-provision-de-gas\/\" \/>\n<meta property=\"og:site_name\" content=\"Aeronoticias.com.pe\" \/>\n<meta property=\"article:publisher\" content=\"https:\/\/www.facebook.com\/Aeronoticias.com.pe\/\" \/>\n<meta property=\"article:published_time\" content=\"2012-04-28T16:53:32+00:00\" \/>\n<meta name=\"author\" content=\"Redacci\u00f3n Aeronoticias\" \/>\n<meta name=\"twitter:card\" content=\"summary_large_image\" \/>\n<meta name=\"twitter:creator\" content=\"@aeronoticias\" \/>\n<meta name=\"twitter:site\" content=\"@aeronoticias\" \/>\n<meta name=\"twitter:label1\" content=\"Escrito por\" \/>\n\t<meta name=\"twitter:data1\" content=\"Redacci\u00f3n Aeronoticias\" \/>\n\t<meta name=\"twitter:label2\" content=\"Tiempo de lectura\" \/>\n\t<meta name=\"twitter:data2\" content=\"2 minutos\" \/>\n<script type=\"application\/ld+json\" class=\"yoast-schema-graph\">{\"@context\":\"https:\/\/schema.org\",\"@graph\":[{\"@type\":\"WebPage\",\"@id\":\"https:\/\/aeronoticias.com.pe\/noticiero\/internacionales\/segun-ypf-repsol-estaria-incumpliendo-contrato-de-provision-de-gas\/\",\"url\":\"https:\/\/aeronoticias.com.pe\/noticiero\/internacionales\/segun-ypf-repsol-estaria-incumpliendo-contrato-de-provision-de-gas\/\",\"name\":\"Seg\u00fan YPF Repsol estar\u00eda incumpliendo contrato de provisi\u00f3n de gas\",\"isPartOf\":{\"@id\":\"https:\/\/aeronoticias.com.pe\/noticiero\/#website\"},\"datePublished\":\"2012-04-28T16:53:32+00:00\",\"author\":{\"@id\":\"https:\/\/aeronoticias.com.pe\/noticiero\/#\/schema\/person\/fc1e5d578f4b62ba1cf7ac2bba1170a0\"},\"description\":\"Portal de noticias del Per\u00fa sobre el transporte a\u00e9reo, aviaci\u00f3n, turismo, hoteleria, actualidad.\",\"breadcrumb\":{\"@id\":\"https:\/\/aeronoticias.com.pe\/noticiero\/internacionales\/segun-ypf-repsol-estaria-incumpliendo-contrato-de-provision-de-gas\/#breadcrumb\"},\"inLanguage\":\"es\",\"potentialAction\":[{\"@type\":\"ReadAction\",\"target\":[\"https:\/\/aeronoticias.com.pe\/noticiero\/internacionales\/segun-ypf-repsol-estaria-incumpliendo-contrato-de-provision-de-gas\/\"]}]},{\"@type\":\"BreadcrumbList\",\"@id\":\"https:\/\/aeronoticias.com.pe\/noticiero\/internacionales\/segun-ypf-repsol-estaria-incumpliendo-contrato-de-provision-de-gas\/#breadcrumb\",\"itemListElement\":[{\"@type\":\"ListItem\",\"position\":1,\"name\":\"Portada\",\"item\":\"https:\/\/aeronoticias.com.pe\/noticiero\/\"},{\"@type\":\"ListItem\",\"position\":2,\"name\":\"Seg\u00fan YPF Repsol estar\u00eda incumpliendo contrato de provisi\u00f3n de gas\"}]},{\"@type\":\"WebSite\",\"@id\":\"https:\/\/aeronoticias.com.pe\/noticiero\/#website\",\"url\":\"https:\/\/aeronoticias.com.pe\/noticiero\/\",\"name\":\"Aeronoticias.com.pe\",\"description\":\"Noticias de tranporte aereo, turismo, hoteles, gastronomia, actualidad, internacional\",\"potentialAction\":[{\"@type\":\"SearchAction\",\"target\":{\"@type\":\"EntryPoint\",\"urlTemplate\":\"https:\/\/aeronoticias.com.pe\/noticiero\/?s={search_term_string}\"},\"query-input\":{\"@type\":\"PropertyValueSpecification\",\"valueRequired\":true,\"valueName\":\"search_term_string\"}}],\"inLanguage\":\"es\"},{\"@type\":\"Person\",\"@id\":\"https:\/\/aeronoticias.com.pe\/noticiero\/#\/schema\/person\/fc1e5d578f4b62ba1cf7ac2bba1170a0\",\"name\":\"Redacci\u00f3n Aeronoticias\",\"url\":\"https:\/\/aeronoticias.com.pe\/noticiero\/author\/piloto\/\"}]}<\/script>\n<!-- \/ Yoast SEO plugin. -->","yoast_head_json":{"title":"Seg\u00fan YPF Repsol estar\u00eda incumpliendo contrato de provisi\u00f3n de gas","description":"Portal de noticias del Per\u00fa sobre el transporte a\u00e9reo, aviaci\u00f3n, turismo, hoteleria, actualidad.","robots":{"index":"index","follow":"follow","max-snippet":"max-snippet:-1","max-image-preview":"max-image-preview:large","max-video-preview":"max-video-preview:-1"},"canonical":"https:\/\/aeronoticias.com.pe\/noticiero\/internacionales\/segun-ypf-repsol-estaria-incumpliendo-contrato-de-provision-de-gas\/","og_locale":"es_ES","og_type":"article","og_title":"Seg\u00fan YPF Repsol estar\u00eda incumpliendo contrato de provisi\u00f3n de gas","og_description":"Portal de noticias del Per\u00fa sobre el transporte a\u00e9reo, aviaci\u00f3n, turismo, hoteleria, actualidad.","og_url":"https:\/\/aeronoticias.com.pe\/noticiero\/internacionales\/segun-ypf-repsol-estaria-incumpliendo-contrato-de-provision-de-gas\/","og_site_name":"Aeronoticias.com.pe","article_publisher":"https:\/\/www.facebook.com\/Aeronoticias.com.pe\/","article_published_time":"2012-04-28T16:53:32+00:00","author":"Redacci\u00f3n Aeronoticias","twitter_card":"summary_large_image","twitter_creator":"@aeronoticias","twitter_site":"@aeronoticias","twitter_misc":{"Escrito por":"Redacci\u00f3n Aeronoticias","Tiempo de lectura":"2 minutos"},"schema":{"@context":"https:\/\/schema.org","@graph":[{"@type":"WebPage","@id":"https:\/\/aeronoticias.com.pe\/noticiero\/internacionales\/segun-ypf-repsol-estaria-incumpliendo-contrato-de-provision-de-gas\/","url":"https:\/\/aeronoticias.com.pe\/noticiero\/internacionales\/segun-ypf-repsol-estaria-incumpliendo-contrato-de-provision-de-gas\/","name":"Seg\u00fan YPF Repsol estar\u00eda incumpliendo contrato de provisi\u00f3n de gas","isPartOf":{"@id":"https:\/\/aeronoticias.com.pe\/noticiero\/#website"},"datePublished":"2012-04-28T16:53:32+00:00","author":{"@id":"https:\/\/aeronoticias.com.pe\/noticiero\/#\/schema\/person\/fc1e5d578f4b62ba1cf7ac2bba1170a0"},"description":"Portal de noticias del Per\u00fa sobre el transporte a\u00e9reo, aviaci\u00f3n, turismo, hoteleria, actualidad.","breadcrumb":{"@id":"https:\/\/aeronoticias.com.pe\/noticiero\/internacionales\/segun-ypf-repsol-estaria-incumpliendo-contrato-de-provision-de-gas\/#breadcrumb"},"inLanguage":"es","potentialAction":[{"@type":"ReadAction","target":["https:\/\/aeronoticias.com.pe\/noticiero\/internacionales\/segun-ypf-repsol-estaria-incumpliendo-contrato-de-provision-de-gas\/"]}]},{"@type":"BreadcrumbList","@id":"https:\/\/aeronoticias.com.pe\/noticiero\/internacionales\/segun-ypf-repsol-estaria-incumpliendo-contrato-de-provision-de-gas\/#breadcrumb","itemListElement":[{"@type":"ListItem","position":1,"name":"Portada","item":"https:\/\/aeronoticias.com.pe\/noticiero\/"},{"@type":"ListItem","position":2,"name":"Seg\u00fan YPF Repsol estar\u00eda incumpliendo contrato de provisi\u00f3n de gas"}]},{"@type":"WebSite","@id":"https:\/\/aeronoticias.com.pe\/noticiero\/#website","url":"https:\/\/aeronoticias.com.pe\/noticiero\/","name":"Aeronoticias.com.pe","description":"Noticias de tranporte aereo, turismo, hoteles, gastronomia, actualidad, internacional","potentialAction":[{"@type":"SearchAction","target":{"@type":"EntryPoint","urlTemplate":"https:\/\/aeronoticias.com.pe\/noticiero\/?s={search_term_string}"},"query-input":{"@type":"PropertyValueSpecification","valueRequired":true,"valueName":"search_term_string"}}],"inLanguage":"es"},{"@type":"Person","@id":"https:\/\/aeronoticias.com.pe\/noticiero\/#\/schema\/person\/fc1e5d578f4b62ba1cf7ac2bba1170a0","name":"Redacci\u00f3n Aeronoticias","url":"https:\/\/aeronoticias.com.pe\/noticiero\/author\/piloto\/"}]}},"_links":{"self":[{"href":"https:\/\/aeronoticias.com.pe\/noticiero\/wp-json\/wp\/v2\/posts\/25822","targetHints":{"allow":["GET"]}}],"collection":[{"href":"https:\/\/aeronoticias.com.pe\/noticiero\/wp-json\/wp\/v2\/posts"}],"about":[{"href":"https:\/\/aeronoticias.com.pe\/noticiero\/wp-json\/wp\/v2\/types\/post"}],"author":[{"embeddable":true,"href":"https:\/\/aeronoticias.com.pe\/noticiero\/wp-json\/wp\/v2\/users\/1"}],"replies":[{"embeddable":true,"href":"https:\/\/aeronoticias.com.pe\/noticiero\/wp-json\/wp\/v2\/comments?post=25822"}],"version-history":[{"count":0,"href":"https:\/\/aeronoticias.com.pe\/noticiero\/wp-json\/wp\/v2\/posts\/25822\/revisions"}],"wp:attachment":[{"href":"https:\/\/aeronoticias.com.pe\/noticiero\/wp-json\/wp\/v2\/media?parent=25822"}],"wp:term":[{"taxonomy":"category","embeddable":true,"href":"https:\/\/aeronoticias.com.pe\/noticiero\/wp-json\/wp\/v2\/categories?post=25822"},{"taxonomy":"post_tag","embeddable":true,"href":"https:\/\/aeronoticias.com.pe\/noticiero\/wp-json\/wp\/v2\/tags?post=25822"}],"curies":[{"name":"wp","href":"https:\/\/api.w.org\/{rel}","templated":true}]}}