{"id":25823,"date":"2012-04-28T19:54:47","date_gmt":"2012-04-28T19:54:47","guid":{"rendered":"http:\/\/desarrollo.mcvicious.com\/aero2020\/2012\/04\/28\/defensor-del-pueblo-exhorta-al-estado-a-consolidar-un-plan-para-liberar-a-ninos-en-el-vrae\/"},"modified":"2012-04-28T19:54:47","modified_gmt":"2012-04-28T19:54:47","slug":"defensor-del-pueblo-exhorta-al-estado-a-consolidar-un-plan-para-liberar-a-ninos-en-el-vrae","status":"publish","type":"post","link":"https:\/\/aeronoticias.com.pe\/noticiero\/politica\/defensor-del-pueblo-exhorta-al-estado-a-consolidar-un-plan-para-liberar-a-ninos-en-el-vrae\/","title":{"rendered":"Defensor del Pueblo exhorta al Estado a consolidar un plan para  liberar a ni\u00f1os en el VRAE"},"content":{"rendered":"<p style=\"text-align: justify;\"><strong>(Aeronoticias).-<\/strong>Ante las impresionantes im\u00e1genes difundidas en un canal de televisi\u00f3n, donde se aprecia a ni\u00f1os empu\u00f1ando armas, caminando en medio de la selva, y aprendiendo en las escuelas ideol\u00f3gicas a matar, el Defensor del Pueblo, Eduardo Vega exhort\u00f3 a las autoridades del Gobierno a consolidar un Plan de Integraci\u00f3n, a trav\u00e9s del cual se pueda recuperar a los menores de edad, los denominados pioneritos, que vienen\u00a0 siendo secuestrados por huestes terroristas en el VRAE.<\/p>\n<p style=\"text-align: justify;\">Vega agreg\u00f3 adem\u00e1s que lo que se persigue es que el Gobierno adopte medidas para la liberaci\u00f3n de los ni\u00f1os secuestrados por el demencial y sanguinario grupo terrorista Sendero Luminoso, con el fin de protegerlos y asegurar de una vez por todas su reinserci\u00f3n en al sociedad.<\/p>\n<p style=\"text-align: justify;\">\u00abLos sucesos que hemos visto en estas semanas deben ser evaluados, Sendero mantiene una pr\u00e1ctica criminal que merece ser combatida\u00bb, enfatiz\u00f3.<\/p>\n<p style=\"text-align: justify;\">El Defensor del Pueblo inst\u00f3 a los ministerios de Inclusi\u00f3n Social, de la Mujer y Poblaciones Vulnerables, Educaci\u00f3n y Salud, a conjuntamente elaborar un Plan de Integraci\u00f3n que pueda hacer posible la recuperaci\u00f3n de estos infortunados ni\u00f1os, que han vivido muchos a\u00f1os conociendo el discurso\u00a0 de Sendero Luminoso.<\/p>\n<p style=\"text-align: justify;\"><img decoding=\"async\" src=\"images\/stories\/12\/04\/280412\/defensor pueblo.jpg\" border=\"0\" alt=\"DEFENSOR\" title=\"DEFENSOR\" \/><\/p>\n","protected":false},"excerpt":{"rendered":"<p>(Aeronoticias).-Ante las impresionantes im\u00e1genes difundidas en un canal de televisi\u00f3n, donde se aprecia a ni\u00f1os empu\u00f1ando armas, caminando en medio de la selva, y aprendiendo en las escuelas ideol\u00f3gicas a matar, el Defensor del Pueblo, Eduardo Vega exhort\u00f3 a las autoridades del Gobierno a consolidar un Plan de Integraci\u00f3n, a trav\u00e9s del cual se pueda [&hellip;]<\/p>\n","protected":false},"author":1,"featured_media":0,"comment_status":"open","ping_status":"open","sticky":false,"template":"","format":"standard","meta":{"tdm_status":"","tdm_grid_status":"","footnotes":""},"categories":[36],"tags":[],"class_list":{"0":"post-25823","1":"post","2":"type-post","3":"status-publish","4":"format-standard","6":"category-politica"},"yoast_head":"<!-- This site is optimized with the Yoast SEO plugin v25.1 - https:\/\/yoast.com\/wordpress\/plugins\/seo\/ -->\n<title>Defensor del Pueblo exhorta al Estado a consolidar un plan para liberar a ni\u00f1os en el VRAE<\/title>\n<meta name=\"description\" content=\"Portal de noticias del Per\u00fa sobre el transporte a\u00e9reo, aviaci\u00f3n, turismo, hoteleria, actualidad.\" \/>\n<meta name=\"robots\" content=\"index, follow, max-snippet:-1, max-image-preview:large, max-video-preview:-1\" \/>\n<link rel=\"canonical\" href=\"https:\/\/aeronoticias.com.pe\/noticiero\/politica\/defensor-del-pueblo-exhorta-al-estado-a-consolidar-un-plan-para-liberar-a-ninos-en-el-vrae\/\" \/>\n<meta property=\"og:locale\" content=\"es_ES\" \/>\n<meta property=\"og:type\" content=\"article\" \/>\n<meta property=\"og:title\" content=\"Defensor del Pueblo exhorta al Estado a consolidar un plan para liberar a ni\u00f1os en el VRAE\" \/>\n<meta property=\"og:description\" content=\"Portal de noticias del Per\u00fa sobre el transporte a\u00e9reo, aviaci\u00f3n, turismo, hoteleria, actualidad.\" \/>\n<meta property=\"og:url\" content=\"https:\/\/aeronoticias.com.pe\/noticiero\/politica\/defensor-del-pueblo-exhorta-al-estado-a-consolidar-un-plan-para-liberar-a-ninos-en-el-vrae\/\" \/>\n<meta property=\"og:site_name\" content=\"Aeronoticias.com.pe\" \/>\n<meta property=\"article:publisher\" content=\"https:\/\/www.facebook.com\/Aeronoticias.com.pe\/\" \/>\n<meta property=\"article:published_time\" content=\"2012-04-28T19:54:47+00:00\" \/>\n<meta name=\"author\" content=\"Redacci\u00f3n Aeronoticias\" \/>\n<meta name=\"twitter:card\" content=\"summary_large_image\" \/>\n<meta name=\"twitter:creator\" content=\"@aeronoticias\" \/>\n<meta name=\"twitter:site\" content=\"@aeronoticias\" \/>\n<meta name=\"twitter:label1\" content=\"Escrito por\" \/>\n\t<meta name=\"twitter:data1\" content=\"Redacci\u00f3n Aeronoticias\" \/>\n\t<meta name=\"twitter:label2\" content=\"Tiempo de lectura\" \/>\n\t<meta name=\"twitter:data2\" content=\"1 minuto\" \/>\n<script type=\"application\/ld+json\" class=\"yoast-schema-graph\">{\"@context\":\"https:\/\/schema.org\",\"@graph\":[{\"@type\":\"WebPage\",\"@id\":\"https:\/\/aeronoticias.com.pe\/noticiero\/politica\/defensor-del-pueblo-exhorta-al-estado-a-consolidar-un-plan-para-liberar-a-ninos-en-el-vrae\/\",\"url\":\"https:\/\/aeronoticias.com.pe\/noticiero\/politica\/defensor-del-pueblo-exhorta-al-estado-a-consolidar-un-plan-para-liberar-a-ninos-en-el-vrae\/\",\"name\":\"Defensor del Pueblo exhorta al Estado a consolidar un plan para liberar a ni\u00f1os en el VRAE\",\"isPartOf\":{\"@id\":\"https:\/\/aeronoticias.com.pe\/noticiero\/#website\"},\"datePublished\":\"2012-04-28T19:54:47+00:00\",\"author\":{\"@id\":\"https:\/\/aeronoticias.com.pe\/noticiero\/#\/schema\/person\/fc1e5d578f4b62ba1cf7ac2bba1170a0\"},\"description\":\"Portal de noticias del Per\u00fa sobre el transporte a\u00e9reo, aviaci\u00f3n, turismo, hoteleria, actualidad.\",\"breadcrumb\":{\"@id\":\"https:\/\/aeronoticias.com.pe\/noticiero\/politica\/defensor-del-pueblo-exhorta-al-estado-a-consolidar-un-plan-para-liberar-a-ninos-en-el-vrae\/#breadcrumb\"},\"inLanguage\":\"es\",\"potentialAction\":[{\"@type\":\"ReadAction\",\"target\":[\"https:\/\/aeronoticias.com.pe\/noticiero\/politica\/defensor-del-pueblo-exhorta-al-estado-a-consolidar-un-plan-para-liberar-a-ninos-en-el-vrae\/\"]}]},{\"@type\":\"BreadcrumbList\",\"@id\":\"https:\/\/aeronoticias.com.pe\/noticiero\/politica\/defensor-del-pueblo-exhorta-al-estado-a-consolidar-un-plan-para-liberar-a-ninos-en-el-vrae\/#breadcrumb\",\"itemListElement\":[{\"@type\":\"ListItem\",\"position\":1,\"name\":\"Portada\",\"item\":\"https:\/\/aeronoticias.com.pe\/noticiero\/\"},{\"@type\":\"ListItem\",\"position\":2,\"name\":\"Defensor del Pueblo exhorta al Estado a consolidar un plan para liberar a ni\u00f1os en el VRAE\"}]},{\"@type\":\"WebSite\",\"@id\":\"https:\/\/aeronoticias.com.pe\/noticiero\/#website\",\"url\":\"https:\/\/aeronoticias.com.pe\/noticiero\/\",\"name\":\"Aeronoticias.com.pe\",\"description\":\"Noticias de tranporte aereo, turismo, hoteles, gastronomia, actualidad, internacional\",\"potentialAction\":[{\"@type\":\"SearchAction\",\"target\":{\"@type\":\"EntryPoint\",\"urlTemplate\":\"https:\/\/aeronoticias.com.pe\/noticiero\/?s={search_term_string}\"},\"query-input\":{\"@type\":\"PropertyValueSpecification\",\"valueRequired\":true,\"valueName\":\"search_term_string\"}}],\"inLanguage\":\"es\"},{\"@type\":\"Person\",\"@id\":\"https:\/\/aeronoticias.com.pe\/noticiero\/#\/schema\/person\/fc1e5d578f4b62ba1cf7ac2bba1170a0\",\"name\":\"Redacci\u00f3n Aeronoticias\",\"url\":\"https:\/\/aeronoticias.com.pe\/noticiero\/author\/piloto\/\"}]}<\/script>\n<!-- \/ Yoast SEO plugin. -->","yoast_head_json":{"title":"Defensor del Pueblo exhorta al Estado a consolidar un plan para liberar a ni\u00f1os en el VRAE","description":"Portal de noticias del Per\u00fa sobre el transporte a\u00e9reo, aviaci\u00f3n, turismo, hoteleria, actualidad.","robots":{"index":"index","follow":"follow","max-snippet":"max-snippet:-1","max-image-preview":"max-image-preview:large","max-video-preview":"max-video-preview:-1"},"canonical":"https:\/\/aeronoticias.com.pe\/noticiero\/politica\/defensor-del-pueblo-exhorta-al-estado-a-consolidar-un-plan-para-liberar-a-ninos-en-el-vrae\/","og_locale":"es_ES","og_type":"article","og_title":"Defensor del Pueblo exhorta al Estado a consolidar un plan para liberar a ni\u00f1os en el VRAE","og_description":"Portal de noticias del Per\u00fa sobre el transporte a\u00e9reo, aviaci\u00f3n, turismo, hoteleria, actualidad.","og_url":"https:\/\/aeronoticias.com.pe\/noticiero\/politica\/defensor-del-pueblo-exhorta-al-estado-a-consolidar-un-plan-para-liberar-a-ninos-en-el-vrae\/","og_site_name":"Aeronoticias.com.pe","article_publisher":"https:\/\/www.facebook.com\/Aeronoticias.com.pe\/","article_published_time":"2012-04-28T19:54:47+00:00","author":"Redacci\u00f3n Aeronoticias","twitter_card":"summary_large_image","twitter_creator":"@aeronoticias","twitter_site":"@aeronoticias","twitter_misc":{"Escrito por":"Redacci\u00f3n Aeronoticias","Tiempo de lectura":"1 minuto"},"schema":{"@context":"https:\/\/schema.org","@graph":[{"@type":"WebPage","@id":"https:\/\/aeronoticias.com.pe\/noticiero\/politica\/defensor-del-pueblo-exhorta-al-estado-a-consolidar-un-plan-para-liberar-a-ninos-en-el-vrae\/","url":"https:\/\/aeronoticias.com.pe\/noticiero\/politica\/defensor-del-pueblo-exhorta-al-estado-a-consolidar-un-plan-para-liberar-a-ninos-en-el-vrae\/","name":"Defensor del Pueblo exhorta al Estado a consolidar un plan para liberar a ni\u00f1os en el VRAE","isPartOf":{"@id":"https:\/\/aeronoticias.com.pe\/noticiero\/#website"},"datePublished":"2012-04-28T19:54:47+00:00","author":{"@id":"https:\/\/aeronoticias.com.pe\/noticiero\/#\/schema\/person\/fc1e5d578f4b62ba1cf7ac2bba1170a0"},"description":"Portal de noticias del Per\u00fa sobre el transporte a\u00e9reo, aviaci\u00f3n, turismo, hoteleria, actualidad.","breadcrumb":{"@id":"https:\/\/aeronoticias.com.pe\/noticiero\/politica\/defensor-del-pueblo-exhorta-al-estado-a-consolidar-un-plan-para-liberar-a-ninos-en-el-vrae\/#breadcrumb"},"inLanguage":"es","potentialAction":[{"@type":"ReadAction","target":["https:\/\/aeronoticias.com.pe\/noticiero\/politica\/defensor-del-pueblo-exhorta-al-estado-a-consolidar-un-plan-para-liberar-a-ninos-en-el-vrae\/"]}]},{"@type":"BreadcrumbList","@id":"https:\/\/aeronoticias.com.pe\/noticiero\/politica\/defensor-del-pueblo-exhorta-al-estado-a-consolidar-un-plan-para-liberar-a-ninos-en-el-vrae\/#breadcrumb","itemListElement":[{"@type":"ListItem","position":1,"name":"Portada","item":"https:\/\/aeronoticias.com.pe\/noticiero\/"},{"@type":"ListItem","position":2,"name":"Defensor del Pueblo exhorta al Estado a consolidar un plan para liberar a ni\u00f1os en el VRAE"}]},{"@type":"WebSite","@id":"https:\/\/aeronoticias.com.pe\/noticiero\/#website","url":"https:\/\/aeronoticias.com.pe\/noticiero\/","name":"Aeronoticias.com.pe","description":"Noticias de tranporte aereo, turismo, hoteles, gastronomia, actualidad, internacional","potentialAction":[{"@type":"SearchAction","target":{"@type":"EntryPoint","urlTemplate":"https:\/\/aeronoticias.com.pe\/noticiero\/?s={search_term_string}"},"query-input":{"@type":"PropertyValueSpecification","valueRequired":true,"valueName":"search_term_string"}}],"inLanguage":"es"},{"@type":"Person","@id":"https:\/\/aeronoticias.com.pe\/noticiero\/#\/schema\/person\/fc1e5d578f4b62ba1cf7ac2bba1170a0","name":"Redacci\u00f3n Aeronoticias","url":"https:\/\/aeronoticias.com.pe\/noticiero\/author\/piloto\/"}]}},"_links":{"self":[{"href":"https:\/\/aeronoticias.com.pe\/noticiero\/wp-json\/wp\/v2\/posts\/25823","targetHints":{"allow":["GET"]}}],"collection":[{"href":"https:\/\/aeronoticias.com.pe\/noticiero\/wp-json\/wp\/v2\/posts"}],"about":[{"href":"https:\/\/aeronoticias.com.pe\/noticiero\/wp-json\/wp\/v2\/types\/post"}],"author":[{"embeddable":true,"href":"https:\/\/aeronoticias.com.pe\/noticiero\/wp-json\/wp\/v2\/users\/1"}],"replies":[{"embeddable":true,"href":"https:\/\/aeronoticias.com.pe\/noticiero\/wp-json\/wp\/v2\/comments?post=25823"}],"version-history":[{"count":0,"href":"https:\/\/aeronoticias.com.pe\/noticiero\/wp-json\/wp\/v2\/posts\/25823\/revisions"}],"wp:attachment":[{"href":"https:\/\/aeronoticias.com.pe\/noticiero\/wp-json\/wp\/v2\/media?parent=25823"}],"wp:term":[{"taxonomy":"category","embeddable":true,"href":"https:\/\/aeronoticias.com.pe\/noticiero\/wp-json\/wp\/v2\/categories?post=25823"},{"taxonomy":"post_tag","embeddable":true,"href":"https:\/\/aeronoticias.com.pe\/noticiero\/wp-json\/wp\/v2\/tags?post=25823"}],"curies":[{"name":"wp","href":"https:\/\/api.w.org\/{rel}","templated":true}]}}