{"id":261,"date":"2008-08-18T22:02:18","date_gmt":"2008-08-18T22:02:18","guid":{"rendered":"http:\/\/desarrollo.mcvicious.com\/aero2020\/2008\/08\/18\/abogados-norteamericanos-habr-ejercido-ilegalmente-tras-accidente-ao-helinkartinto-en-per\/"},"modified":"2008-08-18T22:02:18","modified_gmt":"2008-08-18T22:02:18","slug":"abogados-norteamericanos-habr-ejercido-ilegalmente-tras-accidente-ao-helinkartinto-en-per","status":"publish","type":"post","link":"https:\/\/aeronoticias.com.pe\/noticiero\/transporte-aereo\/internacional\/abogados-norteamericanos-habr-ejercido-ilegalmente-tras-accidente-ao-helinkartinto-en-per\/","title":{"rendered":"Abogados norteamericanos habr"},"content":{"rendered":"<blockquote>\n<p style=\"font-size: 12px; color: #003a75; font-style: normal; font-family: Arial,Helvetica,sans-serif\" align=\"justify\">El 11 de marzo pasado, el helic&oacute;ptero Bell 412 de la empresa peruana Helinka se estrell&oacute; en el cerro MamaJuana, distrito de Catache, provincia de Santa Cruz, Cajamarca, falleciendo los 10 ocupantes que iban a bordo de la nave.<\/p>\n<p style=\"font-size: 12px; color: #003a75; font-family: Arial,Helvetica,sans-serif\" align=\"justify\">Como pilotos al mando estaban Miguel Max Castro Guti&eacute;rrez y Alan Porter Crann y como pasajeros: Christian Quereval&uacute;, Manuel Gonzales Huam&aacute;n, Jos&eacute; Salda&ntilde;a, Juan Garc&iacute;a, John V&aacute;squez, Peter Liza, V&iacute;ctor Espinoza y Fernando N&uacute;&ntilde;ez del Prado.<\/p>\n<p align=\"center\"><strong style=\"font-size: 12px; color: #003a75; font-family: Arial,Helvetica,sans-serif\">Abogados llegaron al Per&uacute; con visa de turista<\/strong><\/p>\n<p style=\"font-size: 12px; color: #003a75; font-family: Arial,Helvetica,sans-serif\" align=\"justify\">Los deudos del pasajero Manuel Gonzales Huam&aacute;n (51), quien era natural de Huancayo, departamento de Jun&iacute;n, y trabajaba en el proyecto minero La Granja-R&iacute;o Tinto, llegaron a Lima, y se comunicaron con <strong>Aeronoticias<\/strong> y pusieron en conocimiento de las autoridades competentes que los abogados norteamericanos de la firma &ndash; Brent Coon and Associates BCA- Carmenza Perdomo y Ladd Sanger, Ricardo M. Mart&iacute;nez-Cid del Estudio Podhurtst Orseck, y de un supuesto abogado Luis Marroqu&iacute;n y Arthur E. Ballen de Nueva Jersey, EE.UU. y un abogado ingl&eacute;s habr&iacute;an violado las leyes migratorias del Per&uacute;.<\/p>\n<div style=\"text-align: center\"><img loading=\"lazy\" decoding=\"async\" src=\"http:\/\/aeronoticias.com.pe\/fotonoticias\/agosto\/riotinto1.JPG\" alt=\" \" title=\"Los deudos y herederos de Manuel Gonzales Huam&aacute;n denunciaron presiones de abogados norteamericanos en el caso Helinka \/ R&iacute;o Tinto. (Foto: Efr&eacute;n Vidal-Aeronoticias)\" hspace=\"5\" vspace=\"5\" width=\"200\" height=\"150\" \/><\/div>\n<p style=\"font-weight: normal; font-size: 12px; color: #003a75; font-family: Arial,Helvetica,sans-serif; font-variant: normal\" align=\"center\"><strong>Abogados intentaron realizar operaciones comerciales<\/strong>&nbsp;<\/p>\n<p style=\"font-size: 12px; color: #003a75; font-family: Arial,Helvetica,sans-serif\" align=\"justify\">Aseguran que los abogados norteamericanos han estado realizado o intentado realizar en el Per&uacute; operaciones comerciales &ndash; contratos &ndash; con las familias herederos de las v&iacute;ctimas sin contar con la visa de negocio que exige la ley migratoria nacional, y lo que es m&aacute;s grave, pretendiendo ejercer la abogac&iacute;a en el Per&uacute; y sin contar con habilitaci&oacute;n de alg&uacute;n Colegio de Abogados del pa&iacute;s.<\/p>\n<p style=\"font-size: 12px; color: #003a75; font-family: Arial,Helvetica,sans-serif\" align=\"justify\">Mar&iacute;a Huam&aacute;n P&aacute;ucar de Gonzales, Sergio Gonzales Huam&aacute;n, Manuel Gonzales Huam&aacute;n, Edwin Gonzales Huam&aacute;n y Mayda Josefina Gonzales Huam&aacute;n son los deudos que suscriben un documento que obra en manos de <strong>Aeronoticias<\/strong>.<\/p>\n<p style=\"font-size: 12px; color: #003a75; font-family: Arial,Helvetica,sans-serif\" align=\"center\">&nbsp;<\/p>\n<\/blockquote>\n<p> <!--more--> <\/p>\n<blockquote><p><strong>Presionados por los abogados norteamericanos<\/strong> <\/p>\n<p style=\"font-size: 12px; color: #003a75; font-family: Arial,Helvetica,sans-serif\" align=\"justify\">Mayda Gonzales Huam&aacute;n, hija de Manuel Gonzales, denunci&oacute; ante <strong>Aeronoticias<\/strong> que fueron presionados por estos abogados norteamericanos en julio pasado a fin de que contin&uacute;en con un proceso judicial en EE.UU. a pesar de haber llegado a una transacci&oacute;n extrajudicial con Helinka porque el accidente ocurri&oacute; en el Per&uacute; y se debi&oacute; a una falla humana y en el que no tiene nada que ver el fabricante del helic&oacute;ptero Bell o el arrendador Evergreen como le dijeron los estadounidenses.<\/p>\n<p style=\"font-size: 12px; color: #003a75; font-family: Arial,Helvetica,sans-serif\" align=\"justify\">Indic&oacute; que estos abogados, a trav&eacute;s de abogados peruanos, estaban pidiendo un adelanto del 20% de lo que obtuvieron ellos en la indemnizaci&oacute;n para seguir el proceso en EE.UU.<\/p>\n<div style=\"text-align: center\"><img loading=\"lazy\" decoding=\"async\" src=\"http:\/\/aeronoticias.com.pe\/fotonoticias\/agosto\/riotinto2.JPG\" alt=\" \" title=\"Deudos denuncian que abogados norteamericanos pretenden sorprender a familias peruanas ejerciendo il&iacute;citamente. (Foto: Efr&eacute;n Vidal-Aeronoticias)\" hspace=\"5\" vspace=\"5\" width=\"200\" height=\"150\" align=\"absMiddle\" \/><\/div>\n<div align=\"center\"><strong style=\"font-size: 12px; color: #003a75; font-family: Arial,Helvetica,sans-serif\">Es de competencia de la jurisdicci&oacute;n peruana<\/strong><\/div>\n<p style=\"font-size: 12px; color: #003a75; font-family: Arial,Helvetica,sans-serif\" align=\"justify\">Al respecto, el abogado defensor de los deudos inform&oacute; que este accidente de aviaci&oacute;n compete a la jurisdicci&oacute;n del Per&uacute; y de sus tribunales ya que ha sido falla humana y nada tiene que ver el fabricante del helic&oacute;ptero, la Bell, o el arrendador Evergreen y las familias por desconocimiento no saben que el caso prescribe a los dos a&ntilde;os y ning&uacute;n tribunal norteamericano le radicar&aacute; jurisdicci&oacute;n y que s&oacute;lo se trata de abogados sin escr&uacute;pulos que violando la ley peruana y sorprendiendo a nuestras autoridades pretenden negociar y cobrar una parte de la indemnizaci&oacute;n que les corresponde a los deudos.<\/p>\n<p align=\"center\"><strong style=\"font-size: 12px; color: #003a75; font-family: Arial,Helvetica,sans-serif\">Autoridades deben investigar este hecho<\/strong><\/p>\n<p style=\"font-size: 12px; color: #003a75; font-family: Arial,Helvetica,sans-serif\" align=\"justify\">Tambi&eacute;n, los deudos demandaron a las autoridades para que investiguen a estos abogados norteamericanos, ya que tienen conocimiento de que ha habido muchos casos en que desaparecen tras enga&ntilde;ar a incautas familias peruanas.<\/p>\n<p style=\"font-size: 12px; color: #003a75; font-family: Arial,Helvetica,sans-serif\" align=\"justify\">Este caso nos hacer recordar los casos de accidentes de aviaci&oacute;n de Faucett, AeroPer&uacute; y de Tans, donde las incautas familias peruanas, no tienen c&oacute;mo reclamarle a los abogados norteamericanos, y cu&aacute;ndo pretendan reclamar ante los tribunales peruanos pasan los dos a&ntilde;os de prescripci&oacute;n en materia de responsabilidad extracontractual y s&oacute;lo pueden reclamar por responsabilidad contractual.<\/p>\n<p style=\"font-size: 12px; color: #003a75; font-family: Arial,Helvetica,sans-serif\" align=\"justify\">En el mejor de los casos y tras siete a&ntilde;os de proceso civil, de acuerdo a la Ley de Aeron&aacute;utica Civil del Per&uacute; y su Reglamento, recibir&aacute;n US $70,000 cuya tercera parte se la quedar&aacute;n los abogados peruanos m&aacute;s los gastos, significar&aacute; un esfuerzo en vano y un perjuicio para estas familias.<\/p>\n<p style=\"font-size: 12px; color: #003a75; font-family: Arial,Helvetica,sans-serif\" align=\"justify\">&nbsp;<\/p>\n<div style=\"text-align: center\"><img loading=\"lazy\" decoding=\"async\" src=\"http:\/\/aeronoticias.com.pe\/fotonoticias\/agosto\/riotinto3.JPG\" alt=\" \" title=\"Deudos instan a las autoridades a investigar a abogados norteamericanos que pretender&iacute;an estafar a familias peruanas. (Foto: Efr&eacute;n Vidal-Aeronoticias)\" hspace=\"5\" vspace=\"5\" width=\"200\" height=\"150\" \/><\/div>\n<p><\/p>\n<p>&nbsp;<\/p>\n<p>&nbsp;<\/p>\n<\/blockquote>\n","protected":false},"excerpt":{"rendered":"<p>El 11 de marzo pasado, el helic&oacute;ptero Bell 412 de la empresa peruana Helinka se estrell&oacute; en el cerro MamaJuana, distrito de Catache, provincia de Santa Cruz, Cajamarca, falleciendo los 10 ocupantes que iban a bordo de la nave. Como pilotos al mando estaban Miguel Max Castro Guti&eacute;rrez y Alan Porter Crann y como pasajeros: [&hellip;]<\/p>\n","protected":false},"author":1,"featured_media":0,"comment_status":"open","ping_status":"open","sticky":false,"template":"","format":"standard","meta":{"tdm_status":"","tdm_grid_status":"","footnotes":""},"categories":[32],"tags":[],"class_list":{"0":"post-261","1":"post","2":"type-post","3":"status-publish","4":"format-standard","6":"category-internacional"},"yoast_head":"<!-- This site is optimized with the Yoast SEO plugin v25.1 - https:\/\/yoast.com\/wordpress\/plugins\/seo\/ -->\n<title>Abogados norteamericanos habr<\/title>\n<meta name=\"description\" content=\"Portal de noticias del Per\u00fa sobre el transporte a\u00e9reo, aviaci\u00f3n, turismo, hoteleria, actualidad.\" \/>\n<meta name=\"robots\" content=\"index, follow, max-snippet:-1, max-image-preview:large, max-video-preview:-1\" \/>\n<link rel=\"canonical\" href=\"https:\/\/aeronoticias.com.pe\/noticiero\/transporte-aereo\/internacional\/abogados-norteamericanos-habr-ejercido-ilegalmente-tras-accidente-ao-helinkartinto-en-per\/\" \/>\n<meta property=\"og:locale\" content=\"es_ES\" \/>\n<meta property=\"og:type\" content=\"article\" \/>\n<meta property=\"og:title\" content=\"Abogados norteamericanos habr\" \/>\n<meta property=\"og:description\" content=\"Portal de noticias del Per\u00fa sobre el transporte a\u00e9reo, aviaci\u00f3n, turismo, hoteleria, actualidad.\" \/>\n<meta property=\"og:url\" content=\"https:\/\/aeronoticias.com.pe\/noticiero\/transporte-aereo\/internacional\/abogados-norteamericanos-habr-ejercido-ilegalmente-tras-accidente-ao-helinkartinto-en-per\/\" \/>\n<meta property=\"og:site_name\" content=\"Aeronoticias.com.pe\" \/>\n<meta property=\"article:publisher\" content=\"https:\/\/www.facebook.com\/Aeronoticias.com.pe\/\" \/>\n<meta property=\"article:published_time\" content=\"2008-08-18T22:02:18+00:00\" \/>\n<meta property=\"og:image\" content=\"http:\/\/aeronoticias.com.pe\/fotonoticias\/agosto\/riotinto1.JPG\" \/>\n<meta name=\"author\" content=\"Redacci\u00f3n Aeronoticias\" \/>\n<meta name=\"twitter:card\" content=\"summary_large_image\" \/>\n<meta name=\"twitter:creator\" content=\"@aeronoticias\" \/>\n<meta name=\"twitter:site\" content=\"@aeronoticias\" \/>\n<meta name=\"twitter:label1\" content=\"Escrito por\" \/>\n\t<meta name=\"twitter:data1\" content=\"Redacci\u00f3n Aeronoticias\" \/>\n\t<meta name=\"twitter:label2\" content=\"Tiempo de lectura\" \/>\n\t<meta name=\"twitter:data2\" content=\"4 minutos\" \/>\n<script type=\"application\/ld+json\" class=\"yoast-schema-graph\">{\"@context\":\"https:\/\/schema.org\",\"@graph\":[{\"@type\":\"WebPage\",\"@id\":\"https:\/\/aeronoticias.com.pe\/noticiero\/transporte-aereo\/internacional\/abogados-norteamericanos-habr-ejercido-ilegalmente-tras-accidente-ao-helinkartinto-en-per\/\",\"url\":\"https:\/\/aeronoticias.com.pe\/noticiero\/transporte-aereo\/internacional\/abogados-norteamericanos-habr-ejercido-ilegalmente-tras-accidente-ao-helinkartinto-en-per\/\",\"name\":\"Abogados norteamericanos habr\",\"isPartOf\":{\"@id\":\"https:\/\/aeronoticias.com.pe\/noticiero\/#website\"},\"primaryImageOfPage\":{\"@id\":\"https:\/\/aeronoticias.com.pe\/noticiero\/transporte-aereo\/internacional\/abogados-norteamericanos-habr-ejercido-ilegalmente-tras-accidente-ao-helinkartinto-en-per\/#primaryimage\"},\"image\":{\"@id\":\"https:\/\/aeronoticias.com.pe\/noticiero\/transporte-aereo\/internacional\/abogados-norteamericanos-habr-ejercido-ilegalmente-tras-accidente-ao-helinkartinto-en-per\/#primaryimage\"},\"thumbnailUrl\":\"http:\/\/aeronoticias.com.pe\/fotonoticias\/agosto\/riotinto1.JPG\",\"datePublished\":\"2008-08-18T22:02:18+00:00\",\"author\":{\"@id\":\"https:\/\/aeronoticias.com.pe\/noticiero\/#\/schema\/person\/fc1e5d578f4b62ba1cf7ac2bba1170a0\"},\"description\":\"Portal de noticias del Per\u00fa sobre el transporte a\u00e9reo, aviaci\u00f3n, turismo, hoteleria, actualidad.\",\"breadcrumb\":{\"@id\":\"https:\/\/aeronoticias.com.pe\/noticiero\/transporte-aereo\/internacional\/abogados-norteamericanos-habr-ejercido-ilegalmente-tras-accidente-ao-helinkartinto-en-per\/#breadcrumb\"},\"inLanguage\":\"es\",\"potentialAction\":[{\"@type\":\"ReadAction\",\"target\":[\"https:\/\/aeronoticias.com.pe\/noticiero\/transporte-aereo\/internacional\/abogados-norteamericanos-habr-ejercido-ilegalmente-tras-accidente-ao-helinkartinto-en-per\/\"]}]},{\"@type\":\"ImageObject\",\"inLanguage\":\"es\",\"@id\":\"https:\/\/aeronoticias.com.pe\/noticiero\/transporte-aereo\/internacional\/abogados-norteamericanos-habr-ejercido-ilegalmente-tras-accidente-ao-helinkartinto-en-per\/#primaryimage\",\"url\":\"http:\/\/aeronoticias.com.pe\/fotonoticias\/agosto\/riotinto1.JPG\",\"contentUrl\":\"http:\/\/aeronoticias.com.pe\/fotonoticias\/agosto\/riotinto1.JPG\"},{\"@type\":\"BreadcrumbList\",\"@id\":\"https:\/\/aeronoticias.com.pe\/noticiero\/transporte-aereo\/internacional\/abogados-norteamericanos-habr-ejercido-ilegalmente-tras-accidente-ao-helinkartinto-en-per\/#breadcrumb\",\"itemListElement\":[{\"@type\":\"ListItem\",\"position\":1,\"name\":\"Portada\",\"item\":\"https:\/\/aeronoticias.com.pe\/noticiero\/\"},{\"@type\":\"ListItem\",\"position\":2,\"name\":\"Abogados norteamericanos habr\"}]},{\"@type\":\"WebSite\",\"@id\":\"https:\/\/aeronoticias.com.pe\/noticiero\/#website\",\"url\":\"https:\/\/aeronoticias.com.pe\/noticiero\/\",\"name\":\"Aeronoticias.com.pe\",\"description\":\"Noticias de tranporte aereo, turismo, hoteles, gastronomia, actualidad, internacional\",\"potentialAction\":[{\"@type\":\"SearchAction\",\"target\":{\"@type\":\"EntryPoint\",\"urlTemplate\":\"https:\/\/aeronoticias.com.pe\/noticiero\/?s={search_term_string}\"},\"query-input\":{\"@type\":\"PropertyValueSpecification\",\"valueRequired\":true,\"valueName\":\"search_term_string\"}}],\"inLanguage\":\"es\"},{\"@type\":\"Person\",\"@id\":\"https:\/\/aeronoticias.com.pe\/noticiero\/#\/schema\/person\/fc1e5d578f4b62ba1cf7ac2bba1170a0\",\"name\":\"Redacci\u00f3n Aeronoticias\",\"url\":\"https:\/\/aeronoticias.com.pe\/noticiero\/author\/piloto\/\"}]}<\/script>\n<!-- \/ Yoast SEO plugin. -->","yoast_head_json":{"title":"Abogados norteamericanos habr","description":"Portal de noticias del Per\u00fa sobre el transporte a\u00e9reo, aviaci\u00f3n, turismo, hoteleria, actualidad.","robots":{"index":"index","follow":"follow","max-snippet":"max-snippet:-1","max-image-preview":"max-image-preview:large","max-video-preview":"max-video-preview:-1"},"canonical":"https:\/\/aeronoticias.com.pe\/noticiero\/transporte-aereo\/internacional\/abogados-norteamericanos-habr-ejercido-ilegalmente-tras-accidente-ao-helinkartinto-en-per\/","og_locale":"es_ES","og_type":"article","og_title":"Abogados norteamericanos habr","og_description":"Portal de noticias del Per\u00fa sobre el transporte a\u00e9reo, aviaci\u00f3n, turismo, hoteleria, actualidad.","og_url":"https:\/\/aeronoticias.com.pe\/noticiero\/transporte-aereo\/internacional\/abogados-norteamericanos-habr-ejercido-ilegalmente-tras-accidente-ao-helinkartinto-en-per\/","og_site_name":"Aeronoticias.com.pe","article_publisher":"https:\/\/www.facebook.com\/Aeronoticias.com.pe\/","article_published_time":"2008-08-18T22:02:18+00:00","og_image":[{"url":"http:\/\/aeronoticias.com.pe\/fotonoticias\/agosto\/riotinto1.JPG","type":"","width":"","height":""}],"author":"Redacci\u00f3n Aeronoticias","twitter_card":"summary_large_image","twitter_creator":"@aeronoticias","twitter_site":"@aeronoticias","twitter_misc":{"Escrito por":"Redacci\u00f3n Aeronoticias","Tiempo de lectura":"4 minutos"},"schema":{"@context":"https:\/\/schema.org","@graph":[{"@type":"WebPage","@id":"https:\/\/aeronoticias.com.pe\/noticiero\/transporte-aereo\/internacional\/abogados-norteamericanos-habr-ejercido-ilegalmente-tras-accidente-ao-helinkartinto-en-per\/","url":"https:\/\/aeronoticias.com.pe\/noticiero\/transporte-aereo\/internacional\/abogados-norteamericanos-habr-ejercido-ilegalmente-tras-accidente-ao-helinkartinto-en-per\/","name":"Abogados norteamericanos habr","isPartOf":{"@id":"https:\/\/aeronoticias.com.pe\/noticiero\/#website"},"primaryImageOfPage":{"@id":"https:\/\/aeronoticias.com.pe\/noticiero\/transporte-aereo\/internacional\/abogados-norteamericanos-habr-ejercido-ilegalmente-tras-accidente-ao-helinkartinto-en-per\/#primaryimage"},"image":{"@id":"https:\/\/aeronoticias.com.pe\/noticiero\/transporte-aereo\/internacional\/abogados-norteamericanos-habr-ejercido-ilegalmente-tras-accidente-ao-helinkartinto-en-per\/#primaryimage"},"thumbnailUrl":"http:\/\/aeronoticias.com.pe\/fotonoticias\/agosto\/riotinto1.JPG","datePublished":"2008-08-18T22:02:18+00:00","author":{"@id":"https:\/\/aeronoticias.com.pe\/noticiero\/#\/schema\/person\/fc1e5d578f4b62ba1cf7ac2bba1170a0"},"description":"Portal de noticias del Per\u00fa sobre el transporte a\u00e9reo, aviaci\u00f3n, turismo, hoteleria, actualidad.","breadcrumb":{"@id":"https:\/\/aeronoticias.com.pe\/noticiero\/transporte-aereo\/internacional\/abogados-norteamericanos-habr-ejercido-ilegalmente-tras-accidente-ao-helinkartinto-en-per\/#breadcrumb"},"inLanguage":"es","potentialAction":[{"@type":"ReadAction","target":["https:\/\/aeronoticias.com.pe\/noticiero\/transporte-aereo\/internacional\/abogados-norteamericanos-habr-ejercido-ilegalmente-tras-accidente-ao-helinkartinto-en-per\/"]}]},{"@type":"ImageObject","inLanguage":"es","@id":"https:\/\/aeronoticias.com.pe\/noticiero\/transporte-aereo\/internacional\/abogados-norteamericanos-habr-ejercido-ilegalmente-tras-accidente-ao-helinkartinto-en-per\/#primaryimage","url":"http:\/\/aeronoticias.com.pe\/fotonoticias\/agosto\/riotinto1.JPG","contentUrl":"http:\/\/aeronoticias.com.pe\/fotonoticias\/agosto\/riotinto1.JPG"},{"@type":"BreadcrumbList","@id":"https:\/\/aeronoticias.com.pe\/noticiero\/transporte-aereo\/internacional\/abogados-norteamericanos-habr-ejercido-ilegalmente-tras-accidente-ao-helinkartinto-en-per\/#breadcrumb","itemListElement":[{"@type":"ListItem","position":1,"name":"Portada","item":"https:\/\/aeronoticias.com.pe\/noticiero\/"},{"@type":"ListItem","position":2,"name":"Abogados norteamericanos habr"}]},{"@type":"WebSite","@id":"https:\/\/aeronoticias.com.pe\/noticiero\/#website","url":"https:\/\/aeronoticias.com.pe\/noticiero\/","name":"Aeronoticias.com.pe","description":"Noticias de tranporte aereo, turismo, hoteles, gastronomia, actualidad, internacional","potentialAction":[{"@type":"SearchAction","target":{"@type":"EntryPoint","urlTemplate":"https:\/\/aeronoticias.com.pe\/noticiero\/?s={search_term_string}"},"query-input":{"@type":"PropertyValueSpecification","valueRequired":true,"valueName":"search_term_string"}}],"inLanguage":"es"},{"@type":"Person","@id":"https:\/\/aeronoticias.com.pe\/noticiero\/#\/schema\/person\/fc1e5d578f4b62ba1cf7ac2bba1170a0","name":"Redacci\u00f3n Aeronoticias","url":"https:\/\/aeronoticias.com.pe\/noticiero\/author\/piloto\/"}]}},"_links":{"self":[{"href":"https:\/\/aeronoticias.com.pe\/noticiero\/wp-json\/wp\/v2\/posts\/261","targetHints":{"allow":["GET"]}}],"collection":[{"href":"https:\/\/aeronoticias.com.pe\/noticiero\/wp-json\/wp\/v2\/posts"}],"about":[{"href":"https:\/\/aeronoticias.com.pe\/noticiero\/wp-json\/wp\/v2\/types\/post"}],"author":[{"embeddable":true,"href":"https:\/\/aeronoticias.com.pe\/noticiero\/wp-json\/wp\/v2\/users\/1"}],"replies":[{"embeddable":true,"href":"https:\/\/aeronoticias.com.pe\/noticiero\/wp-json\/wp\/v2\/comments?post=261"}],"version-history":[{"count":0,"href":"https:\/\/aeronoticias.com.pe\/noticiero\/wp-json\/wp\/v2\/posts\/261\/revisions"}],"wp:attachment":[{"href":"https:\/\/aeronoticias.com.pe\/noticiero\/wp-json\/wp\/v2\/media?parent=261"}],"wp:term":[{"taxonomy":"category","embeddable":true,"href":"https:\/\/aeronoticias.com.pe\/noticiero\/wp-json\/wp\/v2\/categories?post=261"},{"taxonomy":"post_tag","embeddable":true,"href":"https:\/\/aeronoticias.com.pe\/noticiero\/wp-json\/wp\/v2\/tags?post=261"}],"curies":[{"name":"wp","href":"https:\/\/api.w.org\/{rel}","templated":true}]}}