{"id":262,"date":"2008-08-19T10:20:35","date_gmt":"2008-08-19T10:20:35","guid":{"rendered":"http:\/\/desarrollo.mcvicious.com\/aero2020\/2008\/08\/19\/adex-cae-exportacie-confecciones-por-enfriamiento-en-economde-eeuu\/"},"modified":"2008-08-19T10:20:35","modified_gmt":"2008-08-19T10:20:35","slug":"adex-cae-exportacie-confecciones-por-enfriamiento-en-economde-eeuu","status":"publish","type":"post","link":"https:\/\/aeronoticias.com.pe\/noticiero\/economia\/adex-cae-exportacie-confecciones-por-enfriamiento-en-economde-eeuu\/","title":{"rendered":"ADEX: Cae exportaci"},"content":{"rendered":"<blockquote>\n<p style=\"font-size: 12px; color: #003a75; font-family: Arial, Helvetica, sans-serif\" align=\"justify\">Para el presidente del Comit&eacute; de Confecciones de ADEX, Pedro Gamio, resulta imprescindible que nuestras autoridades tomen las medidas necesarias para evitar que se afecte un sector tan intensivo en mano de obra,<\/p>\n<p style=\"font-size: 12px; color: #003a75; font-family: Arial, Helvetica, sans-serif\" align=\"justify\">Se&ntilde;al&oacute; que se necesita diversificar destinos y en ese sentido M&eacute;xico es crucial para que consecuencias no afecten a un subsector intensivo en mano de obra como este.<\/p>\n<p style=\"font-size: 12px; color: #003a75; font-family: Arial, Helvetica, sans-serif\" align=\"justify\">Afirm&oacute; que la situaci&oacute;n est&aacute; &quot;cada vez m&aacute;s fea&quot; no solo porque disminuyeron los pedidos de ese pa&iacute;s, sino porque los precios tambi&eacute;n bajaron.<\/p>\n<div style=\"text-align: center\"><img loading=\"lazy\" decoding=\"async\" src=\"http:\/\/aeronoticias.com.pe\/fotonoticias\/agosto\/tetiles19.jpg\" alt=\" \" title=\"ADEX: Cae exportaci&oacute;n de confecciones por enfriamiento en econom&iacute;a de EE.UU. (Foto: Internet)\" width=\"248\" height=\"180\" \/><\/div>\n<\/blockquote>\n<p> <!--more--> <\/p>\n<blockquote style=\"font-size: 12px; color: #003a75; font-family: Arial, Helvetica, sans-serif\">\n<p style=\"font-size: 12px; color: #003a75; font-family: Arial, Helvetica, sans-serif\" align=\"center\"><strong>En junio ca&iacute;da fue de -15%<\/strong><\/p>\n<p style=\"font-size: 12px; color: #003a75; font-family: Arial, Helvetica, sans-serif\" align=\"justify\">Aunque hay quienes todav&iacute;a dudan de las secuelas que podr&iacute;a dejar el enfriamiento de la econom&iacute;a estadounidense en nuestro pa&iacute;s, sus efectos negativos empezaron a sentirse en el desempe&ntilde;o de las exportaciones del subsector confecciones, al punto que en junio &uacute;ltimo registr&oacute; una ca&iacute;da de -15% en los pedidos provenientes de nuestro primer destino comercial, situaci&oacute;n que se repetir&iacute;a en los pr&oacute;ximos meses, con lo que el 2008 cerrar&iacute;a con cifras en rojo, alert&oacute; el presidente del Comit&eacute; de Confecciones de la Asociaci&oacute;n de Exportadores (ADEX), Pedro Gamio Palacio.<\/p>\n<p style=\"font-size: 12px; color: #003a75; font-family: Arial, Helvetica, sans-serif\" align=\"justify\">Explic&oacute; que si bien no se cuenta con las cifras de julio, las empresas informaron de un descenso en los pedidos de exportaci&oacute;n desde junio pasado, lo que es una clara muestra de lo que est&aacute; por venir si no se toman las medidas correctivas del caso. &quot;Sabemos que en junio de este a&ntilde;o, contrastado con junio del 2007, las exportaciones a EE.UU. cayeron en -15%, y si contin&uacute;a esa tendencia podr&iacute;a haber una reducci&oacute;n importante a fin de a&ntilde;o porque en el primer semestre se ha crecido apenas 4%&quot;, mencion&oacute; <\/p>\n<p style=\"font-size: 12px; color: #003a75; font-family: Arial, Helvetica, sans-serif\" align=\"center\"><strong>&quot;Situaci&oacute;n fea&quot;<\/strong><\/p>\n<p style=\"font-size: 12px; color: #003a75; font-family: Arial, Helvetica, sans-serif\" align=\"justify\">Pedro Gamio afirm&oacute; que la situaci&oacute;n est&aacute; &quot;cada vez m&aacute;s fea&quot; no solo porque disminuyeron los pedidos de ese pa&iacute;s, sino porque los precios tambi&eacute;n bajaron, lo que podr&iacute;a originar que no se renueven los contratos a los trabajadores y a todas las peque&ntilde;as empresas&nbsp; que son sub contratadas para algunas labores espec&iacute;ficas.&nbsp; &quot;Ese es un mal s&iacute;ntoma, la situaci&oacute;n no pinta bien, sobre todo porque desde septiembre los americanos podr&aacute;n importar desde China sin restricci&oacute;n de cuotas, lo que tambi&eacute;n jugar&aacute; en nuestra contra&quot;, afirm&oacute;.<\/p>\n<p style=\"font-size: 12px; color: #003a75; font-family: Arial, Helvetica, sans-serif\" align=\"justify\">Y es que seg&uacute;n el sistema de inteligencia comercial ADEX DATA TRADE, si bien en el acumulado enero-junio las exportaciones de confecciones totales registraron un crecimiento de 36%, pasando de US$ 578 millones 882 mil a US$ 786 millones 965 mil, los env&iacute;os a EE.UU. presentaron una tasa de crecimiento acumulado de tan s&oacute;lo 4% (de US$ 393 millones 370 mil a US$ 408 millones 332 mil), situaci&oacute;n que empeor&oacute; en junio &uacute;ltimo cuando la ca&iacute;da super&oacute; los dos d&iacute;gitos (&ndash;15%).<\/p>\n<p style=\"font-size: 12px; color: #003a75; font-family: Arial, Helvetica, sans-serif\" align=\"justify\">Record&oacute; que actualmente los env&iacute;os de prendas de vestir est&aacute;n concentrados principalmente en EE.UU., (represent&oacute; el 59% del total en el 2007) y en segundo lugar Venezuela (42%). Debido a esto, las exportaciones de confecciones est&aacute;n expuestas en una mayor medida a la situaci&oacute;n econ&oacute;mica de esos dos principales mercados, por lo que&nbsp; resulta imprescindible promover la diversificaci&oacute;n de los destinos de las prendas de vestir. <\/p>\n<p align=\"center\"><strong style=\"font-size: 12px; color: #003a75; font-family: Arial, Helvetica, sans-serif\">Medidas salvadoras<\/strong><\/p>\n<p align=\"justify\">En ese sentido, para Pedro Gamio resulta imprescindible que nuestras autoridades tomen las medidas correctivas del caso para evitar que se afecte a un sector tan intensivo en mano de obra, el mismo que en la actualidad genera empleo, directa e indirectamente, para m&aacute;s de 500 mil familias y que ante la disminuci&oacute;n de pedidos y reducci&oacute;n de precios de venta &ndash;como viene sucediendo actualmente&ndash; ya comenzaron a sentir las consecuencias del enfriamiento norteamericano.<\/p>\n<p align=\"justify\">Indic&oacute; que urge que el Per&uacute;, a trav&eacute;s del Mincetur, acepte la propuesta mexicana en cuanto a exportaci&oacute;n de confecciones en la ampliaci&oacute;n del Acuerdo de Complementaci&oacute;n Econ&oacute;mica &ndash; ACE N&ordm; 8, que se negocia con ese pa&iacute;s, pues, Venezuela, segundo mercado de destino de las confecciones peruanas, no es la panacea a los problemas por cuanto se est&aacute;n registrando demoras en los pagos, lo que impedir&aacute; que se consolide como un importante destino de nuestras prendas de vestir.<\/p>\n<p align=\"center\"><strong>&nbsp;Per&uacute; debe aceptar propuesta mexicana<\/strong><\/p>\n<p align=\"justify\">&quot;El mercado venezolano est&aacute; ayudando a afrontar lo que sucede con EE.UU., pero no es suficiente, necesitamos el mercado mexicano. Ah&iacute;, falta que el Per&uacute; acepte la propuesta mexicana, que propone que se exporte, sin pago de aranceles y sin tope de cuota nuestras confecciones (actualmente en US$ 2 millones). M&eacute;xico es un destino muy importante, con 104 millones de habitantes, que tienen una capacidad adquisitiva enorme comparada con la peruana y la de Am&eacute;rica Latina en general, descontando solo a Argentina y Brasil&quot;, detall&oacute;.<\/p>\n<p align=\"justify\">El representante de ADEX dijo que de aceptar la propuesta del pa&iacute;s azteca, podr&iacute;amos exportar el doble o triple de lo que actualmente se exporta a Venezuela, lo que adem&aacute;s supone (al igual que el acuerdo con EE.UU. y Canad&aacute;) el uso de los hilados peruanos o mexicanos, lo que ayudar&iacute;a a los textileros peruanos porque se les tendr&aacute; que comprar a ellos para exportar a M&eacute;xico.<\/p>\n<p align=\"justify\">Finalmente, Pedro Gamio, reiter&oacute; que la actual coyuntura estadounidense tiene visos de soluci&oacute;n siempre y cuando se entienda que Venezuela y M&eacute;xico son dos mercados imprescindibles para los confeccionistas peruanos. &quot;No descartamos que una misi&oacute;n de empresarios peruanos viaje a Venezuela porque es un mercado que se tiene que mantener&quot;, concluy&oacute;.<\/p>\n<p align=\"justify\">&nbsp;<\/p>\n<p align=\"justify\">&nbsp;<\/p>\n<\/blockquote>\n","protected":false},"excerpt":{"rendered":"<p>Para el presidente del Comit&eacute; de Confecciones de ADEX, Pedro Gamio, resulta imprescindible que nuestras autoridades tomen las medidas necesarias para evitar que se afecte un sector tan intensivo en mano de obra, Se&ntilde;al&oacute; que se necesita diversificar destinos y en ese sentido M&eacute;xico es crucial para que consecuencias no afecten a un subsector intensivo [&hellip;]<\/p>\n","protected":false},"author":1,"featured_media":0,"comment_status":"open","ping_status":"open","sticky":false,"template":"","format":"standard","meta":{"tdm_status":"","tdm_grid_status":"","footnotes":""},"categories":[33],"tags":[],"class_list":{"0":"post-262","1":"post","2":"type-post","3":"status-publish","4":"format-standard","6":"category-economia"},"yoast_head":"<!-- This site is optimized with the Yoast SEO plugin v25.1 - https:\/\/yoast.com\/wordpress\/plugins\/seo\/ -->\n<title>ADEX: Cae exportaci<\/title>\n<meta name=\"description\" content=\"Portal de noticias del Per\u00fa sobre el transporte a\u00e9reo, aviaci\u00f3n, turismo, hoteleria, actualidad.\" \/>\n<meta name=\"robots\" content=\"index, follow, max-snippet:-1, max-image-preview:large, max-video-preview:-1\" \/>\n<link rel=\"canonical\" href=\"https:\/\/aeronoticias.com.pe\/noticiero\/economia\/adex-cae-exportacie-confecciones-por-enfriamiento-en-economde-eeuu\/\" \/>\n<meta property=\"og:locale\" content=\"es_ES\" \/>\n<meta property=\"og:type\" content=\"article\" \/>\n<meta property=\"og:title\" content=\"ADEX: Cae exportaci\" \/>\n<meta property=\"og:description\" content=\"Portal de noticias del Per\u00fa sobre el transporte a\u00e9reo, aviaci\u00f3n, turismo, hoteleria, actualidad.\" \/>\n<meta property=\"og:url\" content=\"https:\/\/aeronoticias.com.pe\/noticiero\/economia\/adex-cae-exportacie-confecciones-por-enfriamiento-en-economde-eeuu\/\" \/>\n<meta property=\"og:site_name\" content=\"Aeronoticias.com.pe\" \/>\n<meta property=\"article:publisher\" content=\"https:\/\/www.facebook.com\/Aeronoticias.com.pe\/\" \/>\n<meta property=\"article:published_time\" content=\"2008-08-19T10:20:35+00:00\" \/>\n<meta property=\"og:image\" content=\"http:\/\/aeronoticias.com.pe\/fotonoticias\/agosto\/tetiles19.jpg\" \/>\n<meta name=\"author\" content=\"Redacci\u00f3n Aeronoticias\" \/>\n<meta name=\"twitter:card\" content=\"summary_large_image\" \/>\n<meta name=\"twitter:creator\" content=\"@aeronoticias\" \/>\n<meta name=\"twitter:site\" content=\"@aeronoticias\" \/>\n<meta name=\"twitter:label1\" content=\"Escrito por\" \/>\n\t<meta name=\"twitter:data1\" content=\"Redacci\u00f3n Aeronoticias\" \/>\n\t<meta name=\"twitter:label2\" content=\"Tiempo de lectura\" \/>\n\t<meta name=\"twitter:data2\" content=\"5 minutos\" \/>\n<script type=\"application\/ld+json\" class=\"yoast-schema-graph\">{\"@context\":\"https:\/\/schema.org\",\"@graph\":[{\"@type\":\"WebPage\",\"@id\":\"https:\/\/aeronoticias.com.pe\/noticiero\/economia\/adex-cae-exportacie-confecciones-por-enfriamiento-en-economde-eeuu\/\",\"url\":\"https:\/\/aeronoticias.com.pe\/noticiero\/economia\/adex-cae-exportacie-confecciones-por-enfriamiento-en-economde-eeuu\/\",\"name\":\"ADEX: Cae exportaci\",\"isPartOf\":{\"@id\":\"https:\/\/aeronoticias.com.pe\/noticiero\/#website\"},\"primaryImageOfPage\":{\"@id\":\"https:\/\/aeronoticias.com.pe\/noticiero\/economia\/adex-cae-exportacie-confecciones-por-enfriamiento-en-economde-eeuu\/#primaryimage\"},\"image\":{\"@id\":\"https:\/\/aeronoticias.com.pe\/noticiero\/economia\/adex-cae-exportacie-confecciones-por-enfriamiento-en-economde-eeuu\/#primaryimage\"},\"thumbnailUrl\":\"http:\/\/aeronoticias.com.pe\/fotonoticias\/agosto\/tetiles19.jpg\",\"datePublished\":\"2008-08-19T10:20:35+00:00\",\"author\":{\"@id\":\"https:\/\/aeronoticias.com.pe\/noticiero\/#\/schema\/person\/fc1e5d578f4b62ba1cf7ac2bba1170a0\"},\"description\":\"Portal de noticias del Per\u00fa sobre el transporte a\u00e9reo, aviaci\u00f3n, turismo, hoteleria, actualidad.\",\"breadcrumb\":{\"@id\":\"https:\/\/aeronoticias.com.pe\/noticiero\/economia\/adex-cae-exportacie-confecciones-por-enfriamiento-en-economde-eeuu\/#breadcrumb\"},\"inLanguage\":\"es\",\"potentialAction\":[{\"@type\":\"ReadAction\",\"target\":[\"https:\/\/aeronoticias.com.pe\/noticiero\/economia\/adex-cae-exportacie-confecciones-por-enfriamiento-en-economde-eeuu\/\"]}]},{\"@type\":\"ImageObject\",\"inLanguage\":\"es\",\"@id\":\"https:\/\/aeronoticias.com.pe\/noticiero\/economia\/adex-cae-exportacie-confecciones-por-enfriamiento-en-economde-eeuu\/#primaryimage\",\"url\":\"http:\/\/aeronoticias.com.pe\/fotonoticias\/agosto\/tetiles19.jpg\",\"contentUrl\":\"http:\/\/aeronoticias.com.pe\/fotonoticias\/agosto\/tetiles19.jpg\"},{\"@type\":\"BreadcrumbList\",\"@id\":\"https:\/\/aeronoticias.com.pe\/noticiero\/economia\/adex-cae-exportacie-confecciones-por-enfriamiento-en-economde-eeuu\/#breadcrumb\",\"itemListElement\":[{\"@type\":\"ListItem\",\"position\":1,\"name\":\"Portada\",\"item\":\"https:\/\/aeronoticias.com.pe\/noticiero\/\"},{\"@type\":\"ListItem\",\"position\":2,\"name\":\"ADEX: Cae exportaci\"}]},{\"@type\":\"WebSite\",\"@id\":\"https:\/\/aeronoticias.com.pe\/noticiero\/#website\",\"url\":\"https:\/\/aeronoticias.com.pe\/noticiero\/\",\"name\":\"Aeronoticias.com.pe\",\"description\":\"Noticias de tranporte aereo, turismo, hoteles, gastronomia, actualidad, internacional\",\"potentialAction\":[{\"@type\":\"SearchAction\",\"target\":{\"@type\":\"EntryPoint\",\"urlTemplate\":\"https:\/\/aeronoticias.com.pe\/noticiero\/?s={search_term_string}\"},\"query-input\":{\"@type\":\"PropertyValueSpecification\",\"valueRequired\":true,\"valueName\":\"search_term_string\"}}],\"inLanguage\":\"es\"},{\"@type\":\"Person\",\"@id\":\"https:\/\/aeronoticias.com.pe\/noticiero\/#\/schema\/person\/fc1e5d578f4b62ba1cf7ac2bba1170a0\",\"name\":\"Redacci\u00f3n Aeronoticias\",\"url\":\"https:\/\/aeronoticias.com.pe\/noticiero\/author\/piloto\/\"}]}<\/script>\n<!-- \/ Yoast SEO plugin. -->","yoast_head_json":{"title":"ADEX: Cae exportaci","description":"Portal de noticias del Per\u00fa sobre el transporte a\u00e9reo, aviaci\u00f3n, turismo, hoteleria, actualidad.","robots":{"index":"index","follow":"follow","max-snippet":"max-snippet:-1","max-image-preview":"max-image-preview:large","max-video-preview":"max-video-preview:-1"},"canonical":"https:\/\/aeronoticias.com.pe\/noticiero\/economia\/adex-cae-exportacie-confecciones-por-enfriamiento-en-economde-eeuu\/","og_locale":"es_ES","og_type":"article","og_title":"ADEX: Cae exportaci","og_description":"Portal de noticias del Per\u00fa sobre el transporte a\u00e9reo, aviaci\u00f3n, turismo, hoteleria, actualidad.","og_url":"https:\/\/aeronoticias.com.pe\/noticiero\/economia\/adex-cae-exportacie-confecciones-por-enfriamiento-en-economde-eeuu\/","og_site_name":"Aeronoticias.com.pe","article_publisher":"https:\/\/www.facebook.com\/Aeronoticias.com.pe\/","article_published_time":"2008-08-19T10:20:35+00:00","og_image":[{"url":"http:\/\/aeronoticias.com.pe\/fotonoticias\/agosto\/tetiles19.jpg","type":"","width":"","height":""}],"author":"Redacci\u00f3n Aeronoticias","twitter_card":"summary_large_image","twitter_creator":"@aeronoticias","twitter_site":"@aeronoticias","twitter_misc":{"Escrito por":"Redacci\u00f3n Aeronoticias","Tiempo de lectura":"5 minutos"},"schema":{"@context":"https:\/\/schema.org","@graph":[{"@type":"WebPage","@id":"https:\/\/aeronoticias.com.pe\/noticiero\/economia\/adex-cae-exportacie-confecciones-por-enfriamiento-en-economde-eeuu\/","url":"https:\/\/aeronoticias.com.pe\/noticiero\/economia\/adex-cae-exportacie-confecciones-por-enfriamiento-en-economde-eeuu\/","name":"ADEX: Cae exportaci","isPartOf":{"@id":"https:\/\/aeronoticias.com.pe\/noticiero\/#website"},"primaryImageOfPage":{"@id":"https:\/\/aeronoticias.com.pe\/noticiero\/economia\/adex-cae-exportacie-confecciones-por-enfriamiento-en-economde-eeuu\/#primaryimage"},"image":{"@id":"https:\/\/aeronoticias.com.pe\/noticiero\/economia\/adex-cae-exportacie-confecciones-por-enfriamiento-en-economde-eeuu\/#primaryimage"},"thumbnailUrl":"http:\/\/aeronoticias.com.pe\/fotonoticias\/agosto\/tetiles19.jpg","datePublished":"2008-08-19T10:20:35+00:00","author":{"@id":"https:\/\/aeronoticias.com.pe\/noticiero\/#\/schema\/person\/fc1e5d578f4b62ba1cf7ac2bba1170a0"},"description":"Portal de noticias del Per\u00fa sobre el transporte a\u00e9reo, aviaci\u00f3n, turismo, hoteleria, actualidad.","breadcrumb":{"@id":"https:\/\/aeronoticias.com.pe\/noticiero\/economia\/adex-cae-exportacie-confecciones-por-enfriamiento-en-economde-eeuu\/#breadcrumb"},"inLanguage":"es","potentialAction":[{"@type":"ReadAction","target":["https:\/\/aeronoticias.com.pe\/noticiero\/economia\/adex-cae-exportacie-confecciones-por-enfriamiento-en-economde-eeuu\/"]}]},{"@type":"ImageObject","inLanguage":"es","@id":"https:\/\/aeronoticias.com.pe\/noticiero\/economia\/adex-cae-exportacie-confecciones-por-enfriamiento-en-economde-eeuu\/#primaryimage","url":"http:\/\/aeronoticias.com.pe\/fotonoticias\/agosto\/tetiles19.jpg","contentUrl":"http:\/\/aeronoticias.com.pe\/fotonoticias\/agosto\/tetiles19.jpg"},{"@type":"BreadcrumbList","@id":"https:\/\/aeronoticias.com.pe\/noticiero\/economia\/adex-cae-exportacie-confecciones-por-enfriamiento-en-economde-eeuu\/#breadcrumb","itemListElement":[{"@type":"ListItem","position":1,"name":"Portada","item":"https:\/\/aeronoticias.com.pe\/noticiero\/"},{"@type":"ListItem","position":2,"name":"ADEX: Cae exportaci"}]},{"@type":"WebSite","@id":"https:\/\/aeronoticias.com.pe\/noticiero\/#website","url":"https:\/\/aeronoticias.com.pe\/noticiero\/","name":"Aeronoticias.com.pe","description":"Noticias de tranporte aereo, turismo, hoteles, gastronomia, actualidad, internacional","potentialAction":[{"@type":"SearchAction","target":{"@type":"EntryPoint","urlTemplate":"https:\/\/aeronoticias.com.pe\/noticiero\/?s={search_term_string}"},"query-input":{"@type":"PropertyValueSpecification","valueRequired":true,"valueName":"search_term_string"}}],"inLanguage":"es"},{"@type":"Person","@id":"https:\/\/aeronoticias.com.pe\/noticiero\/#\/schema\/person\/fc1e5d578f4b62ba1cf7ac2bba1170a0","name":"Redacci\u00f3n Aeronoticias","url":"https:\/\/aeronoticias.com.pe\/noticiero\/author\/piloto\/"}]}},"_links":{"self":[{"href":"https:\/\/aeronoticias.com.pe\/noticiero\/wp-json\/wp\/v2\/posts\/262","targetHints":{"allow":["GET"]}}],"collection":[{"href":"https:\/\/aeronoticias.com.pe\/noticiero\/wp-json\/wp\/v2\/posts"}],"about":[{"href":"https:\/\/aeronoticias.com.pe\/noticiero\/wp-json\/wp\/v2\/types\/post"}],"author":[{"embeddable":true,"href":"https:\/\/aeronoticias.com.pe\/noticiero\/wp-json\/wp\/v2\/users\/1"}],"replies":[{"embeddable":true,"href":"https:\/\/aeronoticias.com.pe\/noticiero\/wp-json\/wp\/v2\/comments?post=262"}],"version-history":[{"count":0,"href":"https:\/\/aeronoticias.com.pe\/noticiero\/wp-json\/wp\/v2\/posts\/262\/revisions"}],"wp:attachment":[{"href":"https:\/\/aeronoticias.com.pe\/noticiero\/wp-json\/wp\/v2\/media?parent=262"}],"wp:term":[{"taxonomy":"category","embeddable":true,"href":"https:\/\/aeronoticias.com.pe\/noticiero\/wp-json\/wp\/v2\/categories?post=262"},{"taxonomy":"post_tag","embeddable":true,"href":"https:\/\/aeronoticias.com.pe\/noticiero\/wp-json\/wp\/v2\/tags?post=262"}],"curies":[{"name":"wp","href":"https:\/\/api.w.org\/{rel}","templated":true}]}}