{"id":26289,"date":"2012-05-12T08:29:13","date_gmt":"2012-05-12T08:29:13","guid":{"rendered":"http:\/\/desarrollo.mcvicious.com\/aero2020\/2012\/05\/12\/betis-vs-barcelona-el-adios-de-pep-de-la-liga-bbva\/"},"modified":"2012-05-12T08:29:13","modified_gmt":"2012-05-12T08:29:13","slug":"betis-vs-barcelona-el-adios-de-pep-de-la-liga-bbva","status":"publish","type":"post","link":"https:\/\/aeronoticias.com.pe\/noticiero\/deportes\/betis-vs-barcelona-el-adios-de-pep-de-la-liga-bbva\/","title":{"rendered":"Betis vs Barcelona: El adi\u00f3s de Pep de la Liga BBVA"},"content":{"rendered":"<p style=\"text-align: justify;\"><strong>(Aeronoticias)<\/strong> Y llego el final de la Liga BBVA. Y el despido de la liga para Pep Guardiola ser\u00e1 este s\u00e1bado, cuando el Barcelona jugar\u00e1 a domicilio ante el cuadro del Betis a jugarse en el estadio Benito Villamar\u00edn.<\/p>\n<p>Sin duda los azulgranas, quieren cerrar esta campa\u00f1a que en el papel ha sido mala porque quedaron eliminados de la Liga de Campeones, y no pudieron tampoco con la liga, con un triunfo, y al menos hacer que Messi se convierta en el pichichi de esta temporada, ya que hasta el momento cuenta con 50 goles y este \u00faltimo partido puede cerrar una gran campa\u00f1a en goles de manera individual. El \u00faltimo partido de los catalanes ganaron por 4-0 al Espanyol, con todos los goles del argentino.<\/p>\n<p style=\"text-align: justify;\">Del lado del Real Betis, tenemos que decir que cuentan con 46 unidades, habiendo hecho una campa\u00f1a irregular, ya que hasta el \u00faltimo han peleando por no entrar en la zona de descenso. Y ese tema de los malos resultados sigui\u00f3 el \u00faltimo fin de semana cuando perdieron ante el cuadro del Sporting Gij\u00f3n por el marcador de 2-1, con el tanto anotado por Jorge Molina. Un dato a tomar en cuenta es que de los 18 partidos jugados como local han perdido en 5 ocasiones.<\/p>\n<p>  <!--more-->  <\/p>\n<p><img decoding=\"async\" src=\"images\/stories\/12\/05\/120512\/barca.jpg\" border=\"0\" alt=\"barca\" title=\"barca\" \/><\/p>\n","protected":false},"excerpt":{"rendered":"<p>(Aeronoticias) Y llego el final de la Liga BBVA. Y el despido de la liga para Pep Guardiola ser\u00e1 este s\u00e1bado, cuando el Barcelona jugar\u00e1 a domicilio ante el cuadro del Betis a jugarse en el estadio Benito Villamar\u00edn. Sin duda los azulgranas, quieren cerrar esta campa\u00f1a que en el papel ha sido mala porque [&hellip;]<\/p>\n","protected":false},"author":1,"featured_media":0,"comment_status":"open","ping_status":"open","sticky":false,"template":"","format":"standard","meta":{"tdm_status":"","tdm_grid_status":"","footnotes":""},"categories":[40],"tags":[],"class_list":{"0":"post-26289","1":"post","2":"type-post","3":"status-publish","4":"format-standard","6":"category-deportes"},"yoast_head":"<!-- This site is optimized with the Yoast SEO plugin v25.1 - https:\/\/yoast.com\/wordpress\/plugins\/seo\/ -->\n<title>Betis vs Barcelona: El adi\u00f3s de Pep de la Liga BBVA<\/title>\n<meta name=\"description\" content=\"Portal de noticias del Per\u00fa sobre el transporte a\u00e9reo, aviaci\u00f3n, turismo, hoteleria, actualidad.\" \/>\n<meta name=\"robots\" content=\"index, follow, max-snippet:-1, max-image-preview:large, max-video-preview:-1\" \/>\n<link rel=\"canonical\" href=\"https:\/\/aeronoticias.com.pe\/noticiero\/deportes\/betis-vs-barcelona-el-adios-de-pep-de-la-liga-bbva\/\" \/>\n<meta property=\"og:locale\" content=\"es_ES\" \/>\n<meta property=\"og:type\" content=\"article\" \/>\n<meta property=\"og:title\" content=\"Betis vs Barcelona: El adi\u00f3s de Pep de la Liga BBVA\" \/>\n<meta property=\"og:description\" content=\"Portal de noticias del Per\u00fa sobre el transporte a\u00e9reo, aviaci\u00f3n, turismo, hoteleria, actualidad.\" \/>\n<meta property=\"og:url\" content=\"https:\/\/aeronoticias.com.pe\/noticiero\/deportes\/betis-vs-barcelona-el-adios-de-pep-de-la-liga-bbva\/\" \/>\n<meta property=\"og:site_name\" content=\"Aeronoticias.com.pe\" \/>\n<meta property=\"article:publisher\" content=\"https:\/\/www.facebook.com\/Aeronoticias.com.pe\/\" \/>\n<meta property=\"article:published_time\" content=\"2012-05-12T08:29:13+00:00\" \/>\n<meta name=\"author\" content=\"Redacci\u00f3n Aeronoticias\" \/>\n<meta name=\"twitter:card\" content=\"summary_large_image\" \/>\n<meta name=\"twitter:creator\" content=\"@aeronoticias\" \/>\n<meta name=\"twitter:site\" content=\"@aeronoticias\" \/>\n<meta name=\"twitter:label1\" content=\"Escrito por\" \/>\n\t<meta name=\"twitter:data1\" content=\"Redacci\u00f3n Aeronoticias\" \/>\n\t<meta name=\"twitter:label2\" content=\"Tiempo de lectura\" \/>\n\t<meta name=\"twitter:data2\" content=\"1 minuto\" \/>\n<script type=\"application\/ld+json\" class=\"yoast-schema-graph\">{\"@context\":\"https:\/\/schema.org\",\"@graph\":[{\"@type\":\"WebPage\",\"@id\":\"https:\/\/aeronoticias.com.pe\/noticiero\/deportes\/betis-vs-barcelona-el-adios-de-pep-de-la-liga-bbva\/\",\"url\":\"https:\/\/aeronoticias.com.pe\/noticiero\/deportes\/betis-vs-barcelona-el-adios-de-pep-de-la-liga-bbva\/\",\"name\":\"Betis vs Barcelona: El adi\u00f3s de Pep de la Liga BBVA\",\"isPartOf\":{\"@id\":\"https:\/\/aeronoticias.com.pe\/noticiero\/#website\"},\"datePublished\":\"2012-05-12T08:29:13+00:00\",\"author\":{\"@id\":\"https:\/\/aeronoticias.com.pe\/noticiero\/#\/schema\/person\/fc1e5d578f4b62ba1cf7ac2bba1170a0\"},\"description\":\"Portal de noticias del Per\u00fa sobre el transporte a\u00e9reo, aviaci\u00f3n, turismo, hoteleria, actualidad.\",\"breadcrumb\":{\"@id\":\"https:\/\/aeronoticias.com.pe\/noticiero\/deportes\/betis-vs-barcelona-el-adios-de-pep-de-la-liga-bbva\/#breadcrumb\"},\"inLanguage\":\"es\",\"potentialAction\":[{\"@type\":\"ReadAction\",\"target\":[\"https:\/\/aeronoticias.com.pe\/noticiero\/deportes\/betis-vs-barcelona-el-adios-de-pep-de-la-liga-bbva\/\"]}]},{\"@type\":\"BreadcrumbList\",\"@id\":\"https:\/\/aeronoticias.com.pe\/noticiero\/deportes\/betis-vs-barcelona-el-adios-de-pep-de-la-liga-bbva\/#breadcrumb\",\"itemListElement\":[{\"@type\":\"ListItem\",\"position\":1,\"name\":\"Portada\",\"item\":\"https:\/\/aeronoticias.com.pe\/noticiero\/\"},{\"@type\":\"ListItem\",\"position\":2,\"name\":\"Betis vs Barcelona: El adi\u00f3s de Pep de la Liga BBVA\"}]},{\"@type\":\"WebSite\",\"@id\":\"https:\/\/aeronoticias.com.pe\/noticiero\/#website\",\"url\":\"https:\/\/aeronoticias.com.pe\/noticiero\/\",\"name\":\"Aeronoticias.com.pe\",\"description\":\"Noticias de tranporte aereo, turismo, hoteles, gastronomia, actualidad, internacional\",\"potentialAction\":[{\"@type\":\"SearchAction\",\"target\":{\"@type\":\"EntryPoint\",\"urlTemplate\":\"https:\/\/aeronoticias.com.pe\/noticiero\/?s={search_term_string}\"},\"query-input\":{\"@type\":\"PropertyValueSpecification\",\"valueRequired\":true,\"valueName\":\"search_term_string\"}}],\"inLanguage\":\"es\"},{\"@type\":\"Person\",\"@id\":\"https:\/\/aeronoticias.com.pe\/noticiero\/#\/schema\/person\/fc1e5d578f4b62ba1cf7ac2bba1170a0\",\"name\":\"Redacci\u00f3n Aeronoticias\",\"url\":\"https:\/\/aeronoticias.com.pe\/noticiero\/author\/piloto\/\"}]}<\/script>\n<!-- \/ Yoast SEO plugin. -->","yoast_head_json":{"title":"Betis vs Barcelona: El adi\u00f3s de Pep de la Liga BBVA","description":"Portal de noticias del Per\u00fa sobre el transporte a\u00e9reo, aviaci\u00f3n, turismo, hoteleria, actualidad.","robots":{"index":"index","follow":"follow","max-snippet":"max-snippet:-1","max-image-preview":"max-image-preview:large","max-video-preview":"max-video-preview:-1"},"canonical":"https:\/\/aeronoticias.com.pe\/noticiero\/deportes\/betis-vs-barcelona-el-adios-de-pep-de-la-liga-bbva\/","og_locale":"es_ES","og_type":"article","og_title":"Betis vs Barcelona: El adi\u00f3s de Pep de la Liga BBVA","og_description":"Portal de noticias del Per\u00fa sobre el transporte a\u00e9reo, aviaci\u00f3n, turismo, hoteleria, actualidad.","og_url":"https:\/\/aeronoticias.com.pe\/noticiero\/deportes\/betis-vs-barcelona-el-adios-de-pep-de-la-liga-bbva\/","og_site_name":"Aeronoticias.com.pe","article_publisher":"https:\/\/www.facebook.com\/Aeronoticias.com.pe\/","article_published_time":"2012-05-12T08:29:13+00:00","author":"Redacci\u00f3n Aeronoticias","twitter_card":"summary_large_image","twitter_creator":"@aeronoticias","twitter_site":"@aeronoticias","twitter_misc":{"Escrito por":"Redacci\u00f3n Aeronoticias","Tiempo de lectura":"1 minuto"},"schema":{"@context":"https:\/\/schema.org","@graph":[{"@type":"WebPage","@id":"https:\/\/aeronoticias.com.pe\/noticiero\/deportes\/betis-vs-barcelona-el-adios-de-pep-de-la-liga-bbva\/","url":"https:\/\/aeronoticias.com.pe\/noticiero\/deportes\/betis-vs-barcelona-el-adios-de-pep-de-la-liga-bbva\/","name":"Betis vs Barcelona: El adi\u00f3s de Pep de la Liga BBVA","isPartOf":{"@id":"https:\/\/aeronoticias.com.pe\/noticiero\/#website"},"datePublished":"2012-05-12T08:29:13+00:00","author":{"@id":"https:\/\/aeronoticias.com.pe\/noticiero\/#\/schema\/person\/fc1e5d578f4b62ba1cf7ac2bba1170a0"},"description":"Portal de noticias del Per\u00fa sobre el transporte a\u00e9reo, aviaci\u00f3n, turismo, hoteleria, actualidad.","breadcrumb":{"@id":"https:\/\/aeronoticias.com.pe\/noticiero\/deportes\/betis-vs-barcelona-el-adios-de-pep-de-la-liga-bbva\/#breadcrumb"},"inLanguage":"es","potentialAction":[{"@type":"ReadAction","target":["https:\/\/aeronoticias.com.pe\/noticiero\/deportes\/betis-vs-barcelona-el-adios-de-pep-de-la-liga-bbva\/"]}]},{"@type":"BreadcrumbList","@id":"https:\/\/aeronoticias.com.pe\/noticiero\/deportes\/betis-vs-barcelona-el-adios-de-pep-de-la-liga-bbva\/#breadcrumb","itemListElement":[{"@type":"ListItem","position":1,"name":"Portada","item":"https:\/\/aeronoticias.com.pe\/noticiero\/"},{"@type":"ListItem","position":2,"name":"Betis vs Barcelona: El adi\u00f3s de Pep de la Liga BBVA"}]},{"@type":"WebSite","@id":"https:\/\/aeronoticias.com.pe\/noticiero\/#website","url":"https:\/\/aeronoticias.com.pe\/noticiero\/","name":"Aeronoticias.com.pe","description":"Noticias de tranporte aereo, turismo, hoteles, gastronomia, actualidad, internacional","potentialAction":[{"@type":"SearchAction","target":{"@type":"EntryPoint","urlTemplate":"https:\/\/aeronoticias.com.pe\/noticiero\/?s={search_term_string}"},"query-input":{"@type":"PropertyValueSpecification","valueRequired":true,"valueName":"search_term_string"}}],"inLanguage":"es"},{"@type":"Person","@id":"https:\/\/aeronoticias.com.pe\/noticiero\/#\/schema\/person\/fc1e5d578f4b62ba1cf7ac2bba1170a0","name":"Redacci\u00f3n Aeronoticias","url":"https:\/\/aeronoticias.com.pe\/noticiero\/author\/piloto\/"}]}},"_links":{"self":[{"href":"https:\/\/aeronoticias.com.pe\/noticiero\/wp-json\/wp\/v2\/posts\/26289","targetHints":{"allow":["GET"]}}],"collection":[{"href":"https:\/\/aeronoticias.com.pe\/noticiero\/wp-json\/wp\/v2\/posts"}],"about":[{"href":"https:\/\/aeronoticias.com.pe\/noticiero\/wp-json\/wp\/v2\/types\/post"}],"author":[{"embeddable":true,"href":"https:\/\/aeronoticias.com.pe\/noticiero\/wp-json\/wp\/v2\/users\/1"}],"replies":[{"embeddable":true,"href":"https:\/\/aeronoticias.com.pe\/noticiero\/wp-json\/wp\/v2\/comments?post=26289"}],"version-history":[{"count":0,"href":"https:\/\/aeronoticias.com.pe\/noticiero\/wp-json\/wp\/v2\/posts\/26289\/revisions"}],"wp:attachment":[{"href":"https:\/\/aeronoticias.com.pe\/noticiero\/wp-json\/wp\/v2\/media?parent=26289"}],"wp:term":[{"taxonomy":"category","embeddable":true,"href":"https:\/\/aeronoticias.com.pe\/noticiero\/wp-json\/wp\/v2\/categories?post=26289"},{"taxonomy":"post_tag","embeddable":true,"href":"https:\/\/aeronoticias.com.pe\/noticiero\/wp-json\/wp\/v2\/tags?post=26289"}],"curies":[{"name":"wp","href":"https:\/\/api.w.org\/{rel}","templated":true}]}}