{"id":26297,"date":"2012-05-12T02:48:47","date_gmt":"2012-05-12T02:48:47","guid":{"rendered":"http:\/\/desarrollo.mcvicious.com\/aero2020\/2012\/05\/12\/usmp-presenta-del-cielo-y-la-tierra-valiosa-coleccion-de-arte-popular-peruano\/"},"modified":"2012-05-12T02:48:47","modified_gmt":"2012-05-12T02:48:47","slug":"usmp-presenta-del-cielo-y-la-tierra-valiosa-coleccion-de-arte-popular-peruano","status":"publish","type":"post","link":"https:\/\/aeronoticias.com.pe\/noticiero\/institucionales\/eventos\/usmp-presenta-del-cielo-y-la-tierra-valiosa-coleccion-de-arte-popular-peruano\/","title":{"rendered":"USMP presenta \u2018Del cielo y la tierra\u2019 valiosa colecci\u00f3n de arte popular peruano"},"content":{"rendered":"<p style=\"text-align: justify;\"><strong>(Aeronoticias).-<\/strong> La Facultad de Ciencias de la Comunicaci\u00f3n (FCCTP) de la Universidad de San Mart\u00edn de Porres (USMP) present\u00f3 el libro Del cielo y la tierra, la colecci\u00f3n de arte popular peruano de Vivian y Jaime Li\u00e9bana, de Alex Bryce, Billy Hare, Luis E. Freire y Ram\u00f3n M\u00fajica, una publicaci\u00f3n que muestra una vasta colecci\u00f3n de objetos de arte popular proveniente de todas las regiones de nuestro pa\u00eds que datan del siglo XVI a la actualidad.<\/p>\n<p>Para Ram\u00f3n M\u00fajica, uno de los autores del libro y Director de la Biblioteca Nacional del Per\u00fa, esta obra \u201cmarca un hito en el coleccionismo peruano\u201d. \u201cEstamos ante una propuesta museogr\u00e1fica \u00fanica. Hoy el Per\u00fa recupera parte esencial del arte visual, por eso agradezco al padre Johan Leuridan, Decano de la FCCTP por su gran apoyo\u201d, se\u00f1al\u00f3.<\/p>\n<p>Manuel Munive, curador y cr\u00edtico de arte, manifest\u00f3 que la colecci\u00f3n de los Li\u00e9bana servir\u00e1 para que futuras generaciones conozcan m\u00e1s a fondo el contexto de nuestras culturas. \u201cEste libro nos muestra una parte m\u00e1s genuina del pa\u00eds\u201d, asegur\u00f3.<\/p>\n<p>El historiador, Pedro Pablo Alayza no dud\u00f3 en felicitar a la USMP por la publicaci\u00f3n de Del cielo y la tierra, la colecci\u00f3n de arte popular peruano de Vivian y Jaime Li\u00e9bana. \u201cYa era necesario tener un libro como \u00e9ste. La conexi\u00f3n de los objetos con la historia est\u00e1 representada de forma convincente\u201d, se\u00f1al\u00f3. <\/p>\n<p>Luis E. Freire, editor de Del cielo y la tierra, cont\u00f3 que escribir la biograf\u00eda de Jaime Li\u00e9bana fue toda una aventura, ya que cada objeto contiene una fascinante e incluso bizarra historia. Ante esto, el propio Li\u00e9bana reconoci\u00f3 que su afici\u00f3n por la b\u00fasqueda de piezas con valor cultural empez\u00f3 a muy corta edad. \u201cSiempre fui coleccionista de ni\u00f1o. Me gustaba coleccionar cachivaches\u201d, indic\u00f3.<\/p>\n<p>La colecci\u00f3n incluye imaginer\u00eda en piedra de Huamanga, keros virreinales y republicanos, m\u00e1scaras utilizadas en danzas populares, bastones de alcalde (varayocs), pinturas rurales cusque\u00f1as en yeso, retablos ayacuchanos, tablas narrativas de Sarhua, toros de Pucar\u00e1, entre otros. Los usuarios originales de las piezas fueron la nobleza ind\u00edgena, mestiza o criolla regional, los pastores y campesinos de la sierra central o surandina quechua hablante y aimara.<br \/><img decoding=\"async\" src=\"images\/stories\/12\/05\/110512\/libro-portada.jpg\" border=\"0\" \/><\/p>\n<p><img decoding=\"async\" src=\"images\/stories\/12\/05\/110512\/usmp1.jpg\" border=\"0\" \/><\/p>\n<p><img decoding=\"async\" src=\"images\/stories\/12\/05\/110512\/usmp-presenta-libro.jpg\" border=\"0\" \/><\/p>\n","protected":false},"excerpt":{"rendered":"<p>(Aeronoticias).- La Facultad de Ciencias de la Comunicaci\u00f3n (FCCTP) de la Universidad de San Mart\u00edn de Porres (USMP) present\u00f3 el libro Del cielo y la tierra, la colecci\u00f3n de arte popular peruano de Vivian y Jaime Li\u00e9bana, de Alex Bryce, Billy Hare, Luis E. Freire y Ram\u00f3n M\u00fajica, una publicaci\u00f3n que muestra una vasta colecci\u00f3n [&hellip;]<\/p>\n","protected":false},"author":1,"featured_media":0,"comment_status":"open","ping_status":"open","sticky":false,"template":"","format":"standard","meta":{"tdm_status":"","tdm_grid_status":"","footnotes":""},"categories":[45],"tags":[],"class_list":{"0":"post-26297","1":"post","2":"type-post","3":"status-publish","4":"format-standard","6":"category-eventos"},"yoast_head":"<!-- This site is optimized with the Yoast SEO plugin v25.1 - https:\/\/yoast.com\/wordpress\/plugins\/seo\/ -->\n<title>USMP presenta \u2018Del cielo y la tierra\u2019 valiosa colecci\u00f3n de arte popular peruano<\/title>\n<meta name=\"description\" content=\"Portal de noticias del Per\u00fa sobre el transporte a\u00e9reo, aviaci\u00f3n, turismo, hoteleria, actualidad.\" \/>\n<meta name=\"robots\" content=\"index, follow, max-snippet:-1, max-image-preview:large, max-video-preview:-1\" \/>\n<link rel=\"canonical\" href=\"https:\/\/aeronoticias.com.pe\/noticiero\/institucionales\/eventos\/usmp-presenta-del-cielo-y-la-tierra-valiosa-coleccion-de-arte-popular-peruano\/\" \/>\n<meta property=\"og:locale\" content=\"es_ES\" \/>\n<meta property=\"og:type\" content=\"article\" \/>\n<meta property=\"og:title\" content=\"USMP presenta \u2018Del cielo y la tierra\u2019 valiosa colecci\u00f3n de arte popular peruano\" \/>\n<meta property=\"og:description\" content=\"Portal de noticias del Per\u00fa sobre el transporte a\u00e9reo, aviaci\u00f3n, turismo, hoteleria, actualidad.\" \/>\n<meta property=\"og:url\" content=\"https:\/\/aeronoticias.com.pe\/noticiero\/institucionales\/eventos\/usmp-presenta-del-cielo-y-la-tierra-valiosa-coleccion-de-arte-popular-peruano\/\" \/>\n<meta property=\"og:site_name\" content=\"Aeronoticias.com.pe\" \/>\n<meta property=\"article:publisher\" content=\"https:\/\/www.facebook.com\/Aeronoticias.com.pe\/\" \/>\n<meta property=\"article:published_time\" content=\"2012-05-12T02:48:47+00:00\" \/>\n<meta name=\"author\" content=\"Redacci\u00f3n Aeronoticias\" \/>\n<meta name=\"twitter:card\" content=\"summary_large_image\" \/>\n<meta name=\"twitter:creator\" content=\"@aeronoticias\" \/>\n<meta name=\"twitter:site\" content=\"@aeronoticias\" \/>\n<meta name=\"twitter:label1\" content=\"Escrito por\" \/>\n\t<meta name=\"twitter:data1\" content=\"Redacci\u00f3n Aeronoticias\" \/>\n\t<meta name=\"twitter:label2\" content=\"Tiempo de lectura\" \/>\n\t<meta name=\"twitter:data2\" content=\"2 minutos\" \/>\n<script type=\"application\/ld+json\" class=\"yoast-schema-graph\">{\"@context\":\"https:\/\/schema.org\",\"@graph\":[{\"@type\":\"WebPage\",\"@id\":\"https:\/\/aeronoticias.com.pe\/noticiero\/institucionales\/eventos\/usmp-presenta-del-cielo-y-la-tierra-valiosa-coleccion-de-arte-popular-peruano\/\",\"url\":\"https:\/\/aeronoticias.com.pe\/noticiero\/institucionales\/eventos\/usmp-presenta-del-cielo-y-la-tierra-valiosa-coleccion-de-arte-popular-peruano\/\",\"name\":\"USMP presenta \u2018Del cielo y la tierra\u2019 valiosa colecci\u00f3n de arte popular peruano\",\"isPartOf\":{\"@id\":\"https:\/\/aeronoticias.com.pe\/noticiero\/#website\"},\"datePublished\":\"2012-05-12T02:48:47+00:00\",\"author\":{\"@id\":\"https:\/\/aeronoticias.com.pe\/noticiero\/#\/schema\/person\/fc1e5d578f4b62ba1cf7ac2bba1170a0\"},\"description\":\"Portal de noticias del Per\u00fa sobre el transporte a\u00e9reo, aviaci\u00f3n, turismo, hoteleria, actualidad.\",\"breadcrumb\":{\"@id\":\"https:\/\/aeronoticias.com.pe\/noticiero\/institucionales\/eventos\/usmp-presenta-del-cielo-y-la-tierra-valiosa-coleccion-de-arte-popular-peruano\/#breadcrumb\"},\"inLanguage\":\"es\",\"potentialAction\":[{\"@type\":\"ReadAction\",\"target\":[\"https:\/\/aeronoticias.com.pe\/noticiero\/institucionales\/eventos\/usmp-presenta-del-cielo-y-la-tierra-valiosa-coleccion-de-arte-popular-peruano\/\"]}]},{\"@type\":\"BreadcrumbList\",\"@id\":\"https:\/\/aeronoticias.com.pe\/noticiero\/institucionales\/eventos\/usmp-presenta-del-cielo-y-la-tierra-valiosa-coleccion-de-arte-popular-peruano\/#breadcrumb\",\"itemListElement\":[{\"@type\":\"ListItem\",\"position\":1,\"name\":\"Portada\",\"item\":\"https:\/\/aeronoticias.com.pe\/noticiero\/\"},{\"@type\":\"ListItem\",\"position\":2,\"name\":\"USMP presenta \u2018Del cielo y la tierra\u2019 valiosa colecci\u00f3n de arte popular peruano\"}]},{\"@type\":\"WebSite\",\"@id\":\"https:\/\/aeronoticias.com.pe\/noticiero\/#website\",\"url\":\"https:\/\/aeronoticias.com.pe\/noticiero\/\",\"name\":\"Aeronoticias.com.pe\",\"description\":\"Noticias de tranporte aereo, turismo, hoteles, gastronomia, actualidad, internacional\",\"potentialAction\":[{\"@type\":\"SearchAction\",\"target\":{\"@type\":\"EntryPoint\",\"urlTemplate\":\"https:\/\/aeronoticias.com.pe\/noticiero\/?s={search_term_string}\"},\"query-input\":{\"@type\":\"PropertyValueSpecification\",\"valueRequired\":true,\"valueName\":\"search_term_string\"}}],\"inLanguage\":\"es\"},{\"@type\":\"Person\",\"@id\":\"https:\/\/aeronoticias.com.pe\/noticiero\/#\/schema\/person\/fc1e5d578f4b62ba1cf7ac2bba1170a0\",\"name\":\"Redacci\u00f3n Aeronoticias\",\"url\":\"https:\/\/aeronoticias.com.pe\/noticiero\/author\/piloto\/\"}]}<\/script>\n<!-- \/ Yoast SEO plugin. -->","yoast_head_json":{"title":"USMP presenta \u2018Del cielo y la tierra\u2019 valiosa colecci\u00f3n de arte popular peruano","description":"Portal de noticias del Per\u00fa sobre el transporte a\u00e9reo, aviaci\u00f3n, turismo, hoteleria, actualidad.","robots":{"index":"index","follow":"follow","max-snippet":"max-snippet:-1","max-image-preview":"max-image-preview:large","max-video-preview":"max-video-preview:-1"},"canonical":"https:\/\/aeronoticias.com.pe\/noticiero\/institucionales\/eventos\/usmp-presenta-del-cielo-y-la-tierra-valiosa-coleccion-de-arte-popular-peruano\/","og_locale":"es_ES","og_type":"article","og_title":"USMP presenta \u2018Del cielo y la tierra\u2019 valiosa colecci\u00f3n de arte popular peruano","og_description":"Portal de noticias del Per\u00fa sobre el transporte a\u00e9reo, aviaci\u00f3n, turismo, hoteleria, actualidad.","og_url":"https:\/\/aeronoticias.com.pe\/noticiero\/institucionales\/eventos\/usmp-presenta-del-cielo-y-la-tierra-valiosa-coleccion-de-arte-popular-peruano\/","og_site_name":"Aeronoticias.com.pe","article_publisher":"https:\/\/www.facebook.com\/Aeronoticias.com.pe\/","article_published_time":"2012-05-12T02:48:47+00:00","author":"Redacci\u00f3n Aeronoticias","twitter_card":"summary_large_image","twitter_creator":"@aeronoticias","twitter_site":"@aeronoticias","twitter_misc":{"Escrito por":"Redacci\u00f3n Aeronoticias","Tiempo de lectura":"2 minutos"},"schema":{"@context":"https:\/\/schema.org","@graph":[{"@type":"WebPage","@id":"https:\/\/aeronoticias.com.pe\/noticiero\/institucionales\/eventos\/usmp-presenta-del-cielo-y-la-tierra-valiosa-coleccion-de-arte-popular-peruano\/","url":"https:\/\/aeronoticias.com.pe\/noticiero\/institucionales\/eventos\/usmp-presenta-del-cielo-y-la-tierra-valiosa-coleccion-de-arte-popular-peruano\/","name":"USMP presenta \u2018Del cielo y la tierra\u2019 valiosa colecci\u00f3n de arte popular peruano","isPartOf":{"@id":"https:\/\/aeronoticias.com.pe\/noticiero\/#website"},"datePublished":"2012-05-12T02:48:47+00:00","author":{"@id":"https:\/\/aeronoticias.com.pe\/noticiero\/#\/schema\/person\/fc1e5d578f4b62ba1cf7ac2bba1170a0"},"description":"Portal de noticias del Per\u00fa sobre el transporte a\u00e9reo, aviaci\u00f3n, turismo, hoteleria, actualidad.","breadcrumb":{"@id":"https:\/\/aeronoticias.com.pe\/noticiero\/institucionales\/eventos\/usmp-presenta-del-cielo-y-la-tierra-valiosa-coleccion-de-arte-popular-peruano\/#breadcrumb"},"inLanguage":"es","potentialAction":[{"@type":"ReadAction","target":["https:\/\/aeronoticias.com.pe\/noticiero\/institucionales\/eventos\/usmp-presenta-del-cielo-y-la-tierra-valiosa-coleccion-de-arte-popular-peruano\/"]}]},{"@type":"BreadcrumbList","@id":"https:\/\/aeronoticias.com.pe\/noticiero\/institucionales\/eventos\/usmp-presenta-del-cielo-y-la-tierra-valiosa-coleccion-de-arte-popular-peruano\/#breadcrumb","itemListElement":[{"@type":"ListItem","position":1,"name":"Portada","item":"https:\/\/aeronoticias.com.pe\/noticiero\/"},{"@type":"ListItem","position":2,"name":"USMP presenta \u2018Del cielo y la tierra\u2019 valiosa colecci\u00f3n de arte popular peruano"}]},{"@type":"WebSite","@id":"https:\/\/aeronoticias.com.pe\/noticiero\/#website","url":"https:\/\/aeronoticias.com.pe\/noticiero\/","name":"Aeronoticias.com.pe","description":"Noticias de tranporte aereo, turismo, hoteles, gastronomia, actualidad, internacional","potentialAction":[{"@type":"SearchAction","target":{"@type":"EntryPoint","urlTemplate":"https:\/\/aeronoticias.com.pe\/noticiero\/?s={search_term_string}"},"query-input":{"@type":"PropertyValueSpecification","valueRequired":true,"valueName":"search_term_string"}}],"inLanguage":"es"},{"@type":"Person","@id":"https:\/\/aeronoticias.com.pe\/noticiero\/#\/schema\/person\/fc1e5d578f4b62ba1cf7ac2bba1170a0","name":"Redacci\u00f3n Aeronoticias","url":"https:\/\/aeronoticias.com.pe\/noticiero\/author\/piloto\/"}]}},"_links":{"self":[{"href":"https:\/\/aeronoticias.com.pe\/noticiero\/wp-json\/wp\/v2\/posts\/26297","targetHints":{"allow":["GET"]}}],"collection":[{"href":"https:\/\/aeronoticias.com.pe\/noticiero\/wp-json\/wp\/v2\/posts"}],"about":[{"href":"https:\/\/aeronoticias.com.pe\/noticiero\/wp-json\/wp\/v2\/types\/post"}],"author":[{"embeddable":true,"href":"https:\/\/aeronoticias.com.pe\/noticiero\/wp-json\/wp\/v2\/users\/1"}],"replies":[{"embeddable":true,"href":"https:\/\/aeronoticias.com.pe\/noticiero\/wp-json\/wp\/v2\/comments?post=26297"}],"version-history":[{"count":0,"href":"https:\/\/aeronoticias.com.pe\/noticiero\/wp-json\/wp\/v2\/posts\/26297\/revisions"}],"wp:attachment":[{"href":"https:\/\/aeronoticias.com.pe\/noticiero\/wp-json\/wp\/v2\/media?parent=26297"}],"wp:term":[{"taxonomy":"category","embeddable":true,"href":"https:\/\/aeronoticias.com.pe\/noticiero\/wp-json\/wp\/v2\/categories?post=26297"},{"taxonomy":"post_tag","embeddable":true,"href":"https:\/\/aeronoticias.com.pe\/noticiero\/wp-json\/wp\/v2\/tags?post=26297"}],"curies":[{"name":"wp","href":"https:\/\/api.w.org\/{rel}","templated":true}]}}