{"id":26299,"date":"2012-05-12T02:33:52","date_gmt":"2012-05-12T02:33:52","guid":{"rendered":"http:\/\/desarrollo.mcvicious.com\/aero2020\/2012\/05\/12\/se-produce-altercado-al-aire-entre-sofia-franco-y-beto-ortiz\/"},"modified":"2012-05-12T02:33:52","modified_gmt":"2012-05-12T02:33:52","slug":"se-produce-altercado-al-aire-entre-sofia-franco-y-beto-ortiz","status":"publish","type":"post","link":"https:\/\/aeronoticias.com.pe\/noticiero\/espectaculos\/se-produce-altercado-al-aire-entre-sofia-franco-y-beto-ortiz\/","title":{"rendered":"Se produce altercado al aire entre Sof\u00eda Franco y Beto Ortiz"},"content":{"rendered":"<p><strong>(Aeronoticias).-<\/strong>Un altercado al aire se produjo ayer durante la emisi\u00f3n del programa Abre los ojos, porque cortaron\u00a0 la entrevista del periodista Beto Ortiz a Josefina Barr\u00f3n, para dar pase al bloque de espect\u00e1culos con Sof\u00eda Franco.<\/p>\n<p style=\"text-align: justify;\">Al regreso de la publicidad Ortiz muy mortificado por el abrupto corte pidi\u00f3 disculpas a su invitada por lo que consider\u00f3 una manera grosera de sacarlos del aire. \u00abQuiero pedirle disculpas a mi invitada Josefina Barr\u00f3n por la manera grosera que nos cortaron\u00a0 la entrevista. Los libros no le interesan a nadie. Me parece un maltrato para mi invitada y para el p\u00fablico que estaba escuchando la entrevista\u00bb.<\/p>\n<p style=\"text-align: justify;\">La ojiverde Sof\u00eda Franco le respondi\u00f3 inmediatamente al aire:\u00bbGrosero es que sigan pasando los minutos y yo no salga al aire\u00bb.<\/p>\n<p style=\"text-align: justify;\">La conductora del programa de Far\u00e1ndula, luego de ocurrido el incidente coment\u00f3:\u00bbBeto siempre se pasa. Soy tolerante, pero no aceptar\u00e9 que pasen por encima de m\u00ed. Si \u00e9l cree que tiene la libertad de hacer lo que le parezca, pues \u00e9l tiene su personalida; pero a m\u00ed s\u00ed me gusta respetar a mis compa\u00f1eros\u00bb, expres\u00f3 la futura mam\u00e1.<\/p>\n<p style=\"text-align: justify;\"><img decoding=\"async\" src=\"images\/stories\/12\/05\/110512\/altercado.jpg\" border=\"0\" alt=\"altercado\" title=\"altercado\" \/><\/p>\n<p style=\"text-align: justify;\">Cortes\u00eda Frecuencia Latina<\/p>\n","protected":false},"excerpt":{"rendered":"<p>(Aeronoticias).-Un altercado al aire se produjo ayer durante la emisi\u00f3n del programa Abre los ojos, porque cortaron\u00a0 la entrevista del periodista Beto Ortiz a Josefina Barr\u00f3n, para dar pase al bloque de espect\u00e1culos con Sof\u00eda Franco. Al regreso de la publicidad Ortiz muy mortificado por el abrupto corte pidi\u00f3 disculpas a su invitada por lo [&hellip;]<\/p>\n","protected":false},"author":1,"featured_media":0,"comment_status":"open","ping_status":"open","sticky":false,"template":"","format":"standard","meta":{"tdm_status":"","tdm_grid_status":"","footnotes":""},"categories":[41],"tags":[],"class_list":{"0":"post-26299","1":"post","2":"type-post","3":"status-publish","4":"format-standard","6":"category-espectaculos"},"yoast_head":"<!-- This site is optimized with the Yoast SEO plugin v25.1 - https:\/\/yoast.com\/wordpress\/plugins\/seo\/ -->\n<title>Se produce altercado al aire entre Sof\u00eda Franco y Beto Ortiz<\/title>\n<meta name=\"description\" content=\"Portal de noticias del Per\u00fa sobre el transporte a\u00e9reo, aviaci\u00f3n, turismo, hoteleria, actualidad.\" \/>\n<meta name=\"robots\" content=\"index, follow, max-snippet:-1, max-image-preview:large, max-video-preview:-1\" \/>\n<link rel=\"canonical\" href=\"https:\/\/aeronoticias.com.pe\/noticiero\/espectaculos\/se-produce-altercado-al-aire-entre-sofia-franco-y-beto-ortiz\/\" \/>\n<meta property=\"og:locale\" content=\"es_ES\" \/>\n<meta property=\"og:type\" content=\"article\" \/>\n<meta property=\"og:title\" content=\"Se produce altercado al aire entre Sof\u00eda Franco y Beto Ortiz\" \/>\n<meta property=\"og:description\" content=\"Portal de noticias del Per\u00fa sobre el transporte a\u00e9reo, aviaci\u00f3n, turismo, hoteleria, actualidad.\" \/>\n<meta property=\"og:url\" content=\"https:\/\/aeronoticias.com.pe\/noticiero\/espectaculos\/se-produce-altercado-al-aire-entre-sofia-franco-y-beto-ortiz\/\" \/>\n<meta property=\"og:site_name\" content=\"Aeronoticias.com.pe\" \/>\n<meta property=\"article:publisher\" content=\"https:\/\/www.facebook.com\/Aeronoticias.com.pe\/\" \/>\n<meta property=\"article:published_time\" content=\"2012-05-12T02:33:52+00:00\" \/>\n<meta name=\"author\" content=\"Redacci\u00f3n Aeronoticias\" \/>\n<meta name=\"twitter:card\" content=\"summary_large_image\" \/>\n<meta name=\"twitter:creator\" content=\"@aeronoticias\" \/>\n<meta name=\"twitter:site\" content=\"@aeronoticias\" \/>\n<meta name=\"twitter:label1\" content=\"Escrito por\" \/>\n\t<meta name=\"twitter:data1\" content=\"Redacci\u00f3n Aeronoticias\" \/>\n\t<meta name=\"twitter:label2\" content=\"Tiempo de lectura\" \/>\n\t<meta name=\"twitter:data2\" content=\"1 minuto\" \/>\n<script type=\"application\/ld+json\" class=\"yoast-schema-graph\">{\"@context\":\"https:\/\/schema.org\",\"@graph\":[{\"@type\":\"WebPage\",\"@id\":\"https:\/\/aeronoticias.com.pe\/noticiero\/espectaculos\/se-produce-altercado-al-aire-entre-sofia-franco-y-beto-ortiz\/\",\"url\":\"https:\/\/aeronoticias.com.pe\/noticiero\/espectaculos\/se-produce-altercado-al-aire-entre-sofia-franco-y-beto-ortiz\/\",\"name\":\"Se produce altercado al aire entre Sof\u00eda Franco y Beto Ortiz\",\"isPartOf\":{\"@id\":\"https:\/\/aeronoticias.com.pe\/noticiero\/#website\"},\"datePublished\":\"2012-05-12T02:33:52+00:00\",\"author\":{\"@id\":\"https:\/\/aeronoticias.com.pe\/noticiero\/#\/schema\/person\/fc1e5d578f4b62ba1cf7ac2bba1170a0\"},\"description\":\"Portal de noticias del Per\u00fa sobre el transporte a\u00e9reo, aviaci\u00f3n, turismo, hoteleria, actualidad.\",\"breadcrumb\":{\"@id\":\"https:\/\/aeronoticias.com.pe\/noticiero\/espectaculos\/se-produce-altercado-al-aire-entre-sofia-franco-y-beto-ortiz\/#breadcrumb\"},\"inLanguage\":\"es\",\"potentialAction\":[{\"@type\":\"ReadAction\",\"target\":[\"https:\/\/aeronoticias.com.pe\/noticiero\/espectaculos\/se-produce-altercado-al-aire-entre-sofia-franco-y-beto-ortiz\/\"]}]},{\"@type\":\"BreadcrumbList\",\"@id\":\"https:\/\/aeronoticias.com.pe\/noticiero\/espectaculos\/se-produce-altercado-al-aire-entre-sofia-franco-y-beto-ortiz\/#breadcrumb\",\"itemListElement\":[{\"@type\":\"ListItem\",\"position\":1,\"name\":\"Portada\",\"item\":\"https:\/\/aeronoticias.com.pe\/noticiero\/\"},{\"@type\":\"ListItem\",\"position\":2,\"name\":\"Se produce altercado al aire entre Sof\u00eda Franco y Beto Ortiz\"}]},{\"@type\":\"WebSite\",\"@id\":\"https:\/\/aeronoticias.com.pe\/noticiero\/#website\",\"url\":\"https:\/\/aeronoticias.com.pe\/noticiero\/\",\"name\":\"Aeronoticias.com.pe\",\"description\":\"Noticias de tranporte aereo, turismo, hoteles, gastronomia, actualidad, internacional\",\"potentialAction\":[{\"@type\":\"SearchAction\",\"target\":{\"@type\":\"EntryPoint\",\"urlTemplate\":\"https:\/\/aeronoticias.com.pe\/noticiero\/?s={search_term_string}\"},\"query-input\":{\"@type\":\"PropertyValueSpecification\",\"valueRequired\":true,\"valueName\":\"search_term_string\"}}],\"inLanguage\":\"es\"},{\"@type\":\"Person\",\"@id\":\"https:\/\/aeronoticias.com.pe\/noticiero\/#\/schema\/person\/fc1e5d578f4b62ba1cf7ac2bba1170a0\",\"name\":\"Redacci\u00f3n Aeronoticias\",\"url\":\"https:\/\/aeronoticias.com.pe\/noticiero\/author\/piloto\/\"}]}<\/script>\n<!-- \/ Yoast SEO plugin. -->","yoast_head_json":{"title":"Se produce altercado al aire entre Sof\u00eda Franco y Beto Ortiz","description":"Portal de noticias del Per\u00fa sobre el transporte a\u00e9reo, aviaci\u00f3n, turismo, hoteleria, actualidad.","robots":{"index":"index","follow":"follow","max-snippet":"max-snippet:-1","max-image-preview":"max-image-preview:large","max-video-preview":"max-video-preview:-1"},"canonical":"https:\/\/aeronoticias.com.pe\/noticiero\/espectaculos\/se-produce-altercado-al-aire-entre-sofia-franco-y-beto-ortiz\/","og_locale":"es_ES","og_type":"article","og_title":"Se produce altercado al aire entre Sof\u00eda Franco y Beto Ortiz","og_description":"Portal de noticias del Per\u00fa sobre el transporte a\u00e9reo, aviaci\u00f3n, turismo, hoteleria, actualidad.","og_url":"https:\/\/aeronoticias.com.pe\/noticiero\/espectaculos\/se-produce-altercado-al-aire-entre-sofia-franco-y-beto-ortiz\/","og_site_name":"Aeronoticias.com.pe","article_publisher":"https:\/\/www.facebook.com\/Aeronoticias.com.pe\/","article_published_time":"2012-05-12T02:33:52+00:00","author":"Redacci\u00f3n Aeronoticias","twitter_card":"summary_large_image","twitter_creator":"@aeronoticias","twitter_site":"@aeronoticias","twitter_misc":{"Escrito por":"Redacci\u00f3n Aeronoticias","Tiempo de lectura":"1 minuto"},"schema":{"@context":"https:\/\/schema.org","@graph":[{"@type":"WebPage","@id":"https:\/\/aeronoticias.com.pe\/noticiero\/espectaculos\/se-produce-altercado-al-aire-entre-sofia-franco-y-beto-ortiz\/","url":"https:\/\/aeronoticias.com.pe\/noticiero\/espectaculos\/se-produce-altercado-al-aire-entre-sofia-franco-y-beto-ortiz\/","name":"Se produce altercado al aire entre Sof\u00eda Franco y Beto Ortiz","isPartOf":{"@id":"https:\/\/aeronoticias.com.pe\/noticiero\/#website"},"datePublished":"2012-05-12T02:33:52+00:00","author":{"@id":"https:\/\/aeronoticias.com.pe\/noticiero\/#\/schema\/person\/fc1e5d578f4b62ba1cf7ac2bba1170a0"},"description":"Portal de noticias del Per\u00fa sobre el transporte a\u00e9reo, aviaci\u00f3n, turismo, hoteleria, actualidad.","breadcrumb":{"@id":"https:\/\/aeronoticias.com.pe\/noticiero\/espectaculos\/se-produce-altercado-al-aire-entre-sofia-franco-y-beto-ortiz\/#breadcrumb"},"inLanguage":"es","potentialAction":[{"@type":"ReadAction","target":["https:\/\/aeronoticias.com.pe\/noticiero\/espectaculos\/se-produce-altercado-al-aire-entre-sofia-franco-y-beto-ortiz\/"]}]},{"@type":"BreadcrumbList","@id":"https:\/\/aeronoticias.com.pe\/noticiero\/espectaculos\/se-produce-altercado-al-aire-entre-sofia-franco-y-beto-ortiz\/#breadcrumb","itemListElement":[{"@type":"ListItem","position":1,"name":"Portada","item":"https:\/\/aeronoticias.com.pe\/noticiero\/"},{"@type":"ListItem","position":2,"name":"Se produce altercado al aire entre Sof\u00eda Franco y Beto Ortiz"}]},{"@type":"WebSite","@id":"https:\/\/aeronoticias.com.pe\/noticiero\/#website","url":"https:\/\/aeronoticias.com.pe\/noticiero\/","name":"Aeronoticias.com.pe","description":"Noticias de tranporte aereo, turismo, hoteles, gastronomia, actualidad, internacional","potentialAction":[{"@type":"SearchAction","target":{"@type":"EntryPoint","urlTemplate":"https:\/\/aeronoticias.com.pe\/noticiero\/?s={search_term_string}"},"query-input":{"@type":"PropertyValueSpecification","valueRequired":true,"valueName":"search_term_string"}}],"inLanguage":"es"},{"@type":"Person","@id":"https:\/\/aeronoticias.com.pe\/noticiero\/#\/schema\/person\/fc1e5d578f4b62ba1cf7ac2bba1170a0","name":"Redacci\u00f3n Aeronoticias","url":"https:\/\/aeronoticias.com.pe\/noticiero\/author\/piloto\/"}]}},"_links":{"self":[{"href":"https:\/\/aeronoticias.com.pe\/noticiero\/wp-json\/wp\/v2\/posts\/26299","targetHints":{"allow":["GET"]}}],"collection":[{"href":"https:\/\/aeronoticias.com.pe\/noticiero\/wp-json\/wp\/v2\/posts"}],"about":[{"href":"https:\/\/aeronoticias.com.pe\/noticiero\/wp-json\/wp\/v2\/types\/post"}],"author":[{"embeddable":true,"href":"https:\/\/aeronoticias.com.pe\/noticiero\/wp-json\/wp\/v2\/users\/1"}],"replies":[{"embeddable":true,"href":"https:\/\/aeronoticias.com.pe\/noticiero\/wp-json\/wp\/v2\/comments?post=26299"}],"version-history":[{"count":0,"href":"https:\/\/aeronoticias.com.pe\/noticiero\/wp-json\/wp\/v2\/posts\/26299\/revisions"}],"wp:attachment":[{"href":"https:\/\/aeronoticias.com.pe\/noticiero\/wp-json\/wp\/v2\/media?parent=26299"}],"wp:term":[{"taxonomy":"category","embeddable":true,"href":"https:\/\/aeronoticias.com.pe\/noticiero\/wp-json\/wp\/v2\/categories?post=26299"},{"taxonomy":"post_tag","embeddable":true,"href":"https:\/\/aeronoticias.com.pe\/noticiero\/wp-json\/wp\/v2\/tags?post=26299"}],"curies":[{"name":"wp","href":"https:\/\/api.w.org\/{rel}","templated":true}]}}