{"id":263,"date":"2008-08-19T10:32:42","date_gmt":"2008-08-19T10:32:42","guid":{"rendered":"http:\/\/desarrollo.mcvicious.com\/aero2020\/2008\/08\/19\/hasta-el-19-de-septiembre-se-puede-postular-a-premio-mejor-ciudadano-empresarial-2008\/"},"modified":"2008-08-19T10:32:42","modified_gmt":"2008-08-19T10:32:42","slug":"hasta-el-19-de-septiembre-se-puede-postular-a-premio-mejor-ciudadano-empresarial-2008","status":"publish","type":"post","link":"https:\/\/aeronoticias.com.pe\/noticiero\/ultimas\/1\/hasta-el-19-de-septiembre-se-puede-postular-a-premio-mejor-ciudadano-empresarial-2008\/","title":{"rendered":"Hasta el 19 de septiembre se puede postular a premio mejor ciudadano empresarial 2008"},"content":{"rendered":"<blockquote>\n<p style=\"font-size: 12px; color: #003a75; font-family: Arial, Helvetica, sans-serif\" align=\"justify\">La Fundaci&oacute;n para las Am&eacute;ricas , entidad afiliada a la Organizaci&oacute;n de los Estados Americanos (OEA), ha extendido la fecha para otorgar el Premio al Mejor Ciudadano Empresarial de 2008 hasta el d&iacute;a 19 de Septiembre de 2008. <\/p>\n<p style=\"font-size: 12px; color: #003a75; font-family: Arial, Helvetica, sans-serif\" align=\"justify\">Por medio de este premio, la Fundaci&oacute;n para las Am&eacute;ricas da reconocimiento a las empresas que mejor manejan programas sociales que beneficien a la comunidad donde operan y que puedan servir como modelo para otras empresas en materia de pr&aacute;cticas y acciones socialmente responsables.<\/p>\n<div style=\"text-align: center\"><img loading=\"lazy\" decoding=\"async\" src=\"http:\/\/aeronoticias.com.pe\/fotonoticias\/agosto\/oea19.jpg\" alt=\" \" title=\"Hasta el 19 de septiembre se puede postular a premio mejor ciudadano empresarial 2008.\" hspace=\"5\" vspace=\"5\" width=\"250\" height=\"180\" \/><\/div>\n<\/blockquote>\n<p> <!--more--> <\/p>\n<blockquote style=\"font-size: 12px; color: #003a75; font-family: Arial, Helvetica, sans-serif\">\n<p style=\"font-size: 12px; color: #003a75; font-family: Arial, Helvetica, sans-serif\" align=\"center\"><strong>Fundaci&oacute;n considerar&aacute; iniciativas dentro del hemisferio<\/strong>&nbsp;<\/p>\n<p style=\"font-size: 12px; color: #003a75; font-family: Arial, Helvetica, sans-serif\" align=\"justify\">El m&eacute;todo de selecci&oacute;n est&aacute; a cargo de un comit&eacute; especializado en el tema de Responsabilidad Social Corporativa, que selecciona a tres finalistas, otorgando un premio de primer lugar. <\/p>\n<p style=\"font-size: 12px; color: #003a75; font-family: Arial, Helvetica, sans-serif\" align=\"justify\">Durante la selecci&oacute;n de la empresa con la mejor pr&aacute;ctica social, tambi&eacute;n se galardona a los otros dos finalistas con la entrega de dos menciones honor&iacute;ficas. <\/p>\n<p style=\"font-size: 12px; color: #003a75; font-family: Arial, Helvetica, sans-serif\" align=\"justify\">El Comit&eacute; de Selecci&oacute;n de la Fundaci&oacute;n considerar&aacute; iniciativas dentro del hemisferio que incluyan entre otros los siguientes campos de actividad: Participaci&oacute;n en la Comunidad, que incluye cooperaci&oacute;n solidaria con la comunidad, programas de ense&ntilde;anza, filantrop&iacute;a empresarial, donaci&oacute;n de productos y servicios a la comunidad local y trabajo voluntario en la comunidad.<\/p>\n<p style=\"font-size: 12px; color: #003a75; font-family: Arial, Helvetica, sans-serif\" align=\"justify\">Adem&aacute;s de Protecci&oacute;n Ecol&oacute;gica: Estas iniciativas podr&aacute;n incluir un examen de las pr&aacute;cticas de la empresa, desarrollo de productos y servicios sustentables as&iacute; como la eliminaci&oacute;n de desechos y emisiones. Tambi&eacute;n el Fomento de la Salud con medidas dirigidas al mejoramiento de la salud y del bienestar de los empleados y la comunidad.<\/p>\n<p style=\"font-size: 12px; color: #003a75; font-family: Arial, Helvetica, sans-serif\" align=\"center\"><strong>Premiaci&oacute;n se realizar&aacute; en Washington<\/strong><\/p>\n<p align=\"justify\">Este a&ntilde;o el Premio al Mejor Ciudadano Empresarial se presentar&aacute; en un evento relacionado a este tema, en la sede de la Organizaci&oacute;n de los Estados Americanos (OEA) en Washington, DC en el oto&ntilde;o de 2008.&nbsp; El evento contar&aacute; con la presencia de los embajadores de los diferentes pa&iacute;ses del hemisferio, entre otros invitados especiales.&nbsp; <\/p>\n<p align=\"justify\">El &uacute;ltimo ganador del Premio al Mejor Ciudadano Empresarial del A&ntilde;o, en 2007, fue el ingenio azucarero Pantale&oacute;n de Guatemala, por su programa &ldquo;Construyendo Ciudadan&iacute;a&rdquo; que convierte a las escuelas de la zona en donde residen sus trabajadores en peque&ntilde;as sociedades democr&aacute;ticas donde los ni&ntilde;os y las ni&ntilde;as asumen responsabilidades y compromisos, respetando las leyes establecidas en su constituci&oacute;n escolar y dando sus mejores aportes para el logro de un clima saludable de trabajo, esto a trav&eacute;s de la creaci&oacute;n de Gobiernos Escolares, es decir, la elecci&oacute;n de cargos para representar el organismo ejecutivo, legislativo y judicial.<\/p>\n<p align=\"justify\">En este mismo contexto, se otorgaron menciones honor&iacute;ficas a los otros dos finalistas: Cemex, por su programa &ldquo;Patrimonio Hoy&rdquo; en M&eacute;xico y Telef&oacute;nica con su programa &ldquo;Pronino&rdquo;, que se extiende a varios pa&iacute;ses de Am&eacute;rica Latina. <\/p>\n<p align=\"center\"><strong>Comit&eacute; de Selecci&oacute;n formado por representantes de diferentes pa&iacute;ses<\/strong><\/p>\n<p align=\"justify\">El Comit&eacute; de Selecci&oacute;n de Premios de la Fundaci&oacute;n est&aacute; conformado por representantes de diferentes pa&iacute;ses de Am&eacute;rica Latina, ejecutivos de compa&ntilde;&iacute;as multinacionales y expertos en el campo de la responsabilidad social corporativa. Los formularios para la presentaci&oacute;n de candidaturas al premio deben ser entregados a la Fundaci&oacute;n para las Am&eacute;ricas, con un plazo l&iacute;mite para recibir la documentaci&oacute;n hasta el d&iacute;a 19 de Septiembre de 2008. <\/p>\n<p align=\"justify\">Para recibir el formulario de aplicaci&oacute;n, por favor consultar el sitio web <a href=\"http:\/\/www.trustfortheamericas.org\/spanish\/premio.html\">http:\/\/www.trustfortheamericas.org\/spanish\/premio.html<\/a> o enviar un correo electr&oacute;nico a Meredith Scott <a href=\"mailto:mscott@oas.org\">mscott@oas.org<\/a>, Coordinadora del Programa.<\/p>\n<p align=\"justify\">Para m&aacute;s informaci&oacute;n contactar a:&nbsp;&nbsp;Meredith Scott, Coordinadora del Premio Ciudadano Empresarial de la Fundaci&oacute;n para las Am&eacute;ricas<br \/><a href=\"mailto:mscott@oas.org\">mscott@oas.org<\/a><br \/>Tel&eacute;fono: (+1) 202.458.3261&nbsp;&nbsp;&nbsp;&nbsp;&nbsp;&nbsp;&nbsp;&nbsp;&nbsp;&nbsp;&nbsp;&nbsp;&nbsp;&nbsp;&nbsp;&nbsp;&nbsp;&nbsp;&nbsp;&nbsp;&nbsp;&nbsp;&nbsp;&nbsp;&nbsp;&nbsp;&nbsp;&nbsp;&nbsp;&nbsp;&nbsp;&nbsp;&nbsp;&nbsp;&nbsp;&nbsp;&nbsp;&nbsp;&nbsp;&nbsp;&nbsp;&nbsp;&nbsp;&nbsp;&nbsp;&nbsp;&nbsp;&nbsp;&nbsp;&nbsp;&nbsp;&nbsp;&nbsp;&nbsp;&nbsp;&nbsp;&nbsp;&nbsp;&nbsp;&nbsp;&nbsp;&nbsp;&nbsp;&nbsp;&nbsp;&nbsp;&nbsp;&nbsp;&nbsp;&nbsp;&nbsp;&nbsp;&nbsp;&nbsp;&nbsp;&nbsp;&nbsp;&nbsp;&nbsp;&nbsp;&nbsp;&nbsp;&nbsp;&nbsp;&nbsp;&nbsp;&nbsp;&nbsp;&nbsp;&nbsp;&nbsp; <\/p>\n<\/blockquote>\n","protected":false},"excerpt":{"rendered":"<p>La Fundaci&oacute;n para las Am&eacute;ricas , entidad afiliada a la Organizaci&oacute;n de los Estados Americanos (OEA), ha extendido la fecha para otorgar el Premio al Mejor Ciudadano Empresarial de 2008 hasta el d&iacute;a 19 de Septiembre de 2008. Por medio de este premio, la Fundaci&oacute;n para las Am&eacute;ricas da reconocimiento a las empresas que mejor [&hellip;]<\/p>\n","protected":false},"author":1,"featured_media":0,"comment_status":"open","ping_status":"open","sticky":false,"template":"","format":"standard","meta":{"tdm_status":"","tdm_grid_status":"","footnotes":""},"categories":[30],"tags":[],"class_list":{"0":"post-263","1":"post","2":"type-post","3":"status-publish","4":"format-standard","6":"category-30"},"yoast_head":"<!-- This site is optimized with the Yoast SEO plugin v25.1 - https:\/\/yoast.com\/wordpress\/plugins\/seo\/ -->\n<title>Hasta el 19 de septiembre se puede postular a premio mejor ciudadano empresarial 2008<\/title>\n<meta name=\"description\" content=\"Portal de noticias del Per\u00fa sobre el transporte a\u00e9reo, aviaci\u00f3n, turismo, hoteleria, actualidad.\" \/>\n<meta name=\"robots\" content=\"index, follow, max-snippet:-1, max-image-preview:large, max-video-preview:-1\" \/>\n<link rel=\"canonical\" href=\"https:\/\/aeronoticias.com.pe\/noticiero\/ultimas\/1\/hasta-el-19-de-septiembre-se-puede-postular-a-premio-mejor-ciudadano-empresarial-2008\/\" \/>\n<meta property=\"og:locale\" content=\"es_ES\" \/>\n<meta property=\"og:type\" content=\"article\" \/>\n<meta property=\"og:title\" content=\"Hasta el 19 de septiembre se puede postular a premio mejor ciudadano empresarial 2008\" \/>\n<meta property=\"og:description\" content=\"Portal de noticias del Per\u00fa sobre el transporte a\u00e9reo, aviaci\u00f3n, turismo, hoteleria, actualidad.\" \/>\n<meta property=\"og:url\" content=\"https:\/\/aeronoticias.com.pe\/noticiero\/ultimas\/1\/hasta-el-19-de-septiembre-se-puede-postular-a-premio-mejor-ciudadano-empresarial-2008\/\" \/>\n<meta property=\"og:site_name\" content=\"Aeronoticias.com.pe\" \/>\n<meta property=\"article:publisher\" content=\"https:\/\/www.facebook.com\/Aeronoticias.com.pe\/\" \/>\n<meta property=\"article:published_time\" content=\"2008-08-19T10:32:42+00:00\" \/>\n<meta property=\"og:image\" content=\"http:\/\/aeronoticias.com.pe\/fotonoticias\/agosto\/oea19.jpg\" \/>\n<meta name=\"author\" content=\"Redacci\u00f3n Aeronoticias\" \/>\n<meta name=\"twitter:card\" content=\"summary_large_image\" \/>\n<meta name=\"twitter:creator\" content=\"@aeronoticias\" \/>\n<meta name=\"twitter:site\" content=\"@aeronoticias\" \/>\n<meta name=\"twitter:label1\" content=\"Escrito por\" \/>\n\t<meta name=\"twitter:data1\" content=\"Redacci\u00f3n Aeronoticias\" \/>\n\t<meta name=\"twitter:label2\" content=\"Tiempo de lectura\" \/>\n\t<meta name=\"twitter:data2\" content=\"4 minutos\" \/>\n<script type=\"application\/ld+json\" class=\"yoast-schema-graph\">{\"@context\":\"https:\/\/schema.org\",\"@graph\":[{\"@type\":\"WebPage\",\"@id\":\"https:\/\/aeronoticias.com.pe\/noticiero\/ultimas\/1\/hasta-el-19-de-septiembre-se-puede-postular-a-premio-mejor-ciudadano-empresarial-2008\/\",\"url\":\"https:\/\/aeronoticias.com.pe\/noticiero\/ultimas\/1\/hasta-el-19-de-septiembre-se-puede-postular-a-premio-mejor-ciudadano-empresarial-2008\/\",\"name\":\"Hasta el 19 de septiembre se puede postular a premio mejor ciudadano empresarial 2008\",\"isPartOf\":{\"@id\":\"https:\/\/aeronoticias.com.pe\/noticiero\/#website\"},\"primaryImageOfPage\":{\"@id\":\"https:\/\/aeronoticias.com.pe\/noticiero\/ultimas\/1\/hasta-el-19-de-septiembre-se-puede-postular-a-premio-mejor-ciudadano-empresarial-2008\/#primaryimage\"},\"image\":{\"@id\":\"https:\/\/aeronoticias.com.pe\/noticiero\/ultimas\/1\/hasta-el-19-de-septiembre-se-puede-postular-a-premio-mejor-ciudadano-empresarial-2008\/#primaryimage\"},\"thumbnailUrl\":\"http:\/\/aeronoticias.com.pe\/fotonoticias\/agosto\/oea19.jpg\",\"datePublished\":\"2008-08-19T10:32:42+00:00\",\"author\":{\"@id\":\"https:\/\/aeronoticias.com.pe\/noticiero\/#\/schema\/person\/fc1e5d578f4b62ba1cf7ac2bba1170a0\"},\"description\":\"Portal de noticias del Per\u00fa sobre el transporte a\u00e9reo, aviaci\u00f3n, turismo, hoteleria, actualidad.\",\"breadcrumb\":{\"@id\":\"https:\/\/aeronoticias.com.pe\/noticiero\/ultimas\/1\/hasta-el-19-de-septiembre-se-puede-postular-a-premio-mejor-ciudadano-empresarial-2008\/#breadcrumb\"},\"inLanguage\":\"es\",\"potentialAction\":[{\"@type\":\"ReadAction\",\"target\":[\"https:\/\/aeronoticias.com.pe\/noticiero\/ultimas\/1\/hasta-el-19-de-septiembre-se-puede-postular-a-premio-mejor-ciudadano-empresarial-2008\/\"]}]},{\"@type\":\"ImageObject\",\"inLanguage\":\"es\",\"@id\":\"https:\/\/aeronoticias.com.pe\/noticiero\/ultimas\/1\/hasta-el-19-de-septiembre-se-puede-postular-a-premio-mejor-ciudadano-empresarial-2008\/#primaryimage\",\"url\":\"http:\/\/aeronoticias.com.pe\/fotonoticias\/agosto\/oea19.jpg\",\"contentUrl\":\"http:\/\/aeronoticias.com.pe\/fotonoticias\/agosto\/oea19.jpg\"},{\"@type\":\"BreadcrumbList\",\"@id\":\"https:\/\/aeronoticias.com.pe\/noticiero\/ultimas\/1\/hasta-el-19-de-septiembre-se-puede-postular-a-premio-mejor-ciudadano-empresarial-2008\/#breadcrumb\",\"itemListElement\":[{\"@type\":\"ListItem\",\"position\":1,\"name\":\"Portada\",\"item\":\"https:\/\/aeronoticias.com.pe\/noticiero\/\"},{\"@type\":\"ListItem\",\"position\":2,\"name\":\"Hasta el 19 de septiembre se puede postular a premio mejor ciudadano empresarial 2008\"}]},{\"@type\":\"WebSite\",\"@id\":\"https:\/\/aeronoticias.com.pe\/noticiero\/#website\",\"url\":\"https:\/\/aeronoticias.com.pe\/noticiero\/\",\"name\":\"Aeronoticias.com.pe\",\"description\":\"Noticias de tranporte aereo, turismo, hoteles, gastronomia, actualidad, internacional\",\"potentialAction\":[{\"@type\":\"SearchAction\",\"target\":{\"@type\":\"EntryPoint\",\"urlTemplate\":\"https:\/\/aeronoticias.com.pe\/noticiero\/?s={search_term_string}\"},\"query-input\":{\"@type\":\"PropertyValueSpecification\",\"valueRequired\":true,\"valueName\":\"search_term_string\"}}],\"inLanguage\":\"es\"},{\"@type\":\"Person\",\"@id\":\"https:\/\/aeronoticias.com.pe\/noticiero\/#\/schema\/person\/fc1e5d578f4b62ba1cf7ac2bba1170a0\",\"name\":\"Redacci\u00f3n Aeronoticias\",\"url\":\"https:\/\/aeronoticias.com.pe\/noticiero\/author\/piloto\/\"}]}<\/script>\n<!-- \/ Yoast SEO plugin. -->","yoast_head_json":{"title":"Hasta el 19 de septiembre se puede postular a premio mejor ciudadano empresarial 2008","description":"Portal de noticias del Per\u00fa sobre el transporte a\u00e9reo, aviaci\u00f3n, turismo, hoteleria, actualidad.","robots":{"index":"index","follow":"follow","max-snippet":"max-snippet:-1","max-image-preview":"max-image-preview:large","max-video-preview":"max-video-preview:-1"},"canonical":"https:\/\/aeronoticias.com.pe\/noticiero\/ultimas\/1\/hasta-el-19-de-septiembre-se-puede-postular-a-premio-mejor-ciudadano-empresarial-2008\/","og_locale":"es_ES","og_type":"article","og_title":"Hasta el 19 de septiembre se puede postular a premio mejor ciudadano empresarial 2008","og_description":"Portal de noticias del Per\u00fa sobre el transporte a\u00e9reo, aviaci\u00f3n, turismo, hoteleria, actualidad.","og_url":"https:\/\/aeronoticias.com.pe\/noticiero\/ultimas\/1\/hasta-el-19-de-septiembre-se-puede-postular-a-premio-mejor-ciudadano-empresarial-2008\/","og_site_name":"Aeronoticias.com.pe","article_publisher":"https:\/\/www.facebook.com\/Aeronoticias.com.pe\/","article_published_time":"2008-08-19T10:32:42+00:00","og_image":[{"url":"http:\/\/aeronoticias.com.pe\/fotonoticias\/agosto\/oea19.jpg","type":"","width":"","height":""}],"author":"Redacci\u00f3n Aeronoticias","twitter_card":"summary_large_image","twitter_creator":"@aeronoticias","twitter_site":"@aeronoticias","twitter_misc":{"Escrito por":"Redacci\u00f3n Aeronoticias","Tiempo de lectura":"4 minutos"},"schema":{"@context":"https:\/\/schema.org","@graph":[{"@type":"WebPage","@id":"https:\/\/aeronoticias.com.pe\/noticiero\/ultimas\/1\/hasta-el-19-de-septiembre-se-puede-postular-a-premio-mejor-ciudadano-empresarial-2008\/","url":"https:\/\/aeronoticias.com.pe\/noticiero\/ultimas\/1\/hasta-el-19-de-septiembre-se-puede-postular-a-premio-mejor-ciudadano-empresarial-2008\/","name":"Hasta el 19 de septiembre se puede postular a premio mejor ciudadano empresarial 2008","isPartOf":{"@id":"https:\/\/aeronoticias.com.pe\/noticiero\/#website"},"primaryImageOfPage":{"@id":"https:\/\/aeronoticias.com.pe\/noticiero\/ultimas\/1\/hasta-el-19-de-septiembre-se-puede-postular-a-premio-mejor-ciudadano-empresarial-2008\/#primaryimage"},"image":{"@id":"https:\/\/aeronoticias.com.pe\/noticiero\/ultimas\/1\/hasta-el-19-de-septiembre-se-puede-postular-a-premio-mejor-ciudadano-empresarial-2008\/#primaryimage"},"thumbnailUrl":"http:\/\/aeronoticias.com.pe\/fotonoticias\/agosto\/oea19.jpg","datePublished":"2008-08-19T10:32:42+00:00","author":{"@id":"https:\/\/aeronoticias.com.pe\/noticiero\/#\/schema\/person\/fc1e5d578f4b62ba1cf7ac2bba1170a0"},"description":"Portal de noticias del Per\u00fa sobre el transporte a\u00e9reo, aviaci\u00f3n, turismo, hoteleria, actualidad.","breadcrumb":{"@id":"https:\/\/aeronoticias.com.pe\/noticiero\/ultimas\/1\/hasta-el-19-de-septiembre-se-puede-postular-a-premio-mejor-ciudadano-empresarial-2008\/#breadcrumb"},"inLanguage":"es","potentialAction":[{"@type":"ReadAction","target":["https:\/\/aeronoticias.com.pe\/noticiero\/ultimas\/1\/hasta-el-19-de-septiembre-se-puede-postular-a-premio-mejor-ciudadano-empresarial-2008\/"]}]},{"@type":"ImageObject","inLanguage":"es","@id":"https:\/\/aeronoticias.com.pe\/noticiero\/ultimas\/1\/hasta-el-19-de-septiembre-se-puede-postular-a-premio-mejor-ciudadano-empresarial-2008\/#primaryimage","url":"http:\/\/aeronoticias.com.pe\/fotonoticias\/agosto\/oea19.jpg","contentUrl":"http:\/\/aeronoticias.com.pe\/fotonoticias\/agosto\/oea19.jpg"},{"@type":"BreadcrumbList","@id":"https:\/\/aeronoticias.com.pe\/noticiero\/ultimas\/1\/hasta-el-19-de-septiembre-se-puede-postular-a-premio-mejor-ciudadano-empresarial-2008\/#breadcrumb","itemListElement":[{"@type":"ListItem","position":1,"name":"Portada","item":"https:\/\/aeronoticias.com.pe\/noticiero\/"},{"@type":"ListItem","position":2,"name":"Hasta el 19 de septiembre se puede postular a premio mejor ciudadano empresarial 2008"}]},{"@type":"WebSite","@id":"https:\/\/aeronoticias.com.pe\/noticiero\/#website","url":"https:\/\/aeronoticias.com.pe\/noticiero\/","name":"Aeronoticias.com.pe","description":"Noticias de tranporte aereo, turismo, hoteles, gastronomia, actualidad, internacional","potentialAction":[{"@type":"SearchAction","target":{"@type":"EntryPoint","urlTemplate":"https:\/\/aeronoticias.com.pe\/noticiero\/?s={search_term_string}"},"query-input":{"@type":"PropertyValueSpecification","valueRequired":true,"valueName":"search_term_string"}}],"inLanguage":"es"},{"@type":"Person","@id":"https:\/\/aeronoticias.com.pe\/noticiero\/#\/schema\/person\/fc1e5d578f4b62ba1cf7ac2bba1170a0","name":"Redacci\u00f3n Aeronoticias","url":"https:\/\/aeronoticias.com.pe\/noticiero\/author\/piloto\/"}]}},"_links":{"self":[{"href":"https:\/\/aeronoticias.com.pe\/noticiero\/wp-json\/wp\/v2\/posts\/263","targetHints":{"allow":["GET"]}}],"collection":[{"href":"https:\/\/aeronoticias.com.pe\/noticiero\/wp-json\/wp\/v2\/posts"}],"about":[{"href":"https:\/\/aeronoticias.com.pe\/noticiero\/wp-json\/wp\/v2\/types\/post"}],"author":[{"embeddable":true,"href":"https:\/\/aeronoticias.com.pe\/noticiero\/wp-json\/wp\/v2\/users\/1"}],"replies":[{"embeddable":true,"href":"https:\/\/aeronoticias.com.pe\/noticiero\/wp-json\/wp\/v2\/comments?post=263"}],"version-history":[{"count":0,"href":"https:\/\/aeronoticias.com.pe\/noticiero\/wp-json\/wp\/v2\/posts\/263\/revisions"}],"wp:attachment":[{"href":"https:\/\/aeronoticias.com.pe\/noticiero\/wp-json\/wp\/v2\/media?parent=263"}],"wp:term":[{"taxonomy":"category","embeddable":true,"href":"https:\/\/aeronoticias.com.pe\/noticiero\/wp-json\/wp\/v2\/categories?post=263"},{"taxonomy":"post_tag","embeddable":true,"href":"https:\/\/aeronoticias.com.pe\/noticiero\/wp-json\/wp\/v2\/tags?post=263"}],"curies":[{"name":"wp","href":"https:\/\/api.w.org\/{rel}","templated":true}]}}