{"id":26300,"date":"2012-05-12T03:56:00","date_gmt":"2012-05-12T03:56:00","guid":{"rendered":"http:\/\/desarrollo.mcvicious.com\/aero2020\/2012\/05\/12\/pese-a-plan-de-paz-de-la-onu-mas-de-70-muertos-y-al-menos-372-heridos-por-atentado-en-damasco\/"},"modified":"2012-05-12T03:56:00","modified_gmt":"2012-05-12T03:56:00","slug":"pese-a-plan-de-paz-de-la-onu-mas-de-70-muertos-y-al-menos-372-heridos-por-atentado-en-damasco","status":"publish","type":"post","link":"https:\/\/aeronoticias.com.pe\/noticiero\/internacionales\/pese-a-plan-de-paz-de-la-onu-mas-de-70-muertos-y-al-menos-372-heridos-por-atentado-en-damasco\/","title":{"rendered":"Pese a plan de paz de la ONU m\u00e1s de 70 muertos y al menos 372 heridos por atentado en Damasco"},"content":{"rendered":"<p style=\"text-align: justify;\"><strong>(Aeronoticias).-<\/strong>Dos ataques suicidas con coche bomba que sembraron terror y\u00a0 desolaci\u00f3n se registraron ayer en Damasco, en lo que ha sido considerado el peor ataque sufrido en la capital siria desde el inicio de estos enfrentamientos, dejando como saldo al menos 70 personas muertas y 372 resultaron heridas.<\/p>\n<p style=\"text-align: justify;\">La agencia estatal SANA inform\u00f3 que el r\u00e9gimen a trav\u00e9s de una carta remitida al secretario general de la Organizaci\u00f3n de Naciones Unidas (ONU), Ban Ki-Moon afirm\u00f3 que estos cr\u00edmenes muestran que Siria es el principal objetivo de un ataque terrorista perpretado por organizaciones que son apoyadas financieramente y armadas por partidos que apoyan estos demenciales ataques terroristas\u00bb.<\/p>\n<p style=\"text-align: justify;\">El Consejo Nacional Sirio (CNS), sindic\u00f3 a Al Asad como responsable de los atentados terroristas.\u00bbEl r\u00e9gimen comete\u00a0 estos ataques para decir a los observadores internacionales que se encuentran en peligro y a su vez fortalecer\u00a0 sus argumentos sobre la presencia de grupos armados y de Al Qaeda en Siria\u00bb, declar\u00f3 a la AFP Samir Nachar, uno de los dirigentes del CNS.<\/p>\n<p style=\"text-align: justify;\"><img decoding=\"async\" src=\"images\/stories\/12\/05\/110512\/atentado.jpg\" border=\"0\" alt=\"atentado\" title=\"atentado\" \/><\/p>\n<p style=\"text-align: justify;\">\u00a0<\/p>\n","protected":false},"excerpt":{"rendered":"<p>(Aeronoticias).-Dos ataques suicidas con coche bomba que sembraron terror y\u00a0 desolaci\u00f3n se registraron ayer en Damasco, en lo que ha sido considerado el peor ataque sufrido en la capital siria desde el inicio de estos enfrentamientos, dejando como saldo al menos 70 personas muertas y 372 resultaron heridas. La agencia estatal SANA inform\u00f3 que el [&hellip;]<\/p>\n","protected":false},"author":1,"featured_media":0,"comment_status":"open","ping_status":"open","sticky":false,"template":"","format":"standard","meta":{"tdm_status":"","tdm_grid_status":"","footnotes":""},"categories":[34],"tags":[],"class_list":{"0":"post-26300","1":"post","2":"type-post","3":"status-publish","4":"format-standard","6":"category-internacionales"},"yoast_head":"<!-- This site is optimized with the Yoast SEO plugin v25.1 - https:\/\/yoast.com\/wordpress\/plugins\/seo\/ -->\n<title>Pese a plan de paz de la ONU m\u00e1s de 70 muertos y al menos 372 heridos por atentado en Damasco<\/title>\n<meta name=\"description\" content=\"Portal de noticias del Per\u00fa sobre el transporte a\u00e9reo, aviaci\u00f3n, turismo, hoteleria, actualidad.\" \/>\n<meta name=\"robots\" content=\"index, follow, max-snippet:-1, max-image-preview:large, max-video-preview:-1\" \/>\n<link rel=\"canonical\" href=\"https:\/\/aeronoticias.com.pe\/noticiero\/internacionales\/pese-a-plan-de-paz-de-la-onu-mas-de-70-muertos-y-al-menos-372-heridos-por-atentado-en-damasco\/\" \/>\n<meta property=\"og:locale\" content=\"es_ES\" \/>\n<meta property=\"og:type\" content=\"article\" \/>\n<meta property=\"og:title\" content=\"Pese a plan de paz de la ONU m\u00e1s de 70 muertos y al menos 372 heridos por atentado en Damasco\" \/>\n<meta property=\"og:description\" content=\"Portal de noticias del Per\u00fa sobre el transporte a\u00e9reo, aviaci\u00f3n, turismo, hoteleria, actualidad.\" \/>\n<meta property=\"og:url\" content=\"https:\/\/aeronoticias.com.pe\/noticiero\/internacionales\/pese-a-plan-de-paz-de-la-onu-mas-de-70-muertos-y-al-menos-372-heridos-por-atentado-en-damasco\/\" \/>\n<meta property=\"og:site_name\" content=\"Aeronoticias.com.pe\" \/>\n<meta property=\"article:publisher\" content=\"https:\/\/www.facebook.com\/Aeronoticias.com.pe\/\" \/>\n<meta property=\"article:published_time\" content=\"2012-05-12T03:56:00+00:00\" \/>\n<meta name=\"author\" content=\"Redacci\u00f3n Aeronoticias\" \/>\n<meta name=\"twitter:card\" content=\"summary_large_image\" \/>\n<meta name=\"twitter:creator\" content=\"@aeronoticias\" \/>\n<meta name=\"twitter:site\" content=\"@aeronoticias\" \/>\n<meta name=\"twitter:label1\" content=\"Escrito por\" \/>\n\t<meta name=\"twitter:data1\" content=\"Redacci\u00f3n Aeronoticias\" \/>\n\t<meta name=\"twitter:label2\" content=\"Tiempo de lectura\" \/>\n\t<meta name=\"twitter:data2\" content=\"1 minuto\" \/>\n<script type=\"application\/ld+json\" class=\"yoast-schema-graph\">{\"@context\":\"https:\/\/schema.org\",\"@graph\":[{\"@type\":\"WebPage\",\"@id\":\"https:\/\/aeronoticias.com.pe\/noticiero\/internacionales\/pese-a-plan-de-paz-de-la-onu-mas-de-70-muertos-y-al-menos-372-heridos-por-atentado-en-damasco\/\",\"url\":\"https:\/\/aeronoticias.com.pe\/noticiero\/internacionales\/pese-a-plan-de-paz-de-la-onu-mas-de-70-muertos-y-al-menos-372-heridos-por-atentado-en-damasco\/\",\"name\":\"Pese a plan de paz de la ONU m\u00e1s de 70 muertos y al menos 372 heridos por atentado en Damasco\",\"isPartOf\":{\"@id\":\"https:\/\/aeronoticias.com.pe\/noticiero\/#website\"},\"datePublished\":\"2012-05-12T03:56:00+00:00\",\"author\":{\"@id\":\"https:\/\/aeronoticias.com.pe\/noticiero\/#\/schema\/person\/fc1e5d578f4b62ba1cf7ac2bba1170a0\"},\"description\":\"Portal de noticias del Per\u00fa sobre el transporte a\u00e9reo, aviaci\u00f3n, turismo, hoteleria, actualidad.\",\"breadcrumb\":{\"@id\":\"https:\/\/aeronoticias.com.pe\/noticiero\/internacionales\/pese-a-plan-de-paz-de-la-onu-mas-de-70-muertos-y-al-menos-372-heridos-por-atentado-en-damasco\/#breadcrumb\"},\"inLanguage\":\"es\",\"potentialAction\":[{\"@type\":\"ReadAction\",\"target\":[\"https:\/\/aeronoticias.com.pe\/noticiero\/internacionales\/pese-a-plan-de-paz-de-la-onu-mas-de-70-muertos-y-al-menos-372-heridos-por-atentado-en-damasco\/\"]}]},{\"@type\":\"BreadcrumbList\",\"@id\":\"https:\/\/aeronoticias.com.pe\/noticiero\/internacionales\/pese-a-plan-de-paz-de-la-onu-mas-de-70-muertos-y-al-menos-372-heridos-por-atentado-en-damasco\/#breadcrumb\",\"itemListElement\":[{\"@type\":\"ListItem\",\"position\":1,\"name\":\"Portada\",\"item\":\"https:\/\/aeronoticias.com.pe\/noticiero\/\"},{\"@type\":\"ListItem\",\"position\":2,\"name\":\"Pese a plan de paz de la ONU m\u00e1s de 70 muertos y al menos 372 heridos por atentado en Damasco\"}]},{\"@type\":\"WebSite\",\"@id\":\"https:\/\/aeronoticias.com.pe\/noticiero\/#website\",\"url\":\"https:\/\/aeronoticias.com.pe\/noticiero\/\",\"name\":\"Aeronoticias.com.pe\",\"description\":\"Noticias de tranporte aereo, turismo, hoteles, gastronomia, actualidad, internacional\",\"potentialAction\":[{\"@type\":\"SearchAction\",\"target\":{\"@type\":\"EntryPoint\",\"urlTemplate\":\"https:\/\/aeronoticias.com.pe\/noticiero\/?s={search_term_string}\"},\"query-input\":{\"@type\":\"PropertyValueSpecification\",\"valueRequired\":true,\"valueName\":\"search_term_string\"}}],\"inLanguage\":\"es\"},{\"@type\":\"Person\",\"@id\":\"https:\/\/aeronoticias.com.pe\/noticiero\/#\/schema\/person\/fc1e5d578f4b62ba1cf7ac2bba1170a0\",\"name\":\"Redacci\u00f3n Aeronoticias\",\"url\":\"https:\/\/aeronoticias.com.pe\/noticiero\/author\/piloto\/\"}]}<\/script>\n<!-- \/ Yoast SEO plugin. -->","yoast_head_json":{"title":"Pese a plan de paz de la ONU m\u00e1s de 70 muertos y al menos 372 heridos por atentado en Damasco","description":"Portal de noticias del Per\u00fa sobre el transporte a\u00e9reo, aviaci\u00f3n, turismo, hoteleria, actualidad.","robots":{"index":"index","follow":"follow","max-snippet":"max-snippet:-1","max-image-preview":"max-image-preview:large","max-video-preview":"max-video-preview:-1"},"canonical":"https:\/\/aeronoticias.com.pe\/noticiero\/internacionales\/pese-a-plan-de-paz-de-la-onu-mas-de-70-muertos-y-al-menos-372-heridos-por-atentado-en-damasco\/","og_locale":"es_ES","og_type":"article","og_title":"Pese a plan de paz de la ONU m\u00e1s de 70 muertos y al menos 372 heridos por atentado en Damasco","og_description":"Portal de noticias del Per\u00fa sobre el transporte a\u00e9reo, aviaci\u00f3n, turismo, hoteleria, actualidad.","og_url":"https:\/\/aeronoticias.com.pe\/noticiero\/internacionales\/pese-a-plan-de-paz-de-la-onu-mas-de-70-muertos-y-al-menos-372-heridos-por-atentado-en-damasco\/","og_site_name":"Aeronoticias.com.pe","article_publisher":"https:\/\/www.facebook.com\/Aeronoticias.com.pe\/","article_published_time":"2012-05-12T03:56:00+00:00","author":"Redacci\u00f3n Aeronoticias","twitter_card":"summary_large_image","twitter_creator":"@aeronoticias","twitter_site":"@aeronoticias","twitter_misc":{"Escrito por":"Redacci\u00f3n Aeronoticias","Tiempo de lectura":"1 minuto"},"schema":{"@context":"https:\/\/schema.org","@graph":[{"@type":"WebPage","@id":"https:\/\/aeronoticias.com.pe\/noticiero\/internacionales\/pese-a-plan-de-paz-de-la-onu-mas-de-70-muertos-y-al-menos-372-heridos-por-atentado-en-damasco\/","url":"https:\/\/aeronoticias.com.pe\/noticiero\/internacionales\/pese-a-plan-de-paz-de-la-onu-mas-de-70-muertos-y-al-menos-372-heridos-por-atentado-en-damasco\/","name":"Pese a plan de paz de la ONU m\u00e1s de 70 muertos y al menos 372 heridos por atentado en Damasco","isPartOf":{"@id":"https:\/\/aeronoticias.com.pe\/noticiero\/#website"},"datePublished":"2012-05-12T03:56:00+00:00","author":{"@id":"https:\/\/aeronoticias.com.pe\/noticiero\/#\/schema\/person\/fc1e5d578f4b62ba1cf7ac2bba1170a0"},"description":"Portal de noticias del Per\u00fa sobre el transporte a\u00e9reo, aviaci\u00f3n, turismo, hoteleria, actualidad.","breadcrumb":{"@id":"https:\/\/aeronoticias.com.pe\/noticiero\/internacionales\/pese-a-plan-de-paz-de-la-onu-mas-de-70-muertos-y-al-menos-372-heridos-por-atentado-en-damasco\/#breadcrumb"},"inLanguage":"es","potentialAction":[{"@type":"ReadAction","target":["https:\/\/aeronoticias.com.pe\/noticiero\/internacionales\/pese-a-plan-de-paz-de-la-onu-mas-de-70-muertos-y-al-menos-372-heridos-por-atentado-en-damasco\/"]}]},{"@type":"BreadcrumbList","@id":"https:\/\/aeronoticias.com.pe\/noticiero\/internacionales\/pese-a-plan-de-paz-de-la-onu-mas-de-70-muertos-y-al-menos-372-heridos-por-atentado-en-damasco\/#breadcrumb","itemListElement":[{"@type":"ListItem","position":1,"name":"Portada","item":"https:\/\/aeronoticias.com.pe\/noticiero\/"},{"@type":"ListItem","position":2,"name":"Pese a plan de paz de la ONU m\u00e1s de 70 muertos y al menos 372 heridos por atentado en Damasco"}]},{"@type":"WebSite","@id":"https:\/\/aeronoticias.com.pe\/noticiero\/#website","url":"https:\/\/aeronoticias.com.pe\/noticiero\/","name":"Aeronoticias.com.pe","description":"Noticias de tranporte aereo, turismo, hoteles, gastronomia, actualidad, internacional","potentialAction":[{"@type":"SearchAction","target":{"@type":"EntryPoint","urlTemplate":"https:\/\/aeronoticias.com.pe\/noticiero\/?s={search_term_string}"},"query-input":{"@type":"PropertyValueSpecification","valueRequired":true,"valueName":"search_term_string"}}],"inLanguage":"es"},{"@type":"Person","@id":"https:\/\/aeronoticias.com.pe\/noticiero\/#\/schema\/person\/fc1e5d578f4b62ba1cf7ac2bba1170a0","name":"Redacci\u00f3n Aeronoticias","url":"https:\/\/aeronoticias.com.pe\/noticiero\/author\/piloto\/"}]}},"_links":{"self":[{"href":"https:\/\/aeronoticias.com.pe\/noticiero\/wp-json\/wp\/v2\/posts\/26300","targetHints":{"allow":["GET"]}}],"collection":[{"href":"https:\/\/aeronoticias.com.pe\/noticiero\/wp-json\/wp\/v2\/posts"}],"about":[{"href":"https:\/\/aeronoticias.com.pe\/noticiero\/wp-json\/wp\/v2\/types\/post"}],"author":[{"embeddable":true,"href":"https:\/\/aeronoticias.com.pe\/noticiero\/wp-json\/wp\/v2\/users\/1"}],"replies":[{"embeddable":true,"href":"https:\/\/aeronoticias.com.pe\/noticiero\/wp-json\/wp\/v2\/comments?post=26300"}],"version-history":[{"count":0,"href":"https:\/\/aeronoticias.com.pe\/noticiero\/wp-json\/wp\/v2\/posts\/26300\/revisions"}],"wp:attachment":[{"href":"https:\/\/aeronoticias.com.pe\/noticiero\/wp-json\/wp\/v2\/media?parent=26300"}],"wp:term":[{"taxonomy":"category","embeddable":true,"href":"https:\/\/aeronoticias.com.pe\/noticiero\/wp-json\/wp\/v2\/categories?post=26300"},{"taxonomy":"post_tag","embeddable":true,"href":"https:\/\/aeronoticias.com.pe\/noticiero\/wp-json\/wp\/v2\/tags?post=26300"}],"curies":[{"name":"wp","href":"https:\/\/api.w.org\/{rel}","templated":true}]}}