{"id":26302,"date":"2012-05-12T15:04:09","date_gmt":"2012-05-12T15:04:09","guid":{"rendered":"http:\/\/desarrollo.mcvicious.com\/aero2020\/2012\/05\/12\/ministro-de-justicia-asegura-que-magistrados-no-ratificados-no-pueden-ejercer-sus-cargos\/"},"modified":"2012-05-12T15:04:09","modified_gmt":"2012-05-12T15:04:09","slug":"ministro-de-justicia-asegura-que-magistrados-no-ratificados-no-pueden-ejercer-sus-cargos","status":"publish","type":"post","link":"https:\/\/aeronoticias.com.pe\/noticiero\/politica\/ministro-de-justicia-asegura-que-magistrados-no-ratificados-no-pueden-ejercer-sus-cargos\/","title":{"rendered":"Ministro de Justicia asegura que magistrados no ratificados no pueden ejercer sus cargos"},"content":{"rendered":"<p style=\"text-align: justify;\"><strong>(Aeronoticias).-<\/strong>El ministro de Justicia, Juan Jim\u00e9nez\u00a0 aclar\u00f3 a los miembros\u00a0 del Consejo Nacional de la Magistratura (CNM) al solicitar que se adopten las medidas respectivas para detener inmediatamente la labor de los jueces y fiscales que no son ratificados por inconductas funcionales.<\/p>\n<p style=\"text-align: justify;\">Al ser consultado por la prensa sobre las resoluciones irregulares que emiten los magistrados no ratificados, vali\u00e9ndose del recurso de apelaci\u00f3n que presentan para dilatar su proceso y seguir trabajando mientras se resuelve la misma.<\/p>\n<p style=\"text-align: justify;\">En forma en\u00e9rgica Jim\u00e9nez reiter\u00f3 que no van a presentar ninguna iniciativa legislativa al respecto, porque no lo cree necesario. \u00abLa ley es muy clara al respecto, si un juez o fiscal no es ratificado por el CNM, tiene que irse a su casa\u00bb.<\/p>\n<p style=\"text-align: justify;\">Tras\u00a0 admitir que en la actualidad hay una serie de cuestionamientos al respecto, de algunos magistrados que no han sido ratificados y aprovechan para hacer sus faenones judiciales, dijo que van a evaluar todo este tema tan pol\u00e9mico.<\/p>\n<p style=\"text-align: justify;\">Cabe precisar que el titular de Justicia respald\u00f3 la iniciativa del presidente del Poder Judicial, C\u00e9sar San Mart\u00edn, que plantea dar facultades a ese organismo para separar a los magistrados denunciados por corrupci\u00f3n. \u00abToda iniciativa que quiera luchar contra ese flagelo que tanto da\u00f1o ha echo al pa\u00eds, es bienvenida por el Gobierno\u00bb.<\/p>\n<p style=\"text-align: justify;\"><img decoding=\"async\" src=\"images\/stories\/12\/05\/120512\/jimnez.jpg\" border=\"0\" alt=\"justicia\" title=\"justicia\" \/><\/p>\n","protected":false},"excerpt":{"rendered":"<p>(Aeronoticias).-El ministro de Justicia, Juan Jim\u00e9nez\u00a0 aclar\u00f3 a los miembros\u00a0 del Consejo Nacional de la Magistratura (CNM) al solicitar que se adopten las medidas respectivas para detener inmediatamente la labor de los jueces y fiscales que no son ratificados por inconductas funcionales. Al ser consultado por la prensa sobre las resoluciones irregulares que emiten los [&hellip;]<\/p>\n","protected":false},"author":1,"featured_media":0,"comment_status":"open","ping_status":"open","sticky":false,"template":"","format":"standard","meta":{"tdm_status":"","tdm_grid_status":"","footnotes":""},"categories":[36],"tags":[],"class_list":{"0":"post-26302","1":"post","2":"type-post","3":"status-publish","4":"format-standard","6":"category-politica"},"yoast_head":"<!-- This site is optimized with the Yoast SEO plugin v25.1 - https:\/\/yoast.com\/wordpress\/plugins\/seo\/ -->\n<title>Ministro de Justicia asegura que magistrados no ratificados no pueden ejercer sus cargos<\/title>\n<meta name=\"description\" content=\"Portal de noticias del Per\u00fa sobre el transporte a\u00e9reo, aviaci\u00f3n, turismo, hoteleria, actualidad.\" \/>\n<meta name=\"robots\" content=\"index, follow, max-snippet:-1, max-image-preview:large, max-video-preview:-1\" \/>\n<link rel=\"canonical\" href=\"https:\/\/aeronoticias.com.pe\/noticiero\/politica\/ministro-de-justicia-asegura-que-magistrados-no-ratificados-no-pueden-ejercer-sus-cargos\/\" \/>\n<meta property=\"og:locale\" content=\"es_ES\" \/>\n<meta property=\"og:type\" content=\"article\" \/>\n<meta property=\"og:title\" content=\"Ministro de Justicia asegura que magistrados no ratificados no pueden ejercer sus cargos\" \/>\n<meta property=\"og:description\" content=\"Portal de noticias del Per\u00fa sobre el transporte a\u00e9reo, aviaci\u00f3n, turismo, hoteleria, actualidad.\" \/>\n<meta property=\"og:url\" content=\"https:\/\/aeronoticias.com.pe\/noticiero\/politica\/ministro-de-justicia-asegura-que-magistrados-no-ratificados-no-pueden-ejercer-sus-cargos\/\" \/>\n<meta property=\"og:site_name\" content=\"Aeronoticias.com.pe\" \/>\n<meta property=\"article:publisher\" content=\"https:\/\/www.facebook.com\/Aeronoticias.com.pe\/\" \/>\n<meta property=\"article:published_time\" content=\"2012-05-12T15:04:09+00:00\" \/>\n<meta name=\"author\" content=\"Redacci\u00f3n Aeronoticias\" \/>\n<meta name=\"twitter:card\" content=\"summary_large_image\" \/>\n<meta name=\"twitter:creator\" content=\"@aeronoticias\" \/>\n<meta name=\"twitter:site\" content=\"@aeronoticias\" \/>\n<meta name=\"twitter:label1\" content=\"Escrito por\" \/>\n\t<meta name=\"twitter:data1\" content=\"Redacci\u00f3n Aeronoticias\" \/>\n\t<meta name=\"twitter:label2\" content=\"Tiempo de lectura\" \/>\n\t<meta name=\"twitter:data2\" content=\"1 minuto\" \/>\n<script type=\"application\/ld+json\" class=\"yoast-schema-graph\">{\"@context\":\"https:\/\/schema.org\",\"@graph\":[{\"@type\":\"WebPage\",\"@id\":\"https:\/\/aeronoticias.com.pe\/noticiero\/politica\/ministro-de-justicia-asegura-que-magistrados-no-ratificados-no-pueden-ejercer-sus-cargos\/\",\"url\":\"https:\/\/aeronoticias.com.pe\/noticiero\/politica\/ministro-de-justicia-asegura-que-magistrados-no-ratificados-no-pueden-ejercer-sus-cargos\/\",\"name\":\"Ministro de Justicia asegura que magistrados no ratificados no pueden ejercer sus cargos\",\"isPartOf\":{\"@id\":\"https:\/\/aeronoticias.com.pe\/noticiero\/#website\"},\"datePublished\":\"2012-05-12T15:04:09+00:00\",\"author\":{\"@id\":\"https:\/\/aeronoticias.com.pe\/noticiero\/#\/schema\/person\/fc1e5d578f4b62ba1cf7ac2bba1170a0\"},\"description\":\"Portal de noticias del Per\u00fa sobre el transporte a\u00e9reo, aviaci\u00f3n, turismo, hoteleria, actualidad.\",\"breadcrumb\":{\"@id\":\"https:\/\/aeronoticias.com.pe\/noticiero\/politica\/ministro-de-justicia-asegura-que-magistrados-no-ratificados-no-pueden-ejercer-sus-cargos\/#breadcrumb\"},\"inLanguage\":\"es\",\"potentialAction\":[{\"@type\":\"ReadAction\",\"target\":[\"https:\/\/aeronoticias.com.pe\/noticiero\/politica\/ministro-de-justicia-asegura-que-magistrados-no-ratificados-no-pueden-ejercer-sus-cargos\/\"]}]},{\"@type\":\"BreadcrumbList\",\"@id\":\"https:\/\/aeronoticias.com.pe\/noticiero\/politica\/ministro-de-justicia-asegura-que-magistrados-no-ratificados-no-pueden-ejercer-sus-cargos\/#breadcrumb\",\"itemListElement\":[{\"@type\":\"ListItem\",\"position\":1,\"name\":\"Portada\",\"item\":\"https:\/\/aeronoticias.com.pe\/noticiero\/\"},{\"@type\":\"ListItem\",\"position\":2,\"name\":\"Ministro de Justicia asegura que magistrados no ratificados no pueden ejercer sus cargos\"}]},{\"@type\":\"WebSite\",\"@id\":\"https:\/\/aeronoticias.com.pe\/noticiero\/#website\",\"url\":\"https:\/\/aeronoticias.com.pe\/noticiero\/\",\"name\":\"Aeronoticias.com.pe\",\"description\":\"Noticias de tranporte aereo, turismo, hoteles, gastronomia, actualidad, internacional\",\"potentialAction\":[{\"@type\":\"SearchAction\",\"target\":{\"@type\":\"EntryPoint\",\"urlTemplate\":\"https:\/\/aeronoticias.com.pe\/noticiero\/?s={search_term_string}\"},\"query-input\":{\"@type\":\"PropertyValueSpecification\",\"valueRequired\":true,\"valueName\":\"search_term_string\"}}],\"inLanguage\":\"es\"},{\"@type\":\"Person\",\"@id\":\"https:\/\/aeronoticias.com.pe\/noticiero\/#\/schema\/person\/fc1e5d578f4b62ba1cf7ac2bba1170a0\",\"name\":\"Redacci\u00f3n Aeronoticias\",\"url\":\"https:\/\/aeronoticias.com.pe\/noticiero\/author\/piloto\/\"}]}<\/script>\n<!-- \/ Yoast SEO plugin. -->","yoast_head_json":{"title":"Ministro de Justicia asegura que magistrados no ratificados no pueden ejercer sus cargos","description":"Portal de noticias del Per\u00fa sobre el transporte a\u00e9reo, aviaci\u00f3n, turismo, hoteleria, actualidad.","robots":{"index":"index","follow":"follow","max-snippet":"max-snippet:-1","max-image-preview":"max-image-preview:large","max-video-preview":"max-video-preview:-1"},"canonical":"https:\/\/aeronoticias.com.pe\/noticiero\/politica\/ministro-de-justicia-asegura-que-magistrados-no-ratificados-no-pueden-ejercer-sus-cargos\/","og_locale":"es_ES","og_type":"article","og_title":"Ministro de Justicia asegura que magistrados no ratificados no pueden ejercer sus cargos","og_description":"Portal de noticias del Per\u00fa sobre el transporte a\u00e9reo, aviaci\u00f3n, turismo, hoteleria, actualidad.","og_url":"https:\/\/aeronoticias.com.pe\/noticiero\/politica\/ministro-de-justicia-asegura-que-magistrados-no-ratificados-no-pueden-ejercer-sus-cargos\/","og_site_name":"Aeronoticias.com.pe","article_publisher":"https:\/\/www.facebook.com\/Aeronoticias.com.pe\/","article_published_time":"2012-05-12T15:04:09+00:00","author":"Redacci\u00f3n Aeronoticias","twitter_card":"summary_large_image","twitter_creator":"@aeronoticias","twitter_site":"@aeronoticias","twitter_misc":{"Escrito por":"Redacci\u00f3n Aeronoticias","Tiempo de lectura":"1 minuto"},"schema":{"@context":"https:\/\/schema.org","@graph":[{"@type":"WebPage","@id":"https:\/\/aeronoticias.com.pe\/noticiero\/politica\/ministro-de-justicia-asegura-que-magistrados-no-ratificados-no-pueden-ejercer-sus-cargos\/","url":"https:\/\/aeronoticias.com.pe\/noticiero\/politica\/ministro-de-justicia-asegura-que-magistrados-no-ratificados-no-pueden-ejercer-sus-cargos\/","name":"Ministro de Justicia asegura que magistrados no ratificados no pueden ejercer sus cargos","isPartOf":{"@id":"https:\/\/aeronoticias.com.pe\/noticiero\/#website"},"datePublished":"2012-05-12T15:04:09+00:00","author":{"@id":"https:\/\/aeronoticias.com.pe\/noticiero\/#\/schema\/person\/fc1e5d578f4b62ba1cf7ac2bba1170a0"},"description":"Portal de noticias del Per\u00fa sobre el transporte a\u00e9reo, aviaci\u00f3n, turismo, hoteleria, actualidad.","breadcrumb":{"@id":"https:\/\/aeronoticias.com.pe\/noticiero\/politica\/ministro-de-justicia-asegura-que-magistrados-no-ratificados-no-pueden-ejercer-sus-cargos\/#breadcrumb"},"inLanguage":"es","potentialAction":[{"@type":"ReadAction","target":["https:\/\/aeronoticias.com.pe\/noticiero\/politica\/ministro-de-justicia-asegura-que-magistrados-no-ratificados-no-pueden-ejercer-sus-cargos\/"]}]},{"@type":"BreadcrumbList","@id":"https:\/\/aeronoticias.com.pe\/noticiero\/politica\/ministro-de-justicia-asegura-que-magistrados-no-ratificados-no-pueden-ejercer-sus-cargos\/#breadcrumb","itemListElement":[{"@type":"ListItem","position":1,"name":"Portada","item":"https:\/\/aeronoticias.com.pe\/noticiero\/"},{"@type":"ListItem","position":2,"name":"Ministro de Justicia asegura que magistrados no ratificados no pueden ejercer sus cargos"}]},{"@type":"WebSite","@id":"https:\/\/aeronoticias.com.pe\/noticiero\/#website","url":"https:\/\/aeronoticias.com.pe\/noticiero\/","name":"Aeronoticias.com.pe","description":"Noticias de tranporte aereo, turismo, hoteles, gastronomia, actualidad, internacional","potentialAction":[{"@type":"SearchAction","target":{"@type":"EntryPoint","urlTemplate":"https:\/\/aeronoticias.com.pe\/noticiero\/?s={search_term_string}"},"query-input":{"@type":"PropertyValueSpecification","valueRequired":true,"valueName":"search_term_string"}}],"inLanguage":"es"},{"@type":"Person","@id":"https:\/\/aeronoticias.com.pe\/noticiero\/#\/schema\/person\/fc1e5d578f4b62ba1cf7ac2bba1170a0","name":"Redacci\u00f3n Aeronoticias","url":"https:\/\/aeronoticias.com.pe\/noticiero\/author\/piloto\/"}]}},"_links":{"self":[{"href":"https:\/\/aeronoticias.com.pe\/noticiero\/wp-json\/wp\/v2\/posts\/26302","targetHints":{"allow":["GET"]}}],"collection":[{"href":"https:\/\/aeronoticias.com.pe\/noticiero\/wp-json\/wp\/v2\/posts"}],"about":[{"href":"https:\/\/aeronoticias.com.pe\/noticiero\/wp-json\/wp\/v2\/types\/post"}],"author":[{"embeddable":true,"href":"https:\/\/aeronoticias.com.pe\/noticiero\/wp-json\/wp\/v2\/users\/1"}],"replies":[{"embeddable":true,"href":"https:\/\/aeronoticias.com.pe\/noticiero\/wp-json\/wp\/v2\/comments?post=26302"}],"version-history":[{"count":0,"href":"https:\/\/aeronoticias.com.pe\/noticiero\/wp-json\/wp\/v2\/posts\/26302\/revisions"}],"wp:attachment":[{"href":"https:\/\/aeronoticias.com.pe\/noticiero\/wp-json\/wp\/v2\/media?parent=26302"}],"wp:term":[{"taxonomy":"category","embeddable":true,"href":"https:\/\/aeronoticias.com.pe\/noticiero\/wp-json\/wp\/v2\/categories?post=26302"},{"taxonomy":"post_tag","embeddable":true,"href":"https:\/\/aeronoticias.com.pe\/noticiero\/wp-json\/wp\/v2\/tags?post=26302"}],"curies":[{"name":"wp","href":"https:\/\/api.w.org\/{rel}","templated":true}]}}