{"id":26303,"date":"2012-05-12T15:48:10","date_gmt":"2012-05-12T15:48:10","guid":{"rendered":"http:\/\/desarrollo.mcvicious.com\/aero2020\/2012\/05\/12\/aeropuerto-internacional-de-santiago-de-chile-si-tiene-sala-de-prensa\/"},"modified":"2012-05-12T15:48:10","modified_gmt":"2012-05-12T15:48:10","slug":"aeropuerto-internacional-de-santiago-de-chile-si-tiene-sala-de-prensa","status":"publish","type":"post","link":"https:\/\/aeronoticias.com.pe\/noticiero\/ultimas\/1\/aeropuerto-internacional-de-santiago-de-chile-si-tiene-sala-de-prensa\/","title":{"rendered":"Aeropuerto Internacional de Santiago de Chile si tiene sala de prensa"},"content":{"rendered":"<p style=\"text-align: justify;\"><strong>(Aeronoticias) <\/strong>El Aeropuerto Internacional Comodoro Arturo Merino Ben\u00ed\u00actez (c\u00f3digo IATA: SCL, c\u00f3digo OACI: SCEL) es el principal aeropuerto de Chile y si tiene sala de prensa a diferencia de lo que ocurre con el aeropuerto internacional Jorge Ch\u00e1vez en el Callao Per\u00fa, expres\u00f3 el Dr. Julian Palacin Fern\u00e1ndez, presidente de la Comisi\u00f3n Consultiva de Derecho Aeron\u00e1utico del Ilustre Colegio de Abogados de Lima (CAL) y socio del Estudio Jur\u00eddico <a href=\"http:\/\/www.estudiojuridicopalacin.com\" target=\"_blank\" rel=\"noopener noreferrer\">www.estudiojuridicopalacin.com<\/a> especializado en asuntos de aviaci\u00f3n.<\/p>\n<p>Este aeropuerto, dijo el experto se encuentra ubicado al oeste de la ciudad de Santiago de Chile, en la comuna de Pudahuel, a la que debe su antiguo nombre: Aeropuerto de Pudahuel y se localiza a 17 kms al noroeste del centro de la ciudad de Santiago de Chile, en la localidad de Pudahuel y es uno de los m\u00e1s modernos aeropuertos de Latinoam\u00e9rica.<\/p>\n<p>Explotado\u00a0 desde el a\u00f1o 1998 por la empresa privada SCL Aeropuertos de Santiago, el control a\u00e9reo se encuentra en manos del Estado a travez de la Direcci\u00f3n General de Aeron\u00e1utica Civil, DGAC de Chile.<\/p>\n<p>El aeropuerto Internacional de Chile cuenta con 2 terminales de pasajeros conectadas a trav\u00e9s de pasarelas, elevadores y escaleras.<br \/>Instalaciones del aeropuerto.<\/p>\n<p>El aeropuerto, dijo Palacin, cuenta con un importante centro financiero que alberga 3 bancos, gran n\u00famero de cajeros autom\u00e1ticos y varios locales de cambio de divisas. Los bancos se distribuyen en las dos terminales adem\u00e1s de una sucursal en el \u00e1rea de carga y\u00a0 planta con una oficina de correos.<\/p>\n<p>El Terminal Internacional del aeropuerto de Santiago de Chile\u00a0 alberga el Bussiness Center, donde existe una sala de reuniones de reducidas dimensiones y una cafeter\u00eda. Tambi\u00e9n hay una sala con capacidad hasta para 40 personas. Las mismas se encuentran totalmente equipadas con ordenadores, tel\u00e9fonos, fax, equipos audiovisuales y conexi\u00f3n a Internet. <\/p>\n<p><strong>El aeropuerto Arturo Benitez de Santiago de Chile dispone adem\u00e1s de una sala de prensa<\/strong>, a diferencia de lo que ocurre en el Aeropuerto Internacional Jorge Ch\u00e1vez de Lima, Per\u00fa, en\u00a0 donde los sucesivos ministros de Transportes y presidentes de OSITRAN desde el 2001 a la fecha \u201cse olvidaron\u201d de hacerle cumplir al concesionario LIMA AIRPORT PARTNERS (LAP) su obligaci\u00f3n prevista en el anexo 5 ap\u00e9ndice 1 al Contrato de Concesi\u00f3n, que establece que el cobro del TUUA aeroportuario por parte de LAP a los millones de pasajeros que usan el aeropuerto obligaba a la concesionaria a entregar un local para los medios de comunicaci\u00f3n, hecho que no ha ocurrido y durante estos diez a\u00f1os los medios de comunicaci\u00f3n nacionales e internacionales no han tenido las facilidades para informar en el AIJCH a trav\u00e9s de esta sala de prensa inexistente y cerrada por el concesionario LAP, ya que hasta el 06 de febrero de 2001, la sala de prensa del Aeropuerto Internacional Jorge Ch\u00e1vez AIJCH a cargo de la empresa estatal Corporaci\u00f3n Peruana de Aeropuertos y Aviaci\u00f3n Comercial CORPAC exist\u00eda, y ten\u00eda el nombre de \u201cJoaqu\u00edn Palacin Romero\u201d, dijo el experto.<\/p>\n<p>La pregunta que hay que hacerle al Ministro de Transportes del Per\u00fa Carlos Paredes Rodriguez es si puede interesarle defender los derechos del Estado Peruano y requerir a su Viceministro de Transportes Alejandro Chang Chiang que presidio OSITRAN 8 a\u00f1os pero seguramente le falto tiempo para leer el anexo 5 ap\u00e9ndice 1 al contrato de concesi\u00f3n del Aeropuerto Internacional Jorge Ch\u00e1vez, que por favor entiendan que los contratos de concesi\u00f3n tienen que cumplirse y que los periodistas siguen esperando su local para la sala de prensa m\u00e1xime si en nuestro primer terminal a\u00e9reo han operado en el pasado burriers y otras lacras delincuenciales del narcotr\u00e1fico que durante 10 a\u00f1os no han tenido la inc\u00f3moda presencia de la prensa en el Aeropuerto Internacional Jorge Ch\u00e1vez porque a los funcionaros P\u00fablicos del MTC de la Direcci\u00f3n de Concesiones y el Regulador OSITRAN se les olvido el peque\u00f1o detalle de que LAP ten\u00eda la obligaci\u00f3n de entregar el local para que los medios de comunicaci\u00f3n dispongan de las facilidades de una sala de prensa. Cabe agregar que en octubre del 2002 con la presidencia en CORPAC de Julian Palacin Fernandez se iniciaron las acciones para recuperar la Sala de Prensa y la oficina de Protocolo Oficial, pero al Viceministro de la \u00e9poca 2002 2003\u00a0 le preocupo mas hacer la adenda 3 y 4 al contrato de concesi\u00f3n para avalar el pr\u00e9stamo a LAP y prorrogar 3 a\u00f1os la construcci\u00f3n de la segunda pista o sencillamente no construirla y Palacin con estas ideas en defensa de la libertad de prensa y la recuperaci\u00f3n del protocolo oficial del Estado Peruano duro 7 meses y medio en la Presidencia de esta empresa del Estado, su sucesor que no sab\u00eda nada de aviaci\u00f3n politizo y desorganizo CORPAC y los ideales de conseguir la sala de prensa se perdieron en el tiempo y en el espacio, hoy renacen con mas fuerza.<\/p>\n<p style=\"text-align: justify;\"><img loading=\"lazy\" decoding=\"async\" src=\"images\/stories\/12\/05\/120512\/palacin-a.chile.jpg\" border=\"0\" alt=\"Aeropuerto Internacional de Santiago de Chile si tiene sala de prensa \" width=\"400\" height=\"290\" \/><\/p>\n","protected":false},"excerpt":{"rendered":"<p>(Aeronoticias) El Aeropuerto Internacional Comodoro Arturo Merino Ben\u00ed\u00actez (c\u00f3digo IATA: SCL, c\u00f3digo OACI: SCEL) es el principal aeropuerto de Chile y si tiene sala de prensa a diferencia de lo que ocurre con el aeropuerto internacional Jorge Ch\u00e1vez en el Callao Per\u00fa, expres\u00f3 el Dr. Julian Palacin Fern\u00e1ndez, presidente de la Comisi\u00f3n Consultiva de Derecho [&hellip;]<\/p>\n","protected":false},"author":1,"featured_media":0,"comment_status":"open","ping_status":"open","sticky":false,"template":"","format":"standard","meta":{"tdm_status":"","tdm_grid_status":"","footnotes":""},"categories":[30],"tags":[],"class_list":{"0":"post-26303","1":"post","2":"type-post","3":"status-publish","4":"format-standard","6":"category-30"},"yoast_head":"<!-- This site is optimized with the Yoast SEO plugin v25.1 - https:\/\/yoast.com\/wordpress\/plugins\/seo\/ -->\n<title>Aeropuerto Internacional de Santiago de Chile si tiene sala de prensa<\/title>\n<meta name=\"description\" content=\"Portal de noticias del Per\u00fa sobre el transporte a\u00e9reo, aviaci\u00f3n, turismo, hoteleria, actualidad.\" \/>\n<meta name=\"robots\" content=\"index, follow, max-snippet:-1, max-image-preview:large, max-video-preview:-1\" \/>\n<link rel=\"canonical\" href=\"https:\/\/aeronoticias.com.pe\/noticiero\/ultimas\/1\/aeropuerto-internacional-de-santiago-de-chile-si-tiene-sala-de-prensa\/\" \/>\n<meta property=\"og:locale\" content=\"es_ES\" \/>\n<meta property=\"og:type\" content=\"article\" \/>\n<meta property=\"og:title\" content=\"Aeropuerto Internacional de Santiago de Chile si tiene sala de prensa\" \/>\n<meta property=\"og:description\" content=\"Portal de noticias del Per\u00fa sobre el transporte a\u00e9reo, aviaci\u00f3n, turismo, hoteleria, actualidad.\" \/>\n<meta property=\"og:url\" content=\"https:\/\/aeronoticias.com.pe\/noticiero\/ultimas\/1\/aeropuerto-internacional-de-santiago-de-chile-si-tiene-sala-de-prensa\/\" \/>\n<meta property=\"og:site_name\" content=\"Aeronoticias.com.pe\" \/>\n<meta property=\"article:publisher\" content=\"https:\/\/www.facebook.com\/Aeronoticias.com.pe\/\" \/>\n<meta property=\"article:published_time\" content=\"2012-05-12T15:48:10+00:00\" \/>\n<meta name=\"author\" content=\"Redacci\u00f3n Aeronoticias\" \/>\n<meta name=\"twitter:card\" content=\"summary_large_image\" \/>\n<meta name=\"twitter:creator\" content=\"@aeronoticias\" \/>\n<meta name=\"twitter:site\" content=\"@aeronoticias\" \/>\n<meta name=\"twitter:label1\" content=\"Escrito por\" \/>\n\t<meta name=\"twitter:data1\" content=\"Redacci\u00f3n Aeronoticias\" \/>\n\t<meta name=\"twitter:label2\" content=\"Tiempo de lectura\" \/>\n\t<meta name=\"twitter:data2\" content=\"4 minutos\" \/>\n<script type=\"application\/ld+json\" class=\"yoast-schema-graph\">{\"@context\":\"https:\/\/schema.org\",\"@graph\":[{\"@type\":\"WebPage\",\"@id\":\"https:\/\/aeronoticias.com.pe\/noticiero\/ultimas\/1\/aeropuerto-internacional-de-santiago-de-chile-si-tiene-sala-de-prensa\/\",\"url\":\"https:\/\/aeronoticias.com.pe\/noticiero\/ultimas\/1\/aeropuerto-internacional-de-santiago-de-chile-si-tiene-sala-de-prensa\/\",\"name\":\"Aeropuerto Internacional de Santiago de Chile si tiene sala de prensa\",\"isPartOf\":{\"@id\":\"https:\/\/aeronoticias.com.pe\/noticiero\/#website\"},\"datePublished\":\"2012-05-12T15:48:10+00:00\",\"author\":{\"@id\":\"https:\/\/aeronoticias.com.pe\/noticiero\/#\/schema\/person\/fc1e5d578f4b62ba1cf7ac2bba1170a0\"},\"description\":\"Portal de noticias del Per\u00fa sobre el transporte a\u00e9reo, aviaci\u00f3n, turismo, hoteleria, actualidad.\",\"breadcrumb\":{\"@id\":\"https:\/\/aeronoticias.com.pe\/noticiero\/ultimas\/1\/aeropuerto-internacional-de-santiago-de-chile-si-tiene-sala-de-prensa\/#breadcrumb\"},\"inLanguage\":\"es\",\"potentialAction\":[{\"@type\":\"ReadAction\",\"target\":[\"https:\/\/aeronoticias.com.pe\/noticiero\/ultimas\/1\/aeropuerto-internacional-de-santiago-de-chile-si-tiene-sala-de-prensa\/\"]}]},{\"@type\":\"BreadcrumbList\",\"@id\":\"https:\/\/aeronoticias.com.pe\/noticiero\/ultimas\/1\/aeropuerto-internacional-de-santiago-de-chile-si-tiene-sala-de-prensa\/#breadcrumb\",\"itemListElement\":[{\"@type\":\"ListItem\",\"position\":1,\"name\":\"Portada\",\"item\":\"https:\/\/aeronoticias.com.pe\/noticiero\/\"},{\"@type\":\"ListItem\",\"position\":2,\"name\":\"Aeropuerto Internacional de Santiago de Chile si tiene sala de prensa\"}]},{\"@type\":\"WebSite\",\"@id\":\"https:\/\/aeronoticias.com.pe\/noticiero\/#website\",\"url\":\"https:\/\/aeronoticias.com.pe\/noticiero\/\",\"name\":\"Aeronoticias.com.pe\",\"description\":\"Noticias de tranporte aereo, turismo, hoteles, gastronomia, actualidad, internacional\",\"potentialAction\":[{\"@type\":\"SearchAction\",\"target\":{\"@type\":\"EntryPoint\",\"urlTemplate\":\"https:\/\/aeronoticias.com.pe\/noticiero\/?s={search_term_string}\"},\"query-input\":{\"@type\":\"PropertyValueSpecification\",\"valueRequired\":true,\"valueName\":\"search_term_string\"}}],\"inLanguage\":\"es\"},{\"@type\":\"Person\",\"@id\":\"https:\/\/aeronoticias.com.pe\/noticiero\/#\/schema\/person\/fc1e5d578f4b62ba1cf7ac2bba1170a0\",\"name\":\"Redacci\u00f3n Aeronoticias\",\"url\":\"https:\/\/aeronoticias.com.pe\/noticiero\/author\/piloto\/\"}]}<\/script>\n<!-- \/ Yoast SEO plugin. -->","yoast_head_json":{"title":"Aeropuerto Internacional de Santiago de Chile si tiene sala de prensa","description":"Portal de noticias del Per\u00fa sobre el transporte a\u00e9reo, aviaci\u00f3n, turismo, hoteleria, actualidad.","robots":{"index":"index","follow":"follow","max-snippet":"max-snippet:-1","max-image-preview":"max-image-preview:large","max-video-preview":"max-video-preview:-1"},"canonical":"https:\/\/aeronoticias.com.pe\/noticiero\/ultimas\/1\/aeropuerto-internacional-de-santiago-de-chile-si-tiene-sala-de-prensa\/","og_locale":"es_ES","og_type":"article","og_title":"Aeropuerto Internacional de Santiago de Chile si tiene sala de prensa","og_description":"Portal de noticias del Per\u00fa sobre el transporte a\u00e9reo, aviaci\u00f3n, turismo, hoteleria, actualidad.","og_url":"https:\/\/aeronoticias.com.pe\/noticiero\/ultimas\/1\/aeropuerto-internacional-de-santiago-de-chile-si-tiene-sala-de-prensa\/","og_site_name":"Aeronoticias.com.pe","article_publisher":"https:\/\/www.facebook.com\/Aeronoticias.com.pe\/","article_published_time":"2012-05-12T15:48:10+00:00","author":"Redacci\u00f3n Aeronoticias","twitter_card":"summary_large_image","twitter_creator":"@aeronoticias","twitter_site":"@aeronoticias","twitter_misc":{"Escrito por":"Redacci\u00f3n Aeronoticias","Tiempo de lectura":"4 minutos"},"schema":{"@context":"https:\/\/schema.org","@graph":[{"@type":"WebPage","@id":"https:\/\/aeronoticias.com.pe\/noticiero\/ultimas\/1\/aeropuerto-internacional-de-santiago-de-chile-si-tiene-sala-de-prensa\/","url":"https:\/\/aeronoticias.com.pe\/noticiero\/ultimas\/1\/aeropuerto-internacional-de-santiago-de-chile-si-tiene-sala-de-prensa\/","name":"Aeropuerto Internacional de Santiago de Chile si tiene sala de prensa","isPartOf":{"@id":"https:\/\/aeronoticias.com.pe\/noticiero\/#website"},"datePublished":"2012-05-12T15:48:10+00:00","author":{"@id":"https:\/\/aeronoticias.com.pe\/noticiero\/#\/schema\/person\/fc1e5d578f4b62ba1cf7ac2bba1170a0"},"description":"Portal de noticias del Per\u00fa sobre el transporte a\u00e9reo, aviaci\u00f3n, turismo, hoteleria, actualidad.","breadcrumb":{"@id":"https:\/\/aeronoticias.com.pe\/noticiero\/ultimas\/1\/aeropuerto-internacional-de-santiago-de-chile-si-tiene-sala-de-prensa\/#breadcrumb"},"inLanguage":"es","potentialAction":[{"@type":"ReadAction","target":["https:\/\/aeronoticias.com.pe\/noticiero\/ultimas\/1\/aeropuerto-internacional-de-santiago-de-chile-si-tiene-sala-de-prensa\/"]}]},{"@type":"BreadcrumbList","@id":"https:\/\/aeronoticias.com.pe\/noticiero\/ultimas\/1\/aeropuerto-internacional-de-santiago-de-chile-si-tiene-sala-de-prensa\/#breadcrumb","itemListElement":[{"@type":"ListItem","position":1,"name":"Portada","item":"https:\/\/aeronoticias.com.pe\/noticiero\/"},{"@type":"ListItem","position":2,"name":"Aeropuerto Internacional de Santiago de Chile si tiene sala de prensa"}]},{"@type":"WebSite","@id":"https:\/\/aeronoticias.com.pe\/noticiero\/#website","url":"https:\/\/aeronoticias.com.pe\/noticiero\/","name":"Aeronoticias.com.pe","description":"Noticias de tranporte aereo, turismo, hoteles, gastronomia, actualidad, internacional","potentialAction":[{"@type":"SearchAction","target":{"@type":"EntryPoint","urlTemplate":"https:\/\/aeronoticias.com.pe\/noticiero\/?s={search_term_string}"},"query-input":{"@type":"PropertyValueSpecification","valueRequired":true,"valueName":"search_term_string"}}],"inLanguage":"es"},{"@type":"Person","@id":"https:\/\/aeronoticias.com.pe\/noticiero\/#\/schema\/person\/fc1e5d578f4b62ba1cf7ac2bba1170a0","name":"Redacci\u00f3n Aeronoticias","url":"https:\/\/aeronoticias.com.pe\/noticiero\/author\/piloto\/"}]}},"_links":{"self":[{"href":"https:\/\/aeronoticias.com.pe\/noticiero\/wp-json\/wp\/v2\/posts\/26303","targetHints":{"allow":["GET"]}}],"collection":[{"href":"https:\/\/aeronoticias.com.pe\/noticiero\/wp-json\/wp\/v2\/posts"}],"about":[{"href":"https:\/\/aeronoticias.com.pe\/noticiero\/wp-json\/wp\/v2\/types\/post"}],"author":[{"embeddable":true,"href":"https:\/\/aeronoticias.com.pe\/noticiero\/wp-json\/wp\/v2\/users\/1"}],"replies":[{"embeddable":true,"href":"https:\/\/aeronoticias.com.pe\/noticiero\/wp-json\/wp\/v2\/comments?post=26303"}],"version-history":[{"count":0,"href":"https:\/\/aeronoticias.com.pe\/noticiero\/wp-json\/wp\/v2\/posts\/26303\/revisions"}],"wp:attachment":[{"href":"https:\/\/aeronoticias.com.pe\/noticiero\/wp-json\/wp\/v2\/media?parent=26303"}],"wp:term":[{"taxonomy":"category","embeddable":true,"href":"https:\/\/aeronoticias.com.pe\/noticiero\/wp-json\/wp\/v2\/categories?post=26303"},{"taxonomy":"post_tag","embeddable":true,"href":"https:\/\/aeronoticias.com.pe\/noticiero\/wp-json\/wp\/v2\/tags?post=26303"}],"curies":[{"name":"wp","href":"https:\/\/api.w.org\/{rel}","templated":true}]}}