{"id":26304,"date":"2012-05-12T16:13:45","date_gmt":"2012-05-12T16:13:45","guid":{"rendered":"http:\/\/desarrollo.mcvicious.com\/aero2020\/2012\/05\/12\/voto-de-magistrado-fernando-calle-sera-decisivo-para-habeas-corpus-de-schutz\/"},"modified":"2012-05-12T16:13:45","modified_gmt":"2012-05-12T16:13:45","slug":"voto-de-magistrado-fernando-calle-sera-decisivo-para-habeas-corpus-de-schutz","status":"publish","type":"post","link":"https:\/\/aeronoticias.com.pe\/noticiero\/nacionales\/voto-de-magistrado-fernando-calle-sera-decisivo-para-habeas-corpus-de-schutz\/","title":{"rendered":"Voto de magistrado Fernando Calle  ser\u00e1 decisivo para  h\u00e1beas corpus de Schutz"},"content":{"rendered":"<p style=\"text-align: justify;\"><strong>(Aeronoticias).-<\/strong>El Tribunal Constitucional (TC), quien semanas atr\u00e1s fall\u00f3 a favor de la sentencia que admiti\u00f3 la solicitud de h\u00e1beas corpus del controvertido ex due\u00f1o de Panamericana Televisi\u00f3n, Ernesto Shutz para que se le levante la suspensi\u00f3n de la prescripci\u00f3n por el delito de peculado, decidi\u00f3 ayer dejar sin efecto tal sentencia.<\/p>\n<p style=\"text-align: justify;\">A trav\u00e9s de un comunicado de prensa emitido por el TC, en el cual se explic\u00f3 que la Secretar\u00eda Relator\u00eda sum\u00f3 erradamente los votos emitidos sobre el caso Schutz Land\u00e1zuri, lo que significa que se produjo un empate en la respectiva votaci\u00f3n de la resoluci\u00f3n que fall\u00f3 a favor del pr\u00f3fugo broadcaster.<\/p>\n<p style=\"text-align: justify;\">La nueva resoluci\u00f3n del Tribunal Constitucional explic\u00f3: \u00abSobre la base de los argumentos expuestos en el escrito de nulidad y del an\u00e1lisis de la parte considerativa\u00a0 de cada uno de los votos, el Pleno\u00a0 considera que se ha configurado un empate en el extremo de la pretensi\u00f3n antes mencionada\u00bb.<\/p>\n<p style=\"text-align: justify;\">Este empate obligar\u00e1 a que el magistrado Fernando Calle Hayen\u00a0 sea llamado para que se pronuncie al respecto, es decir su voto ser\u00e1 decisivo para ver si procede o no el h\u00e1beas corpus que beneficiar\u00eda a Schutz.<\/p>\n<p style=\"text-align: justify;\">Cabe recordar que la resoluci\u00f3n anterior beneficiaba al empresario televisivo, al extremo que si se hubiera puesto a derecho y retornado al Per\u00fa, ninguna hipot\u00e9tica condena\u00a0 podr\u00eda hacerse efectiva en su caso, dado que la pena\u00a0 impuesta\u00a0 se hubiera contabilizado desde el momento\u00a0 que cometi\u00f3 el delito, lo que significa\u00a0 no podr\u00eda ir preso.<\/p>\n<p style=\"text-align: justify;\"><img decoding=\"async\" src=\"images\/stories\/12\/05\/120512\/callehayen.jpg\" border=\"0\" alt=\"calle\" title=\"calle\" \/><\/p>\n<p style=\"text-align: justify;\">Cortes\u00eda RPP<\/p>\n","protected":false},"excerpt":{"rendered":"<p>(Aeronoticias).-El Tribunal Constitucional (TC), quien semanas atr\u00e1s fall\u00f3 a favor de la sentencia que admiti\u00f3 la solicitud de h\u00e1beas corpus del controvertido ex due\u00f1o de Panamericana Televisi\u00f3n, Ernesto Shutz para que se le levante la suspensi\u00f3n de la prescripci\u00f3n por el delito de peculado, decidi\u00f3 ayer dejar sin efecto tal sentencia. A trav\u00e9s de un [&hellip;]<\/p>\n","protected":false},"author":1,"featured_media":0,"comment_status":"open","ping_status":"open","sticky":false,"template":"","format":"standard","meta":{"tdm_status":"","tdm_grid_status":"","footnotes":""},"categories":[38],"tags":[],"class_list":{"0":"post-26304","1":"post","2":"type-post","3":"status-publish","4":"format-standard","6":"category-nacionales"},"yoast_head":"<!-- This site is optimized with the Yoast SEO plugin v25.1 - https:\/\/yoast.com\/wordpress\/plugins\/seo\/ -->\n<title>Voto de magistrado Fernando Calle ser\u00e1 decisivo para h\u00e1beas corpus de Schutz<\/title>\n<meta name=\"description\" content=\"Portal de noticias del Per\u00fa sobre el transporte a\u00e9reo, aviaci\u00f3n, turismo, hoteleria, actualidad.\" \/>\n<meta name=\"robots\" content=\"index, follow, max-snippet:-1, max-image-preview:large, max-video-preview:-1\" \/>\n<link rel=\"canonical\" href=\"https:\/\/aeronoticias.com.pe\/noticiero\/nacionales\/voto-de-magistrado-fernando-calle-sera-decisivo-para-habeas-corpus-de-schutz\/\" \/>\n<meta property=\"og:locale\" content=\"es_ES\" \/>\n<meta property=\"og:type\" content=\"article\" \/>\n<meta property=\"og:title\" content=\"Voto de magistrado Fernando Calle ser\u00e1 decisivo para h\u00e1beas corpus de Schutz\" \/>\n<meta property=\"og:description\" content=\"Portal de noticias del Per\u00fa sobre el transporte a\u00e9reo, aviaci\u00f3n, turismo, hoteleria, actualidad.\" \/>\n<meta property=\"og:url\" content=\"https:\/\/aeronoticias.com.pe\/noticiero\/nacionales\/voto-de-magistrado-fernando-calle-sera-decisivo-para-habeas-corpus-de-schutz\/\" \/>\n<meta property=\"og:site_name\" content=\"Aeronoticias.com.pe\" \/>\n<meta property=\"article:publisher\" content=\"https:\/\/www.facebook.com\/Aeronoticias.com.pe\/\" \/>\n<meta property=\"article:published_time\" content=\"2012-05-12T16:13:45+00:00\" \/>\n<meta name=\"author\" content=\"Redacci\u00f3n Aeronoticias\" \/>\n<meta name=\"twitter:card\" content=\"summary_large_image\" \/>\n<meta name=\"twitter:creator\" content=\"@aeronoticias\" \/>\n<meta name=\"twitter:site\" content=\"@aeronoticias\" \/>\n<meta name=\"twitter:label1\" content=\"Escrito por\" \/>\n\t<meta name=\"twitter:data1\" content=\"Redacci\u00f3n Aeronoticias\" \/>\n\t<meta name=\"twitter:label2\" content=\"Tiempo de lectura\" \/>\n\t<meta name=\"twitter:data2\" content=\"1 minuto\" \/>\n<script type=\"application\/ld+json\" class=\"yoast-schema-graph\">{\"@context\":\"https:\/\/schema.org\",\"@graph\":[{\"@type\":\"WebPage\",\"@id\":\"https:\/\/aeronoticias.com.pe\/noticiero\/nacionales\/voto-de-magistrado-fernando-calle-sera-decisivo-para-habeas-corpus-de-schutz\/\",\"url\":\"https:\/\/aeronoticias.com.pe\/noticiero\/nacionales\/voto-de-magistrado-fernando-calle-sera-decisivo-para-habeas-corpus-de-schutz\/\",\"name\":\"Voto de magistrado Fernando Calle ser\u00e1 decisivo para h\u00e1beas corpus de Schutz\",\"isPartOf\":{\"@id\":\"https:\/\/aeronoticias.com.pe\/noticiero\/#website\"},\"datePublished\":\"2012-05-12T16:13:45+00:00\",\"author\":{\"@id\":\"https:\/\/aeronoticias.com.pe\/noticiero\/#\/schema\/person\/fc1e5d578f4b62ba1cf7ac2bba1170a0\"},\"description\":\"Portal de noticias del Per\u00fa sobre el transporte a\u00e9reo, aviaci\u00f3n, turismo, hoteleria, actualidad.\",\"breadcrumb\":{\"@id\":\"https:\/\/aeronoticias.com.pe\/noticiero\/nacionales\/voto-de-magistrado-fernando-calle-sera-decisivo-para-habeas-corpus-de-schutz\/#breadcrumb\"},\"inLanguage\":\"es\",\"potentialAction\":[{\"@type\":\"ReadAction\",\"target\":[\"https:\/\/aeronoticias.com.pe\/noticiero\/nacionales\/voto-de-magistrado-fernando-calle-sera-decisivo-para-habeas-corpus-de-schutz\/\"]}]},{\"@type\":\"BreadcrumbList\",\"@id\":\"https:\/\/aeronoticias.com.pe\/noticiero\/nacionales\/voto-de-magistrado-fernando-calle-sera-decisivo-para-habeas-corpus-de-schutz\/#breadcrumb\",\"itemListElement\":[{\"@type\":\"ListItem\",\"position\":1,\"name\":\"Portada\",\"item\":\"https:\/\/aeronoticias.com.pe\/noticiero\/\"},{\"@type\":\"ListItem\",\"position\":2,\"name\":\"Voto de magistrado Fernando Calle ser\u00e1 decisivo para h\u00e1beas corpus de Schutz\"}]},{\"@type\":\"WebSite\",\"@id\":\"https:\/\/aeronoticias.com.pe\/noticiero\/#website\",\"url\":\"https:\/\/aeronoticias.com.pe\/noticiero\/\",\"name\":\"Aeronoticias.com.pe\",\"description\":\"Noticias de tranporte aereo, turismo, hoteles, gastronomia, actualidad, internacional\",\"potentialAction\":[{\"@type\":\"SearchAction\",\"target\":{\"@type\":\"EntryPoint\",\"urlTemplate\":\"https:\/\/aeronoticias.com.pe\/noticiero\/?s={search_term_string}\"},\"query-input\":{\"@type\":\"PropertyValueSpecification\",\"valueRequired\":true,\"valueName\":\"search_term_string\"}}],\"inLanguage\":\"es\"},{\"@type\":\"Person\",\"@id\":\"https:\/\/aeronoticias.com.pe\/noticiero\/#\/schema\/person\/fc1e5d578f4b62ba1cf7ac2bba1170a0\",\"name\":\"Redacci\u00f3n Aeronoticias\",\"url\":\"https:\/\/aeronoticias.com.pe\/noticiero\/author\/piloto\/\"}]}<\/script>\n<!-- \/ Yoast SEO plugin. -->","yoast_head_json":{"title":"Voto de magistrado Fernando Calle ser\u00e1 decisivo para h\u00e1beas corpus de Schutz","description":"Portal de noticias del Per\u00fa sobre el transporte a\u00e9reo, aviaci\u00f3n, turismo, hoteleria, actualidad.","robots":{"index":"index","follow":"follow","max-snippet":"max-snippet:-1","max-image-preview":"max-image-preview:large","max-video-preview":"max-video-preview:-1"},"canonical":"https:\/\/aeronoticias.com.pe\/noticiero\/nacionales\/voto-de-magistrado-fernando-calle-sera-decisivo-para-habeas-corpus-de-schutz\/","og_locale":"es_ES","og_type":"article","og_title":"Voto de magistrado Fernando Calle ser\u00e1 decisivo para h\u00e1beas corpus de Schutz","og_description":"Portal de noticias del Per\u00fa sobre el transporte a\u00e9reo, aviaci\u00f3n, turismo, hoteleria, actualidad.","og_url":"https:\/\/aeronoticias.com.pe\/noticiero\/nacionales\/voto-de-magistrado-fernando-calle-sera-decisivo-para-habeas-corpus-de-schutz\/","og_site_name":"Aeronoticias.com.pe","article_publisher":"https:\/\/www.facebook.com\/Aeronoticias.com.pe\/","article_published_time":"2012-05-12T16:13:45+00:00","author":"Redacci\u00f3n Aeronoticias","twitter_card":"summary_large_image","twitter_creator":"@aeronoticias","twitter_site":"@aeronoticias","twitter_misc":{"Escrito por":"Redacci\u00f3n Aeronoticias","Tiempo de lectura":"1 minuto"},"schema":{"@context":"https:\/\/schema.org","@graph":[{"@type":"WebPage","@id":"https:\/\/aeronoticias.com.pe\/noticiero\/nacionales\/voto-de-magistrado-fernando-calle-sera-decisivo-para-habeas-corpus-de-schutz\/","url":"https:\/\/aeronoticias.com.pe\/noticiero\/nacionales\/voto-de-magistrado-fernando-calle-sera-decisivo-para-habeas-corpus-de-schutz\/","name":"Voto de magistrado Fernando Calle ser\u00e1 decisivo para h\u00e1beas corpus de Schutz","isPartOf":{"@id":"https:\/\/aeronoticias.com.pe\/noticiero\/#website"},"datePublished":"2012-05-12T16:13:45+00:00","author":{"@id":"https:\/\/aeronoticias.com.pe\/noticiero\/#\/schema\/person\/fc1e5d578f4b62ba1cf7ac2bba1170a0"},"description":"Portal de noticias del Per\u00fa sobre el transporte a\u00e9reo, aviaci\u00f3n, turismo, hoteleria, actualidad.","breadcrumb":{"@id":"https:\/\/aeronoticias.com.pe\/noticiero\/nacionales\/voto-de-magistrado-fernando-calle-sera-decisivo-para-habeas-corpus-de-schutz\/#breadcrumb"},"inLanguage":"es","potentialAction":[{"@type":"ReadAction","target":["https:\/\/aeronoticias.com.pe\/noticiero\/nacionales\/voto-de-magistrado-fernando-calle-sera-decisivo-para-habeas-corpus-de-schutz\/"]}]},{"@type":"BreadcrumbList","@id":"https:\/\/aeronoticias.com.pe\/noticiero\/nacionales\/voto-de-magistrado-fernando-calle-sera-decisivo-para-habeas-corpus-de-schutz\/#breadcrumb","itemListElement":[{"@type":"ListItem","position":1,"name":"Portada","item":"https:\/\/aeronoticias.com.pe\/noticiero\/"},{"@type":"ListItem","position":2,"name":"Voto de magistrado Fernando Calle ser\u00e1 decisivo para h\u00e1beas corpus de Schutz"}]},{"@type":"WebSite","@id":"https:\/\/aeronoticias.com.pe\/noticiero\/#website","url":"https:\/\/aeronoticias.com.pe\/noticiero\/","name":"Aeronoticias.com.pe","description":"Noticias de tranporte aereo, turismo, hoteles, gastronomia, actualidad, internacional","potentialAction":[{"@type":"SearchAction","target":{"@type":"EntryPoint","urlTemplate":"https:\/\/aeronoticias.com.pe\/noticiero\/?s={search_term_string}"},"query-input":{"@type":"PropertyValueSpecification","valueRequired":true,"valueName":"search_term_string"}}],"inLanguage":"es"},{"@type":"Person","@id":"https:\/\/aeronoticias.com.pe\/noticiero\/#\/schema\/person\/fc1e5d578f4b62ba1cf7ac2bba1170a0","name":"Redacci\u00f3n Aeronoticias","url":"https:\/\/aeronoticias.com.pe\/noticiero\/author\/piloto\/"}]}},"_links":{"self":[{"href":"https:\/\/aeronoticias.com.pe\/noticiero\/wp-json\/wp\/v2\/posts\/26304","targetHints":{"allow":["GET"]}}],"collection":[{"href":"https:\/\/aeronoticias.com.pe\/noticiero\/wp-json\/wp\/v2\/posts"}],"about":[{"href":"https:\/\/aeronoticias.com.pe\/noticiero\/wp-json\/wp\/v2\/types\/post"}],"author":[{"embeddable":true,"href":"https:\/\/aeronoticias.com.pe\/noticiero\/wp-json\/wp\/v2\/users\/1"}],"replies":[{"embeddable":true,"href":"https:\/\/aeronoticias.com.pe\/noticiero\/wp-json\/wp\/v2\/comments?post=26304"}],"version-history":[{"count":0,"href":"https:\/\/aeronoticias.com.pe\/noticiero\/wp-json\/wp\/v2\/posts\/26304\/revisions"}],"wp:attachment":[{"href":"https:\/\/aeronoticias.com.pe\/noticiero\/wp-json\/wp\/v2\/media?parent=26304"}],"wp:term":[{"taxonomy":"category","embeddable":true,"href":"https:\/\/aeronoticias.com.pe\/noticiero\/wp-json\/wp\/v2\/categories?post=26304"},{"taxonomy":"post_tag","embeddable":true,"href":"https:\/\/aeronoticias.com.pe\/noticiero\/wp-json\/wp\/v2\/tags?post=26304"}],"curies":[{"name":"wp","href":"https:\/\/api.w.org\/{rel}","templated":true}]}}