{"id":27097,"date":"2012-06-04T17:34:05","date_gmt":"2012-06-04T17:34:05","guid":{"rendered":"http:\/\/desarrollo.mcvicious.com\/aero2020\/2012\/06\/04\/desde-la-carcel-de-ica-alcalde-de-espinar-clama-ayuda-del-colegio-de-abogados-de-lima\/"},"modified":"2012-06-04T17:34:05","modified_gmt":"2012-06-04T17:34:05","slug":"desde-la-carcel-de-ica-alcalde-de-espinar-clama-ayuda-del-colegio-de-abogados-de-lima","status":"publish","type":"post","link":"https:\/\/aeronoticias.com.pe\/noticiero\/nacionales\/desde-la-carcel-de-ica-alcalde-de-espinar-clama-ayuda-del-colegio-de-abogados-de-lima\/","title":{"rendered":"Desde la c\u00e1rcel de Ica alcalde de Espinar clama ayuda del Colegio de Abogados de Lima"},"content":{"rendered":"<p style=\"text-align: justify;\"><strong>(Aeronoticias).-<\/strong> Oscar Mollohuanca Cruz, alcalde de la provincia cusque\u00f1a de Espinar, en carta de \u00a0su pu\u00f1o y letra \u00a0escrita desde Ica se ha dirigido a la doctora Ang\u00e9lica Say\u00e1n \u2013Vidaurre L\u00f3pez, directora de Derechos Humanos del Ilustre Colegio de Abogados de Lima (CAL) para que asuma la defensa de \u00a0sus derechos constitucionales, \u201csobre todo en lo referente a sus derechos humanos\u201d.<\/p>\n<p style=\"text-align: justify;\">Consigna tambi\u00e9n en su carta, recibida hoy en la Mesa de \u00b4Partes del CAL, que los mencionados derechos han sido violentados \u00a0\u201c en la abrupta intervenci\u00f3n policial llevada a cabo en su despacho de alcald\u00eda, sin orden de detenci\u00f3n judicial\u201d.<\/p>\n<p style=\"text-align: center;\"><img decoding=\"async\" src=\"images\/stories\/12\/06\/040612\/espinar_carta.jpg\" border=\"0\" alt=\"Alcalde de Espinar pide apoyo a la directora de Derechos Humanos del Colegio de Abogados de Lima\" title=\"Alcalde de Espinar pide apoyo a la directora de Derechos Humanos del Colegio de Abogados de Lima\" \/><\/p>\n<p style=\"text-align: justify;\">Mollohuanca subraya que \u00a0como \u00a0alcalde de la provincia de Espinar \u201c solo pide el respeto a la persona humana , al medio ambiente y paz para sus pobladores. Somos una provincia \u00a0y un pueblo \u00a0tranquilo y amante del desarrollo\u201d, \u00a0anota dram\u00e1ticamente.<\/p>\n<p style=\"text-align: justify;\">La carta concluye agradeciendo de antemano la intervenci\u00f3n del Colegio de Abogados en la defensa de sus derechos as\u00ed como las de su pueblo y comunidades afectadas.<\/p>\n<p>  <!--more-->  <\/p>\n<p style=\"text-align: justify;\">Como se sabe el alcalde de Espinar se encuentra detenido en una c\u00e1rcel de Ica sufriendo prisi\u00f3n preventiva por cinco meses \u00a0a ra\u00edz de los sucesos de violencia ocurridos en su provincia en torno \u00a0a las protestas contra la minera Xtrata Tintaya.<\/p>\n<p style=\"text-align: center;\"><a href=\"images\/stories\/12\/06\/040612\/espinar_01_big.jpg\" target=\"_blank\" rel=\"noopener noreferrer\"><img decoding=\"async\" src=\"images\/stories\/12\/06\/040612\/espinar_01.jpg\" border=\"0\" alt=\"Alcalde de Espinar pide apoyo a la directora de Derechos Humanos del Colegio de Abogados de Lima\" title=\"Alcalde de Espinar pide apoyo a la directora de Derechos Humanos del Colegio de Abogados de Lima\" \/><\/a><\/p>\n<p style=\"text-align: center;\">Hacer clic para agrandar la imagen.<\/p>\n<p style=\"text-align: center;\"><a href=\"images\/stories\/12\/06\/040612\/espinar_02_big.jpg\" target=\"_blank\" rel=\"noopener noreferrer\"><img decoding=\"async\" src=\"images\/stories\/12\/06\/040612\/espinar_02.jpg\" border=\"0\" alt=\"Alcalde de Espinar pide apoyo a la directora de Derechos Humanos del Colegio de Abogados de Lima\" title=\"Alcalde de Espinar pide apoyo a la directora de Derechos Humanos del Colegio de Abogados de Lima\" \/><\/a><\/p>\n<p style=\"text-align: center;\">Hacer clic para agrandar la imagen.<\/p>\n<p>{jathumbnail off images=\u00bbimages\/stories\/12\/06\/040612\/espinar_01.jpg,images\/stories\/12\/06\/040612\/espinar_02.jpg,images\/stories\/12\/06\/040612\/espinar_carta.jpg\u00bb}<\/p>\n","protected":false},"excerpt":{"rendered":"<p>(Aeronoticias).- Oscar Mollohuanca Cruz, alcalde de la provincia cusque\u00f1a de Espinar, en carta de \u00a0su pu\u00f1o y letra \u00a0escrita desde Ica se ha dirigido a la doctora Ang\u00e9lica Say\u00e1n \u2013Vidaurre L\u00f3pez, directora de Derechos Humanos del Ilustre Colegio de Abogados de Lima (CAL) para que asuma la defensa de \u00a0sus derechos constitucionales, \u201csobre todo en [&hellip;]<\/p>\n","protected":false},"author":1,"featured_media":0,"comment_status":"open","ping_status":"open","sticky":false,"template":"","format":"standard","meta":{"tdm_status":"","tdm_grid_status":"","footnotes":""},"categories":[38],"tags":[],"class_list":{"0":"post-27097","1":"post","2":"type-post","3":"status-publish","4":"format-standard","6":"category-nacionales"},"yoast_head":"<!-- This site is optimized with the Yoast SEO plugin v25.1 - https:\/\/yoast.com\/wordpress\/plugins\/seo\/ -->\n<title>Desde la c\u00e1rcel de Ica alcalde de Espinar clama ayuda del Colegio de Abogados de Lima<\/title>\n<meta name=\"description\" content=\"Portal de noticias del Per\u00fa sobre el transporte a\u00e9reo, aviaci\u00f3n, turismo, hoteleria, actualidad.\" \/>\n<meta name=\"robots\" content=\"index, follow, max-snippet:-1, max-image-preview:large, max-video-preview:-1\" \/>\n<link rel=\"canonical\" href=\"https:\/\/aeronoticias.com.pe\/noticiero\/nacionales\/desde-la-carcel-de-ica-alcalde-de-espinar-clama-ayuda-del-colegio-de-abogados-de-lima\/\" \/>\n<meta property=\"og:locale\" content=\"es_ES\" \/>\n<meta property=\"og:type\" content=\"article\" \/>\n<meta property=\"og:title\" content=\"Desde la c\u00e1rcel de Ica alcalde de Espinar clama ayuda del Colegio de Abogados de Lima\" \/>\n<meta property=\"og:description\" content=\"Portal de noticias del Per\u00fa sobre el transporte a\u00e9reo, aviaci\u00f3n, turismo, hoteleria, actualidad.\" \/>\n<meta property=\"og:url\" content=\"https:\/\/aeronoticias.com.pe\/noticiero\/nacionales\/desde-la-carcel-de-ica-alcalde-de-espinar-clama-ayuda-del-colegio-de-abogados-de-lima\/\" \/>\n<meta property=\"og:site_name\" content=\"Aeronoticias.com.pe\" \/>\n<meta property=\"article:publisher\" content=\"https:\/\/www.facebook.com\/Aeronoticias.com.pe\/\" \/>\n<meta property=\"article:published_time\" content=\"2012-06-04T17:34:05+00:00\" \/>\n<meta name=\"author\" content=\"Redacci\u00f3n Aeronoticias\" \/>\n<meta name=\"twitter:card\" content=\"summary_large_image\" \/>\n<meta name=\"twitter:creator\" content=\"@aeronoticias\" \/>\n<meta name=\"twitter:site\" content=\"@aeronoticias\" \/>\n<meta name=\"twitter:label1\" content=\"Escrito por\" \/>\n\t<meta name=\"twitter:data1\" content=\"Redacci\u00f3n Aeronoticias\" \/>\n\t<meta name=\"twitter:label2\" content=\"Tiempo de lectura\" \/>\n\t<meta name=\"twitter:data2\" content=\"1 minuto\" \/>\n<script type=\"application\/ld+json\" class=\"yoast-schema-graph\">{\"@context\":\"https:\/\/schema.org\",\"@graph\":[{\"@type\":\"WebPage\",\"@id\":\"https:\/\/aeronoticias.com.pe\/noticiero\/nacionales\/desde-la-carcel-de-ica-alcalde-de-espinar-clama-ayuda-del-colegio-de-abogados-de-lima\/\",\"url\":\"https:\/\/aeronoticias.com.pe\/noticiero\/nacionales\/desde-la-carcel-de-ica-alcalde-de-espinar-clama-ayuda-del-colegio-de-abogados-de-lima\/\",\"name\":\"Desde la c\u00e1rcel de Ica alcalde de Espinar clama ayuda del Colegio de Abogados de Lima\",\"isPartOf\":{\"@id\":\"https:\/\/aeronoticias.com.pe\/noticiero\/#website\"},\"datePublished\":\"2012-06-04T17:34:05+00:00\",\"author\":{\"@id\":\"https:\/\/aeronoticias.com.pe\/noticiero\/#\/schema\/person\/fc1e5d578f4b62ba1cf7ac2bba1170a0\"},\"description\":\"Portal de noticias del Per\u00fa sobre el transporte a\u00e9reo, aviaci\u00f3n, turismo, hoteleria, actualidad.\",\"breadcrumb\":{\"@id\":\"https:\/\/aeronoticias.com.pe\/noticiero\/nacionales\/desde-la-carcel-de-ica-alcalde-de-espinar-clama-ayuda-del-colegio-de-abogados-de-lima\/#breadcrumb\"},\"inLanguage\":\"es\",\"potentialAction\":[{\"@type\":\"ReadAction\",\"target\":[\"https:\/\/aeronoticias.com.pe\/noticiero\/nacionales\/desde-la-carcel-de-ica-alcalde-de-espinar-clama-ayuda-del-colegio-de-abogados-de-lima\/\"]}]},{\"@type\":\"BreadcrumbList\",\"@id\":\"https:\/\/aeronoticias.com.pe\/noticiero\/nacionales\/desde-la-carcel-de-ica-alcalde-de-espinar-clama-ayuda-del-colegio-de-abogados-de-lima\/#breadcrumb\",\"itemListElement\":[{\"@type\":\"ListItem\",\"position\":1,\"name\":\"Portada\",\"item\":\"https:\/\/aeronoticias.com.pe\/noticiero\/\"},{\"@type\":\"ListItem\",\"position\":2,\"name\":\"Desde la c\u00e1rcel de Ica alcalde de Espinar clama ayuda del Colegio de Abogados de Lima\"}]},{\"@type\":\"WebSite\",\"@id\":\"https:\/\/aeronoticias.com.pe\/noticiero\/#website\",\"url\":\"https:\/\/aeronoticias.com.pe\/noticiero\/\",\"name\":\"Aeronoticias.com.pe\",\"description\":\"Noticias de tranporte aereo, turismo, hoteles, gastronomia, actualidad, internacional\",\"potentialAction\":[{\"@type\":\"SearchAction\",\"target\":{\"@type\":\"EntryPoint\",\"urlTemplate\":\"https:\/\/aeronoticias.com.pe\/noticiero\/?s={search_term_string}\"},\"query-input\":{\"@type\":\"PropertyValueSpecification\",\"valueRequired\":true,\"valueName\":\"search_term_string\"}}],\"inLanguage\":\"es\"},{\"@type\":\"Person\",\"@id\":\"https:\/\/aeronoticias.com.pe\/noticiero\/#\/schema\/person\/fc1e5d578f4b62ba1cf7ac2bba1170a0\",\"name\":\"Redacci\u00f3n Aeronoticias\",\"url\":\"https:\/\/aeronoticias.com.pe\/noticiero\/author\/piloto\/\"}]}<\/script>\n<!-- \/ Yoast SEO plugin. -->","yoast_head_json":{"title":"Desde la c\u00e1rcel de Ica alcalde de Espinar clama ayuda del Colegio de Abogados de Lima","description":"Portal de noticias del Per\u00fa sobre el transporte a\u00e9reo, aviaci\u00f3n, turismo, hoteleria, actualidad.","robots":{"index":"index","follow":"follow","max-snippet":"max-snippet:-1","max-image-preview":"max-image-preview:large","max-video-preview":"max-video-preview:-1"},"canonical":"https:\/\/aeronoticias.com.pe\/noticiero\/nacionales\/desde-la-carcel-de-ica-alcalde-de-espinar-clama-ayuda-del-colegio-de-abogados-de-lima\/","og_locale":"es_ES","og_type":"article","og_title":"Desde la c\u00e1rcel de Ica alcalde de Espinar clama ayuda del Colegio de Abogados de Lima","og_description":"Portal de noticias del Per\u00fa sobre el transporte a\u00e9reo, aviaci\u00f3n, turismo, hoteleria, actualidad.","og_url":"https:\/\/aeronoticias.com.pe\/noticiero\/nacionales\/desde-la-carcel-de-ica-alcalde-de-espinar-clama-ayuda-del-colegio-de-abogados-de-lima\/","og_site_name":"Aeronoticias.com.pe","article_publisher":"https:\/\/www.facebook.com\/Aeronoticias.com.pe\/","article_published_time":"2012-06-04T17:34:05+00:00","author":"Redacci\u00f3n Aeronoticias","twitter_card":"summary_large_image","twitter_creator":"@aeronoticias","twitter_site":"@aeronoticias","twitter_misc":{"Escrito por":"Redacci\u00f3n Aeronoticias","Tiempo de lectura":"1 minuto"},"schema":{"@context":"https:\/\/schema.org","@graph":[{"@type":"WebPage","@id":"https:\/\/aeronoticias.com.pe\/noticiero\/nacionales\/desde-la-carcel-de-ica-alcalde-de-espinar-clama-ayuda-del-colegio-de-abogados-de-lima\/","url":"https:\/\/aeronoticias.com.pe\/noticiero\/nacionales\/desde-la-carcel-de-ica-alcalde-de-espinar-clama-ayuda-del-colegio-de-abogados-de-lima\/","name":"Desde la c\u00e1rcel de Ica alcalde de Espinar clama ayuda del Colegio de Abogados de Lima","isPartOf":{"@id":"https:\/\/aeronoticias.com.pe\/noticiero\/#website"},"datePublished":"2012-06-04T17:34:05+00:00","author":{"@id":"https:\/\/aeronoticias.com.pe\/noticiero\/#\/schema\/person\/fc1e5d578f4b62ba1cf7ac2bba1170a0"},"description":"Portal de noticias del Per\u00fa sobre el transporte a\u00e9reo, aviaci\u00f3n, turismo, hoteleria, actualidad.","breadcrumb":{"@id":"https:\/\/aeronoticias.com.pe\/noticiero\/nacionales\/desde-la-carcel-de-ica-alcalde-de-espinar-clama-ayuda-del-colegio-de-abogados-de-lima\/#breadcrumb"},"inLanguage":"es","potentialAction":[{"@type":"ReadAction","target":["https:\/\/aeronoticias.com.pe\/noticiero\/nacionales\/desde-la-carcel-de-ica-alcalde-de-espinar-clama-ayuda-del-colegio-de-abogados-de-lima\/"]}]},{"@type":"BreadcrumbList","@id":"https:\/\/aeronoticias.com.pe\/noticiero\/nacionales\/desde-la-carcel-de-ica-alcalde-de-espinar-clama-ayuda-del-colegio-de-abogados-de-lima\/#breadcrumb","itemListElement":[{"@type":"ListItem","position":1,"name":"Portada","item":"https:\/\/aeronoticias.com.pe\/noticiero\/"},{"@type":"ListItem","position":2,"name":"Desde la c\u00e1rcel de Ica alcalde de Espinar clama ayuda del Colegio de Abogados de Lima"}]},{"@type":"WebSite","@id":"https:\/\/aeronoticias.com.pe\/noticiero\/#website","url":"https:\/\/aeronoticias.com.pe\/noticiero\/","name":"Aeronoticias.com.pe","description":"Noticias de tranporte aereo, turismo, hoteles, gastronomia, actualidad, internacional","potentialAction":[{"@type":"SearchAction","target":{"@type":"EntryPoint","urlTemplate":"https:\/\/aeronoticias.com.pe\/noticiero\/?s={search_term_string}"},"query-input":{"@type":"PropertyValueSpecification","valueRequired":true,"valueName":"search_term_string"}}],"inLanguage":"es"},{"@type":"Person","@id":"https:\/\/aeronoticias.com.pe\/noticiero\/#\/schema\/person\/fc1e5d578f4b62ba1cf7ac2bba1170a0","name":"Redacci\u00f3n Aeronoticias","url":"https:\/\/aeronoticias.com.pe\/noticiero\/author\/piloto\/"}]}},"_links":{"self":[{"href":"https:\/\/aeronoticias.com.pe\/noticiero\/wp-json\/wp\/v2\/posts\/27097","targetHints":{"allow":["GET"]}}],"collection":[{"href":"https:\/\/aeronoticias.com.pe\/noticiero\/wp-json\/wp\/v2\/posts"}],"about":[{"href":"https:\/\/aeronoticias.com.pe\/noticiero\/wp-json\/wp\/v2\/types\/post"}],"author":[{"embeddable":true,"href":"https:\/\/aeronoticias.com.pe\/noticiero\/wp-json\/wp\/v2\/users\/1"}],"replies":[{"embeddable":true,"href":"https:\/\/aeronoticias.com.pe\/noticiero\/wp-json\/wp\/v2\/comments?post=27097"}],"version-history":[{"count":0,"href":"https:\/\/aeronoticias.com.pe\/noticiero\/wp-json\/wp\/v2\/posts\/27097\/revisions"}],"wp:attachment":[{"href":"https:\/\/aeronoticias.com.pe\/noticiero\/wp-json\/wp\/v2\/media?parent=27097"}],"wp:term":[{"taxonomy":"category","embeddable":true,"href":"https:\/\/aeronoticias.com.pe\/noticiero\/wp-json\/wp\/v2\/categories?post=27097"},{"taxonomy":"post_tag","embeddable":true,"href":"https:\/\/aeronoticias.com.pe\/noticiero\/wp-json\/wp\/v2\/tags?post=27097"}],"curies":[{"name":"wp","href":"https:\/\/api.w.org\/{rel}","templated":true}]}}