{"id":27101,"date":"2012-06-04T18:52:12","date_gmt":"2012-06-04T18:52:12","guid":{"rendered":"http:\/\/desarrollo.mcvicious.com\/aero2020\/2012\/06\/04\/obras-en-aeropuerto-de-arequipa-permitiran-atender-creciente-demanda\/"},"modified":"2012-06-04T18:52:12","modified_gmt":"2012-06-04T18:52:12","slug":"obras-en-aeropuerto-de-arequipa-permitiran-atender-creciente-demanda","status":"publish","type":"post","link":"https:\/\/aeronoticias.com.pe\/noticiero\/transporte-aereo\/nacional\/obras-en-aeropuerto-de-arequipa-permitiran-atender-creciente-demanda\/","title":{"rendered":"Obras en Aeropuerto de Arequipa permitir\u00e1n atender creciente demanda"},"content":{"rendered":"<p style=\"text-align: justify;\"><strong>(Aeronoticias).-<\/strong> La ampliaci\u00f3n y remodelaci\u00f3n del aeropuerto internacional Teniente FAP Alfredo Rodr\u00edguez Ball\u00f3n de Arequipa, consideradas en el per\u00edodo inicial del contrato de concesi\u00f3n con Aeropuertos Andinos del Per\u00fa (AAP), permitir\u00e1 atender la demanda creciente en un corto plazo, inform\u00f3 hoy el Organismo Supervisor de la Inversi\u00f3n en Infraestructura de Transporte de Uso P\u00fablico (Ositran).<\/p>\n<p style=\"text-align: justify;\">Esta informaci\u00f3n fue brindada a los miembros del Consejo de Usuarios de Arequipa por parte de representantes del Ositran.<\/p>\n<p style=\"text-align: justify;\">Explic\u00f3 que en los \u00faltimos a\u00f1os el aeropuerto de Arequipa ha presentado un incremento sostenido del n\u00famero de pasajeros, operaciones y correo, proyect\u00e1ndose para este a\u00f1o un movimiento anual de un mill\u00f3n 200,495 pasajeros, 16,274 operaciones y 2,756 toneladas m\u00e9tricas (TM) de carga.<\/p>\n<p style=\"text-align: justify;\">El concesionario ya comenz\u00f3 la construcci\u00f3n del p\u00f3rtico de ingreso del terminal y en breve debe iniciar las obras de rehabilitaci\u00f3n de pavimentos del Lado Aire, cuyos estudios est\u00e1n en etapa de revisi\u00f3n y aprobaci\u00f3n.<\/p>\n<p style=\"text-align: justify;\">Asimismo, se han aprobado los estudios de la remodelaci\u00f3n de la playa de estacionamiento, la construcci\u00f3n del cerco perimetral de seguridad, la habilitaci\u00f3n de la v\u00eda perimetral de seguridad e instalaci\u00f3n de caminos de advertencia.<\/p>\n<p>  <!--more-->  <\/p>\n<p style=\"text-align: justify;\">Igualmente, la independizaci\u00f3n de suministros el\u00e9ctricos de la Corporaci\u00f3n Peruana de Aeropuertos y Aviaci\u00f3n Comercial (Corpac), obras que deben ejecutarse el tercer trimestre del presente a\u00f1o.<\/p>\n<p style=\"text-align: justify;\">En tanto, las obras consideradas como ampliaci\u00f3n y remodelaci\u00f3n del terminal se encuentran con los estudios en etapa de revisi\u00f3n y aprobaci\u00f3n, y deben iniciarse en el cuarto trimestre del 2012, igual que las obras de comunicaci\u00f3n y cableado estructurado.<\/p>\n<p style=\"text-align: justify;\">(FIN) JPC\/JPC<\/p>\n<p style=\"text-align: justify;\">Agencia Andina.<\/p>\n<p style=\"text-align: justify;\"><img decoding=\"async\" src=\"images\/stories\/12\/06\/040612\/aeropuerto_arequipa_ositran_adp.jpg\" border=\"0\" alt=\"Obras en Aeropuerto de Arequipa permitir\u00e1n atender creciente demanda\" title=\"Obras en Aeropuerto de Arequipa permitir\u00e1n atender creciente demanda\" \/><\/p>\n","protected":false},"excerpt":{"rendered":"<p>(Aeronoticias).- La ampliaci\u00f3n y remodelaci\u00f3n del aeropuerto internacional Teniente FAP Alfredo Rodr\u00edguez Ball\u00f3n de Arequipa, consideradas en el per\u00edodo inicial del contrato de concesi\u00f3n con Aeropuertos Andinos del Per\u00fa (AAP), permitir\u00e1 atender la demanda creciente en un corto plazo, inform\u00f3 hoy el Organismo Supervisor de la Inversi\u00f3n en Infraestructura de Transporte de Uso P\u00fablico (Ositran). [&hellip;]<\/p>\n","protected":false},"author":1,"featured_media":0,"comment_status":"open","ping_status":"open","sticky":false,"template":"","format":"standard","meta":{"tdm_status":"","tdm_grid_status":"","footnotes":""},"categories":[51],"tags":[],"class_list":{"0":"post-27101","1":"post","2":"type-post","3":"status-publish","4":"format-standard","6":"category-nacional"},"yoast_head":"<!-- This site is optimized with the Yoast SEO plugin v25.1 - https:\/\/yoast.com\/wordpress\/plugins\/seo\/ -->\n<title>Obras en Aeropuerto de Arequipa permitir\u00e1n atender creciente demanda<\/title>\n<meta name=\"description\" content=\"Portal de noticias del Per\u00fa sobre el transporte a\u00e9reo, aviaci\u00f3n, turismo, hoteleria, actualidad.\" \/>\n<meta name=\"robots\" content=\"index, follow, max-snippet:-1, max-image-preview:large, max-video-preview:-1\" \/>\n<link rel=\"canonical\" href=\"https:\/\/aeronoticias.com.pe\/noticiero\/transporte-aereo\/nacional\/obras-en-aeropuerto-de-arequipa-permitiran-atender-creciente-demanda\/\" \/>\n<meta property=\"og:locale\" content=\"es_ES\" \/>\n<meta property=\"og:type\" content=\"article\" \/>\n<meta property=\"og:title\" content=\"Obras en Aeropuerto de Arequipa permitir\u00e1n atender creciente demanda\" \/>\n<meta property=\"og:description\" content=\"Portal de noticias del Per\u00fa sobre el transporte a\u00e9reo, aviaci\u00f3n, turismo, hoteleria, actualidad.\" \/>\n<meta property=\"og:url\" content=\"https:\/\/aeronoticias.com.pe\/noticiero\/transporte-aereo\/nacional\/obras-en-aeropuerto-de-arequipa-permitiran-atender-creciente-demanda\/\" \/>\n<meta property=\"og:site_name\" content=\"Aeronoticias.com.pe\" \/>\n<meta property=\"article:publisher\" content=\"https:\/\/www.facebook.com\/Aeronoticias.com.pe\/\" \/>\n<meta property=\"article:published_time\" content=\"2012-06-04T18:52:12+00:00\" \/>\n<meta name=\"author\" content=\"Redacci\u00f3n Aeronoticias\" \/>\n<meta name=\"twitter:card\" content=\"summary_large_image\" \/>\n<meta name=\"twitter:creator\" content=\"@aeronoticias\" \/>\n<meta name=\"twitter:site\" content=\"@aeronoticias\" \/>\n<meta name=\"twitter:label1\" content=\"Escrito por\" \/>\n\t<meta name=\"twitter:data1\" content=\"Redacci\u00f3n Aeronoticias\" \/>\n\t<meta name=\"twitter:label2\" content=\"Tiempo de lectura\" \/>\n\t<meta name=\"twitter:data2\" content=\"1 minuto\" \/>\n<script type=\"application\/ld+json\" class=\"yoast-schema-graph\">{\"@context\":\"https:\/\/schema.org\",\"@graph\":[{\"@type\":\"WebPage\",\"@id\":\"https:\/\/aeronoticias.com.pe\/noticiero\/transporte-aereo\/nacional\/obras-en-aeropuerto-de-arequipa-permitiran-atender-creciente-demanda\/\",\"url\":\"https:\/\/aeronoticias.com.pe\/noticiero\/transporte-aereo\/nacional\/obras-en-aeropuerto-de-arequipa-permitiran-atender-creciente-demanda\/\",\"name\":\"Obras en Aeropuerto de Arequipa permitir\u00e1n atender creciente demanda\",\"isPartOf\":{\"@id\":\"https:\/\/aeronoticias.com.pe\/noticiero\/#website\"},\"datePublished\":\"2012-06-04T18:52:12+00:00\",\"author\":{\"@id\":\"https:\/\/aeronoticias.com.pe\/noticiero\/#\/schema\/person\/fc1e5d578f4b62ba1cf7ac2bba1170a0\"},\"description\":\"Portal de noticias del Per\u00fa sobre el transporte a\u00e9reo, aviaci\u00f3n, turismo, hoteleria, actualidad.\",\"breadcrumb\":{\"@id\":\"https:\/\/aeronoticias.com.pe\/noticiero\/transporte-aereo\/nacional\/obras-en-aeropuerto-de-arequipa-permitiran-atender-creciente-demanda\/#breadcrumb\"},\"inLanguage\":\"es\",\"potentialAction\":[{\"@type\":\"ReadAction\",\"target\":[\"https:\/\/aeronoticias.com.pe\/noticiero\/transporte-aereo\/nacional\/obras-en-aeropuerto-de-arequipa-permitiran-atender-creciente-demanda\/\"]}]},{\"@type\":\"BreadcrumbList\",\"@id\":\"https:\/\/aeronoticias.com.pe\/noticiero\/transporte-aereo\/nacional\/obras-en-aeropuerto-de-arequipa-permitiran-atender-creciente-demanda\/#breadcrumb\",\"itemListElement\":[{\"@type\":\"ListItem\",\"position\":1,\"name\":\"Portada\",\"item\":\"https:\/\/aeronoticias.com.pe\/noticiero\/\"},{\"@type\":\"ListItem\",\"position\":2,\"name\":\"Obras en Aeropuerto de Arequipa permitir\u00e1n atender creciente demanda\"}]},{\"@type\":\"WebSite\",\"@id\":\"https:\/\/aeronoticias.com.pe\/noticiero\/#website\",\"url\":\"https:\/\/aeronoticias.com.pe\/noticiero\/\",\"name\":\"Aeronoticias.com.pe\",\"description\":\"Noticias de tranporte aereo, turismo, hoteles, gastronomia, actualidad, internacional\",\"potentialAction\":[{\"@type\":\"SearchAction\",\"target\":{\"@type\":\"EntryPoint\",\"urlTemplate\":\"https:\/\/aeronoticias.com.pe\/noticiero\/?s={search_term_string}\"},\"query-input\":{\"@type\":\"PropertyValueSpecification\",\"valueRequired\":true,\"valueName\":\"search_term_string\"}}],\"inLanguage\":\"es\"},{\"@type\":\"Person\",\"@id\":\"https:\/\/aeronoticias.com.pe\/noticiero\/#\/schema\/person\/fc1e5d578f4b62ba1cf7ac2bba1170a0\",\"name\":\"Redacci\u00f3n Aeronoticias\",\"url\":\"https:\/\/aeronoticias.com.pe\/noticiero\/author\/piloto\/\"}]}<\/script>\n<!-- \/ Yoast SEO plugin. -->","yoast_head_json":{"title":"Obras en Aeropuerto de Arequipa permitir\u00e1n atender creciente demanda","description":"Portal de noticias del Per\u00fa sobre el transporte a\u00e9reo, aviaci\u00f3n, turismo, hoteleria, actualidad.","robots":{"index":"index","follow":"follow","max-snippet":"max-snippet:-1","max-image-preview":"max-image-preview:large","max-video-preview":"max-video-preview:-1"},"canonical":"https:\/\/aeronoticias.com.pe\/noticiero\/transporte-aereo\/nacional\/obras-en-aeropuerto-de-arequipa-permitiran-atender-creciente-demanda\/","og_locale":"es_ES","og_type":"article","og_title":"Obras en Aeropuerto de Arequipa permitir\u00e1n atender creciente demanda","og_description":"Portal de noticias del Per\u00fa sobre el transporte a\u00e9reo, aviaci\u00f3n, turismo, hoteleria, actualidad.","og_url":"https:\/\/aeronoticias.com.pe\/noticiero\/transporte-aereo\/nacional\/obras-en-aeropuerto-de-arequipa-permitiran-atender-creciente-demanda\/","og_site_name":"Aeronoticias.com.pe","article_publisher":"https:\/\/www.facebook.com\/Aeronoticias.com.pe\/","article_published_time":"2012-06-04T18:52:12+00:00","author":"Redacci\u00f3n Aeronoticias","twitter_card":"summary_large_image","twitter_creator":"@aeronoticias","twitter_site":"@aeronoticias","twitter_misc":{"Escrito por":"Redacci\u00f3n Aeronoticias","Tiempo de lectura":"1 minuto"},"schema":{"@context":"https:\/\/schema.org","@graph":[{"@type":"WebPage","@id":"https:\/\/aeronoticias.com.pe\/noticiero\/transporte-aereo\/nacional\/obras-en-aeropuerto-de-arequipa-permitiran-atender-creciente-demanda\/","url":"https:\/\/aeronoticias.com.pe\/noticiero\/transporte-aereo\/nacional\/obras-en-aeropuerto-de-arequipa-permitiran-atender-creciente-demanda\/","name":"Obras en Aeropuerto de Arequipa permitir\u00e1n atender creciente demanda","isPartOf":{"@id":"https:\/\/aeronoticias.com.pe\/noticiero\/#website"},"datePublished":"2012-06-04T18:52:12+00:00","author":{"@id":"https:\/\/aeronoticias.com.pe\/noticiero\/#\/schema\/person\/fc1e5d578f4b62ba1cf7ac2bba1170a0"},"description":"Portal de noticias del Per\u00fa sobre el transporte a\u00e9reo, aviaci\u00f3n, turismo, hoteleria, actualidad.","breadcrumb":{"@id":"https:\/\/aeronoticias.com.pe\/noticiero\/transporte-aereo\/nacional\/obras-en-aeropuerto-de-arequipa-permitiran-atender-creciente-demanda\/#breadcrumb"},"inLanguage":"es","potentialAction":[{"@type":"ReadAction","target":["https:\/\/aeronoticias.com.pe\/noticiero\/transporte-aereo\/nacional\/obras-en-aeropuerto-de-arequipa-permitiran-atender-creciente-demanda\/"]}]},{"@type":"BreadcrumbList","@id":"https:\/\/aeronoticias.com.pe\/noticiero\/transporte-aereo\/nacional\/obras-en-aeropuerto-de-arequipa-permitiran-atender-creciente-demanda\/#breadcrumb","itemListElement":[{"@type":"ListItem","position":1,"name":"Portada","item":"https:\/\/aeronoticias.com.pe\/noticiero\/"},{"@type":"ListItem","position":2,"name":"Obras en Aeropuerto de Arequipa permitir\u00e1n atender creciente demanda"}]},{"@type":"WebSite","@id":"https:\/\/aeronoticias.com.pe\/noticiero\/#website","url":"https:\/\/aeronoticias.com.pe\/noticiero\/","name":"Aeronoticias.com.pe","description":"Noticias de tranporte aereo, turismo, hoteles, gastronomia, actualidad, internacional","potentialAction":[{"@type":"SearchAction","target":{"@type":"EntryPoint","urlTemplate":"https:\/\/aeronoticias.com.pe\/noticiero\/?s={search_term_string}"},"query-input":{"@type":"PropertyValueSpecification","valueRequired":true,"valueName":"search_term_string"}}],"inLanguage":"es"},{"@type":"Person","@id":"https:\/\/aeronoticias.com.pe\/noticiero\/#\/schema\/person\/fc1e5d578f4b62ba1cf7ac2bba1170a0","name":"Redacci\u00f3n Aeronoticias","url":"https:\/\/aeronoticias.com.pe\/noticiero\/author\/piloto\/"}]}},"_links":{"self":[{"href":"https:\/\/aeronoticias.com.pe\/noticiero\/wp-json\/wp\/v2\/posts\/27101","targetHints":{"allow":["GET"]}}],"collection":[{"href":"https:\/\/aeronoticias.com.pe\/noticiero\/wp-json\/wp\/v2\/posts"}],"about":[{"href":"https:\/\/aeronoticias.com.pe\/noticiero\/wp-json\/wp\/v2\/types\/post"}],"author":[{"embeddable":true,"href":"https:\/\/aeronoticias.com.pe\/noticiero\/wp-json\/wp\/v2\/users\/1"}],"replies":[{"embeddable":true,"href":"https:\/\/aeronoticias.com.pe\/noticiero\/wp-json\/wp\/v2\/comments?post=27101"}],"version-history":[{"count":0,"href":"https:\/\/aeronoticias.com.pe\/noticiero\/wp-json\/wp\/v2\/posts\/27101\/revisions"}],"wp:attachment":[{"href":"https:\/\/aeronoticias.com.pe\/noticiero\/wp-json\/wp\/v2\/media?parent=27101"}],"wp:term":[{"taxonomy":"category","embeddable":true,"href":"https:\/\/aeronoticias.com.pe\/noticiero\/wp-json\/wp\/v2\/categories?post=27101"},{"taxonomy":"post_tag","embeddable":true,"href":"https:\/\/aeronoticias.com.pe\/noticiero\/wp-json\/wp\/v2\/tags?post=27101"}],"curies":[{"name":"wp","href":"https:\/\/api.w.org\/{rel}","templated":true}]}}